{"id":9882,"date":"2016-04-01T23:02:43","date_gmt":"2016-04-01T22:02:43","guid":{"rendered":"http:\/\/lamagicbox.com\/magazine\/?p=9882"},"modified":"2016-04-11T19:05:01","modified_gmt":"2016-04-11T18:05:01","slug":"les-nuits-claires-edition-2016","status":"publish","type":"post","link":"https:\/\/lamagicbox.com\/magazine\/les-nuits-claires-edition-2016\/","title":{"rendered":"Les Nuits Claires &#8211; Edition 2016"},"content":{"rendered":"<h1><strong><img loading=\"lazy\" decoding=\"async\" class=\" wp-image-9891 alignleft\" title=\"nuits-claires-2016\" src=\"http:\/\/lamagicbox.com\/magazine\/wp-content\/uploads\/2016\/04\/nuits-claires-2016-244x150.jpg\" alt=\"nuits-claires-2016\" width=\"212\" height=\"130\" srcset=\"https:\/\/lamagicbox.com\/magazine\/wp-content\/uploads\/2016\/04\/nuits-claires-2016-244x150.jpg 244w, https:\/\/lamagicbox.com\/magazine\/wp-content\/uploads\/2016\/04\/nuits-claires-2016-488x300.jpg 488w, https:\/\/lamagicbox.com\/magazine\/wp-content\/uploads\/2016\/04\/nuits-claires-2016.jpg 586w\" sizes=\"auto, (max-width: 212px) 100vw, 212px\" \/>Festival <span style=\"color: #993300;\">Les Nuits Claires <\/span>2016<span style=\"color: #993300;\"><br \/>\nCLAUDE VIOLANTE<br \/>\n+ HER<br \/>\n+ JOSEF SALVAT<br \/>\n<\/span><\/strong><\/h1>\n<h4><em><strong>Date :<\/strong><\/em> 01.04.2016<br \/>\n<em><strong>Salle :<\/strong><\/em> Palais de Tokyo<br \/>\n<strong><em>Lieu :<\/em><\/strong> IDF, Paris (75)<\/h4>\n<p style=\"text-align: right;\"><span style=\"color: #ffffff;\">.<\/span><\/p>\n<p style=\"text-align: right;\"><strong><strong>Notre avis : [star rating=\u00a0\u00bb3&Prime; max=\u00a0\u00bb5&Prime;]<\/strong><\/strong><\/p>\n<hr \/>\n<p style=\"text-align: right;\"><em>Par <strong>Daveskul<br \/>\n<\/strong><\/em><\/p>\n<p style=\"text-align: justify;\"><em><strong>En ce 1 er avril, c&rsquo;\u00e9tait la premiere soir\u00e9e d&rsquo;un mini festival\u00a0 \u00ab\u00a0Les Nuits Claires\u00a0\u00bb organis\u00e9 par le tr\u00e8s connu magazine Marie Claire au Yoyo (palais de Tokyo) a Paris. Sur 2 jours des groupes se succ\u00e9dent <a href=\"https:\/\/www.facebook.com\/officialpeaches\/\">Peaches<\/a>,\u00a0<a href=\"https:\/\/www.facebook.com\/EtienneDeCrecyNetwork\/\">Etienne de Cr\u00e9cy<\/a>,\u00a0<a href=\"https:\/\/www.facebook.com\/JosefSalvatMusic\/\">Josef Salvat<\/a>,\u00a0<a href=\"https:\/\/www.facebook.com\/yallbcn\/\">YALL<\/a>,\u00a0<a href=\"https:\/\/www.facebook.com\/ClaudeViolante\/\">Claude Violante<\/a> <a href=\"https:\/\/www.facebook.com\/thebandher\/\">Her<\/a>,\u00a0<a href=\"https:\/\/www.facebook.com\/lesgordonmusic\/\">Les Gordon<\/a>,\u00a0<a href=\"https:\/\/www.facebook.com\/Postaal\/\">POSTAAL<\/a>,\u00a0<a href=\"https:\/\/www.facebook.com\/bretonlabs\/\">Breton<\/a>labs DJ, Jono Ma (<a href=\"https:\/\/www.facebook.com\/JagwarMa\/\">Jagwar Ma<\/a>) et <a href=\"https:\/\/www.facebook.com\/panda.paris\/\">Panda Electric Garden<\/a>.<\/strong> <\/em><\/p>\n<p style=\"text-align: justify;\">Pour d\u00e9buter cette premi\u00e8re soir\u00e9e sous le signe de la Pop Electro des ann\u00e9es 90 , <span style=\"color: #800000;\"><strong>Claude Violante<\/strong><\/span>, d\u00e9couverte du lab #120 des Inrocks, et d\u00e9j\u00e0 auteure de deux EP (<a href=\"http:\/\/www.tsunami-addiction.com\/\" target=\"_blank\">Tsunami-Addiction<\/a>) \u00e9lectrise le public avec sa Pop moderne, en phase avec son temps, et avec ce lieu \u00e9tonnant qu&rsquo;est le Palais de Tokyo.<\/p>\n<p style=\"text-align: justify;\">.<\/p>\n<p style=\"text-align: center;\"><img loading=\"lazy\" decoding=\"async\" class=\"aligncenter wp-image-9883\" title=\"claude-violante-2016-01\" src=\"http:\/\/lamagicbox.com\/magazine\/wp-content\/uploads\/2016\/04\/claude-violante-2016-01.jpg\" alt=\"claude-violante-2016-01\" width=\"501\" height=\"333\" srcset=\"https:\/\/lamagicbox.com\/magazine\/wp-content\/uploads\/2016\/04\/claude-violante-2016-01.jpg 600w, https:\/\/lamagicbox.com\/magazine\/wp-content\/uploads\/2016\/04\/claude-violante-2016-01-226x150.jpg 226w, https:\/\/lamagicbox.com\/magazine\/wp-content\/uploads\/2016\/04\/claude-violante-2016-01-451x300.jpg 451w\" sizes=\"auto, (max-width: 501px) 100vw, 501px\" \/><\/p>\n<p style=\"text-align: justify;\">Puis suit le groupe <span style=\"color: #800000;\">HER<\/span>, compos\u00e9 d&rsquo;ex-membres The Popopopops, pour un son \u00e0 la fois Pop et Soul, quienvoute toute la salle avec des titres comme <em>Quite Like.<\/em> <em>Five minutes<\/em>, ou encore la cover du chanteur Soul am\u00e9ricain <strong>Sam Cooke<\/strong>, <em>A Change Is Gonna Come<\/em> qui sera sur le prochain disque le 22 avril. Un groupe que nous aurons l&rsquo;occasion de recroiser puisqu&rsquo;ils seront le 14 juillet prochain, en Bretagne, au Festival des Vieilles Charrues.<\/p>\n<p style=\"text-align: justify;\"><img loading=\"lazy\" decoding=\"async\" class=\"aligncenter wp-image-9885\" title=\"her-2016-01\" src=\"http:\/\/lamagicbox.com\/magazine\/wp-content\/uploads\/2016\/04\/her-2016-01.jpg\" alt=\"her-2016-01\" width=\"501\" height=\"333\" srcset=\"https:\/\/lamagicbox.com\/magazine\/wp-content\/uploads\/2016\/04\/her-2016-01.jpg 600w, https:\/\/lamagicbox.com\/magazine\/wp-content\/uploads\/2016\/04\/her-2016-01-226x150.jpg 226w, https:\/\/lamagicbox.com\/magazine\/wp-content\/uploads\/2016\/04\/her-2016-01-451x300.jpg 451w\" sizes=\"auto, (max-width: 501px) 100vw, 501px\" \/><\/p>\n<p style=\"text-align: justify;\">La pression monte vraiment a l&rsquo;arriv\u00e9e de <span style=\"color: #800000;\"><strong>Josef Salvat<\/strong><\/span>,artiste australien, auteur d&rsquo;un premier album,\u00a0 et qui d\u00e9bute avec le titre \u00e9ponyme de cet album, <em>Night Swim<\/em>, puis\u00a0 <em>Paradise<\/em> qui met le Yoyo \u00e0 ses pieds. Un set endiabl\u00e9 qui finira avec <em>Open Season<\/em>.<\/p>\n<p style=\"text-align: center;\"><img loading=\"lazy\" decoding=\"async\" class=\"aligncenter wp-image-9888\" title=\"josef-salvat-2016-01\" src=\"http:\/\/lamagicbox.com\/magazine\/wp-content\/uploads\/2016\/04\/josef-salvat-2016-01.jpg\" alt=\"josef-salvat-2016-01\" width=\"500\" height=\"333\" srcset=\"https:\/\/lamagicbox.com\/magazine\/wp-content\/uploads\/2016\/04\/josef-salvat-2016-01.jpg 600w, https:\/\/lamagicbox.com\/magazine\/wp-content\/uploads\/2016\/04\/josef-salvat-2016-01-225x150.jpg 225w, https:\/\/lamagicbox.com\/magazine\/wp-content\/uploads\/2016\/04\/josef-salvat-2016-01-450x300.jpg 450w\" sizes=\"auto, (max-width: 500px) 100vw, 500px\" \/><\/p>\n<p style=\"text-align: justify;\"><em>Une soir\u00e9e qui nous aura emport\u00e9 dans une ambiance tr\u00e8s VIP avec des ateliers Yves Saint Laurent Fragrances &amp; Beauty,Renault,\u00a0Hello bank!, France,\u00a0Deezer\u00a0et\u00a0PIPER-HEIDSIECK Champagne. Merci \u00e0 tous les organisateurs, artistes, b\u00e9n\u00e9voles et \u00e0 Victoria Levisse assistante attach\u00e9e de presse\u00a0 du bureau de C\u00e9cile Legros.<\/em><strong><em><br \/>\n<\/em><\/strong><\/p>\n<p><strong class=\"truncate_more\">[hr color=\u00a0\u00bbred\u00a0\u00bb]<\/strong><\/p>\n<p style=\"text-align: center;\">\n<!--themify_builder_content-->\n<div id=\"themify_builder_content-9882\" data-postid=\"9882\" class=\"themify_builder_content themify_builder_content-9882 themify_builder tf_clear\">\n    <\/div>\n<!--\/themify_builder_content-->\n","protected":false},"excerpt":{"rendered":"<p>Festival Les Nuits Claires 2016 CLAUDE VIOLANTE + HER + JOSEF SALVAT Date : 01.04.2016 Salle : Palais de Tokyo Lieu : IDF, Paris (75) . Notre avis : [star rating=\u00a0\u00bb3&Prime; max=\u00a0\u00bb5&Prime;] Par Daveskul En ce 1 er avril, c&rsquo;\u00e9tait la premiere soir\u00e9e d&rsquo;un mini festival\u00a0 \u00ab\u00a0Les Nuits Claires\u00a0\u00bb organis\u00e9 par le tr\u00e8s connu magazine [&hellip;]<\/p>\n","protected":false},"author":20,"featured_media":9889,"comment_status":"open","ping_status":"open","sticky":false,"template":"","format":"standard","meta":{"footnotes":""},"categories":[58],"tags":[849,848,847],"class_list":["post-9882","post","type-post","status-publish","format-standard","has-post-thumbnail","hentry","category-reportage-festival","tag-claude-violante","tag-her","tag-josef-salvat","has-post-title","has-post-date","has-post-category","has-post-tag","has-post-comment","has-post-author",""],"builder_content":"","_links":{"self":[{"href":"https:\/\/lamagicbox.com\/magazine\/wp-json\/wp\/v2\/posts\/9882","targetHints":{"allow":["GET"]}}],"collection":[{"href":"https:\/\/lamagicbox.com\/magazine\/wp-json\/wp\/v2\/posts"}],"about":[{"href":"https:\/\/lamagicbox.com\/magazine\/wp-json\/wp\/v2\/types\/post"}],"author":[{"embeddable":true,"href":"https:\/\/lamagicbox.com\/magazine\/wp-json\/wp\/v2\/users\/20"}],"replies":[{"embeddable":true,"href":"https:\/\/lamagicbox.com\/magazine\/wp-json\/wp\/v2\/comments?post=9882"}],"version-history":[{"count":0,"href":"https:\/\/lamagicbox.com\/magazine\/wp-json\/wp\/v2\/posts\/9882\/revisions"}],"wp:featuredmedia":[{"embeddable":true,"href":"https:\/\/lamagicbox.com\/magazine\/wp-json\/wp\/v2\/media\/9889"}],"wp:attachment":[{"href":"https:\/\/lamagicbox.com\/magazine\/wp-json\/wp\/v2\/media?parent=9882"}],"wp:term":[{"taxonomy":"category","embeddable":true,"href":"https:\/\/lamagicbox.com\/magazine\/wp-json\/wp\/v2\/categories?post=9882"},{"taxonomy":"post_tag","embeddable":true,"href":"https:\/\/lamagicbox.com\/magazine\/wp-json\/wp\/v2\/tags?post=9882"}],"curies":[{"name":"wp","href":"https:\/\/api.w.org\/{rel}","templated":true}]}}