{"id":9709,"date":"2016-03-18T23:13:05","date_gmt":"2016-03-18T22:13:05","guid":{"rendered":"http:\/\/lamagicbox.com\/magazine\/?p=9709"},"modified":"2016-03-20T18:37:43","modified_gmt":"2016-03-20T17:37:43","slug":"arman-melies-la-feline-18032016-lubu-rennes-35","status":"publish","type":"post","link":"https:\/\/lamagicbox.com\/magazine\/arman-melies-la-feline-18032016-lubu-rennes-35\/","title":{"rendered":"Arman M\u00e9li\u00e8s &#038; La F\u00e9line &#8211; 18\/03\/2016 &#8211; L&rsquo;Ubu &#8211; Rennes (35)"},"content":{"rendered":"<h1><strong><img loading=\"lazy\" decoding=\"async\" class=\"size-large wp-image-9729 alignleft\" title=\"arman-melies-2016-03-03\" src=\"http:\/\/lamagicbox.com\/magazine\/wp-content\/uploads\/2016\/03\/arman-melies-2016-03-03-200x300.jpg\" alt=\"arman-melies-2016-03-03\" width=\"200\" height=\"300\" srcset=\"https:\/\/lamagicbox.com\/magazine\/wp-content\/uploads\/2016\/03\/arman-melies-2016-03-03-200x300.jpg 200w, https:\/\/lamagicbox.com\/magazine\/wp-content\/uploads\/2016\/03\/arman-melies-2016-03-03-100x150.jpg 100w, https:\/\/lamagicbox.com\/magazine\/wp-content\/uploads\/2016\/03\/arman-melies-2016-03-03.jpg 400w\" sizes=\"auto, (max-width: 200px) 100vw, 200px\" \/>Festival Transversales &#8211; 6e \u00e9dition<span style=\"color: #993300;\"><br \/>\nARMAN MELIES + LA FELINE<br \/>\n<\/span>en concert<\/strong><\/h1>\n<h4><em><strong>Date :<\/strong><\/em> 18.03.2016<br \/>\n<em><strong>Salle :<\/strong><\/em> L&rsquo;Ubu<br \/>\n<strong><em>Lieu :<\/em><\/strong> Bretagne, Rennes (35)<\/h4>\n<p style=\"text-align: right;\"><span style=\"color: #ffffff;\">.<\/span><\/p>\n<p style=\"text-align: right;\"><strong><strong>Notre avis : [star rating=\u00a0\u00bb4.5&Prime; max=\u00a0\u00bb5&Prime;]<\/strong><\/strong><\/p>\n<hr \/>\n<p style=\"text-align: right;\"><em>Par <strong>Mike S.<br \/>\n<\/strong><\/em><\/p>\n<p style=\"text-align: justify;\"><strong><em>Un Festival qui m\u00eale concert et rencontre avec le public, c&rsquo;est le Festival Transversales, qui proposait ce soir pour sa 6e \u00e9dition, une rencontre avec Arman M\u00e9li\u00e8s et La F\u00e9line, alias Agn\u00e8s Gayraud, pour \u00e9changer autour du th\u00e8me : \u00ab\u00a0Rock, Spleen et id\u00e9al : Rock et Litt\u00e9rature au carrefour des Arts\u00a0\u00bb. Une rencontre suivi d&rsquo;un concert \u00e0 l&rsquo;Ubu, quelques instants plus tard.<br \/>\n<\/em><\/strong><\/p>\n<p style=\"text-align: justify;\">Une programmation r\u00e8gl\u00e9e comme un m\u00e9tronome, car le timing de l&rsquo;Ubu est tr\u00e8s serr\u00e9 ! A minuit, un second concert est programm\u00e9 (Babazula &#8211; Dj Freshhh &#8211; Dj Haze). Pas le temps de palabrer, <span style=\"color: #800000;\"><strong>LA FELINE<\/strong><\/span> est d\u00e9j\u00e0 sur la sc\u00e8ne, en solo, au milieu de ses p\u00e9dales \u00e0 effet, lorsque nous arrvons dans la salle. Pas le temps de prendre un verre, de s&rsquo;installer tranquillement dans un coin. Rien de tout cela, on plonge directement dans la setlist du concert, avec des titres extrait de son dernier album en date, <strong><em>Adieu L&rsquo;enfance<\/em><\/strong>.<\/p>\n<p style=\"text-align: center;\"><img loading=\"lazy\" decoding=\"async\" class=\"aligncenter wp-image-9723\" title=\"la-feline-2016-ubu-01\" src=\"http:\/\/lamagicbox.com\/magazine\/wp-content\/uploads\/2016\/03\/la-feline-2016-ubu-01.jpg\" alt=\"la-feline-2016-ubu-01\" width=\"500\" height=\"333\" srcset=\"https:\/\/lamagicbox.com\/magazine\/wp-content\/uploads\/2016\/03\/la-feline-2016-ubu-01.jpg 600w, https:\/\/lamagicbox.com\/magazine\/wp-content\/uploads\/2016\/03\/la-feline-2016-ubu-01-225x150.jpg 225w, https:\/\/lamagicbox.com\/magazine\/wp-content\/uploads\/2016\/03\/la-feline-2016-ubu-01-450x300.jpg 450w\" sizes=\"auto, (max-width: 500px) 100vw, 500px\" \/><\/p>\n<p style=\"text-align: justify;\">L&rsquo;\u00e9motion est vite au rendez-vous, avec cette voix lyrique et timide, mais d\u00e9cupl\u00e9e, chaque qu&rsquo;elle surfe en \u00e9cho sur ses propres boucles. En plus de ses propres chansons, dans ce set qui ne doit pas durer plus de trente minutes, Agn\u00e8s y int\u00e9gre une premiere reprise, frissonnante, La peau, une chanson de Dominique A, interpr\u00e9t\u00e9e avec respect mais aussi avec la singularit\u00e9 de son orchestration electronique. En rappel, La F\u00e9line, qui a abandonn\u00e9 le format trio pour cette soir\u00e9e, reprend un titre de son EP Echo, une reprise, <em>Johnny Remember Me<\/em>, un vieux titre sixties de Geoff Goddard, un titre country pop, qu&rsquo;elle catapulte dans le 21e siecle, en lui donnant plus de profondeur, tout en conservant les sonorit\u00e9s Country Folk des accords de sa Fender.<\/p>\n<p style=\"text-align: center;\"><img loading=\"lazy\" decoding=\"async\" class=\"aligncenter wp-image-9737\" title=\"lafeline201603\" src=\"http:\/\/lamagicbox.com\/magazine\/wp-content\/uploads\/2016\/03\/lafeline201603-450x300.jpg\" alt=\"lafeline201603\" width=\"500\" height=\"333\" srcset=\"https:\/\/lamagicbox.com\/magazine\/wp-content\/uploads\/2016\/03\/lafeline201603-450x300.jpg 450w, https:\/\/lamagicbox.com\/magazine\/wp-content\/uploads\/2016\/03\/lafeline201603-225x150.jpg 225w, https:\/\/lamagicbox.com\/magazine\/wp-content\/uploads\/2016\/03\/lafeline201603.jpg 600w\" sizes=\"auto, (max-width: 500px) 100vw, 500px\" \/><\/p>\n<p style=\"text-align: justify;\">A peine quelques minutes, et la sc\u00e8ne est d\u00e9j\u00e0 transform\u00e9e pour les besoins d&rsquo;<span style=\"color: #800000;\"><strong>ARMAN MELIES<\/strong><\/span>, qu&rsquo;on a pu voir fin 2015 en format solo, en premier partie de <a href=\"http:\/\/lamagicbox.com\/magazine\/?p=7555\" target=\"_blank\">Thi\u00e9faine \u00e0 Saint-L\u00f4<\/a>. Cette fois, c&rsquo;est en trio qu&rsquo;on a l&rsquo;occasion de le revoir. On esp\u00e9rait \u00e0 cette occasion voir plus que 4 chansons du r\u00e9pertoire pourtant d\u00e9j\u00e0 tr\u00e8s dense du chanteur parisien. Mais la setlist plac\u00e9e au pied du micro ne nous laisse que peu d&rsquo;espoir, puisque, outre une intro, seulement 7 titres y sont inscrits !<\/p>\n<p style=\"text-align: center;\"><img loading=\"lazy\" decoding=\"async\" class=\"aligncenter wp-image-9735\" title=\"arman-melies-2016-03-04\" src=\"http:\/\/lamagicbox.com\/magazine\/wp-content\/uploads\/2016\/03\/arman-melies-2016-03-04-450x300.jpg\" alt=\"arman-melies-2016-03-04\" width=\"500\" height=\"333\" srcset=\"https:\/\/lamagicbox.com\/magazine\/wp-content\/uploads\/2016\/03\/arman-melies-2016-03-04-450x300.jpg 450w, https:\/\/lamagicbox.com\/magazine\/wp-content\/uploads\/2016\/03\/arman-melies-2016-03-04-225x150.jpg 225w, https:\/\/lamagicbox.com\/magazine\/wp-content\/uploads\/2016\/03\/arman-melies-2016-03-04.jpg 600w\" sizes=\"auto, (max-width: 500px) 100vw, 500px\" \/><\/p>\n<p style=\"text-align: justify;\">Les trois musiciens montent sur sc\u00e8ne ensemble et entament une introduction instrumentale aux allures post-rock. C&rsquo;est le nouveau son d&rsquo;<strong>Arman M\u00e9li\u00e8s<\/strong> depuis deux albums maintenant, avec un accent mis sur le Rock depuis <a href=\"http:\/\/lamagicbox.com\/magazine\/?p=6588\"><em><strong>Vertigone<\/strong><\/em><\/a>. De ce tout nouvel album sorti il y a 6 mois, le chanteur va en interpr\u00e9ter 5 extraits, dans un climat \u00e9lectrique, extr\u00eament nerveux, loin, tr\u00e8s loin du son a\u00e9rien de ses d\u00e9buts. Preuve d&rsquo;une \u00e9volution certaine dans le r\u00e9pertoire d&rsquo;Arman. Mercure, le premier titre conserve quelques nappes \u00e9lectro qui donne \u00e0 la musique de M\u00e9li\u00e8s des airs de film italien n\u00e9o-r\u00e9aliste, comme aimait les \u00e9crire <strong>Christophe<\/strong> dans les ann\u00e9es 70, des <em>Paradis perdus<\/em> \u00e0 la <em>Dolce Vita<\/em>. Les notes de saxophone ne sont pas \u00e9trang\u00e8res \u00e0 l&rsquo;impression d\u2019hypnotisme qui enveloppe toute la salle \u00e0 cet instant.<\/p>\n<p style=\"text-align: justify;\">Mais tr\u00e8s vite, les watts augmentent, les riffs s\u2019acc\u00e9l\u00e8rent, la batterie augmente le tempo. Insensiblement d&rsquo;abord avec <em>A deux pas du barrage<\/em> et <em>Tessa<\/em>, puis beaucoup sensiblement, sur la seconde partie du set, qui d\u00e9bute avec <em>Constamment je br\u00fble<\/em>, le tube \u00e9lectrique de son dernier album, avec ses textes r\u00e9p\u00e9t\u00e9s \u00e0 l&rsquo;envie, qui vous tourbillonnent dans la t\u00eate d\u00e8s la premi\u00e8re \u00e9coute, et que tout le monde a sur les l\u00e8vres \u00e0 cet instant du concert.<\/p>\n<p style=\"text-align: center;\"><img loading=\"lazy\" decoding=\"async\" class=\"aligncenter wp-image-9738\" title=\"arman-melies-2016-03-05\" src=\"http:\/\/lamagicbox.com\/magazine\/wp-content\/uploads\/2016\/03\/arman-melies-2016-03-05.jpg\" alt=\"arman-melies-2016-03-05\" width=\"500\" height=\"333\" srcset=\"https:\/\/lamagicbox.com\/magazine\/wp-content\/uploads\/2016\/03\/arman-melies-2016-03-05.jpg 600w, https:\/\/lamagicbox.com\/magazine\/wp-content\/uploads\/2016\/03\/arman-melies-2016-03-05-225x150.jpg 225w, https:\/\/lamagicbox.com\/magazine\/wp-content\/uploads\/2016\/03\/arman-melies-2016-03-05-450x300.jpg 450w\" sizes=\"auto, (max-width: 500px) 100vw, 500px\" \/><\/p>\n<p style=\"text-align: justify;\">C&rsquo;est \u00e0 cet instant, que le trio fait une petite sortie de route le temps de <em>Fuir (La belle \u00e9chap\u00e9e)<\/em>, un morceau qui affiche ses 10 ans d&rsquo;existence (<a href=\"http:\/\/lamagicbox.com\/archives_VisuDoc.php3?idDoc=2499\" target=\"_blank\"><b>Les Tortures Volontaires &#8211; 2006<\/b><\/a>), mais qui contre toute attente, s&rsquo;int\u00e8gre \u00e0 la perfection dans le set \u00e9lectrique et rapide. Un nouveau passage en 2015 avec\u00a0<em>Les chevaux du vent fou<\/em>, autre titre \u00e9pique qui donne au concert d&rsquo;Arman M\u00e9li\u00e8s toute la fougue d&rsquo;un concert Rock. Et le voil\u00e0 d\u00e9j\u00e0 reparti dans des ambiances Post Rock, avec\u00a0 <em>Silvaplana<\/em>, un titre qu&rsquo;on avait d\u00e9couvert sur son <a href=\"http:\/\/lamagicbox.com\/archives_VisuDoc.php3?idDoc=4547\" target=\"_blank\">album <strong><em>IV<\/em><\/strong><\/a>.<\/p>\n<p style=\"text-align: justify;\">Et voil\u00e0 d\u00e9j\u00e0 le trio qui sort de sc\u00e8ne. On les voit d\u00e9\u00e7u d&rsquo;avoir d\u00fb \u00e9courter ce concert, dans cette salle appr\u00e9ci\u00e9e des musiciens, pour la proximit\u00e9 qu&rsquo;elle procure avec le public. Et c&rsquo;est avec un dernier extrait, absent de la setlist que le groupe nous gratifie d&rsquo;un rappel, <em>Le Volcan, M\u00eame<\/em>, qui d\u00e9bute sur une tr\u00e8s longue introduction instrumentale, dans l&rsquo;esprit de Mogwa\u00ef ou de Tortoise. Apr\u00e8s moins d&rsquo;une heure, le concert s&rsquo;ach\u00e8vent sur un go\u00fbt un peu amer, l&rsquo;impression de ne pas \u00eatre tout \u00e0 fait rassasi\u00e9 et repu. C&rsquo;est une fa\u00e7on comme une autre de nous laisser sur notre faim pour nous encourager \u00e0 revenir ! Trop court&#8230; Mais trop bon !<\/p>\n<p><strong class=\"truncate_more\">[hr color=\u00a0\u00bbred\u00a0\u00bb]<\/strong><\/p>\n<p><strong class=\"truncate_more\">La F\u00e9line : <\/strong><a href=\"http:\/\/lafelinemusic.com\" target=\"_blank\">Site officiel<\/a> \/ <a href=\"https:\/\/www.facebook.com\/lafelinemusic\" target=\"_blank\">Facebook<\/a> (Kwaidan Records)<\/p>\n<p><em><strong>Arman M\u00e9li\u00e8s :<\/strong><\/em> <a href=\"http:\/\/www.armanmelies.com\/\" target=\"_blank\">Site officiel<\/a> \/ <a href=\"https:\/\/www.facebook.com\/armanmelies\/?fref=ts\" target=\"_blank\">Facebook<\/a> (At(h)ome)<\/p>\n<p><strong class=\"truncate_more\">[hr color=\u00a0\u00bbred\u00a0\u00bb]<\/strong><\/p>\n<p style=\"text-align: center;\"><img loading=\"lazy\" decoding=\"async\" class=\"aligncenter wp-image-9736\" title=\"armanmelies2016tourn\u00e9e\" src=\"http:\/\/lamagicbox.com\/magazine\/wp-content\/uploads\/2016\/03\/armanmelies2016tourn\u00e9e-600x254.jpg\" alt=\"armanmelies2016tourn\u00e9e\" width=\"796\" height=\"337\" srcset=\"https:\/\/lamagicbox.com\/magazine\/wp-content\/uploads\/2016\/03\/armanmelies2016tourn\u00e9e-600x254.jpg 600w, https:\/\/lamagicbox.com\/magazine\/wp-content\/uploads\/2016\/03\/armanmelies2016tourn\u00e9e-300x127.jpg 300w, https:\/\/lamagicbox.com\/magazine\/wp-content\/uploads\/2016\/03\/armanmelies2016tourn\u00e9e-768x324.jpg 768w, https:\/\/lamagicbox.com\/magazine\/wp-content\/uploads\/2016\/03\/armanmelies2016tourn\u00e9e.jpg 800w\" sizes=\"auto, (max-width: 796px) 100vw, 796px\" \/><\/p>\n<!--themify_builder_content-->\n<div id=\"themify_builder_content-9709\" data-postid=\"9709\" class=\"themify_builder_content themify_builder_content-9709 themify_builder tf_clear\">\n    <\/div>\n<!--\/themify_builder_content-->\n","protected":false},"excerpt":{"rendered":"<p>Festival Transversales &#8211; 6e \u00e9dition ARMAN MELIES + LA FELINE en concert Date : 18.03.2016 Salle : L&rsquo;Ubu Lieu : Bretagne, Rennes (35) . Notre avis : [star rating=\u00a0\u00bb4.5&Prime; max=\u00a0\u00bb5&Prime;] Par Mike S. Un Festival qui m\u00eale concert et rencontre avec le public, c&rsquo;est le Festival Transversales, qui proposait ce soir pour sa 6e \u00e9dition, [&hellip;]<\/p>\n","protected":false},"author":1,"featured_media":9730,"comment_status":"open","ping_status":"open","sticky":false,"template":"","format":"standard","meta":{"footnotes":""},"categories":[57],"tags":[450,836,835],"class_list":["post-9709","post","type-post","status-publish","format-standard","has-post-thumbnail","hentry","category-reportage-concert","tag-arman-melies","tag-lubu","tag-la-feline","has-post-title","has-post-date","has-post-category","has-post-tag","has-post-comment","has-post-author",""],"builder_content":"","_links":{"self":[{"href":"https:\/\/lamagicbox.com\/magazine\/wp-json\/wp\/v2\/posts\/9709","targetHints":{"allow":["GET"]}}],"collection":[{"href":"https:\/\/lamagicbox.com\/magazine\/wp-json\/wp\/v2\/posts"}],"about":[{"href":"https:\/\/lamagicbox.com\/magazine\/wp-json\/wp\/v2\/types\/post"}],"author":[{"embeddable":true,"href":"https:\/\/lamagicbox.com\/magazine\/wp-json\/wp\/v2\/users\/1"}],"replies":[{"embeddable":true,"href":"https:\/\/lamagicbox.com\/magazine\/wp-json\/wp\/v2\/comments?post=9709"}],"version-history":[{"count":0,"href":"https:\/\/lamagicbox.com\/magazine\/wp-json\/wp\/v2\/posts\/9709\/revisions"}],"wp:featuredmedia":[{"embeddable":true,"href":"https:\/\/lamagicbox.com\/magazine\/wp-json\/wp\/v2\/media\/9730"}],"wp:attachment":[{"href":"https:\/\/lamagicbox.com\/magazine\/wp-json\/wp\/v2\/media?parent=9709"}],"wp:term":[{"taxonomy":"category","embeddable":true,"href":"https:\/\/lamagicbox.com\/magazine\/wp-json\/wp\/v2\/categories?post=9709"},{"taxonomy":"post_tag","embeddable":true,"href":"https:\/\/lamagicbox.com\/magazine\/wp-json\/wp\/v2\/tags?post=9709"}],"curies":[{"name":"wp","href":"https:\/\/api.w.org\/{rel}","templated":true}]}}