{"id":9642,"date":"2016-03-18T09:52:30","date_gmt":"2016-03-18T08:52:30","guid":{"rendered":"http:\/\/lamagicbox.com\/magazine\/?p=9642"},"modified":"2016-03-18T09:52:30","modified_gmt":"2016-03-18T08:52:30","slug":"les-nus-eponyme","status":"publish","type":"post","link":"https:\/\/lamagicbox.com\/magazine\/les-nus-eponyme\/","title":{"rendered":"Les Nus &#8211; \u00e9ponyme"},"content":{"rendered":"<p><span style=\"color: #800000;\"><strong>2016 \u2013 11 titres &#8211;\u00a046&rsquo;28<br \/>\n<\/strong><\/span><em><strong>Label :<\/strong><\/em> HYP \/ Pias<br \/>\n<strong><em>Style\u00a0: \u00a0<\/em><\/strong>Rock fran\u00e7ais<br \/>\n<strong><em>Origine\u00a0:<\/em><\/strong> France,\u00a0Rennes<br \/>\n<em><strong>Date de sortie de l&rsquo;album :<\/strong><\/em>\u00a0 18 mars 2016<\/p>\n<p style=\"text-align: right;\"><strong>Notre avis : [star rating=\u00a0\u00bb4.5&Prime; max=\u00a0\u00bb5&Prime;]<\/strong><\/p>\n<p style=\"text-align: right;\">\n<hr \/>\n<p style=\"text-align: right;\"><em><strong>par Mike S.<br \/>\n<\/strong><\/em><\/p>\n<p style=\"text-align: justify;\"><em><strong>Apr\u00e8s <a href=\"http:\/\/lamagicbox.com\/magazine\/?p=7283\" target=\"_blank\">Republik<\/a>\u00a0en 2015, c&rsquo;est au tour d&rsquo;un autre Marquis de Sade \u00e0 faire son retour sur le devant de la sc\u00e8ne. Christian Dargelos fait\u00a0rena\u00eetre\u00a0le phoenix de ses cendres en r\u00e9animant le\u00a0mythique groupe Les Nus. Pour se faire, il rappelle aupr\u00e8s de lui, un ex-Marc Seberg, Pierre Corbeau. Et puis il y a R\u00e9mi Hubert aux claviers et Alain Richard \u00e0 la batterie, membres historiques des Nus. Goulven Hamel (Santa Cruz, Rockoko et\u00a0Philippe Pascal&#8230; le monde est petit, Rennes encore plus) vient compl\u00e9ter le groupe aux guitares.\u00a0<\/strong><\/em><\/p>\n<p style=\"text-align: justify;\">Eponyme, ce second album du groupe,\u00a0apr\u00e8s 35 ans de silence, est d&rsquo;abord un \u00e9v\u00e9nement : ses membres et leur vie participe au mythe de Rennes, ville Rock par execellence. Cet album, c&rsquo;est aussi le graal, que beaucoup attendaient depuis des d\u00e9cennies. Mais ce second album, c&rsquo;est surtout un disque de Rock, de Rock fran\u00e7ais comme on en fait plus, \u00e0 part peut-\u00eatre Bertrand Cantat, influenc\u00e9 par les m\u00eames d\u00e9mons de la litt\u00e9rature (Wilde, Lautr\u00e9amont, Poe ou encore&#8230; Marquis de Sade).<\/p>\n<p style=\"text-align: center;\"><iframe loading=\"lazy\" src=\"https:\/\/www.youtube.com\/embed\/esz2K-WTB9A\" width=\"420\" height=\"315\" frameborder=\"0\" allowfullscreen=\"allowfullscreen\"><\/iframe><\/p>\n<p style=\"text-align: justify;\">Sur une musique Rock habill\u00e9e de claviers vintage de <strong>R\u00e9mi Hubert\u00a0<\/strong>qui rappellent l&rsquo;univers des <strong>Doors<\/strong> (<em>L&rsquo;\u00e9trange vie<\/em>, tout particuli\u00e8rement) et les guitares r\u00eaches de <strong>Goulven Hamel<\/strong>, la voix de <strong>Christian Dargelos<\/strong>, th\u00e9\u00e2trale, se glisse avec \u00e9l\u00e9gance sur des m\u00e9lodies obs\u00e9dantes. On retrouve dans ces 12 titres le climat si particulier, et intact, du Rock des ann\u00e9es 80 de Marquis de Sade et Marc Seberg. Le temps semble s&rsquo;\u00eatre arr\u00eat\u00e9 ! Les fans de cette \u00e9poque en auront des frissons ! \u00a0Les autres d\u00e9couvriront un univers singulier, \u00e0 la fois sombre et chic, avec un petit c\u00f4t\u00e9 dandy, \u00e0 la mani\u00e8re, peut-\u00eatre un peu aussi de <strong>Taxi Girl<\/strong>, en plus organique. On s\u2019enivre des claviers du <em>Mime hurlant<\/em>, mais aussi de l&rsquo;harmonica d&rsquo;<strong>Eric Orthuon<\/strong>\u00a0&#8211; l&rsquo;ing\u00e9 son &#8211; sur ce\u00a0<em>Clown triste. <\/em><\/p>\n<p style=\"text-align: justify;\">Et que dire de cette version 2016 du mythique<em> Johnny Col\u00e8re<\/em>, titre embl\u00e9matique du groupe, repris par Noir Desir sur<em> <strong>Tostaky<\/strong>.\u00a0<\/em>Les Nus lui donnent ici une troisi\u00e8me vie avec des sonorit\u00e9s orientales et un interpr\u00e9tation habit\u00e9e, faisant de cette chanson, une fois encore, la pierre angulaire du second album du groupe ! Suivie de pr\u00e8s par <em>Funambule<\/em>, qui s\u2019encha\u00eene, sur des notes d&rsquo;orgue de barbarie, dans une atmosph\u00e8re d&rsquo;Op\u00e9ra de quat&rsquo;sous.<\/p>\n<p class=\"r\" style=\"text-align: justify;\">Pour mettre en boite ces 11 chansons, le groupe a fait appel \u00e0 quelques amis, parmi lesquels on retrouve <strong>Etienne Daho<\/strong> ou <strong>Dominic Sonic<\/strong>, faisant de cet album inesp\u00e9r\u00e9 un Come Back comme on les aime, avec la splendeur de la premi\u00e8re heure retrouv\u00e9e ! Un disque\u00a0proche de la perfection !<\/p>\n<hr \/>\n<p><strong>Les Nus sont en concert le Samedi 30 Avril 2016, Ubu A Rennes.<\/strong><\/p>\n<p><a href=\"https:\/\/www.facebook.com\/Les-Nus-907008352714037\/?fref=ts\" target=\"_blank\">Facebook<\/a> \/\u00a0<a href=\"http:\/\/www.lesnus-music.com\" target=\"_blank\">Site officiel<\/a><\/p>\n<p style=\"text-align: justify;\"><em><strong>Tracklist :<br \/>\n<\/strong><\/em>1. La danse des loups<br \/>\n2. Le mime hurlant<br \/>\n3. Les ann\u00e9es Reagan<br \/>\n4.\u00a0Les marins<br \/>\n5.\u00a0Le Clown triste<br \/>\n6. Rideaux rouges<br \/>\n7. Johnny Col\u00e8re<br \/>\n8. Funambule<br \/>\n9. Le train<br \/>\n10. Petite fille<br \/>\n11. L&rsquo;\u00e9trange vie<img loading=\"lazy\" decoding=\"async\" class=\"wp-image-9646 aligncenter\" title=\"les-nus-2016-2\" src=\"http:\/\/lamagicbox.com\/magazine\/wp-content\/uploads\/2016\/03\/les-nus-2016-2.jpg\" alt=\"les-nus-2016-2\" width=\"500\" height=\"228\" srcset=\"https:\/\/lamagicbox.com\/magazine\/wp-content\/uploads\/2016\/03\/les-nus-2016-2.jpg 500w, https:\/\/lamagicbox.com\/magazine\/wp-content\/uploads\/2016\/03\/les-nus-2016-2-300x137.jpg 300w\" sizes=\"auto, (max-width: 500px) 100vw, 500px\" \/><\/p>\n<!--themify_builder_content-->\n<div id=\"themify_builder_content-9642\" data-postid=\"9642\" class=\"themify_builder_content themify_builder_content-9642 themify_builder tf_clear\">\n    <\/div>\n<!--\/themify_builder_content-->\n","protected":false},"excerpt":{"rendered":"<p>2016 \u2013 11 titres &#8211;\u00a046&rsquo;28 Label : HYP \/ Pias Style\u00a0: \u00a0Rock fran\u00e7ais Origine\u00a0: France,\u00a0Rennes Date de sortie de l&rsquo;album :\u00a0 18 mars 2016 Notre avis : [star rating=\u00a0\u00bb4.5&Prime; max=\u00a0\u00bb5&Prime;] par Mike S. Apr\u00e8s Republik\u00a0en 2015, c&rsquo;est au tour d&rsquo;un autre Marquis de Sade \u00e0 faire son retour sur le devant de la sc\u00e8ne. Christian [&hellip;]<\/p>\n","protected":false},"author":1,"featured_media":9643,"comment_status":"open","ping_status":"open","sticky":false,"template":"","format":"standard","meta":{"footnotes":""},"categories":[39],"tags":[830,826,831,825,827,380,828,829],"class_list":["post-9642","post","type-post","status-publish","format-standard","has-post-thumbnail","hentry","category-albums-francais","tag-alain-richard","tag-christian-dargelos","tag-goulven-hamel","tag-les-nus","tag-marc-seberg","tag-marquis-de-sade","tag-pierre-corneau","tag-remy-hubert","has-post-title","has-post-date","has-post-category","has-post-tag","has-post-comment","has-post-author",""],"builder_content":"","_links":{"self":[{"href":"https:\/\/lamagicbox.com\/magazine\/wp-json\/wp\/v2\/posts\/9642","targetHints":{"allow":["GET"]}}],"collection":[{"href":"https:\/\/lamagicbox.com\/magazine\/wp-json\/wp\/v2\/posts"}],"about":[{"href":"https:\/\/lamagicbox.com\/magazine\/wp-json\/wp\/v2\/types\/post"}],"author":[{"embeddable":true,"href":"https:\/\/lamagicbox.com\/magazine\/wp-json\/wp\/v2\/users\/1"}],"replies":[{"embeddable":true,"href":"https:\/\/lamagicbox.com\/magazine\/wp-json\/wp\/v2\/comments?post=9642"}],"version-history":[{"count":0,"href":"https:\/\/lamagicbox.com\/magazine\/wp-json\/wp\/v2\/posts\/9642\/revisions"}],"wp:featuredmedia":[{"embeddable":true,"href":"https:\/\/lamagicbox.com\/magazine\/wp-json\/wp\/v2\/media\/9643"}],"wp:attachment":[{"href":"https:\/\/lamagicbox.com\/magazine\/wp-json\/wp\/v2\/media?parent=9642"}],"wp:term":[{"taxonomy":"category","embeddable":true,"href":"https:\/\/lamagicbox.com\/magazine\/wp-json\/wp\/v2\/categories?post=9642"},{"taxonomy":"post_tag","embeddable":true,"href":"https:\/\/lamagicbox.com\/magazine\/wp-json\/wp\/v2\/tags?post=9642"}],"curies":[{"name":"wp","href":"https:\/\/api.w.org\/{rel}","templated":true}]}}