{"id":9034,"date":"2016-02-06T23:58:02","date_gmt":"2016-02-06T22:58:02","guid":{"rendered":"http:\/\/lamagicbox.com\/magazine\/?p=9034"},"modified":"2024-02-25T12:30:39","modified_gmt":"2024-02-25T11:30:39","slug":"stephan-eicher-a-la-rockhal-esch-sur-alzette-lux","status":"publish","type":"post","link":"https:\/\/lamagicbox.com\/magazine\/stephan-eicher-a-la-rockhal-esch-sur-alzette-lux\/","title":{"rendered":"Stephan Eicher \u00e0 La Rockhal &#8211; Esch Sur Alzette (Lux)"},"content":{"rendered":"<h2 align=\"JUSTIFY\"><span style=\"color: #000000;\"><span style=\"color: #333333;\"><img loading=\"lazy\" decoding=\"async\" class=\"size-full wp-image-7064 alignleft\" title=\"rockhal\" src=\"http:\/\/lamagicbox.com\/magazine\/wp-content\/uploads\/2015\/06\/rockhal.jpg\" alt=\"rockhal\" width=\"150\" height=\"225\" srcset=\"https:\/\/lamagicbox.com\/magazine\/wp-content\/uploads\/2015\/06\/rockhal.jpg 150w, https:\/\/lamagicbox.com\/magazine\/wp-content\/uploads\/2015\/06\/rockhal-100x150.jpg 100w\" sizes=\"auto, (max-width: 150px) 100vw, 150px\" \/>La Rockhal<\/span><\/span><\/h2>\n<h2 align=\"JUSTIFY\"><span style=\"color: #800000;\">Stephan Eicher<\/span><\/h2>\n<h2><span style=\"color: #333333;\">Le 06 F\u00e9vrier 2016 \u2013 Esch Sur Alzette (Lux)<\/span><\/h2>\n<h2 align=\"JUSTIFY\"><span style=\"color: #800000;\"><span style=\"text-decoration: underline;\">Notre avis<\/span> : [star rating=\u00a0\u00bb5&Prime; max=\u00a0\u00bb5&Prime;]<\/span><\/h2>\n<hr \/>\n<p style=\"text-align: justify;\"><em><strong><span lang=\"fr-BE\">Ce soir, nous avions rendez-vous \u00e0 La Rockhal o\u00f9 de <\/span><span lang=\"fr-BE\">longues files d&rsquo;attente nous attendaient. Il y avait ce samedi 2 concerts simultan\u00e9s. Celui de Tony Carreira, et le spectacle de Stephan Eicher pour lequel nous venions. La salle \u00e9tait quasiment compl\u00e8te pour cette belle soir\u00e9e qui restera dans les esprits. Un moment magnifique !<br \/><\/span><\/strong><\/em><\/p>\n<h2><span style=\"color: #800000;\">STEPHAN EICHER<\/span><\/h2>\n<p style=\"text-align: justify;\"><span lang=\"fr-BE\">Il est 20h35 quand est diffus\u00e9 un message demandant aux spectateurs de ne pas prendre de photos afin de\u00a0ne pas perturber le spectacle&#8230; Sous les applaudissements, Stephan Eicher s&rsquo;installe, seul avec sa guitare, et lance le set avec \u00ab\u00a0Si Tu Veux Que Je Chante\u00a0\u00bb. Ce premier morceau am\u00e8ne d&#8217;embl\u00e9e les applaudissements chaleureux du public. Un petit <em>merci<\/em>, et le show se poursuit avec \u00ab\u00a0Donne Moi Une Seconde\u00a0\u00bb. L&rsquo;artiste communique beaucoup au cours de la soir\u00e9e. <em>Merci ! Jusque l\u00e0, \u00e7a a l&rsquo;air d&rsquo;un concert solo, maintenant je vais vous jouer une chanson plus ancienne, juste le temps de s&rsquo;accorder<\/em> et de lancer les automates. Tout est m\u00e9canis\u00e9. \u00ab\u00a0Two People In A Room\u00a0\u00bb nous est propos\u00e9, morceau sur lequel Stephan Eicher tombe la veste avant de changer de guitare. L&rsquo;intensit\u00e9 monte d&rsquo;un cran, les notes s&rsquo;envolent. Le public danse et applaudit. Apr\u00e8s une belle ovation, le chanteur revient \u00e0 la premi\u00e8re guitare avec \u00ab\u00a0Voyage\u00a0\u00bb. <\/span><\/p>\n<p><img loading=\"lazy\" decoding=\"async\" class=\"size-full wp-image-9077 aligncenter\" title=\"stephan eicher 15\" src=\"http:\/\/lamagicbox.com\/magazine\/wp-content\/uploads\/2016\/02\/stephan-eicher-15.jpg\" alt=\"stephan eicher 15\" width=\"500\" height=\"330\" srcset=\"https:\/\/lamagicbox.com\/magazine\/wp-content\/uploads\/2016\/02\/stephan-eicher-15.jpg 500w, https:\/\/lamagicbox.com\/magazine\/wp-content\/uploads\/2016\/02\/stephan-eicher-15-227x150.jpg 227w, https:\/\/lamagicbox.com\/magazine\/wp-content\/uploads\/2016\/02\/stephan-eicher-15-455x300.jpg 455w\" sizes=\"auto, (max-width: 500px) 100vw, 500px\" \/><\/p>\n<p style=\"text-align: justify;\"><span lang=\"fr-BE\">Dans ce concert tr\u00e8s intimiste, Stephan Eicher communique toujours avec beaucoup d&rsquo;humour. Un petit coup d&rsquo;humeur \u00e9galement, d\u00e9plorant quelques appareils photos ou cam\u00e9ras&#8230; Le set se poursuit au piano\u00a0<em>avec une chanson que vous ne connaissez pas :\u00a0<\/em>\u00ab\u00a0Prisonni\u00e8re\u00a0\u00bb. Le public reconna\u00eet ensuite \u00ab\u00a0Rivi\u00e8re\u00a0\u00bb. Il \u00e9change une nouvelle fois avec la salle avec beaucoup d&rsquo;humour. <em>Vous avez des questions ?<\/em>\u00a0\u00ab\u00a0Combien De Temps\u00a0\u00bb est alors lanc\u00e9 \u00e0 la guitare. Accompagn\u00e9 par les claquements de mains, nous poursuivons avec \u00ab\u00a0Les Filles Du Limmatquai\u00a0\u00bb, \u00ab\u00a01000 Vies\u00a0\u00bb, \u00ab\u00a0Oh Ironie\u00a0\u00bb&#8230; avant de revenir \u00e0 \u00ab\u00a0Combien De Temps\u00a0\u00bb ! Une ovation suit encore une fois ! Discutant toujours avec le public, Stephan Eicher\u00a0lance \u00ab\u00a0Gang Nid \u00c4so\u00a0\u00bb \u00e0 l&rsquo;accord\u00e9on. <em>C&rsquo;\u00e9tait une nouvelle chanson&#8230;<\/em>\u00a0\u00ab\u00a0D\u00e9jeuner En Paix\u00a0\u00bb nous est ensuite propos\u00e9, ironisant sur le fait qu&rsquo;il faut maintenant expliquer aux plus jeunes ce qu&rsquo;est un journal&#8230; Lanc\u00e9 tout en douceur, le rythme monte progressivement pour finir quasiment en \u00e9lectro. Quel succ\u00e8s, et quelle ambiance !<\/span><\/p>\n<p><img loading=\"lazy\" decoding=\"async\" class=\"size-full wp-image-9048 aligncenter\" title=\"Stephan Eicher I bis\" src=\"http:\/\/lamagicbox.com\/magazine\/wp-content\/uploads\/2016\/02\/Stephan-Eicher-I-bis.jpg\" alt=\"Stephan Eicher I bis\" width=\"500\" height=\"332\" srcset=\"https:\/\/lamagicbox.com\/magazine\/wp-content\/uploads\/2016\/02\/Stephan-Eicher-I-bis.jpg 500w, https:\/\/lamagicbox.com\/magazine\/wp-content\/uploads\/2016\/02\/Stephan-Eicher-I-bis-226x150.jpg 226w, https:\/\/lamagicbox.com\/magazine\/wp-content\/uploads\/2016\/02\/Stephan-Eicher-I-bis-452x300.jpg 452w\" sizes=\"auto, (max-width: 500px) 100vw, 500px\" \/><\/p>\n<p style=\"text-align: justify;\"><span lang=\"fr-BE\"><em>J&rsquo;ai vu que vous aimiez chantez. On va faire une petite chorale pour chanter \u00ab\u00a0oh non non non\u00a0\u00bb<\/em>\u00a0sur \u00ab\u00a0Pas D&rsquo;Ami Comme Toi\u00a0\u00bb. C&rsquo;est ensuite \u00ab\u00a0Ce Peu D&rsquo;Amour\u00a0\u00bb que nous avons le plaisir d&rsquo;\u00e9couter. Un <em>merci beaucoup,<\/em> et voici d\u00e9j\u00e0 l&rsquo;heure du rappel. Au retour, Stephan Eicher donne son portefeuille au public pour offrir des bi\u00e8res ! Le retour se fait avec un medley, <em>avec des boissons alcoolis\u00e9es dedans<\/em>. \u00ab\u00a0Campari Soda\u00a0\u00bb, \u00ab\u00a0Ce Soir Je Bois\u00a0\u00bb, puis \u00ab\u00a0Silence\u00a0\u00bb. <em>Celle-l\u00e0, y&rsquo;a pas d&rsquo;alcool dedans, mais je l&rsquo;ai \u00e9crite dans un bar&#8230; \u00c7a compte ?<\/em>\u00a0C&rsquo;est \u00ab\u00a0Manteau De Gloire\u00a0\u00bb qui vient compl\u00e9ter ce medley. Stephan Eicher r\u00e9cup\u00e8re son portefeuille et continue avec \u00ab\u00a0Hemmige\u00a0\u00bb. Apr\u00e8s avoir pr\u00e9sent\u00e9 les instruments, la batterie, le vibraphone, la basse, le piano, le xylophone, l&rsquo;orgue, l&rsquo;accord\u00e9on&#8230; il remet sa veste, quitte la sc\u00e8ne avant de revenir pour \u00ab\u00a0Tu Ne Me Dois Rien\u00a0\u00bb qui cl\u00f4ture ce set splendide\u00a0! Quasiment 2 heures se sont \u00e9coul\u00e9es pour un concert superbe et un tr\u00e8s grand moment !<br \/><\/span><\/p>\n<p style=\"text-align: justify;\"><img loading=\"lazy\" decoding=\"async\" class=\"size-full wp-image-9050 aligncenter\" title=\"Stephan Eicher III bis\" src=\"http:\/\/lamagicbox.com\/magazine\/wp-content\/uploads\/2016\/02\/Stephan-Eicher-III-bis.jpg\" alt=\"Stephan Eicher III bis\" width=\"500\" height=\"281\" srcset=\"https:\/\/lamagicbox.com\/magazine\/wp-content\/uploads\/2016\/02\/Stephan-Eicher-III-bis.jpg 500w, https:\/\/lamagicbox.com\/magazine\/wp-content\/uploads\/2016\/02\/Stephan-Eicher-III-bis-267x150.jpg 267w\" sizes=\"auto, (max-width: 500px) 100vw, 500px\" \/><\/p>\n<p><strong><span style=\"text-decoration: underline;\">Stephan Eicher<\/span> : <a href=\"https:\/\/www.facebook.com\/stephaneicher\" target=\"_blank\" rel=\"noopener\">Facebook<\/a>\u00a0\/ <a href=\"http:\/\/www.stephaneicher.com\/\" target=\"_blank\" rel=\"noopener\">Site Officiel<\/a><\/strong><\/p>\n<p><strong><span style=\"text-decoration: underline;\">La Rockhal<\/span> : <a href=\"http:\/\/www.rockhal.lu\/fr\/featured\/\" target=\"_blank\" rel=\"noopener\">Site Officiel<\/a><\/strong><\/p>\n<hr \/>\n<p>\u00a0<\/p>\n<!--themify_builder_content-->\n<div id=\"themify_builder_content-9034\" data-postid=\"9034\" class=\"themify_builder_content themify_builder_content-9034 themify_builder tf_clear\">\n    <\/div>\n<!--\/themify_builder_content-->","protected":false},"excerpt":{"rendered":"<p>La Rockhal Stephan Eicher Le 06 F\u00e9vrier 2016 \u2013 Esch Sur Alzette (Lux) Notre avis : [star rating=\u00a0\u00bb5&Prime; max=\u00a0\u00bb5&Prime;] Ce soir, nous avions rendez-vous \u00e0 La Rockhal o\u00f9 de longues files d&rsquo;attente nous attendaient. Il y avait ce samedi 2 concerts simultan\u00e9s. Celui de Tony Carreira, et le spectacle de Stephan Eicher pour lequel nous [&hellip;]<\/p>\n","protected":false},"author":4,"featured_media":9069,"comment_status":"open","ping_status":"open","sticky":false,"template":"","format":"standard","meta":{"footnotes":""},"categories":[57,53],"tags":[269,302,741],"class_list":["post-9034","post","type-post","status-publish","format-standard","has-post-thumbnail","hentry","category-reportage-concert","category-reportages","tag-la-rockhal","tag-luxembourg","tag-stephan-eicher","has-post-title","has-post-date","has-post-category","has-post-tag","has-post-comment","has-post-author",""],"builder_content":"","_links":{"self":[{"href":"https:\/\/lamagicbox.com\/magazine\/wp-json\/wp\/v2\/posts\/9034","targetHints":{"allow":["GET"]}}],"collection":[{"href":"https:\/\/lamagicbox.com\/magazine\/wp-json\/wp\/v2\/posts"}],"about":[{"href":"https:\/\/lamagicbox.com\/magazine\/wp-json\/wp\/v2\/types\/post"}],"author":[{"embeddable":true,"href":"https:\/\/lamagicbox.com\/magazine\/wp-json\/wp\/v2\/users\/4"}],"replies":[{"embeddable":true,"href":"https:\/\/lamagicbox.com\/magazine\/wp-json\/wp\/v2\/comments?post=9034"}],"version-history":[{"count":2,"href":"https:\/\/lamagicbox.com\/magazine\/wp-json\/wp\/v2\/posts\/9034\/revisions"}],"predecessor-version":[{"id":39326,"href":"https:\/\/lamagicbox.com\/magazine\/wp-json\/wp\/v2\/posts\/9034\/revisions\/39326"}],"wp:featuredmedia":[{"embeddable":true,"href":"https:\/\/lamagicbox.com\/magazine\/wp-json\/wp\/v2\/media\/9069"}],"wp:attachment":[{"href":"https:\/\/lamagicbox.com\/magazine\/wp-json\/wp\/v2\/media?parent=9034"}],"wp:term":[{"taxonomy":"category","embeddable":true,"href":"https:\/\/lamagicbox.com\/magazine\/wp-json\/wp\/v2\/categories?post=9034"},{"taxonomy":"post_tag","embeddable":true,"href":"https:\/\/lamagicbox.com\/magazine\/wp-json\/wp\/v2\/tags?post=9034"}],"curies":[{"name":"wp","href":"https:\/\/api.w.org\/{rel}","templated":true}]}}