{"id":7672,"date":"2015-11-18T09:43:47","date_gmt":"2015-11-18T08:43:47","guid":{"rendered":"http:\/\/lamagicbox.com\/magazine\/?p=7672"},"modified":"2015-11-18T09:43:47","modified_gmt":"2015-11-18T08:43:47","slug":"perez-saltos","status":"publish","type":"post","link":"https:\/\/lamagicbox.com\/magazine\/perez-saltos\/","title":{"rendered":"Perez &#8211; Saltos"},"content":{"rendered":"<p><span style=\"color: #800000;\"><strong>2015 \u2013 12 titres<br \/>\n<\/strong><\/span><em><strong>Label : <\/strong><\/em>Barclay \/ Universal<br \/>\n<strong><em>Style\u00a0: <\/em><\/strong><em>Electro Pop<\/em><br \/>\n<strong><em>Origine\u00a0:<\/em><\/strong> France, Bordeaux<br \/>\n<em><strong>Date de sortie de l&rsquo;album :<\/strong><\/em> 2 octobre 2015<\/p>\n<p style=\"text-align: right;\"><strong>Notre avis : [star rating=\u00a0\u00bb3&Prime; max=\u00a0\u00bb5&Prime;]<\/strong><\/p>\n<p style=\"text-align: right;\">\n<hr \/>\n<p style=\"text-align: right;\"><strong>Par Mike S.<\/strong><\/p>\n<p style=\"text-align: justify;\"><em><strong>Julien Perez, ex-membre des Adam Kesher avait sorti jusque l\u00e0 3 EP en solo (Cramer, Perez et Les vacances continuent).\u00a0 Saltos est donc son premier album solo, un long format de 12 titres, dans lequel on retrouve en t\u00eate,\u00a0Les vacances continuent, avant de d\u00e9couvrir le reste d&rsquo;un programme de Pop Electro imagin\u00e9 par ce jeune bordelais, et appuy\u00e9 par Jean-Louis Pi\u00e9rot (Alain Bashung, Etienne Daho,\u2026) et Pierrick Devin (Adam Kesher, Lilly Wood and The Prick.\u2026).<br \/>\n<\/strong><\/em><\/p>\n<p style=\"text-align: justify;\">Comme beaucoup d&rsquo;entre nous, Perez a forg\u00e9 sa culture musicale, sans s&rsquo;arr\u00eater aux \u00e9tiquettes ou aux fronti\u00e8res musicales, allant de la chanson fran\u00e7aise \u00e0 la Brit Pop. Il apparait donc tout \u00e0 fait logique que lorsqu&rsquo;il passe de l&rsquo;autre c\u00f4t\u00e9 du miroir, il s&#8217;emploie \u00e0 ignorer ces m\u00eames limites, et \u00e0 entrem\u00ealer les genres et les styles. Le titre choisi pour son album, <strong><em>Saltos<\/em><\/strong>, n&rsquo;y est de fait pas un hasard, mais une fa\u00e7on simple d&rsquo;affirmer ce choix ou ce non choix.<\/p>\n<p style=\"text-align: center;\"><iframe loading=\"lazy\" src=\"https:\/\/www.youtube.com\/embed\/jk1NnS09L38\" width=\"450\" height=\"253\" frameborder=\"0\" allowfullscreen=\"allowfullscreen\"><\/iframe><\/p>\n<p style=\"text-align: justify;\">Comme au temps d&rsquo;<strong>Adam Kesher<\/strong>, l&rsquo;Electro a donc rendez-vous avec la Pop sur son premier album. Mais pas que ! Perez y fait le choix de la chanson fran\u00e7ais, pour faire passer du sens, des messages, des id\u00e9es, ou m\u00eame un fil conducteur au travers de ses 12 electro tubes \u00e0 essai. Alors oui, <em>Les vacances continuent<\/em>, elles se prolongent et s&rsquo;\u00e9tendent \u00e0 perte de vue. Quelques balises pour se rep\u00e9rer, telles que celle de <span class=\"st\"><strong>Benjamin Biolay<\/strong> ou <strong>Etienne Daho<\/strong>, qui, eux-m\u00eames, n&rsquo;ont jamais voulu choisir entre une Pop internationale et une chanson fran\u00e7aise, avec des mots, des rimes et des rythmes (<em>Gamine<\/em>). A l&rsquo;heure o\u00f9 <strong>Jean-Michel Jarre<\/strong> revient aux affaires musicales, impossible de ne pas penser au duo <strong>Jean-Michel\/Christophe<\/strong> \u00e0 la grande \u00e9poque des <em>Mots Bleus<\/em>, lorsqu&rsquo;on \u00e9coute <em>Une autre fois<\/em> ou <strong>Bashung\/Bergman<\/strong> \u00e0 l&rsquo;\u00e9coute de <em>Le R\u00f4deur<\/em>.<br \/>\n<\/span><\/p>\n<p style=\"text-align: justify;\">Alors, bien s\u00fbr, les ann\u00e9es ont pass\u00e9e, les techniques ont \u00e9volu\u00e9, mais l&rsquo;h\u00e9ritage musicale s&rsquo;est \u00e9paissi en parall\u00e8le. <strong><em>Saltos<\/em><\/strong> utilise alors invariablement les deux pour concocter son espace de jeu, dans lequel <strong>Perez<\/strong> s\u2019ing\u00e9nie aussi \u00e0 mettre un peu de lui, de son pass\u00e9, de son \u00e9ducation, de sa culture pour plaquer des textes multith\u00e8mes et multiformes qui vont d&rsquo;une <em>Apocalypse<\/em> surr\u00e9aliste et dr\u00f4le \u00e0 des histoires humaines (<em>Gamine, Une autre fois<\/em>) en passant par le Cin\u00e9ma et la Culture urbaine (<em>Blockbuster, Super heros<\/em>).<\/p>\n<p style=\"text-align: justify;\">Si les th\u00e8mes des chansons sont bigarr\u00e9s, ceux des ambiances musicales vont de l&rsquo;\u00e9lectro pop \u00e0 l&rsquo;\u00e9lectro ambiant, ni plus ni moins, donnant \u00e0 l&rsquo;album une r\u00e9elle unit\u00e9. <em><strong>Saltos<\/strong><\/em> n&rsquo;est donc pas qu&rsquo;un album electro pop pour danser, on se doit d&rsquo;y plonger plus en profondeur pour en appr\u00e9cia le langage. Plut\u00f4t plaisant au final.<\/p>\n<p><a href=\"http:\/\/www.vanessaphilippe.com\/\" target=\"_blank\">Site officiel<\/a> \/ <a href=\"https:\/\/www.facebook.com\/OxmoPuccinoOfficiel\" target=\"_blank\">Facebook<\/a><\/p>\n<hr \/>\n<p><em><strong><span style=\"text-decoration: underline;\">Tracklist :<\/span> <\/strong><\/em><br \/>\n01. Les vacances continuent<br \/>\n02. Apocalypse<br \/>\n03. Coup d&rsquo;Etat<br \/>\n04. Blockbuster<br \/>\n05. La vie nouvelle<br \/>\n06. Gamine<br \/>\n07. Super Heros<br \/>\n08. Les bars des mus\u00e9es<br \/>\n09. Le r\u00f4deur<br \/>\n10. Rock&rsquo;n&rsquo;roll, Funny people<br \/>\n11. Une autre fois<br \/>\n12. Le cirage<\/p>\n<p style=\"text-align: center;\"><iframe loading=\"lazy\" src=\"https:\/\/www.youtube.com\/embed\/48CSNmMr6wQ\" width=\"450\" height=\"253\" frameborder=\"0\" allowfullscreen=\"allowfullscreen\"><\/iframe><\/p>\n<!--themify_builder_content-->\n<div id=\"themify_builder_content-7672\" data-postid=\"7672\" class=\"themify_builder_content themify_builder_content-7672 themify_builder tf_clear\">\n    <\/div>\n<!--\/themify_builder_content-->\n","protected":false},"excerpt":{"rendered":"<p>2015 \u2013 12 titres Label : Barclay \/ Universal Style\u00a0: Electro Pop Origine\u00a0: France, Bordeaux Date de sortie de l&rsquo;album : 2 octobre 2015 Notre avis : [star rating=\u00a0\u00bb3&Prime; max=\u00a0\u00bb5&Prime;] Par Mike S. Julien Perez, ex-membre des Adam Kesher avait sorti jusque l\u00e0 3 EP en solo (Cramer, Perez et Les vacances continuent).\u00a0 Saltos est [&hellip;]<\/p>\n","protected":false},"author":1,"featured_media":7675,"comment_status":"open","ping_status":"open","sticky":false,"template":"","format":"standard","meta":{"footnotes":""},"categories":[39],"tags":[601,602,600],"class_list":["post-7672","post","type-post","status-publish","format-standard","has-post-thumbnail","hentry","category-albums-francais","tag-adam-kesher","tag-julien-perez","tag-perez","has-post-title","has-post-date","has-post-category","has-post-tag","has-post-comment","has-post-author",""],"builder_content":"","_links":{"self":[{"href":"https:\/\/lamagicbox.com\/magazine\/wp-json\/wp\/v2\/posts\/7672","targetHints":{"allow":["GET"]}}],"collection":[{"href":"https:\/\/lamagicbox.com\/magazine\/wp-json\/wp\/v2\/posts"}],"about":[{"href":"https:\/\/lamagicbox.com\/magazine\/wp-json\/wp\/v2\/types\/post"}],"author":[{"embeddable":true,"href":"https:\/\/lamagicbox.com\/magazine\/wp-json\/wp\/v2\/users\/1"}],"replies":[{"embeddable":true,"href":"https:\/\/lamagicbox.com\/magazine\/wp-json\/wp\/v2\/comments?post=7672"}],"version-history":[{"count":0,"href":"https:\/\/lamagicbox.com\/magazine\/wp-json\/wp\/v2\/posts\/7672\/revisions"}],"wp:featuredmedia":[{"embeddable":true,"href":"https:\/\/lamagicbox.com\/magazine\/wp-json\/wp\/v2\/media\/7675"}],"wp:attachment":[{"href":"https:\/\/lamagicbox.com\/magazine\/wp-json\/wp\/v2\/media?parent=7672"}],"wp:term":[{"taxonomy":"category","embeddable":true,"href":"https:\/\/lamagicbox.com\/magazine\/wp-json\/wp\/v2\/categories?post=7672"},{"taxonomy":"post_tag","embeddable":true,"href":"https:\/\/lamagicbox.com\/magazine\/wp-json\/wp\/v2\/tags?post=7672"}],"curies":[{"name":"wp","href":"https:\/\/api.w.org\/{rel}","templated":true}]}}