{"id":7649,"date":"2015-11-16T20:30:22","date_gmt":"2015-11-16T19:30:22","guid":{"rendered":"http:\/\/lamagicbox.com\/magazine\/?p=7649"},"modified":"2015-11-16T20:30:22","modified_gmt":"2015-11-16T19:30:22","slug":"bruit-noir-iiii","status":"publish","type":"post","link":"https:\/\/lamagicbox.com\/magazine\/bruit-noir-iiii\/","title":{"rendered":"Bruit Noir &#8211; I\/III"},"content":{"rendered":"<p><span style=\"color: #800000;\"><strong>2015 \u2013 10 titres &#8211; 42&rsquo;00<br \/>\n<\/strong><\/span><em><strong>Label : <\/strong><\/em>Ici d&rsquo;Ailleurs \/ L&rsquo;Autre distribution<br \/>\n<strong><em>Style\u00a0: <\/em><\/strong><em>Chanson \/ Rock \/ Free Jazz<\/em><br \/>\n<strong><em>Origine\u00a0:<\/em><\/strong> France, IDF, Paris<br \/>\n<em><strong>Date de sortie de l&rsquo;album :<\/strong><\/em> 13 novembre 2015<\/p>\n<p style=\"text-align: right;\"><strong>Notre avis : [star rating=\u00a0\u00bb4.5&Prime; max=\u00a0\u00bb5&Prime;]<\/strong><\/p>\n<p style=\"text-align: right;\">\n<hr \/>\n<p style=\"text-align: right;\"><strong>Par Mike S.<\/strong><\/p>\n<p style=\"text-align: justify;\"><em><strong>Premier album de Bruit Noir, un duo compos\u00e9 de Jean-Michel Pires, batteur de Mendelson, et Pascal Bouaziz des m\u00eames Mendelson au chant.Une \u00e9chapp\u00e9e belle pour ces musiciens en recherche de d\u00e9marcation perp\u00e9tuelle. Toujours \u00eatre l\u00e0 o\u00f9 on ne les attend pas. Avec \u00a0I\/III, pari une fois de plus r\u00e9ussi.<br \/>\n<\/strong><\/em><\/p>\n<p style=\"text-align: justify;\">\u00c7a commence avec un dr\u00f4le de <em>Requiem<\/em> en hommage \u00e0 un certain Pascal Bouaziz, un dr\u00f4le de monologue entre humour et cynisme, sur des ambiances sombres, m\u00e9lancoliques, voire d\u00e9pressives.\u00a0 Pir\u00e8s assure ici toutes les orchestrations pendant que Pascal semble venir improviser des textes hallucin\u00e9s sur lui-m\u00eame et sa vie. Une exp\u00e9rience schizophr\u00e9nique hors du commun, qui empi\u00e8te \u00e0 la fois sur le travail d\u00e9primant de <strong>Mendelson<\/strong> et la dynamique d\u00e9pressive de <strong>Diabologum<\/strong>.<\/p>\n<p style=\"text-align: center;\"><iframe loading=\"lazy\" src=\"https:\/\/www.youtube.com\/embed\/RH3x6a6a2JI\" width=\"450\" height=\"253\" frameborder=\"0\" allowfullscreen=\"allowfullscreen\"><\/iframe><\/p>\n<p style=\"text-align: justify;\">L&rsquo;album se compose de 10 titres aux textes personnels et impudents, qui rel\u00e8ve clairement du \u00ab\u00a0trouble mental s\u00e9v\u00e8re et chronique appartenant \u00e0 la classe des troubles psychotiques\u00a0\u00bb. A l&rsquo;instar de ce regard dans le r\u00e9troviseur qui renvoie une image invers\u00e9 de l&rsquo;Et\u00e9 indien (<em>Joe Dassin<\/em>) ou de cette tranche de vie, <em>L&rsquo;usine<\/em>, entre <strong>Charlie Chaplin<\/strong> et <strong>David Lynch<\/strong> , \u00e0 la foi fou, absurde et r\u00e9voltant.<\/p>\n<p style=\"text-align: justify;\">Comme dans les albums de Mendelson, il y a toujours ce phras\u00e9, intime et sombre, dans lequel on a toujours l&rsquo;impression d&rsquo;\u00eatre voyeur. On se surprend \u00e0 lire les r\u00e9v\u00e9lations chocs, sans barrage, d&rsquo;un journal intime ou d&rsquo;\u00eatre carr\u00e9ment dans la t\u00eate du chanteur. Une sorte de remake audio de d&rsquo;<strong><em>Eternal sunshine of spotless mind<\/em><\/strong>, une vision musicale de <strong>Michel Gondry<\/strong>. Tout ce qui lui passe dans la t\u00eate se retrouve enferm\u00e9 dans un des textes de cet album, et tout le monde, alors, en prend pour son grade, de Chartres (<em>La province<\/em> : \u00ab\u00a0Pourquoi t&rsquo;irais au Centre-ville, Y arien au Centre-ville\u00a0\u00bb) \u00e0 Jean-Luc Le T\u00e9nia, de Lou Reed \u00e0 Primo Levi (<em>Ian Curtis<\/em>), d&rsquo;EasyJet (Low Coast) \u00e0 la S\u00e9cu, des manifestants jusqu&rsquo;\u00e0 l&rsquo;ensemble de l&rsquo;Humanit\u00e9, le tout au milieu d&rsquo;une musique fr\u00e9n\u00e9tique soutenue par un saxo fou ou des percussions industrielles.<\/p>\n<p style=\"text-align: justify;\">Sorte de Capharna\u00fcm avec des sons en d\u00e9sordre, des mots p\u00eale-m\u00eale et un amas d&rsquo;id\u00e9es brouill\u00e9es en forme de psychanalyse, il y a du <strong>Neubauten<\/strong> et des hallucinog\u00e8nes s\u00e9v\u00e8res dans cet album de <strong>Bruit Noir<\/strong>. Impossible de rester indiff\u00e9rent, la collision est brutale, les commotions c\u00e9r\u00e9brales !<\/p>\n<p><a href=\"http:\/\/www.vanessaphilippe.com\/\" target=\"_blank\">Site officiel<\/a> \/ <a href=\"https:\/\/www.facebook.com\/theknoise\/\" target=\"_blank\">Facebook<\/a><\/p>\n<hr \/>\n<p><em><strong>Tracklist :<\/strong> <\/em><\/p>\n<ol>\n<li>Requiem<\/li>\n<li>Joe Dassin<\/li>\n<li>L&rsquo;usine<\/li>\n<li>Joy Division<\/li>\n<li>Je regarde les nuages<\/li>\n<li>La province<\/li>\n<li>Manifestation<\/li>\n<li>Low Cost<\/li>\n<li>S\u00e9curit\u00e9 sociale<\/li>\n<li>Adieu<\/li>\n<\/ol>\n<!--themify_builder_content-->\n<div id=\"themify_builder_content-7649\" data-postid=\"7649\" class=\"themify_builder_content themify_builder_content-7649 themify_builder tf_clear\">\n    <\/div>\n<!--\/themify_builder_content-->\n","protected":false},"excerpt":{"rendered":"<p>2015 \u2013 10 titres &#8211; 42&rsquo;00 Label : Ici d&rsquo;Ailleurs \/ L&rsquo;Autre distribution Style\u00a0: Chanson \/ Rock \/ Free Jazz Origine\u00a0: France, IDF, Paris Date de sortie de l&rsquo;album : 13 novembre 2015 Notre avis : [star rating=\u00a0\u00bb4.5&Prime; max=\u00a0\u00bb5&Prime;] Par Mike S. Premier album de Bruit Noir, un duo compos\u00e9 de Jean-Michel Pires, batteur de [&hellip;]<\/p>\n","protected":false},"author":1,"featured_media":7652,"comment_status":"open","ping_status":"open","sticky":false,"template":"","format":"standard","meta":{"footnotes":""},"categories":[39],"tags":[593,596,594,595],"class_list":["post-7649","post","type-post","status-publish","format-standard","has-post-thumbnail","hentry","category-albums-francais","tag-bruit-noir","tag-jean-michel-pires","tag-mendelson","tag-pascal-bouaziz","has-post-title","has-post-date","has-post-category","has-post-tag","has-post-comment","has-post-author",""],"builder_content":"","_links":{"self":[{"href":"https:\/\/lamagicbox.com\/magazine\/wp-json\/wp\/v2\/posts\/7649","targetHints":{"allow":["GET"]}}],"collection":[{"href":"https:\/\/lamagicbox.com\/magazine\/wp-json\/wp\/v2\/posts"}],"about":[{"href":"https:\/\/lamagicbox.com\/magazine\/wp-json\/wp\/v2\/types\/post"}],"author":[{"embeddable":true,"href":"https:\/\/lamagicbox.com\/magazine\/wp-json\/wp\/v2\/users\/1"}],"replies":[{"embeddable":true,"href":"https:\/\/lamagicbox.com\/magazine\/wp-json\/wp\/v2\/comments?post=7649"}],"version-history":[{"count":0,"href":"https:\/\/lamagicbox.com\/magazine\/wp-json\/wp\/v2\/posts\/7649\/revisions"}],"wp:featuredmedia":[{"embeddable":true,"href":"https:\/\/lamagicbox.com\/magazine\/wp-json\/wp\/v2\/media\/7652"}],"wp:attachment":[{"href":"https:\/\/lamagicbox.com\/magazine\/wp-json\/wp\/v2\/media?parent=7649"}],"wp:term":[{"taxonomy":"category","embeddable":true,"href":"https:\/\/lamagicbox.com\/magazine\/wp-json\/wp\/v2\/categories?post=7649"},{"taxonomy":"post_tag","embeddable":true,"href":"https:\/\/lamagicbox.com\/magazine\/wp-json\/wp\/v2\/tags?post=7649"}],"curies":[{"name":"wp","href":"https:\/\/api.w.org\/{rel}","templated":true}]}}