{"id":7283,"date":"2015-10-29T17:38:32","date_gmt":"2015-10-29T16:38:32","guid":{"rendered":"http:\/\/lamagicbox.com\/magazine\/?p=7283"},"modified":"2015-10-29T17:38:32","modified_gmt":"2015-10-29T16:38:32","slug":"republik-elements","status":"publish","type":"post","link":"https:\/\/lamagicbox.com\/magazine\/republik-elements\/","title":{"rendered":"Republik &#8211; Elements"},"content":{"rendered":"<p><span style=\"color: #800000;\"><strong>2015 \u2013 12 titres<br \/>\n<\/strong><\/span><em><strong>Label : <\/strong><\/em>LADTK \/ L&rsquo;Autre Distribution<br \/>\n<strong><em>Style\u00a0: <\/em><\/strong>Rock<br \/>\n<strong><em>Origine\u00a0:<\/em><\/strong> France, <span class=\"location secondaryText\">Bretagne, Rennes<\/span><br \/>\n<em><strong>Date de sortie de l&rsquo;album :<\/strong><\/em> 13 novembre 2015<\/p>\n<p style=\"text-align: right;\"><strong>Notre avis : [star rating=\u00a0\u00bb3.5&Prime; max=\u00a0\u00bb5&Prime;]<\/strong><\/p>\n<p style=\"text-align: right;\">\n<hr \/>\n<p style=\"text-align: right;\"><strong>Par Mike S.<\/strong><\/p>\n<p style=\"text-align: justify;\"><em><strong>Frank Darcel est le cofondateur du groupe Marquis de Sade. C&rsquo;\u00e9tait&#8230; en 1977 avec Philippe Pascal (Marc Seberg) ! Depuis, il a surtout \u00e9t\u00e9 le r\u00e9alisateur des albums d&rsquo;Etienne Daho, de 1984 \u00e0 1988, en parall\u00e8le de diverses formation (Octobre, Senso, etc&#8230;). Republik sonne comme un retour aux affaires musicales, car depuis quelques ann\u00e9es, on le croisait plut\u00f4t au rayon Livres de la FNAC (Le D\u00e9riveur,\u00a0 L&rsquo;Ennemi de la chance). Il a d&rsquo;ailleurs fond\u00e9 sa propre maison d&rsquo;\u00e9ditions LADTK.\u00a0 <\/strong><\/em><\/p>\n<p style=\"text-align: justify;\">Pour ce Come Back dans la musique, <strong>Frank Darcel<\/strong> est accompagn\u00e9, au sein de Republik, par 3 musiciens : <a href=\"https:\/\/www.facebook.com\/stephane.kerihuel\" target=\"_blank\">Stephane Kerihuel<\/a> (Enki) grande barbe poivre et sel et guitare electrique , <a href=\"https:\/\/www.facebook.com\/eva.montfort.5\">Eva Montfort<\/a>, bassiste (Santa Claws, B.B.B., Lanaya) et Federico Climovich, batteur (<a href=\"https:\/\/www.facebook.com\/bumpkinisland\/info?tab=page_info\" target=\"_blank\">Bumpkin Island<\/a>). Avec cette nouvelle formation, en parall\u00e8le de leurs divers projets, ils ont assur\u00e9 l&rsquo;ouverture des Transmusicales de Rennes en 2013 et enregistr\u00e9 ce premier album, baptis\u00e9 <em><strong>Elements<\/strong><\/em>.<em> <strong><br \/>\n<\/strong><\/em><\/p>\n<p style=\"text-align: center;\"><iframe loading=\"lazy\" src=\"https:\/\/www.youtube.com\/embed\/EL--A05knTQ\" width=\"500\" height=\"281\" frameborder=\"0\" allowfullscreen=\"allowfullscreen\"><\/iframe><\/p>\n<p style=\"text-align: justify;\">Ce premier album nous fait d\u00e9couvrir le son de Republik, perdu quelque part dans les limbes du temps, dans la noirceur de la Coldwave du d\u00e9but des ann\u00e9es 80&rsquo;s. Un son que vous pouvez d\u00e9j\u00e0 d\u00e9couvrir avec le single\u00a0<em>Mystery. <\/em>On y d\u00e9couvre aussi une nette influence free jazz, port\u00e9e par le saxophone psych\u00e9d\u00e9lique de James Chance, alias <strong>James White<\/strong>, sur un titre \u00e9crit dans la langue de Goethe, <em>Ich bin schmutzig<\/em> (litt\u00e9ralement \u00ab\u00a0je suis sale\u00a0\u00bb). Ce titre n&rsquo;est d&rsquo;ailleurs pas le seul \u00e0 faire venir un invit\u00e9, on y croise en effet <strong>Yann Tiersen<\/strong> sur le titre <em>Born this morning<\/em>. Ainsi que le\u00a0guitariste et bassiste <strong>Yvan Julian<\/strong> (de <strong>Richard Hell and the Voidoids<\/strong>) sur <em>La fin des temps<\/em>, un titre en forme de bilan universel, sombre et po\u00e9tique. Et il y a enfin <em>Winter of love<\/em> avec <strong>Wendy James<\/strong> (chanteuse de<strong> Transvision Vamp<\/strong>), <strong>Tina Weymouth<\/strong> (bassiste des <strong>Talking Heads<\/strong> et <strong>Tom Tom Club<\/strong>) &amp; <strong>Chris Franz<\/strong> (batteur des m\u00eames formations). Un titre dans lequel, tout ce petit monde se retrouve pour un moment finalement quasiment intimiste, qui sert d&rsquo;antichambre au titre le plus Rock de l&rsquo;album, <em>Democracy<\/em>.<\/p>\n<p style=\"text-align: justify;\">On pourrait ais\u00e9ment qualifier ce premier album de Republik, comme un premier jet, underground et imparfait, aux accents trop frenchy. Mais ce serait ignorer la richesse des compositions, l&rsquo;atmosph\u00e8re aride et tendue, des belles harmonies avec des refrains ineffa\u00e7ables. Ce n&rsquo;est donc pas l&rsquo;album parfait, non, mais c&rsquo;est un magnifique coup d&rsquo;essai, sans aucun doute !<\/p>\n<p>\/ <a href=\"https:\/\/www.facebook.com\/republikfrombreizh\/?fref=ts\" target=\"_blank\">Facebook<\/a><\/p>\n<hr \/>\n<p>Artwork :<\/p>\n<p style=\"text-align: center;\"><a href=\"http:\/\/lamagicbox.com\/magazine\/wp-content\/uploads\/2015\/10\/repubkik201502b.jpg\"><img loading=\"lazy\" decoding=\"async\" class=\"alignnone size-full wp-image-7287\" title=\"repubkik201502b\" src=\"http:\/\/lamagicbox.com\/magazine\/wp-content\/uploads\/2015\/10\/repubkik201502b.jpg\" alt=\"repubkik201502b\" width=\"800\" height=\"411\" srcset=\"https:\/\/lamagicbox.com\/magazine\/wp-content\/uploads\/2015\/10\/repubkik201502b.jpg 800w, https:\/\/lamagicbox.com\/magazine\/wp-content\/uploads\/2015\/10\/repubkik201502b-292x150.jpg 292w, https:\/\/lamagicbox.com\/magazine\/wp-content\/uploads\/2015\/10\/repubkik201502b-584x300.jpg 584w\" sizes=\"auto, (max-width: 800px) 100vw, 800px\" \/><\/a><\/p>\n<!--themify_builder_content-->\n<div id=\"themify_builder_content-7283\" data-postid=\"7283\" class=\"themify_builder_content themify_builder_content-7283 themify_builder tf_clear\">\n    <\/div>\n<!--\/themify_builder_content-->\n","protected":false},"excerpt":{"rendered":"<p>2015 \u2013 12 titres Label : LADTK \/ L&rsquo;Autre Distribution Style\u00a0: Rock Origine\u00a0: France, Bretagne, Rennes Date de sortie de l&rsquo;album : 13 novembre 2015 Notre avis : [star rating=\u00a0\u00bb3.5&Prime; max=\u00a0\u00bb5&Prime;] Par Mike S. Frank Darcel est le cofondateur du groupe Marquis de Sade. C&rsquo;\u00e9tait&#8230; en 1977 avec Philippe Pascal (Marc Seberg) ! Depuis, il [&hellip;]<\/p>\n","protected":false},"author":1,"featured_media":7284,"comment_status":"open","ping_status":"open","sticky":false,"template":"","format":"standard","meta":{"footnotes":""},"categories":[39],"tags":[378],"class_list":["post-7283","post","type-post","status-publish","format-standard","has-post-thumbnail","hentry","category-albums-francais","tag-republik","has-post-title","has-post-date","has-post-category","has-post-tag","has-post-comment","has-post-author",""],"builder_content":"","_links":{"self":[{"href":"https:\/\/lamagicbox.com\/magazine\/wp-json\/wp\/v2\/posts\/7283","targetHints":{"allow":["GET"]}}],"collection":[{"href":"https:\/\/lamagicbox.com\/magazine\/wp-json\/wp\/v2\/posts"}],"about":[{"href":"https:\/\/lamagicbox.com\/magazine\/wp-json\/wp\/v2\/types\/post"}],"author":[{"embeddable":true,"href":"https:\/\/lamagicbox.com\/magazine\/wp-json\/wp\/v2\/users\/1"}],"replies":[{"embeddable":true,"href":"https:\/\/lamagicbox.com\/magazine\/wp-json\/wp\/v2\/comments?post=7283"}],"version-history":[{"count":0,"href":"https:\/\/lamagicbox.com\/magazine\/wp-json\/wp\/v2\/posts\/7283\/revisions"}],"wp:featuredmedia":[{"embeddable":true,"href":"https:\/\/lamagicbox.com\/magazine\/wp-json\/wp\/v2\/media\/7284"}],"wp:attachment":[{"href":"https:\/\/lamagicbox.com\/magazine\/wp-json\/wp\/v2\/media?parent=7283"}],"wp:term":[{"taxonomy":"category","embeddable":true,"href":"https:\/\/lamagicbox.com\/magazine\/wp-json\/wp\/v2\/categories?post=7283"},{"taxonomy":"post_tag","embeddable":true,"href":"https:\/\/lamagicbox.com\/magazine\/wp-json\/wp\/v2\/tags?post=7283"}],"curies":[{"name":"wp","href":"https:\/\/api.w.org\/{rel}","templated":true}]}}