{"id":6201,"date":"2015-07-28T23:30:05","date_gmt":"2015-07-28T22:30:05","guid":{"rendered":"http:\/\/lamagicbox.com\/magazine\/?p=6201"},"modified":"2015-08-03T16:54:49","modified_gmt":"2015-08-03T15:54:49","slug":"epsylon-a-lair-libre-a-saint-malo","status":"publish","type":"post","link":"https:\/\/lamagicbox.com\/magazine\/epsylon-a-lair-libre-a-saint-malo\/","title":{"rendered":"Epsylon \u00e0 l&rsquo;air libre \u00e0 Saint Malo"},"content":{"rendered":"<h2><span style=\"color: #800000;\"><a href=\"http:\/\/lamagicbox.com\/magazine\/wp-content\/uploads\/2015\/08\/epsylon201505.jpg\"><img loading=\"lazy\" decoding=\"async\" class=\"  wp-image-6217 alignleft\" title=\"epsylon201505\" src=\"http:\/\/lamagicbox.com\/magazine\/wp-content\/uploads\/2015\/08\/epsylon201505.jpg\" alt=\"epsylon201505\" width=\"136\" height=\"196\" srcset=\"https:\/\/lamagicbox.com\/magazine\/wp-content\/uploads\/2015\/08\/epsylon201505.jpg 332w, https:\/\/lamagicbox.com\/magazine\/wp-content\/uploads\/2015\/08\/epsylon201505-104x150.jpg 104w, https:\/\/lamagicbox.com\/magazine\/wp-content\/uploads\/2015\/08\/epsylon201505-208x300.jpg 208w\" sizes=\"auto, (max-width: 136px) 100vw, 136px\" \/><\/a>EPSYLON<\/span><\/h2>\n<h4><span style=\"color: #000000;\">Dans le cadre des Mardis Zycos.<br \/>\n28 juillet 2015<\/span><br \/>\n<span style=\"color: #000000;\"> <strong>Style :<\/strong> Rock Celtique<\/span><br \/>\n<span style=\"color: #000000;\"> Salle : Esplanade Saint Vincent<\/span><br \/>\n<span style=\"color: #000000;\"> <strong>Lieu\u00a0:<\/strong> Bretagne, Saint Malo (35)<\/span><\/h4>\n<p>.<\/p>\n<p style=\"text-align: right;\"><strong><strong>Notre avis : [star rating=\u00a0\u00bb4.5&Prime; max=\u00a0\u00bb5&Prime;]<\/strong><\/strong><\/p>\n<hr \/>\n<p style=\"text-align: right;\"><em>Par <strong>Mike S.<br \/>\n<\/strong><\/em><\/p>\n<p style=\"text-align: justify;\"><em><strong>La Mairie de Saint Malo organise pendant l&rsquo;\u00e9t\u00e9 les Mardis Zicos !<br \/>\n<\/strong><\/em><\/p>\n<p style=\"text-align: justify;\">Ce soir, la programmation \u00e9tait nettement orient\u00e9 Rock Celtique avec, <a href=\"http:\/\/lamagicbox.com\/magazine\/?p=6156\">Epsylon<\/a>, un groupe originaire de Vend\u00e9e et de Loire-Atlantique. Auteur d&rsquo;un album remarqu\u00e9, <a href=\"http:\/\/lamagicbox.com\/magazine\/?p=6156\">Manufacture du temps<\/a>, fin 2014, Epsylon est aussi un groupe de sc\u00e8ne. Et il l&rsquo;a prouv\u00e9 ce soir avec un concert, \u00e0 la fois muscl\u00e9 et festif.<\/p>\n<p style=\"text-align: center;\"><a href=\"http:\/\/lamagicbox.com\/magazine\/wp-content\/uploads\/2015\/08\/epsylon201503.jpg\"><img loading=\"lazy\" decoding=\"async\" class=\"alignnone  wp-image-6216\" title=\"epsylon201503\" src=\"http:\/\/lamagicbox.com\/magazine\/wp-content\/uploads\/2015\/08\/epsylon201503.jpg\" alt=\"epsylon201503\" width=\"485\" height=\"309\" srcset=\"https:\/\/lamagicbox.com\/magazine\/wp-content\/uploads\/2015\/08\/epsylon201503.jpg 480w, https:\/\/lamagicbox.com\/magazine\/wp-content\/uploads\/2015\/08\/epsylon201503-235x150.jpg 235w, https:\/\/lamagicbox.com\/magazine\/wp-content\/uploads\/2015\/08\/epsylon201503-471x300.jpg 471w\" sizes=\"auto, (max-width: 485px) 100vw, 485px\" \/><\/a><\/p>\n<p style=\"text-align: justify;\">D\u00e9butant avec le titre introductif de l&rsquo;album, c&rsquo;est avec une ambiance de tics tacs d&rsquo;horloges que le groupe est mont\u00e9 progressivement sur sc\u00e8ne, dans une fum\u00e9e \u00e9paisse et devant un parterre un peu dispers\u00e9.<\/p>\n<p style=\"text-align: justify;\">Mais il leur faudra \u00e0 peine quelques titres pour attirer les vacanciers passant par hasard devant la sc\u00e8ne, en route pour les remparts de la cit\u00e9 corsaire, qui servaient ce soir de d\u00e9cor de choix \u00e0 ce concert de flibustiers du Rock.<\/p>\n<p><a href=\"http:\/\/lamagicbox.com\/magazine\/wp-content\/uploads\/2015\/08\/epsylon201504.jpg\"><img loading=\"lazy\" decoding=\"async\" class=\" size-full wp-image-6218 aligncenter\" title=\"epsylon201504\" src=\"http:\/\/lamagicbox.com\/magazine\/wp-content\/uploads\/2015\/08\/epsylon201504.jpg\" alt=\"epsylon201504\" width=\"480\" height=\"320\" srcset=\"https:\/\/lamagicbox.com\/magazine\/wp-content\/uploads\/2015\/08\/epsylon201504.jpg 480w, https:\/\/lamagicbox.com\/magazine\/wp-content\/uploads\/2015\/08\/epsylon201504-225x150.jpg 225w, https:\/\/lamagicbox.com\/magazine\/wp-content\/uploads\/2015\/08\/epsylon201504-450x300.jpg 450w\" sizes=\"auto, (max-width: 480px) 100vw, 480px\" \/><\/a><\/p>\n<p style=\"text-align: justify;\">Tous les musiciens sont sur sc\u00e8ne, \u00e0 faire de leur mieux pour que le public prenne du bon temps et entre dans la f\u00eate celtique de ces mardis zicos. Les invitant \u00e0 se rapprocher, \u00e0 chanter, \u00e0 danser, en rythme, avec les titres qui s&rsquo;\u00e9grainent au fur et \u00e0 mesure du concert.<\/p>\n<p style=\"text-align: justify;\">Le groupe y m\u00e9langent des titres plus anciens, plus proches des chansons de marins que du Rock fran\u00e7ais (<em><span class=\"text_exposed_show\">40emes rugissants<\/span><\/em>) et des titres plus r\u00e9cents, plus \u00e9lectriques, avec une personnalit\u00e9 plus affirm\u00e9e. Accord\u00e9on, biniou et bombarde se chamaillent avec la basse et les guitares. Le public est ravi. La voix du chanteur est grave et profonde. Le bassiste affiche un sourire, un regard per\u00e7ant et une paire de chaussures d\u00e9pareill\u00e9es rouge et blanche.<\/p>\n<p style=\"text-align: justify;\">Un vrai moment d&rsquo;\u00e9vasion, apr\u00e8s une journ\u00e9e, bouscul\u00e9e par des nuages trop pr\u00e9sents ! Et une belle d\u00e9couverte pour tous ceux qui n&rsquo;avaient pas encore eu l&rsquo;occasion de d\u00e9couvrir Epsylon sur sc\u00e8ne. C&rsquo;est maintenant chose faite ! Vivement le retour du soleil, maintenant !<\/p>\n<p style=\"text-align: justify;\">Agenda des Mardis Zicos : <a href=\"http:\/\/www.ville-saint-malo.fr\/agenda\/detail\/evenement\/les-mardis-zicos-1\/\" target=\"_blank\">Cliquez ici<\/a><\/p>\n<!--themify_builder_content-->\n<div id=\"themify_builder_content-6201\" data-postid=\"6201\" class=\"themify_builder_content themify_builder_content-6201 themify_builder tf_clear\">\n    <\/div>\n<!--\/themify_builder_content-->\n","protected":false},"excerpt":{"rendered":"<p>EPSYLON Dans le cadre des Mardis Zycos. 28 juillet 2015 Style : Rock Celtique Salle : Esplanade Saint Vincent Lieu\u00a0: Bretagne, Saint Malo (35) . Notre avis : [star rating=\u00a0\u00bb4.5&Prime; max=\u00a0\u00bb5&Prime;] Par Mike S. La Mairie de Saint Malo organise pendant l&rsquo;\u00e9t\u00e9 les Mardis Zicos ! Ce soir, la programmation \u00e9tait nettement orient\u00e9 Rock Celtique [&hellip;]<\/p>\n","protected":false},"author":1,"featured_media":6219,"comment_status":"open","ping_status":"open","sticky":false,"template":"","format":"standard","meta":{"footnotes":""},"categories":[57],"tags":[472],"class_list":["post-6201","post","type-post","status-publish","format-standard","has-post-thumbnail","hentry","category-reportage-concert","tag-epsylon","has-post-title","has-post-date","has-post-category","has-post-tag","has-post-comment","has-post-author",""],"builder_content":"","_links":{"self":[{"href":"https:\/\/lamagicbox.com\/magazine\/wp-json\/wp\/v2\/posts\/6201","targetHints":{"allow":["GET"]}}],"collection":[{"href":"https:\/\/lamagicbox.com\/magazine\/wp-json\/wp\/v2\/posts"}],"about":[{"href":"https:\/\/lamagicbox.com\/magazine\/wp-json\/wp\/v2\/types\/post"}],"author":[{"embeddable":true,"href":"https:\/\/lamagicbox.com\/magazine\/wp-json\/wp\/v2\/users\/1"}],"replies":[{"embeddable":true,"href":"https:\/\/lamagicbox.com\/magazine\/wp-json\/wp\/v2\/comments?post=6201"}],"version-history":[{"count":0,"href":"https:\/\/lamagicbox.com\/magazine\/wp-json\/wp\/v2\/posts\/6201\/revisions"}],"wp:featuredmedia":[{"embeddable":true,"href":"https:\/\/lamagicbox.com\/magazine\/wp-json\/wp\/v2\/media\/6219"}],"wp:attachment":[{"href":"https:\/\/lamagicbox.com\/magazine\/wp-json\/wp\/v2\/media?parent=6201"}],"wp:term":[{"taxonomy":"category","embeddable":true,"href":"https:\/\/lamagicbox.com\/magazine\/wp-json\/wp\/v2\/categories?post=6201"},{"taxonomy":"post_tag","embeddable":true,"href":"https:\/\/lamagicbox.com\/magazine\/wp-json\/wp\/v2\/tags?post=6201"}],"curies":[{"name":"wp","href":"https:\/\/api.w.org\/{rel}","templated":true}]}}