{"id":6121,"date":"2015-07-17T21:10:08","date_gmt":"2015-07-17T20:10:08","guid":{"rendered":"http:\/\/lamagicbox.com\/magazine\/?p=6121"},"modified":"2015-07-17T21:55:22","modified_gmt":"2015-07-17T20:55:22","slug":"anne-cardona-oiseau-de-nuit","status":"publish","type":"post","link":"https:\/\/lamagicbox.com\/magazine\/anne-cardona-oiseau-de-nuit\/","title":{"rendered":"Anne Cardona &#8211; Oiseau de nuit"},"content":{"rendered":"<p><span style=\"color: #800000;\"><strong>2015 \u2013 10 titres &#8211; 36&rsquo;00<br \/>\n<\/strong><\/span><em><strong>Label :<\/strong><\/em> Fargo \/\u00a0L&rsquo;Autre Distribution<br \/>\n<strong><em>Style\u00a0: <\/em><\/strong>Ballades pop ou folk sombre, accompagn\u00e9e de violoncelle et de guitares twang, une musique onirique et m\u00e9lancolique&#8230;<br \/>\n<strong><em>Origine\u00a0:<\/em><\/strong> France<br \/>\n<em><strong>Date de sortie nationale : <\/strong><\/em>18 septembre 2015<\/p>\n<p style=\"text-align: right;\"><strong>Notre avis : [star rating=\u00a0\u00bb3.5&Prime; max=\u00a0\u00bb5&Prime;]<\/strong><\/p>\n<p style=\"text-align: right;\">\n<hr \/>\n<p style=\"text-align: right;\"><strong>Par Annie Claire<\/strong><\/p>\n<p style=\"text-align: justify;\">Joli album tr\u00e8s doux, paisible et m\u00e9lodieux. <strong>Anne Cardona<\/strong> raconte des situations intimes et color\u00e9es avec un timbre de voix qui respire jeunesse et profondeur. Telle une petite fille qui a peur de la nuit, elle distille ce sentiment d&rsquo;inqui\u00e9tude au fil des \u00e9v\u00e9nements de sa vie. Elle proc\u00e8de par petites touches pour nous emmener dans son univers po\u00e9tique, un imaginaire bien ancr\u00e9 dans la r\u00e9alit\u00e9.<\/p>\n<p style=\"text-align: center;\"><iframe loading=\"lazy\" src=\"https:\/\/w.soundcloud.com\/player\/?url=https%3A\/\/api.soundcloud.com\/playlists\/16296572&amp;color=ff5500&amp;auto_play=false&amp;hide_related=false&amp;show_comments=true&amp;show_user=true&amp;show_reposts=false\" width=\"352\" height=\"329\" frameborder=\"no\" scrolling=\"no\"><\/iframe><\/p>\n<p style=\"text-align: justify;\">Quelque part entre <strong>Fran\u00e7oise Hardy<\/strong> et <strong>Rose<\/strong>, son style pop est bien l\u00e9ger, m\u00eame si les textes penchent parfois vers une certaine \u00ab\u00a0gravitude\u00a0\u00bb bien contr\u00f4l\u00e9e. Cordes obs\u00e9dantes et clavier inqui\u00e9tant, on retrouve aussi des traces de sonorit\u00e9s folk. Le visuel est nocturne, bien s\u00fbr noir et un tout petit peu de blanc. Ce premier album est tr\u00e8s bien r\u00e9alis\u00e9 par Jean-Louis Pi\u00e9rot (<strong>Bashung, Benabar<\/strong>&#8230;) \u00e9l\u00e9gant et intemporel. Cette com\u00e9dienne qui, le jour, fait de la t\u00e9l\u00e9vision, du th\u00e9\u00e2tre, des voix off, r\u00eavait de chanter, ce qu&rsquo;elle fait sur sc\u00e8ne depuis d\u00e9j\u00e0 un certain temps. Son premier album est tendre et sage.<\/p>\n<p><a href=\"https:\/\/soundcloud.com\/annecardona-music\/sets\/anne-cardona-ulule\" target=\"_blank\">Soundcloud<\/a> \/ <a href=\"https:\/\/www.facebook.com\/annecardona.officiel\" target=\"_blank\">Facebook<\/a><\/p>\n<p style=\"text-align: justify;\">\n<hr \/>\n<p style=\"text-align: center;\"><iframe loading=\"lazy\" src=\"https:\/\/www.youtube.com\/embed\/p0hlVbPlCzo\" width=\"400\" height=\"225\" frameborder=\"0\" allowfullscreen=\"allowfullscreen\"><\/iframe><\/p>\n<!--themify_builder_content-->\n<div id=\"themify_builder_content-6121\" data-postid=\"6121\" class=\"themify_builder_content themify_builder_content-6121 themify_builder tf_clear\">\n    <\/div>\n<!--\/themify_builder_content-->\n","protected":false},"excerpt":{"rendered":"<p>2015 \u2013 10 titres &#8211; 36&rsquo;00 Label : Fargo \/\u00a0L&rsquo;Autre Distribution Style\u00a0: Ballades pop ou folk sombre, accompagn\u00e9e de violoncelle et de guitares twang, une musique onirique et m\u00e9lancolique&#8230; Origine\u00a0: France Date de sortie nationale : 18 septembre 2015 Notre avis : [star rating=\u00a0\u00bb3.5&Prime; max=\u00a0\u00bb5&Prime;] Par Annie Claire Joli album tr\u00e8s doux, paisible et m\u00e9lodieux. [&hellip;]<\/p>\n","protected":false},"author":20,"featured_media":6122,"comment_status":"open","ping_status":"open","sticky":false,"template":"","format":"standard","meta":{"footnotes":""},"categories":[39],"tags":[446],"class_list":["post-6121","post","type-post","status-publish","format-standard","has-post-thumbnail","hentry","category-albums-francais","tag-anne-cardona","has-post-title","has-post-date","has-post-category","has-post-tag","has-post-comment","has-post-author",""],"builder_content":"","_links":{"self":[{"href":"https:\/\/lamagicbox.com\/magazine\/wp-json\/wp\/v2\/posts\/6121","targetHints":{"allow":["GET"]}}],"collection":[{"href":"https:\/\/lamagicbox.com\/magazine\/wp-json\/wp\/v2\/posts"}],"about":[{"href":"https:\/\/lamagicbox.com\/magazine\/wp-json\/wp\/v2\/types\/post"}],"author":[{"embeddable":true,"href":"https:\/\/lamagicbox.com\/magazine\/wp-json\/wp\/v2\/users\/20"}],"replies":[{"embeddable":true,"href":"https:\/\/lamagicbox.com\/magazine\/wp-json\/wp\/v2\/comments?post=6121"}],"version-history":[{"count":0,"href":"https:\/\/lamagicbox.com\/magazine\/wp-json\/wp\/v2\/posts\/6121\/revisions"}],"wp:featuredmedia":[{"embeddable":true,"href":"https:\/\/lamagicbox.com\/magazine\/wp-json\/wp\/v2\/media\/6122"}],"wp:attachment":[{"href":"https:\/\/lamagicbox.com\/magazine\/wp-json\/wp\/v2\/media?parent=6121"}],"wp:term":[{"taxonomy":"category","embeddable":true,"href":"https:\/\/lamagicbox.com\/magazine\/wp-json\/wp\/v2\/categories?post=6121"},{"taxonomy":"post_tag","embeddable":true,"href":"https:\/\/lamagicbox.com\/magazine\/wp-json\/wp\/v2\/tags?post=6121"}],"curies":[{"name":"wp","href":"https:\/\/api.w.org\/{rel}","templated":true}]}}