{"id":5113,"date":"2015-04-18T23:10:53","date_gmt":"2015-04-18T22:10:53","guid":{"rendered":"http:\/\/lamagicbox.com\/magazine\/?p=5113"},"modified":"2015-04-23T19:31:56","modified_gmt":"2015-04-23T18:31:56","slug":"riviere-noire-au-cafe-de-la-danse","status":"publish","type":"post","link":"https:\/\/lamagicbox.com\/magazine\/riviere-noire-au-cafe-de-la-danse\/","title":{"rendered":"Rivi\u00e8re Noire au Caf\u00e9 de la Danse"},"content":{"rendered":"<h2><a href=\"http:\/\/lamagicbox.com\/magazine\/wp-content\/uploads\/2015\/04\/rivierenoire201501.jpg\"><img loading=\"lazy\" decoding=\"async\" class=\" size-medium wp-image-5118 alignleft\" title=\"rivierenoire201501\" src=\"http:\/\/lamagicbox.com\/magazine\/wp-content\/uploads\/2015\/04\/rivierenoire201501-118x150.jpg\" alt=\"rivierenoire201501\" width=\"118\" height=\"150\" srcset=\"https:\/\/lamagicbox.com\/magazine\/wp-content\/uploads\/2015\/04\/rivierenoire201501-118x150.jpg 118w, https:\/\/lamagicbox.com\/magazine\/wp-content\/uploads\/2015\/04\/rivierenoire201501-236x300.jpg 236w, https:\/\/lamagicbox.com\/magazine\/wp-content\/uploads\/2015\/04\/rivierenoire201501.jpg 394w\" sizes=\"auto, (max-width: 118px) 100vw, 118px\" \/><\/a>Rivi\u00e8re Noire\u00a0: Le Partage des Eaux<\/h2>\n<p><strong><em>Lieu :<\/em><\/strong> Caf\u00e9 de la Danse, Paris (75)<\/p>\n<p><em><strong>Date :<\/strong><\/em> Samedi 18 avril 2015<\/p>\n<p>&nbsp;<\/p>\n<p>&nbsp;<\/p>\n<p style=\"text-align: right;\"><strong>Notre avis : [star rating=\u00a0\u00bb4&Prime; max=\u00a0\u00bb5&Prime;]<\/strong><\/p>\n<p style=\"text-align: right;\">\n<hr \/>\n<p style=\"text-align: right;\">Par Annie Claire<\/p>\n<p style=\"text-align: justify;\"><em><strong>Deuxi\u00e8me groupe programm\u00e9 par le Caf\u00e9 de la Danse pour le Disquaire Day, samedi 18 Avril 2015, Rivi\u00e8re Noire a \u00e9t\u00e9 super bien accueilli et salu\u00e9 d&rsquo;une standing ovation des plus chaleureuses.<\/strong><\/em><\/p>\n<p style=\"text-align: justify;\"><a href=\"http:\/\/lamagicbox.com\/magazine\/wp-content\/uploads\/2015\/04\/rivierenoire201502.jpg\"><img loading=\"lazy\" decoding=\"async\" class=\" size-full wp-image-5116 aligncenter\" title=\"rivierenoire201502\" src=\"http:\/\/lamagicbox.com\/magazine\/wp-content\/uploads\/2015\/04\/rivierenoire201502.jpg\" alt=\"rivierenoire201502\" width=\"600\" height=\"360\" srcset=\"https:\/\/lamagicbox.com\/magazine\/wp-content\/uploads\/2015\/04\/rivierenoire201502.jpg 600w, https:\/\/lamagicbox.com\/magazine\/wp-content\/uploads\/2015\/04\/rivierenoire201502-250x150.jpg 250w, https:\/\/lamagicbox.com\/magazine\/wp-content\/uploads\/2015\/04\/rivierenoire201502-500x300.jpg 500w\" sizes=\"auto, (max-width: 600px) 100vw, 600px\" \/><\/a><\/p>\n<p style=\"text-align: justify;\">Cette musique m\u00e9tiss\u00e9e, douce et puissante est ex\u00e9cut\u00e9e de main de ma\u00eetre par trois chanteurs incroyablement charismatiques\u00a0: le chanteur br\u00e9silien Orlando Morais, le guitariste chanteur Pascal Dana\u00e9, l&rsquo;artiste au b\u00e9ret, et le bassiste Jean Lamoot, c\u00e9l\u00e8bre pour ses r\u00e9alisations d&rsquo;albums (<strong>Bashung, Noir D\u00e9sir, Salif Ke\u00efta&#8230;<\/strong>).<br \/>\nQuand sur sc\u00e8ne s&rsquo;avance doucement<strong> Orlando<\/strong>, le chanteur, souple dans ses baskets, la salle ressent toute la force tranquille que l&rsquo;artiste s&rsquo;appr\u00eate \u00e0 transmettre aux quelques centaines de personnes pr\u00e9sentes. La musique s&rsquo;impose \u00e0 travers sa voix toute en retenue et en g\u00e9n\u00e9rosit\u00e9. Sa fa\u00e7on de chanter est fascinante, la qualit\u00e9 de l&rsquo;accompagnement musical parach\u00e8ve l&rsquo;envo\u00fbtement qui ne fait que commencer. Bon, il s&rsquo;agit de sonorit\u00e9s mandingues, issues des pays de la ch\u00e2leur, certes, mais la posture du groupe contribue \u00e0 nous faire entrer dans l&rsquo;ambiance africano\/br\u00e9silienne, d&#8217;embl\u00e9e.<\/p>\n<p style=\"text-align: center;\"><a href=\"http:\/\/lamagicbox.com\/magazine\/wp-content\/uploads\/2015\/04\/rivierenoire201503.jpg\"><img loading=\"lazy\" decoding=\"async\" class=\"alignnone size-full wp-image-5117\" title=\"rivierenoire201503\" src=\"http:\/\/lamagicbox.com\/magazine\/wp-content\/uploads\/2015\/04\/rivierenoire201503.jpg\" alt=\"rivierenoire201503\" width=\"352\" height=\"500\" srcset=\"https:\/\/lamagicbox.com\/magazine\/wp-content\/uploads\/2015\/04\/rivierenoire201503.jpg 352w, https:\/\/lamagicbox.com\/magazine\/wp-content\/uploads\/2015\/04\/rivierenoire201503-106x150.jpg 106w, https:\/\/lamagicbox.com\/magazine\/wp-content\/uploads\/2015\/04\/rivierenoire201503-211x300.jpg 211w\" sizes=\"auto, (max-width: 352px) 100vw, 352px\" \/><\/a><\/p>\n<p style=\"text-align: justify;\">Les chansons se succ\u00e8dent, les langues se m\u00ealent, on a vraiment l&rsquo;impression de tout comprendre, c&rsquo;est doux comme du blues, c&rsquo;est fort comme leur volont\u00e9 de partage. On y reconna\u00eet le portugais br\u00e9silien, un peu de fran\u00e7ais, il y a des dialectes locaux super d\u00e9paysants et qui sonnent proches \u00e0 la fois. C&rsquo;est Pascal qui a compos\u00e9 les musiques bien enveloppantes. Quelques sonorit\u00e9s locales sont donn\u00e9es par un habile joueur de Kora. On d\u00e9guste, on se r\u00e9gale d&rsquo;un bout \u00e0 l&rsquo;autre de l&rsquo;immense salle, et la temp\u00e9rature monte. Un climat tropical s&rsquo;installe au Caf\u00e9 de la Danse, les vestes tombent&#8230; Bamako, le Mali, le Br\u00e9sil, Londres, Paris, on est bien partis pour faire la travers\u00e9e avec eux.<\/p>\n<p style=\"text-align: justify;\">Le groupe Rivi\u00e8re Noire a sorti un premier album en 2014, qui a remport\u00e9 dans la foul\u00e9e les Victoires de la Musique 2015 dans la cat\u00e9gorie Musiques du Monde. Il s&rsquo;en est suivi un passage au 104 \u00e0 Paris, et leur tourn\u00e9e se poursuit, en faisant de plus d&rsquo;adeptes dans les pays o\u00f9 l&rsquo;on manque un peu de soleil.<\/p>\n<p>&nbsp;<\/p>\n<!--themify_builder_content-->\n<div id=\"themify_builder_content-5113\" data-postid=\"5113\" class=\"themify_builder_content themify_builder_content-5113 themify_builder tf_clear\">\n    <\/div>\n<!--\/themify_builder_content-->\n","protected":false},"excerpt":{"rendered":"<p>Rivi\u00e8re Noire\u00a0: Le Partage des Eaux Lieu : Caf\u00e9 de la Danse, Paris (75) Date : Samedi 18 avril 2015 &nbsp; &nbsp; Notre avis : [star rating=\u00a0\u00bb4&Prime; max=\u00a0\u00bb5&Prime;] Par Annie Claire Deuxi\u00e8me groupe programm\u00e9 par le Caf\u00e9 de la Danse pour le Disquaire Day, samedi 18 Avril 2015, Rivi\u00e8re Noire a \u00e9t\u00e9 super bien accueilli [&hellip;]<\/p>\n","protected":false},"author":20,"featured_media":5121,"comment_status":"open","ping_status":"open","sticky":false,"template":"","format":"standard","meta":{"footnotes":""},"categories":[57],"tags":[311],"class_list":["post-5113","post","type-post","status-publish","format-standard","has-post-thumbnail","hentry","category-reportage-concert","tag-riviere-noire","has-post-title","has-post-date","has-post-category","has-post-tag","has-post-comment","has-post-author",""],"builder_content":"","_links":{"self":[{"href":"https:\/\/lamagicbox.com\/magazine\/wp-json\/wp\/v2\/posts\/5113","targetHints":{"allow":["GET"]}}],"collection":[{"href":"https:\/\/lamagicbox.com\/magazine\/wp-json\/wp\/v2\/posts"}],"about":[{"href":"https:\/\/lamagicbox.com\/magazine\/wp-json\/wp\/v2\/types\/post"}],"author":[{"embeddable":true,"href":"https:\/\/lamagicbox.com\/magazine\/wp-json\/wp\/v2\/users\/20"}],"replies":[{"embeddable":true,"href":"https:\/\/lamagicbox.com\/magazine\/wp-json\/wp\/v2\/comments?post=5113"}],"version-history":[{"count":0,"href":"https:\/\/lamagicbox.com\/magazine\/wp-json\/wp\/v2\/posts\/5113\/revisions"}],"wp:featuredmedia":[{"embeddable":true,"href":"https:\/\/lamagicbox.com\/magazine\/wp-json\/wp\/v2\/media\/5121"}],"wp:attachment":[{"href":"https:\/\/lamagicbox.com\/magazine\/wp-json\/wp\/v2\/media?parent=5113"}],"wp:term":[{"taxonomy":"category","embeddable":true,"href":"https:\/\/lamagicbox.com\/magazine\/wp-json\/wp\/v2\/categories?post=5113"},{"taxonomy":"post_tag","embeddable":true,"href":"https:\/\/lamagicbox.com\/magazine\/wp-json\/wp\/v2\/tags?post=5113"}],"curies":[{"name":"wp","href":"https:\/\/api.w.org\/{rel}","templated":true}]}}