{"id":45101,"date":"2026-03-12T11:06:00","date_gmt":"2026-03-12T10:06:00","guid":{"rendered":"https:\/\/lamagicbox.com\/magazine\/?p=45101"},"modified":"2026-03-17T22:38:28","modified_gmt":"2026-03-17T21:38:28","slug":"vanille-au-balneum-12-03-26-dinard-35","status":"publish","type":"post","link":"https:\/\/lamagicbox.com\/magazine\/vanille-au-balneum-12-03-26-dinard-35\/","title":{"rendered":"Vanille au Balneum &#8211; Dinard (35)"},"content":{"rendered":"<!--themify_builder_content-->\n<div id=\"themify_builder_content-45101\" data-postid=\"45101\" class=\"themify_builder_content themify_builder_content-45101 themify_builder tf_clear\">\n    \t\t\t\t<!-- module_row -->\n\t\t<div  data-lazy=\"1\" class=\"module_row themify_builder_row tb_20ky91 tb_first tf_w tf_clearfix\">\n\t\t\t\t\t<div class=\"row_inner col_align_top tb_col_count_1 tf_box tf_rel\">\n\t\t\t\t\t<div  data-lazy=\"1\" class=\"module_column tb-column col-full tb_i18q92 first\">\n\t\t\t\t\t\t\t\t\t<div class=\"tb-column-inner tf_box tf_w\">\n\t\t\t\t<!-- module text -->\n<div  class=\"module module-text tb_sn0l138   \" data-lazy=\"1\">\n        <div  class=\"tb_text_wrap\">\n    <h1><strong><span style=\"color: #800000;\">VANILLE<\/span>\u00a0en concert<\/strong><\/h1>\n<h4><em><strong>Date :<\/strong><\/em> 12\/03\/2026<br \/><em><strong>Salle :<\/strong><\/em> Le Balneum<br \/><strong><em>Lieu :<\/em><\/strong> Bretagne, Dinard (35)<\/h4>\n<p style=\"text-align: right;\"><span style=\"color: #ffffff;\">.<\/span><\/p>\n<hr \/>\n<p style=\"text-align: right;\"><em>Par\u00a0<strong>Mike S.<br \/><\/strong><\/em><\/p>\n<p style=\"text-align: justify;\" data-start=\"437\" data-end=\"850\"><em><strong>Ce jeudi, la chanteuse Vanille \u00e9tait en concert au Balneum de Dinard. Devant pr\u00e8s de 150 spectateurs, l\u2019artiste a d\u00e9roul\u00e9 son univers de \u00ab pop solaire \u00bb, m\u00ealant douceur, influences br\u00e9siliennes et textes intimes. Une soir\u00e9e lumineuse et chaleureuse, o\u00f9 le public s\u2019est volontiers laiss\u00e9 entra\u00eener entre confidences, reprises et refrains partag\u00e9s.<\/strong><\/em><\/p>\n<p style=\"text-align: justify;\" data-start=\"0\" data-end=\"182\">La salle du Balneum affiche presque complet. Environ 150 personnes ont pris place face \u00e0 une sc\u00e8ne sobre. Pas de d\u00e9cor envahissant. Juste l\u2019essentiel.\u00a0Au centre, un grand soleil lumineux. Il irradie l\u2019arri\u00e8re-sc\u00e8ne. Un symbole \u00e9vident. La chanteuse appelle sa musique \u00ab pop solaire \u00bb. L\u2019image s\u2019impose d\u2019elle-m\u00eame.<\/p>\n<p style=\"text-align: justify;\" data-start=\"349\" data-end=\"689\">Vanille appara\u00eet sous les applaudissements. Robe longue, brillante, dans un ton dor\u00e9. Cheveux longs, ondul\u00e9s, eux aussi baign\u00e9s de lumi\u00e8re. \u00c0 ses c\u00f4t\u00e9s, un seul musicien. Un v\u00e9ritable homme-orchestre. Il passe de la guitare \u00e0 la basse, puis aux claviers. Il lance aussi des boucles de samples. Vanille, elle, s\u2019accompagne \u00e0 la guitare folk.\u00a0Le concert s\u2019ouvre avec <strong data-start=\"715\" data-end=\"730\">\u00ab<\/strong><em> Regarde<\/em><strong data-start=\"715\" data-end=\"730\"> \u00bb<\/strong>, titre du dernier album paru en 2025. Une entr\u00e9e en mati\u00e8re douce et lumineuse. La chanteuse y puisera largement pendant la soir\u00e9e.<em> \u00ab L\u00e9on \u00bb, \u00ab L\u2019Homme id\u00e9al \u00bb, \u00ab Balance \u00bb, \u00ab Libre de toi \u00bb ou encore \u00ab Ce n\u2019est que de l\u2019eau \u00bb<\/em> jalonnent le set.<\/p>\n<p style=\"text-align: center;\" data-start=\"349\" data-end=\"689\"><img loading=\"lazy\" decoding=\"async\" class=\"aligncenter size-full wp-image-45107\" src=\"https:\/\/lamagicbox.com\/magazine\/wp-content\/uploads\/2026\/03\/Vanille-Dinard-2026-003.jpg\" alt=\"Vanille en live \u00e0 Dinard\" width=\"500\" height=\"333\" srcset=\"https:\/\/lamagicbox.com\/magazine\/wp-content\/uploads\/2026\/03\/Vanille-Dinard-2026-003.jpg 500w, https:\/\/lamagicbox.com\/magazine\/wp-content\/uploads\/2026\/03\/Vanille-Dinard-2026-003-225x150.jpg 225w, https:\/\/lamagicbox.com\/magazine\/wp-content\/uploads\/2026\/03\/Vanille-Dinard-2026-003-450x300.jpg 450w\" sizes=\"auto, (max-width: 500px) 100vw, 500px\" \/><\/p>\n<p style=\"text-align: justify;\" data-start=\"977\" data-end=\"1189\">La musique navigue entre pop l\u00e9g\u00e8re et couleurs br\u00e9siliennes. Des rythmes qui \u00e9voquent la bossa nova. Des m\u00e9lodies souples. Des chansons qui donnent le sourire. Pourtant, les textes racontent souvent autre chose. Vanille parle de ses \u00e9tats d\u2019\u00e2me. De ses histoires d\u2019amour. \u00ab L\u2019Homme id\u00e9al \u00bb \u00e9voque les attentes et les illusions. Elle parle aussi de sa famille. \u00ab L\u00e9on \u00bb est d\u00e9di\u00e9 \u00e0 son fils. Un moment tendre, accueilli par un silence attentif. Une autre chanson \u00e9voque sa vie de maman, son compagnon et leur enfant de cinq ans, sa grand-m\u00e8re maternelle originaire de Corse.<\/p>\n<p style=\"text-align: justify;\" data-start=\"1508\" data-end=\"1688\">Les voyages occupent aussi une place importante dans son univers. La chanteuse rappelle que son premier album a \u00e9t\u00e9 enregistr\u00e9 au Br\u00e9sil. L\u2019influence se ressent encore aujourd\u2019hui.\u00a0Elle reprend ainsi<em> Agua de Beber<\/em>, classique de la bossa nova. La version fran\u00e7aise s\u2019intitule <em>Ce n\u2019est que de l\u2019eau<\/em>, traduction r\u00e9alis\u00e9e dans les ann\u00e9es 1960 par <strong>Pierre Barouh<\/strong>. Sur sc\u00e8ne, l\u2019interpr\u00e9tation est lumineuse. Presque a\u00e9rienne. Le public se laisse porter.<\/p>\n<p style=\"text-align: center;\" data-start=\"1508\" data-end=\"1688\"><img loading=\"lazy\" decoding=\"async\" class=\"aligncenter size-full wp-image-45110\" src=\"https:\/\/lamagicbox.com\/magazine\/wp-content\/uploads\/2026\/03\/Vanille-Dinard-2026-08.jpg\" alt=\"Vanille en live \u00e0 Dinard\" width=\"500\" height=\"333\" srcset=\"https:\/\/lamagicbox.com\/magazine\/wp-content\/uploads\/2026\/03\/Vanille-Dinard-2026-08.jpg 500w, https:\/\/lamagicbox.com\/magazine\/wp-content\/uploads\/2026\/03\/Vanille-Dinard-2026-08-225x150.jpg 225w, https:\/\/lamagicbox.com\/magazine\/wp-content\/uploads\/2026\/03\/Vanille-Dinard-2026-08-450x300.jpg 450w\" sizes=\"auto, (max-width: 500px) 100vw, 500px\" \/><\/p>\n<p style=\"text-align: justify;\" data-start=\"1973\" data-end=\"2174\">La salle participe volontiers. Les applaudissements sont fr\u00e9quents. Par moments, les spectateurs reprennent les refrains. La chanteuse les y invite avec de grands sourires. L\u2019ambiance devient vite chaleureuse.\u00a0Vanille raconte aussi ses d\u00e9buts. L\u2019apprentissage de la guitare. En autodidacte. Gr\u00e2ce \u00e0 YouTube. Elle \u00e9voque les premi\u00e8res chansons qu\u2019elle jouait. Des titres des Beatles. Des Rolling Stones. Et surtout un classique de <strong>Nancy Sinatra<\/strong>.\u00a0Justement, cette chanson reviendra pour le rappel. <em>These Boots Are Made for Walkin\u2019<\/em>. Le public reconna\u00eet imm\u00e9diatement l\u2019introduction. La reprise est enjou\u00e9e. Le <strong>Balneum<\/strong> se transforme presque en ch\u0153ur improvis\u00e9.<\/p>\n<p style=\"text-align: justify;\" data-start=\"2623\" data-end=\"2817\">Apr\u00e8s plus d\u2019une heure de concert, la soir\u00e9e ne s\u2019arr\u00eate pas tout \u00e0 fait. Sur le c\u00f4t\u00e9 de la sc\u00e8ne, Vanille s\u2019installe rapidement pour une s\u00e9ance de d\u00e9dicaces. Photos, signatures, \u00e9changes rapides.\u00a0Elle vend elle-m\u00eame ses CD et ses vinyles. Les fans patientent calmement dans la file. Beaucoup discutent de la soir\u00e9e. D\u2019autres \u00e9voquent aussi un nom bien connu.\u00a0Car parmi le public, nombreux sont ceux qui connaissent la chanteuse depuis longtemps. Par un autre biais. Celui de son p\u00e8re, <strong>Julien Clerc<\/strong>.<\/p>\n<p data-start=\"3124\" data-end=\"3227\" data-is-last-node=\"\" data-is-only-node=\"\">Mais ce soir, au Balneum, c\u2019est bien <strong>Vanille<\/strong> qui a capt\u00e9 la lumi\u00e8re. Comme un grand soleil pos\u00e9 sur la sc\u00e8ne !\u00a0\u00a0<\/p>\n<hr \/>\n<p style=\"text-align: justify;\"><em>Merci aux musiciens, aux techniciens et aux organisateurs de cette belle soir\u00e9e au Balneum de Dinard<\/em><em>\u00a0!<\/em><\/p>\n<hr \/>\n<p style=\"text-align: center;\"><img loading=\"lazy\" decoding=\"async\" class=\"aligncenter size-full wp-image-45111\" src=\"https:\/\/lamagicbox.com\/magazine\/wp-content\/uploads\/2026\/03\/Vanille-Dinard-2026-14.jpg\" alt=\"Vanille en live \u00e0 Dinard\" width=\"500\" height=\"333\" srcset=\"https:\/\/lamagicbox.com\/magazine\/wp-content\/uploads\/2026\/03\/Vanille-Dinard-2026-14.jpg 500w, https:\/\/lamagicbox.com\/magazine\/wp-content\/uploads\/2026\/03\/Vanille-Dinard-2026-14-225x150.jpg 225w, https:\/\/lamagicbox.com\/magazine\/wp-content\/uploads\/2026\/03\/Vanille-Dinard-2026-14-450x300.jpg 450w\" sizes=\"auto, (max-width: 500px) 100vw, 500px\" \/><\/p>\n<p><b><i>Plus d&rsquo;infos sur Vanille :\u00a0<br \/><a href=\"https:\/\/vanillemusic.fr\/\" target=\"_blank\" rel=\"noopener\">Site officiel<\/a> \/ <a href=\"https:\/\/www.facebook.com\/suivrevanille\" target=\"_blank\" rel=\"noopener\">FB<\/a> \/ <a href=\"https:\/\/www.youtube.com\/channel\/UCBwhQ8WgDamyHQv7flkkrNg\" target=\"_blank\" rel=\"noopener\">YT<\/a><\/i><\/b><\/p>\n<p>\u00a0<\/p>\n<p style=\"text-align: center;\">\u00a0<\/p>    <\/div>\n<\/div>\n<!-- \/module text -->\t\t\t\t<\/div><!-- .tb-column-inner -->\n\t\t\t\t\t\t<\/div><!-- .module_column -->\n\t\t\t\t\t\t<\/div><!-- .row_inner -->\n\t\t<\/div><!-- .module_row -->\n\t\t\t\t<\/div>\n<!--\/themify_builder_content-->","protected":false},"excerpt":{"rendered":"<p>VANILLE\u00a0en concert Date : 12\/03\/2026Salle : Le BalneumLieu : Bretagne, Dinard (35) . Par\u00a0Mike S. Ce jeudi, la chanteuse Vanille \u00e9tait en concert au Balneum de Dinard. Devant pr\u00e8s de 150 spectateurs, l\u2019artiste a d\u00e9roul\u00e9 son univers de \u00ab pop solaire \u00bb, m\u00ealant douceur, influences br\u00e9siliennes et textes intimes. Une soir\u00e9e lumineuse et chaleureuse, o\u00f9 [&hellip;]<\/p>\n","protected":false},"author":1,"featured_media":45105,"comment_status":"open","ping_status":"open","sticky":false,"template":"","format":"standard","meta":{"footnotes":""},"categories":[57],"tags":[4596,2233,50,4595,2203],"class_list":["post-45101","post","type-post","status-publish","format-standard","has-post-thumbnail","hentry","category-reportage-concert","tag-bossa-nova","tag-julien-clerc","tag-pop","tag-pop-solaire","tag-vanille","has-post-title","has-post-date","has-post-category","has-post-tag","has-post-comment","has-post-author",""],"builder_content":"<h1><strong>VANILLE\u00a0en concert<\/strong><\/h1> <h4><em><strong>Date :<\/strong><\/em> 12\/03\/2026<br \/><em><strong>Salle :<\/strong><\/em> Le Balneum<br \/><strong><em>Lieu :<\/em><\/strong> Bretagne, Dinard (35)<\/h4> <p style=\"text-align: right;\">.<\/p> <hr \/> <p style=\"text-align: right;\"><em>Par\u00a0<strong>Mike S.<br \/><\/strong><\/em><\/p> <p style=\"text-align: justify;\" data-start=\"437\" data-end=\"850\"><em><strong>Ce jeudi, la chanteuse Vanille \u00e9tait en concert au Balneum de Dinard. Devant pr\u00e8s de 150 spectateurs, l\u2019artiste a d\u00e9roul\u00e9 son univers de \u00ab pop solaire \u00bb, m\u00ealant douceur, influences br\u00e9siliennes et textes intimes. Une soir\u00e9e lumineuse et chaleureuse, o\u00f9 le public s\u2019est volontiers laiss\u00e9 entra\u00eener entre confidences, reprises et refrains partag\u00e9s.<\/strong><\/em><\/p> <p style=\"text-align: justify;\" data-start=\"0\" data-end=\"182\">La salle du Balneum affiche presque complet. Environ 150 personnes ont pris place face \u00e0 une sc\u00e8ne sobre. Pas de d\u00e9cor envahissant. Juste l\u2019essentiel.\u00a0Au centre, un grand soleil lumineux. Il irradie l\u2019arri\u00e8re-sc\u00e8ne. Un symbole \u00e9vident. La chanteuse appelle sa musique \u00ab pop solaire \u00bb. L\u2019image s\u2019impose d\u2019elle-m\u00eame.<\/p> <p style=\"text-align: justify;\" data-start=\"349\" data-end=\"689\">Vanille appara\u00eet sous les applaudissements. Robe longue, brillante, dans un ton dor\u00e9. Cheveux longs, ondul\u00e9s, eux aussi baign\u00e9s de lumi\u00e8re. \u00c0 ses c\u00f4t\u00e9s, un seul musicien. Un v\u00e9ritable homme-orchestre. Il passe de la guitare \u00e0 la basse, puis aux claviers. Il lance aussi des boucles de samples. Vanille, elle, s\u2019accompagne \u00e0 la guitare folk.\u00a0Le concert s\u2019ouvre avec <strong data-start=\"715\" data-end=\"730\">\u00ab<\/strong><em> Regarde<\/em><strong data-start=\"715\" data-end=\"730\"> \u00bb<\/strong>, titre du dernier album paru en 2025. Une entr\u00e9e en mati\u00e8re douce et lumineuse. La chanteuse y puisera largement pendant la soir\u00e9e.<em> \u00ab L\u00e9on \u00bb, \u00ab L\u2019Homme id\u00e9al \u00bb, \u00ab Balance \u00bb, \u00ab Libre de toi \u00bb ou encore \u00ab Ce n\u2019est que de l\u2019eau \u00bb<\/em> jalonnent le set.<\/p> <p style=\"text-align: center;\" data-start=\"349\" data-end=\"689\"><img loading=\"lazy\" decoding=\"async\" src=\"https:\/\/lamagicbox.com\/magazine\/wp-content\/uploads\/2026\/03\/Vanille-Dinard-2026-003.jpg\" alt=\"Vanille en live \u00e0 Dinard\" width=\"500\" height=\"333\" srcset=\"https:\/\/lamagicbox.com\/magazine\/wp-content\/uploads\/2026\/03\/Vanille-Dinard-2026-003.jpg 500w, https:\/\/lamagicbox.com\/magazine\/wp-content\/uploads\/2026\/03\/Vanille-Dinard-2026-003-225x150.jpg 225w, https:\/\/lamagicbox.com\/magazine\/wp-content\/uploads\/2026\/03\/Vanille-Dinard-2026-003-450x300.jpg 450w\" sizes=\"auto, (max-width: 500px) 100vw, 500px\" \/><\/p> <p style=\"text-align: justify;\" data-start=\"977\" data-end=\"1189\">La musique navigue entre pop l\u00e9g\u00e8re et couleurs br\u00e9siliennes. Des rythmes qui \u00e9voquent la bossa nova. Des m\u00e9lodies souples. Des chansons qui donnent le sourire. Pourtant, les textes racontent souvent autre chose. Vanille parle de ses \u00e9tats d\u2019\u00e2me. De ses histoires d\u2019amour. \u00ab L\u2019Homme id\u00e9al \u00bb \u00e9voque les attentes et les illusions. Elle parle aussi de sa famille. \u00ab L\u00e9on \u00bb est d\u00e9di\u00e9 \u00e0 son fils. Un moment tendre, accueilli par un silence attentif. Une autre chanson \u00e9voque sa vie de maman, son compagnon et leur enfant de cinq ans, sa grand-m\u00e8re maternelle originaire de Corse.<\/p> <p style=\"text-align: justify;\" data-start=\"1508\" data-end=\"1688\">Les voyages occupent aussi une place importante dans son univers. La chanteuse rappelle que son premier album a \u00e9t\u00e9 enregistr\u00e9 au Br\u00e9sil. L\u2019influence se ressent encore aujourd\u2019hui.\u00a0Elle reprend ainsi<em> Agua de Beber<\/em>, classique de la bossa nova. La version fran\u00e7aise s\u2019intitule <em>Ce n\u2019est que de l\u2019eau<\/em>, traduction r\u00e9alis\u00e9e dans les ann\u00e9es 1960 par <strong>Pierre Barouh<\/strong>. Sur sc\u00e8ne, l\u2019interpr\u00e9tation est lumineuse. Presque a\u00e9rienne. Le public se laisse porter.<\/p> <p style=\"text-align: center;\" data-start=\"1508\" data-end=\"1688\"><img loading=\"lazy\" decoding=\"async\" src=\"https:\/\/lamagicbox.com\/magazine\/wp-content\/uploads\/2026\/03\/Vanille-Dinard-2026-08.jpg\" alt=\"Vanille en live \u00e0 Dinard\" width=\"500\" height=\"333\" srcset=\"https:\/\/lamagicbox.com\/magazine\/wp-content\/uploads\/2026\/03\/Vanille-Dinard-2026-08.jpg 500w, https:\/\/lamagicbox.com\/magazine\/wp-content\/uploads\/2026\/03\/Vanille-Dinard-2026-08-225x150.jpg 225w, https:\/\/lamagicbox.com\/magazine\/wp-content\/uploads\/2026\/03\/Vanille-Dinard-2026-08-450x300.jpg 450w\" sizes=\"auto, (max-width: 500px) 100vw, 500px\" \/><\/p> <p style=\"text-align: justify;\" data-start=\"1973\" data-end=\"2174\">La salle participe volontiers. Les applaudissements sont fr\u00e9quents. Par moments, les spectateurs reprennent les refrains. La chanteuse les y invite avec de grands sourires. L\u2019ambiance devient vite chaleureuse.\u00a0Vanille raconte aussi ses d\u00e9buts. L\u2019apprentissage de la guitare. En autodidacte. Gr\u00e2ce \u00e0 YouTube. Elle \u00e9voque les premi\u00e8res chansons qu\u2019elle jouait. Des titres des Beatles. Des Rolling Stones. Et surtout un classique de <strong>Nancy Sinatra<\/strong>.\u00a0Justement, cette chanson reviendra pour le rappel. <em>These Boots Are Made for Walkin\u2019<\/em>. Le public reconna\u00eet imm\u00e9diatement l\u2019introduction. La reprise est enjou\u00e9e. Le <strong>Balneum<\/strong> se transforme presque en ch\u0153ur improvis\u00e9.<\/p> <p style=\"text-align: justify;\" data-start=\"2623\" data-end=\"2817\">Apr\u00e8s plus d\u2019une heure de concert, la soir\u00e9e ne s\u2019arr\u00eate pas tout \u00e0 fait. Sur le c\u00f4t\u00e9 de la sc\u00e8ne, Vanille s\u2019installe rapidement pour une s\u00e9ance de d\u00e9dicaces. Photos, signatures, \u00e9changes rapides.\u00a0Elle vend elle-m\u00eame ses CD et ses vinyles. Les fans patientent calmement dans la file. Beaucoup discutent de la soir\u00e9e. D\u2019autres \u00e9voquent aussi un nom bien connu.\u00a0Car parmi le public, nombreux sont ceux qui connaissent la chanteuse depuis longtemps. Par un autre biais. Celui de son p\u00e8re, <strong>Julien Clerc<\/strong>.<\/p> <p data-start=\"3124\" data-end=\"3227\" data-is-last-node=\"\" data-is-only-node=\"\">Mais ce soir, au Balneum, c\u2019est bien <strong>Vanille<\/strong> qui a capt\u00e9 la lumi\u00e8re. Comme un grand soleil pos\u00e9 sur la sc\u00e8ne !\u00a0\u00a0<\/p> <hr \/> <p style=\"text-align: justify;\"><em>Merci aux musiciens, aux techniciens et aux organisateurs de cette belle soir\u00e9e au Balneum de Dinard<\/em><em>\u00a0!<\/em><\/p> <hr \/> <p style=\"text-align: center;\"><img loading=\"lazy\" decoding=\"async\" src=\"https:\/\/lamagicbox.com\/magazine\/wp-content\/uploads\/2026\/03\/Vanille-Dinard-2026-14.jpg\" alt=\"Vanille en live \u00e0 Dinard\" width=\"500\" height=\"333\" srcset=\"https:\/\/lamagicbox.com\/magazine\/wp-content\/uploads\/2026\/03\/Vanille-Dinard-2026-14.jpg 500w, https:\/\/lamagicbox.com\/magazine\/wp-content\/uploads\/2026\/03\/Vanille-Dinard-2026-14-225x150.jpg 225w, https:\/\/lamagicbox.com\/magazine\/wp-content\/uploads\/2026\/03\/Vanille-Dinard-2026-14-450x300.jpg 450w\" sizes=\"auto, (max-width: 500px) 100vw, 500px\" \/><\/p> <p><b><i>Plus d'infos sur Vanille :\u00a0<br \/><a href=\"https:\/\/vanillemusic.fr\/\" target=\"_blank\" rel=\"noopener\">Site officiel<\/a> \/ <a href=\"https:\/\/www.facebook.com\/suivrevanille\" target=\"_blank\" rel=\"noopener\">FB<\/a> \/ <a href=\"https:\/\/www.youtube.com\/channel\/UCBwhQ8WgDamyHQv7flkkrNg\" target=\"_blank\" rel=\"noopener\">YT<\/a><\/i><\/b><\/p> <p>\u00a0<\/p> <p style=\"text-align: center;\">\u00a0<\/p>","_links":{"self":[{"href":"https:\/\/lamagicbox.com\/magazine\/wp-json\/wp\/v2\/posts\/45101","targetHints":{"allow":["GET"]}}],"collection":[{"href":"https:\/\/lamagicbox.com\/magazine\/wp-json\/wp\/v2\/posts"}],"about":[{"href":"https:\/\/lamagicbox.com\/magazine\/wp-json\/wp\/v2\/types\/post"}],"author":[{"embeddable":true,"href":"https:\/\/lamagicbox.com\/magazine\/wp-json\/wp\/v2\/users\/1"}],"replies":[{"embeddable":true,"href":"https:\/\/lamagicbox.com\/magazine\/wp-json\/wp\/v2\/comments?post=45101"}],"version-history":[{"count":12,"href":"https:\/\/lamagicbox.com\/magazine\/wp-json\/wp\/v2\/posts\/45101\/revisions"}],"predecessor-version":[{"id":45128,"href":"https:\/\/lamagicbox.com\/magazine\/wp-json\/wp\/v2\/posts\/45101\/revisions\/45128"}],"wp:featuredmedia":[{"embeddable":true,"href":"https:\/\/lamagicbox.com\/magazine\/wp-json\/wp\/v2\/media\/45105"}],"wp:attachment":[{"href":"https:\/\/lamagicbox.com\/magazine\/wp-json\/wp\/v2\/media?parent=45101"}],"wp:term":[{"taxonomy":"category","embeddable":true,"href":"https:\/\/lamagicbox.com\/magazine\/wp-json\/wp\/v2\/categories?post=45101"},{"taxonomy":"post_tag","embeddable":true,"href":"https:\/\/lamagicbox.com\/magazine\/wp-json\/wp\/v2\/tags?post=45101"}],"curies":[{"name":"wp","href":"https:\/\/api.w.org\/{rel}","templated":true}]}}