{"id":44635,"date":"2026-01-31T20:00:00","date_gmt":"2026-01-31T19:00:00","guid":{"rendered":"https:\/\/lamagicbox.com\/magazine\/?p=44635"},"modified":"2026-02-19T15:02:12","modified_gmt":"2026-02-19T14:02:12","slug":"news-de-fevrier-2026","status":"publish","type":"post","link":"https:\/\/lamagicbox.com\/magazine\/news-de-fevrier-2026\/","title":{"rendered":"News de F\u00e9vrier 2026"},"content":{"rendered":"<!--themify_builder_content-->\n<div id=\"themify_builder_content-44635\" data-postid=\"44635\" class=\"themify_builder_content themify_builder_content-44635 themify_builder tf_clear\">\n    \t\t\t\t<!-- module_row -->\n\t\t<div  data-lazy=\"1\" class=\"module_row themify_builder_row tb_zopk775 tb_first tf_w tf_clearfix\">\n\t\t\t\t\t<div class=\"row_inner col_align_top tb_col_count_1 tf_box tf_rel\">\n\t\t\t\t\t<div  data-lazy=\"1\" class=\"module_column tb-column col-full tb_r0gg775 first\">\n\t\t\t\t\t\t\t\t\t<div class=\"tb-column-inner tf_box tf_w\">\n\t\t\t\t<!-- module text -->\n<div  class=\"module module-text tb_94tg937   \" data-lazy=\"1\">\n        <div  class=\"tb_text_wrap\">\n    <div dir=\"auto\" style=\"text-align: justify;\"><hr \/>\n<p><strong><span style=\"color: #800000;\">U2 &#8211; DAYS OF ASH EP <br \/><\/span><\/strong><img loading=\"lazy\" decoding=\"async\" class=\"alignleft size-full wp-image-44873\" src=\"https:\/\/lamagicbox.com\/magazine\/wp-content\/uploads\/2026\/01\/large.jpg\" alt=\"U2\" width=\"150\" height=\"150\" \/>Avec <em data-start=\"5\" data-end=\"18\">Days of Ash<\/em>, <span class=\"hover:entity-accent entity-underline inline cursor-pointer align-baseline\"><span class=\"whitespace-normal\">U2<\/span><\/span> publie un EP autonome de six titres pens\u00e9 comme une r\u00e9action directe \u00e0 l\u2019actualit\u00e9. Le groupe privil\u00e9gie ici des formats courts et centr\u00e9s sur des personnages \u2014 une famille, une adolescente, un soldat \u2014 pour aborder la question de la libert\u00e9 et de ses cons\u00e9quences humaines. Parmi les titres, <em>\u201cYours Eternally\u201d<\/em>, enregistr\u00e9 avec <strong><span class=\"hover:entity-accent entity-underline inline cursor-pointer align-baseline\"><span class=\"whitespace-normal\">Ed Sheeran<\/span><\/span><\/strong>, apporte une dimension pop plus accessible au milieu d\u2019un ensemble globalement grave. En attendant l\u2019album pr\u00e9vu fin 2026, cet EP fonctionne comme une prise de position imm\u00e9diate ! A d\u00e9couvrir d\u00e8s maintenant !\u00a0<br \/><a href=\"https:\/\/www.u2.com\/news\/title\/u2--days-of-ash-new-ep-out-now\" target=\"_blank\" rel=\"noopener\">&#8211;&gt; Site officiel<\/a><\/p>\n<hr \/>\n<p><span style=\"color: #800000;\"><strong>LA ROUTE DU ROCK &#8211; 20 ANS DE COLLECTION HIVER\u00a0\u00a0<\/strong><\/span><br \/>Direction la Bretagne d\u00e9but mars avec un rendez-vous incontournable des amateurs d\u2019ind\u00e9 : la 20e Collection Hiver de La Route du Rock. Le festival se tiendra du 4 au 7 mars entre Rennes et Saint-Malo, notamment \u00e0 <span class=\"hover:entity-accent entity-underline inline cursor-pointer align-baseline\"><span class=\"whitespace-normal\">Antipode<\/span><\/span> et \u00e0 <span class=\"hover:entity-accent entity-underline inline cursor-pointer align-baseline\"><span class=\"whitespace-normal\">La Nouvelle Vague<\/span><\/span>.\u00a0<br \/>Depuis 2006, cette version hivernale cultive une ligne artistique exigeante : peu de t\u00eates d\u2019affiche \u00e9videntes, mais une s\u00e9lection tr\u00e8s actuelle entre rock alternatif, post-punk et \u00e9lectro exp\u00e9rimentale.\u00a0Parmi les noms attendus cette ann\u00e9e : les pionniers indie pop <span class=\"hover:entity-accent entity-underline inline cursor-pointer align-baseline\"><span class=\"whitespace-normal\">Stereolab<\/span><\/span>, la voix abrasive de <span class=\"hover:entity-accent entity-underline inline cursor-pointer align-baseline\"><span class=\"whitespace-normal\">Jenny Beth<\/span><\/span>, ou encore le hip-hop industriel de <span class=\"hover:entity-accent entity-underline inline cursor-pointer align-baseline\"><span class=\"whitespace-normal\">D\u00e4lek<\/span><\/span>. La sc\u00e8ne montante sera bien repr\u00e9sent\u00e9e avec <span class=\"hover:entity-accent entity-underline inline cursor-pointer align-baseline\"><span class=\"whitespace-normal\">Heavy Lungs<\/span><\/span>, <span class=\"hover:entity-accent entity-underline inline cursor-pointer align-baseline\"><span class=\"whitespace-normal\">Humour<\/span><\/span> et <span class=\"hover:entity-accent entity-underline inline cursor-pointer align-baseline\"><span class=\"whitespace-normal\">Spill Gold<\/span><\/span>.<br \/>Une \u00e9dition anniversaire donc, fid\u00e8le \u00e0 la r\u00e9putation du festival : pointue, aventureuse et d\u00e9j\u00e0 tr\u00e8s demand\u00e9e c\u00f4t\u00e9 billetterie.\u00a0<br \/><a href=\"https:\/\/www.laroutedurock.com\/\" target=\"_blank\" rel=\"noopener\">Site<\/a><\/p>\n<p style=\"text-align: center;\"><img loading=\"lazy\" decoding=\"async\" class=\"aligncenter size-full wp-image-44876\" src=\"https:\/\/lamagicbox.com\/magazine\/wp-content\/uploads\/2026\/01\/2m2-LRDR2026-scaled-1.png\" alt=\"route du rock 2026\" width=\"300\" height=\"442\" srcset=\"https:\/\/lamagicbox.com\/magazine\/wp-content\/uploads\/2026\/01\/2m2-LRDR2026-scaled-1.png 300w, https:\/\/lamagicbox.com\/magazine\/wp-content\/uploads\/2026\/01\/2m2-LRDR2026-scaled-1-102x150.png 102w, https:\/\/lamagicbox.com\/magazine\/wp-content\/uploads\/2026\/01\/2m2-LRDR2026-scaled-1-204x300.png 204w\" sizes=\"auto, (max-width: 300px) 100vw, 300px\" \/><\/p>\n<hr \/><strong><span style=\"color: #800000;\">FESTIVAL DES CHANTS DE MARS<\/span><\/strong><\/div>\n<div dir=\"auto\" style=\"text-align: justify;\">Le festival Les Chants de Mars, aura lieu du 12 au 28 mars \u00e0 Lyon. Vous pouvez visualiser la programmation sur l&rsquo;affiche ci dessous. A noter qu&rsquo;il s&rsquo;agit des 20 ans du festival et qu&rsquo;il propose une programmation f\u00e9ministe (60 % d\u2019artistes f\u00e9minines) et notamment l\u2019intervention exclusive d\u2019Anna Toumazoff, \u00e9crivaine engag\u00e9e sur le th\u00e8me de la masculinit\u00e9. A noter aussi, le parrainage du duo st\u00e9phanois Terrenoire (actif en mati\u00e8re d\u2019engagement citoyen et d\u2019actions culturelles), des artistes tr\u00e8s attendus et d\u2019autres \u00e9mergents (MPL, Sam Sauvage, Mauvaise Bouche, et une soir\u00e9e 100% Femmes &amp; Hip-Hop au Sucre avec Sheng et Juste Shani).\u00a0<br \/><a href=\"https:\/\/www.leschantsdemars.com\/\" target=\"_blank\" rel=\"noopener\">Site<\/a>\u00a0<\/div>\n<div dir=\"auto\" style=\"text-align: center;\"><img loading=\"lazy\" decoding=\"async\" class=\"aligncenter size-full wp-image-44866\" src=\"https:\/\/lamagicbox.com\/magazine\/wp-content\/uploads\/2026\/01\/Template-CDM-2026-STORY-PROG-1080x1920-1.jpg\" alt=\"chants de mars\" width=\"300\" height=\"533\" srcset=\"https:\/\/lamagicbox.com\/magazine\/wp-content\/uploads\/2026\/01\/Template-CDM-2026-STORY-PROG-1080x1920-1.jpg 300w, https:\/\/lamagicbox.com\/magazine\/wp-content\/uploads\/2026\/01\/Template-CDM-2026-STORY-PROG-1080x1920-1-84x150.jpg 84w, https:\/\/lamagicbox.com\/magazine\/wp-content\/uploads\/2026\/01\/Template-CDM-2026-STORY-PROG-1080x1920-1-169x300.jpg 169w\" sizes=\"auto, (max-width: 300px) 100vw, 300px\" \/><\/div>\n<div dir=\"auto\" style=\"text-align: justify;\"><hr \/>\n<p><span style=\"color: #800000;\"><strong>LOMLA &#8211; BENIDORM\u00a0<\/strong><\/span><br \/>Avec <em data-start=\"94\" data-end=\"104\">Benidorm<\/em>, <strong>LOMLA<\/strong> signe un premier album tendu et visc\u00e9ral, port\u00e9 par l\u2019urgence du rock fran\u00e7ais le plus frontal. Guitares nerveuses, rythmique compacte et voix habit\u00e9e servent des textes en fran\u00e7ais qui parlent de col\u00e8re, de doutes et de libert\u00e9 sans d\u00e9tour. Le groupe trouve un \u00e9quilibre juste entre puissance brute et sensibilit\u00e9, alternant d\u00e9charges \u00e9lectriques et moments plus introspectifs. H\u00e9ritier assum\u00e9 des ann\u00e9es 90, LOMLA \u00e9vite la nostalgie pour ancrer son propos dans les pr\u00e9occupations d\u2019aujourd\u2019hui. Chaque morceau avance comme un coup de poing ma\u00eetris\u00e9, o\u00f9 l\u2019\u00e9nergie live reste au c\u0153ur de l\u2019\u00e9criture. <em data-start=\"721\" data-end=\"731\">Benidorm<\/em> marque une \u00e9tape d\u00e9cisive et impose LOMLA comme une formation rock fran\u00e7aise \u00e0 suivre de tr\u00e8s pr\u00e8s.<br \/><a href=\"https:\/\/www.facebook.com\/lomla.off\" target=\"_blank\" rel=\"noopener\">FB<\/a> \/ <a href=\"https:\/\/lomla.fr\/\" target=\"_blank\" rel=\"noopener\">Site<\/a> \/ <a href=\"https:\/\/bfan.link\/benidorm\" target=\"_blank\" rel=\"noopener\">Ecouter ou Acheter<\/a><\/p>\n<p style=\"text-align: center;\"><iframe loading=\"lazy\" title=\"YouTube video player\" src=\"https:\/\/www.youtube.com\/embed\/1fCpWzsYDyQ?si=6VJT3IGPmb6WJJFv\" width=\"450\" height=\"253\" frameborder=\"0\" allowfullscreen=\"allowfullscreen\"><span data-mce-type=\"bookmark\" style=\"display: inline-block; width: 0px; overflow: hidden; line-height: 0;\" class=\"mce_SELRES_start\">\ufeff<\/span><\/iframe>\u00a0<\/p>\n<hr \/>\n<p style=\"text-align: justify;\"><b><span style=\"color: #800000;\">MELANCOLIQUE C \u00c9 R \u00c9 M O N I E\u00a0<\/span><br \/><\/b>Avec <strong><em data-start=\"86\" data-end=\"115\">L\u2019aube dissout les monstres<\/em><\/strong>, C \u00c9 R \u00c9 M O N I E d\u00e9voile un album habit\u00e9 par les th\u00e8mes de la disparition, du temps et des m\u00e9tamorphoses intimes. Entre chant et parole, voix f\u00e9minine et masculine s\u2019entrelacent dans une musique de clair-obscur, \u00e0 la fois incarn\u00e9e et fantomatique. Synth\u00e9tiseurs glac\u00e9s, guitares r\u00e9verb\u00e9r\u00e9es et rythmes organiques dessinent des paysages nocturnes suspendus entre r\u00eave et m\u00e9moire.\u00a0<br data-start=\"500\" data-end=\"503\" \/>H\u00e9ritier de la cold wave et d\u2019un romantisme moderne, le groupe transforme la m\u00e9lancolie en force r\u00e9v\u00e9latrice plut\u00f4t qu\u2019en repli. L\u2019album se pr\u00e9sente comme une travers\u00e9e sensorielle, o\u00f9 l\u2019amour, la perte et la jeunesse se r\u00e9pondent sans jamais se r\u00e9soudre. Publi\u00e9 chez <strong>Enfant Terrible<\/strong>, ce disque poursuit l\u2019exploration de ces instants fragiles o\u00f9 l\u2019ombre se dissout \u00e0 l\u2019approche de l\u2019aube.<b><br \/><\/b><\/p>\n<p style=\"text-align: center;\"><iframe style=\"border: 0; width: 100%; height: 120px;\" src=\"https:\/\/bandcamp.com\/EmbeddedPlayer\/album=694436661\/size=large\/bgcol=333333\/linkcol=e99708\/tracklist=false\/artwork=small\/transparent=true\/\" seamless=\"\"><a href=\"https:\/\/ceremonie.bandcamp.com\/album\/laube-dissout-les-monstres\">L&rsquo;aube dissout les monstres de C\u00e9r\u00e9monie<\/a><\/iframe>\u00a0<\/p>\n<hr \/>\n<p><span style=\"color: #993300;\"><strong>TRIBUTE TO OZZY OSBOURNE\u00a0<\/strong><\/span><br \/>Un compilation de titres en hommage \u00e0 Ozzy Osbourne sort le 13 f\u00e9vrier 2026. Des groupes originaires d&rsquo;un peu partout sur la plan\u00e8te participe \u00e0 cet hommage au chanteur de Black Sabbath disparu en juillet 2025. A noter parmi les 22 groupes s\u00e9lectionn\u00e9s, le groupe fran\u00e7ais <a href=\"https:\/\/poste942.bandcamp.com\/album\/chaleurhumaine-2024\" target=\"_blank\" rel=\"noopener\"><strong>Poste 942<\/strong><\/a> avec la reprise <strong><em>No More Tears<\/em><\/strong>. Pour rappel, le groupe a sorti un album en 2024, <strong><em>#chaleurhumaine<\/em><\/strong>.\u00a0<br \/><a href=\"https:\/\/witchingbuzz.bandcamp.com\/album\/iron-man-s-anthem-a-tribute-to-ozzy-osbourne\" target=\"_blank\" rel=\"noopener\">Bandcamp<\/a><\/p>\n<hr \/>\n<p><span style=\"color: #800000;\"><strong>PROGRAMME FESTIVAL MYTHOS 2026\u00a0<\/strong><\/span><br \/><strong>Onze nouveaux artistes viennent \u00e9toffer la programmation musique de l\u2019\u00e9dition 2026 :<\/strong><br \/>&#8211; Imany (+ L\u00e9onie Pernet) le 3 avril \u00e0 21h au Cabaret Botanique<br \/>&#8211; Ino Casablanca + Asfar Shamsi, le 4 avril \u00e0 21h au Cabaret Botanique<br \/>&#8211; Trinix + Ar\u00f8ne, le 5 avril \u00e0 21h au Cabaret Botanique<br \/>&#8211; Flora Fishbach (+ Marlon Magn\u00e9e, Sam Sauvage), le 8 avril \u00e0 21h au Cabaret Botanique<br \/>&#8211; Na\u00efve New Beaters + James Baker, le 9 avril \u00e0 21h au Cabaret Botanique<br \/>&#8211; Bonne Nuit + NTO le 10 avril \u00e0 21h au Cabaret Botanique<br \/>&#8211; Lujipeka, le 11 avril \u00e0 20h, Le MeM<br \/><strong>D\u00e9j\u00e0 annonc\u00e9s :<\/strong><br \/>&#8211; Jeanne Cherhal, le 3 avril \u00e0 18h au Cabaret Botanique<br \/>&#8211; L\u00e9onie Pernet, le 3 avril \u00e0 21h au Cabaret Botanique<br \/>&#8211; MPL, Samedi 4 avril 18h \u00e0 21h au Cabaret Botanique<br \/>&#8211; Ellie James, Gildaa, Meryem Aboulouafa, le 4 avril \u00e0 20h30 \u00e0 l\u2019Antipode<br \/>&#8211; Bertrand Belin, Dimanche 5 avril 18h au Cabaret Botanique<br \/>&#8211; Deluxe, le 6 avril \u00e0 21h au Cabaret Botanique<br \/>&#8211; Marlon Magn\u00e9e, Sam Sauvage, le 8 avril \u00e0 21h au Cabaret Botanique<br \/>&#8211; Peter Doherty, le 7 avril \u00e0 21h au Cabaret Botanique<br \/>&#8211; Charlie Winston, le 9 avril \u00e0 18h au Cabaret Botanique<br \/>&#8211; Fatoumata Diawara, le 10 avril \u00e0 18h au Cabaret Botanique<br \/>&#8211; Yann Tiersen, solo piano + electronics performance, le 11 avril \u00e0 21h au Cabaret Botanique<br \/><strong>Au Liberte\u0301<\/strong><br \/>&#8211; Thylacine, le Vendredi 3 avril \u2013 19h30<br \/><strong>Les Warm Up Mythos au MeM \/\u00a0<\/strong><br \/>&#8211; C\u0153ur de Pirate, le 21 mars \u00e0 20h00<br \/>&#8211; S\u00e9bastien Tellier, le 26 mars \u00e0 20h30<\/p>\n<hr \/>\n<p><strong><span style=\"color: #800000;\">ANIM\u00d8\u00a0 VIRILE &#8211; NOUVEL EP<\/span><\/strong><br \/><strong><em>\u00ab\u00a01.2\u00a0\u00bb<\/em><\/strong> est le premier EP d&rsquo;<strong>Anim\u00f8 Virile<\/strong> et il rassemble les six premiers titres de ce duo f\u00e9minin \u00e9letro-rock lyonnais. Au programme : <em>\u00ab\u00a0un \u00e9lectro organique, physique et intense, port\u00e9e par un duo batterie\u2013violon et machines qui ne ressemble \u00e0 aucun autre.\u00a0\u00bb<\/em><\/p>\n<\/div>\n<div>\u00a0<\/div>\n<div style=\"text-align: center;\"><iframe loading=\"lazy\" title=\"YouTube video player\" src=\"https:\/\/www.youtube.com\/embed\/fKXydBWwWZQ?si=8CNG-4a8CehKS1E6\" width=\"450\" height=\"253\" frameborder=\"0\" allowfullscreen=\"allowfullscreen\" data-mce-fragment=\"1\"><span data-mce-type=\"bookmark\" style=\"display: inline-block; width: 0px; overflow: hidden; line-height: 0;\" class=\"mce_SELRES_start\">\ufeff<\/span><\/iframe>\u00a0<\/div>\n<div><hr \/><\/div>\n<div style=\"text-align: justify;\"><strong><span style=\"color: #800000;\">LES AGIT\u00c9S DU BOCAL &#8211; SUPER ORDINAIRES EN MARS<\/span><\/strong><br \/>Les Agit\u00e9s du Bocal, groupe originaire de Rouen, en Normandie, annoncent pour le 20 mars 2026, la sortie de <strong><em>Super-Ordinaires <\/em><\/strong>(Inou\u00efe Distribution), leur tout nouvel album, deux ans apr\u00e8s le pr\u00e9c\u00e9dent. Le groupe puise sa musique dans le rock, le swing ou encore le reggae. Les textes, avec beaucoup d&rsquo;humour abordent des sujets parfois tr\u00e8s s\u00e9rieux.\u00a0 Apr\u00e8s le single Super-ordinaires, c&rsquo;est au tour de <em><a href=\"https:\/\/www.youtube.com\/watch?v=Is2uOsNG8S0\" target=\"_blank\" rel=\"noopener noreferrer\">Papouilles en Papouillasie<\/a><\/em> de b\u00e9n\u00e9ficier d&rsquo;un clip \u00e0 voir ci-dessous :\u00a0<\/div>\n<div style=\"text-align: left;\">\u00a0<\/div>\n<div style=\"text-align: center;\">\u00a0<iframe loading=\"lazy\" title=\"YouTube video player\" src=\"https:\/\/www.youtube.com\/embed\/Is2uOsNG8S0?si=CHRaL9vHwcFCRh6F\" width=\"450\" height=\"253\" frameborder=\"0\" allowfullscreen=\"allowfullscreen\"><\/iframe><\/div>\n<div style=\"text-align: left;\"><hr \/>\n<p style=\"text-align: justify;\"><strong><span style=\"color: #800000;\">LA POP SOLAIRE DE SARAH MIKOVSKI\u00a0<br \/><\/span><\/strong>Apr\u00e8s un premier album en fran\u00e7ais, <strong>Sarah Mikovski<\/strong> revient avec <strong><em data-start=\"117\" data-end=\"124\">Light<\/em><\/strong>, un EP en anglais compos\u00e9 de cinq titres lumineux et solaires. Elle livre des chansons accrocheuses m\u00ealant \u00e9lectro et envol\u00e9es orchestrales. Sur cet EP, elle se r\u00e9invente en explorant toute l\u2019\u00e9tendue de sa voix, entre \u00e9nergie, groove et douceur.\u00a0<br \/>Chaque titre r\u00e9v\u00e8le une facette diff\u00e9rente, port\u00e9e par des ch\u0153urs a\u00e9riens et des ambiances vari\u00e9es. L\u2019ensemble c\u00e9l\u00e8bre la positivit\u00e9, l\u2019espoir et l\u2019amour, parfois avec humour, parfois avec \u00e9motion.<br \/>A d\u00e9couvrir sur les <a href=\"https:\/\/snd.click\/jike1\" target=\"_blank\" rel=\"noopener\">plateformes<\/a>.\u00a0<br \/><a href=\"https:\/\/www.sarah-mikovski.com\/\" target=\"_blank\" rel=\"noopener\">Site<\/a> \/ <a href=\"https:\/\/www.facebook.com\/SarahMikovski\/\" target=\"_blank\" rel=\"noopener\">FB<\/a>\u00a0<\/p>\n<p style=\"text-align: center;\"><iframe loading=\"lazy\" title=\"YouTube video player\" src=\"https:\/\/www.youtube.com\/embed\/L5sjcapFTY8?si=ppWnt43n__JW-hW-\" width=\"450\" height=\"253\" frameborder=\"0\" allowfullscreen=\"allowfullscreen\"><\/iframe>\u00a0<\/p>\n<\/div>    <\/div>\n<\/div>\n<!-- \/module text -->\t\t\t\t<\/div><!-- .tb-column-inner -->\n\t\t\t\t\t\t<\/div><!-- .module_column -->\n\t\t\t\t\t\t<\/div><!-- .row_inner -->\n\t\t<\/div><!-- .module_row -->\n\t\t\t\t<\/div>\n<!--\/themify_builder_content-->","protected":false},"excerpt":{"rendered":"<p>U2 &#8211; DAYS OF ASH EP Avec Days of Ash, U2 publie un EP autonome de six titres pens\u00e9 comme une r\u00e9action directe \u00e0 l\u2019actualit\u00e9. Le groupe privil\u00e9gie ici des formats courts et centr\u00e9s sur des personnages \u2014 une famille, une adolescente, un soldat \u2014 pour aborder la question de la libert\u00e9 et de ses [&hellip;]<\/p>\n","protected":false},"author":1,"featured_media":0,"comment_status":"open","ping_status":"open","sticky":false,"template":"","format":"standard","meta":{"footnotes":""},"categories":[110],"tags":[4568,4573,4567,4574,4334],"class_list":["post-44635","post","type-post","status-publish","format-standard","hentry","category-news-du-mois","tag-animo-virile","tag-c-e-r-e-m-o-n-i-e","tag-les-agites-du-bocal","tag-lomla","tag-poste-942","has-post-title","has-post-date","has-post-category","has-post-tag","has-post-comment","has-post-author",""],"builder_content":"<hr \/> <p><strong>U2 - DAYS OF ASH EP <br \/><\/strong><img loading=\"lazy\" decoding=\"async\" src=\"https:\/\/lamagicbox.com\/magazine\/wp-content\/uploads\/2026\/01\/large.jpg\" alt=\"U2\" width=\"150\" height=\"150\" \/>Avec <em data-start=\"5\" data-end=\"18\">Days of Ash<\/em>, U2 publie un EP autonome de six titres pens\u00e9 comme une r\u00e9action directe \u00e0 l\u2019actualit\u00e9. Le groupe privil\u00e9gie ici des formats courts et centr\u00e9s sur des personnages \u2014 une famille, une adolescente, un soldat \u2014 pour aborder la question de la libert\u00e9 et de ses cons\u00e9quences humaines. Parmi les titres, <em>\u201cYours Eternally\u201d<\/em>, enregistr\u00e9 avec <strong>Ed Sheeran<\/strong>, apporte une dimension pop plus accessible au milieu d\u2019un ensemble globalement grave. En attendant l\u2019album pr\u00e9vu fin 2026, cet EP fonctionne comme une prise de position imm\u00e9diate ! A d\u00e9couvrir d\u00e8s maintenant !\u00a0<br \/><a href=\"https:\/\/www.u2.com\/news\/title\/u2--days-of-ash-new-ep-out-now\" target=\"_blank\" rel=\"noopener\">--&gt; Site officiel<\/a><\/p> <hr \/> <p><strong>LA ROUTE DU ROCK - 20 ANS DE COLLECTION HIVER\u00a0\u00a0<\/strong><br \/>Direction la Bretagne d\u00e9but mars avec un rendez-vous incontournable des amateurs d\u2019ind\u00e9 : la 20e Collection Hiver de La Route du Rock. Le festival se tiendra du 4 au 7 mars entre Rennes et Saint-Malo, notamment \u00e0 Antipode et \u00e0 La Nouvelle Vague.\u00a0<br \/>Depuis 2006, cette version hivernale cultive une ligne artistique exigeante : peu de t\u00eates d\u2019affiche \u00e9videntes, mais une s\u00e9lection tr\u00e8s actuelle entre rock alternatif, post-punk et \u00e9lectro exp\u00e9rimentale.\u00a0Parmi les noms attendus cette ann\u00e9e : les pionniers indie pop Stereolab, la voix abrasive de Jenny Beth, ou encore le hip-hop industriel de D\u00e4lek. La sc\u00e8ne montante sera bien repr\u00e9sent\u00e9e avec Heavy Lungs, Humour et Spill Gold.<br \/>Une \u00e9dition anniversaire donc, fid\u00e8le \u00e0 la r\u00e9putation du festival : pointue, aventureuse et d\u00e9j\u00e0 tr\u00e8s demand\u00e9e c\u00f4t\u00e9 billetterie.\u00a0<br \/><a href=\"https:\/\/www.laroutedurock.com\/\" target=\"_blank\" rel=\"noopener\">Site<\/a><\/p> <p style=\"text-align: center;\"><img loading=\"lazy\" decoding=\"async\" src=\"https:\/\/lamagicbox.com\/magazine\/wp-content\/uploads\/2026\/01\/2m2-LRDR2026-scaled-1.png\" alt=\"route du rock 2026\" width=\"300\" height=\"442\" srcset=\"https:\/\/lamagicbox.com\/magazine\/wp-content\/uploads\/2026\/01\/2m2-LRDR2026-scaled-1.png 300w, https:\/\/lamagicbox.com\/magazine\/wp-content\/uploads\/2026\/01\/2m2-LRDR2026-scaled-1-102x150.png 102w, https:\/\/lamagicbox.com\/magazine\/wp-content\/uploads\/2026\/01\/2m2-LRDR2026-scaled-1-204x300.png 204w\" sizes=\"auto, (max-width: 300px) 100vw, 300px\" \/><\/p> <hr \/><strong>FESTIVAL DES CHANTS DE MARS<\/strong> Le festival Les Chants de Mars, aura lieu du 12 au 28 mars \u00e0 Lyon. Vous pouvez visualiser la programmation sur l'affiche ci dessous. A noter qu'il s'agit des 20 ans du festival et qu'il propose une programmation f\u00e9ministe (60 % d\u2019artistes f\u00e9minines) et notamment l\u2019intervention exclusive d\u2019Anna Toumazoff, \u00e9crivaine engag\u00e9e sur le th\u00e8me de la masculinit\u00e9. A noter aussi, le parrainage du duo st\u00e9phanois Terrenoire (actif en mati\u00e8re d\u2019engagement citoyen et d\u2019actions culturelles), des artistes tr\u00e8s attendus et d\u2019autres \u00e9mergents (MPL, Sam Sauvage, Mauvaise Bouche, et une soir\u00e9e 100% Femmes &amp; Hip-Hop au Sucre avec Sheng et Juste Shani).\u00a0<br \/><a href=\"https:\/\/www.leschantsdemars.com\/\" target=\"_blank\" rel=\"noopener\">Site<\/a>\u00a0 <img loading=\"lazy\" decoding=\"async\" src=\"https:\/\/lamagicbox.com\/magazine\/wp-content\/uploads\/2026\/01\/Template-CDM-2026-STORY-PROG-1080x1920-1.jpg\" alt=\"chants de mars\" width=\"300\" height=\"533\" srcset=\"https:\/\/lamagicbox.com\/magazine\/wp-content\/uploads\/2026\/01\/Template-CDM-2026-STORY-PROG-1080x1920-1.jpg 300w, https:\/\/lamagicbox.com\/magazine\/wp-content\/uploads\/2026\/01\/Template-CDM-2026-STORY-PROG-1080x1920-1-84x150.jpg 84w, https:\/\/lamagicbox.com\/magazine\/wp-content\/uploads\/2026\/01\/Template-CDM-2026-STORY-PROG-1080x1920-1-169x300.jpg 169w\" sizes=\"auto, (max-width: 300px) 100vw, 300px\" \/> <hr \/> <p><strong>LOMLA - BENIDORM\u00a0<\/strong><br \/>Avec <em data-start=\"94\" data-end=\"104\">Benidorm<\/em>, <strong>LOMLA<\/strong> signe un premier album tendu et visc\u00e9ral, port\u00e9 par l\u2019urgence du rock fran\u00e7ais le plus frontal. Guitares nerveuses, rythmique compacte et voix habit\u00e9e servent des textes en fran\u00e7ais qui parlent de col\u00e8re, de doutes et de libert\u00e9 sans d\u00e9tour. Le groupe trouve un \u00e9quilibre juste entre puissance brute et sensibilit\u00e9, alternant d\u00e9charges \u00e9lectriques et moments plus introspectifs. H\u00e9ritier assum\u00e9 des ann\u00e9es 90, LOMLA \u00e9vite la nostalgie pour ancrer son propos dans les pr\u00e9occupations d\u2019aujourd\u2019hui. Chaque morceau avance comme un coup de poing ma\u00eetris\u00e9, o\u00f9 l\u2019\u00e9nergie live reste au c\u0153ur de l\u2019\u00e9criture. <em data-start=\"721\" data-end=\"731\">Benidorm<\/em> marque une \u00e9tape d\u00e9cisive et impose LOMLA comme une formation rock fran\u00e7aise \u00e0 suivre de tr\u00e8s pr\u00e8s.<br \/><a href=\"https:\/\/www.facebook.com\/lomla.off\" target=\"_blank\" rel=\"noopener\">FB<\/a> \/ <a href=\"https:\/\/lomla.fr\/\" target=\"_blank\" rel=\"noopener\">Site<\/a> \/ <a href=\"https:\/\/bfan.link\/benidorm\" target=\"_blank\" rel=\"noopener\">Ecouter ou Acheter<\/a><\/p> <p style=\"text-align: center;\"><iframe loading=\"lazy\" title=\"YouTube video player\" src=\"https:\/\/www.youtube.com\/embed\/1fCpWzsYDyQ?si=6VJT3IGPmb6WJJFv\" width=\"450\" height=\"253\" frameborder=\"0\" allowfullscreen=\"allowfullscreen\">\ufeff<\/iframe>\u00a0<\/p> <hr \/> <p style=\"text-align: justify;\"><b>MELANCOLIQUE C \u00c9 R \u00c9 M O N I E\u00a0<br \/><\/b>Avec <strong><em data-start=\"86\" data-end=\"115\">L\u2019aube dissout les monstres<\/em><\/strong>, C \u00c9 R \u00c9 M O N I E d\u00e9voile un album habit\u00e9 par les th\u00e8mes de la disparition, du temps et des m\u00e9tamorphoses intimes. Entre chant et parole, voix f\u00e9minine et masculine s\u2019entrelacent dans une musique de clair-obscur, \u00e0 la fois incarn\u00e9e et fantomatique. Synth\u00e9tiseurs glac\u00e9s, guitares r\u00e9verb\u00e9r\u00e9es et rythmes organiques dessinent des paysages nocturnes suspendus entre r\u00eave et m\u00e9moire.\u00a0<br data-start=\"500\" data-end=\"503\" \/>H\u00e9ritier de la cold wave et d\u2019un romantisme moderne, le groupe transforme la m\u00e9lancolie en force r\u00e9v\u00e9latrice plut\u00f4t qu\u2019en repli. L\u2019album se pr\u00e9sente comme une travers\u00e9e sensorielle, o\u00f9 l\u2019amour, la perte et la jeunesse se r\u00e9pondent sans jamais se r\u00e9soudre. Publi\u00e9 chez <strong>Enfant Terrible<\/strong>, ce disque poursuit l\u2019exploration de ces instants fragiles o\u00f9 l\u2019ombre se dissout \u00e0 l\u2019approche de l\u2019aube.<b><br \/><\/b><\/p> <p style=\"text-align: center;\"><iframe style=\"border: 0; width: 100%; height: 120px;\" src=\"https:\/\/bandcamp.com\/EmbeddedPlayer\/album=694436661\/size=large\/bgcol=333333\/linkcol=e99708\/tracklist=false\/artwork=small\/transparent=true\/\" seamless=\"\"><a href=\"https:\/\/ceremonie.bandcamp.com\/album\/laube-dissout-les-monstres\">L'aube dissout les monstres de C\u00e9r\u00e9monie<\/a><\/iframe>\u00a0<\/p> <hr \/> <p><strong>TRIBUTE TO OZZY OSBOURNE\u00a0<\/strong><br \/>Un compilation de titres en hommage \u00e0 Ozzy Osbourne sort le 13 f\u00e9vrier 2026. Des groupes originaires d'un peu partout sur la plan\u00e8te participe \u00e0 cet hommage au chanteur de Black Sabbath disparu en juillet 2025. A noter parmi les 22 groupes s\u00e9lectionn\u00e9s, le groupe fran\u00e7ais <a href=\"https:\/\/poste942.bandcamp.com\/album\/chaleurhumaine-2024\" target=\"_blank\" rel=\"noopener\"><strong>Poste 942<\/strong><\/a> avec la reprise <strong><em>No More Tears<\/em><\/strong>. Pour rappel, le groupe a sorti un album en 2024, <strong><em>#chaleurhumaine<\/em><\/strong>.\u00a0<br \/><a href=\"https:\/\/witchingbuzz.bandcamp.com\/album\/iron-man-s-anthem-a-tribute-to-ozzy-osbourne\" target=\"_blank\" rel=\"noopener\">Bandcamp<\/a><\/p> <hr \/> <p><strong>PROGRAMME FESTIVAL MYTHOS 2026\u00a0<\/strong><br \/><strong>Onze nouveaux artistes viennent \u00e9toffer la programmation musique de l\u2019\u00e9dition 2026 :<\/strong><br \/>- Imany (+ L\u00e9onie Pernet) le 3 avril \u00e0 21h au Cabaret Botanique<br \/>- Ino Casablanca + Asfar Shamsi, le 4 avril \u00e0 21h au Cabaret Botanique<br \/>- Trinix + Ar\u00f8ne, le 5 avril \u00e0 21h au Cabaret Botanique<br \/>- Flora Fishbach (+ Marlon Magn\u00e9e, Sam Sauvage), le 8 avril \u00e0 21h au Cabaret Botanique<br \/>- Na\u00efve New Beaters + James Baker, le 9 avril \u00e0 21h au Cabaret Botanique<br \/>- Bonne Nuit + NTO le 10 avril \u00e0 21h au Cabaret Botanique<br \/>- Lujipeka, le 11 avril \u00e0 20h, Le MeM<br \/><strong>D\u00e9j\u00e0 annonc\u00e9s :<\/strong><br \/>- Jeanne Cherhal, le 3 avril \u00e0 18h au Cabaret Botanique<br \/>- L\u00e9onie Pernet, le 3 avril \u00e0 21h au Cabaret Botanique<br \/>- MPL, Samedi 4 avril 18h \u00e0 21h au Cabaret Botanique<br \/>- Ellie James, Gildaa, Meryem Aboulouafa, le 4 avril \u00e0 20h30 \u00e0 l\u2019Antipode<br \/>- Bertrand Belin, Dimanche 5 avril 18h au Cabaret Botanique<br \/>- Deluxe, le 6 avril \u00e0 21h au Cabaret Botanique<br \/>- Marlon Magn\u00e9e, Sam Sauvage, le 8 avril \u00e0 21h au Cabaret Botanique<br \/>- Peter Doherty, le 7 avril \u00e0 21h au Cabaret Botanique<br \/>- Charlie Winston, le 9 avril \u00e0 18h au Cabaret Botanique<br \/>- Fatoumata Diawara, le 10 avril \u00e0 18h au Cabaret Botanique<br \/>- Yann Tiersen, solo piano + electronics performance, le 11 avril \u00e0 21h au Cabaret Botanique<br \/><strong>Au Liberte\u0301<\/strong><br \/>- Thylacine, le Vendredi 3 avril \u2013 19h30<br \/><strong>Les Warm Up Mythos au MeM \/\u00a0<\/strong><br \/>- C\u0153ur de Pirate, le 21 mars \u00e0 20h00<br \/>- S\u00e9bastien Tellier, le 26 mars \u00e0 20h30<\/p> <hr \/> <p><strong>ANIM\u00d8\u00a0 VIRILE - NOUVEL EP<\/strong><br \/><strong><em>\"1.2\"<\/em><\/strong> est le premier EP d'<strong>Anim\u00f8 Virile<\/strong> et il rassemble les six premiers titres de ce duo f\u00e9minin \u00e9letro-rock lyonnais. Au programme : <em>\"un \u00e9lectro organique, physique et intense, port\u00e9e par un duo batterie\u2013violon et machines qui ne ressemble \u00e0 aucun autre.\"<\/em><\/p>\n\u00a0 <iframe loading=\"lazy\" title=\"YouTube video player\" src=\"https:\/\/www.youtube.com\/embed\/fKXydBWwWZQ?si=8CNG-4a8CehKS1E6\" width=\"450\" height=\"253\" frameborder=\"0\" allowfullscreen=\"allowfullscreen\" data-mce-fragment=\"1\">\ufeff<\/iframe>\u00a0 <hr \/> <strong>LES AGIT\u00c9S DU BOCAL - SUPER ORDINAIRES EN MARS<\/strong><br \/>Les Agit\u00e9s du Bocal, groupe originaire de Rouen, en Normandie, annoncent pour le 20 mars 2026, la sortie de <strong><em>Super-Ordinaires <\/em><\/strong>(Inou\u00efe Distribution), leur tout nouvel album, deux ans apr\u00e8s le pr\u00e9c\u00e9dent. Le groupe puise sa musique dans le rock, le swing ou encore le reggae. Les textes, avec beaucoup d'humour abordent des sujets parfois tr\u00e8s s\u00e9rieux.\u00a0 Apr\u00e8s le single Super-ordinaires, c'est au tour de <em><a href=\"https:\/\/www.youtube.com\/watch?v=Is2uOsNG8S0\" target=\"_blank\" rel=\"noopener noreferrer\">Papouilles en Papouillasie<\/a><\/em> de b\u00e9n\u00e9ficier d'un clip \u00e0 voir ci-dessous :\u00a0 \u00a0 \u00a0<iframe loading=\"lazy\" title=\"YouTube video player\" src=\"https:\/\/www.youtube.com\/embed\/Is2uOsNG8S0?si=CHRaL9vHwcFCRh6F\" width=\"450\" height=\"253\" frameborder=\"0\" allowfullscreen=\"allowfullscreen\"><\/iframe> <hr \/> <p style=\"text-align: justify;\"><strong>LA POP SOLAIRE DE SARAH MIKOVSKI\u00a0<br \/><\/strong>Apr\u00e8s un premier album en fran\u00e7ais, <strong>Sarah Mikovski<\/strong> revient avec <strong><em data-start=\"117\" data-end=\"124\">Light<\/em><\/strong>, un EP en anglais compos\u00e9 de cinq titres lumineux et solaires. Elle livre des chansons accrocheuses m\u00ealant \u00e9lectro et envol\u00e9es orchestrales. Sur cet EP, elle se r\u00e9invente en explorant toute l\u2019\u00e9tendue de sa voix, entre \u00e9nergie, groove et douceur.\u00a0<br \/>Chaque titre r\u00e9v\u00e8le une facette diff\u00e9rente, port\u00e9e par des ch\u0153urs a\u00e9riens et des ambiances vari\u00e9es. L\u2019ensemble c\u00e9l\u00e8bre la positivit\u00e9, l\u2019espoir et l\u2019amour, parfois avec humour, parfois avec \u00e9motion.<br \/>A d\u00e9couvrir sur les <a href=\"https:\/\/snd.click\/jike1\" target=\"_blank\" rel=\"noopener\">plateformes<\/a>.\u00a0<br \/><a href=\"https:\/\/www.sarah-mikovski.com\/\" target=\"_blank\" rel=\"noopener\">Site<\/a> \/ <a href=\"https:\/\/www.facebook.com\/SarahMikovski\/\" target=\"_blank\" rel=\"noopener\">FB<\/a>\u00a0<\/p> <p style=\"text-align: center;\"><iframe loading=\"lazy\" title=\"YouTube video player\" src=\"https:\/\/www.youtube.com\/embed\/L5sjcapFTY8?si=ppWnt43n__JW-hW-\" width=\"450\" height=\"253\" frameborder=\"0\" allowfullscreen=\"allowfullscreen\"><\/iframe>\u00a0<\/p>","_links":{"self":[{"href":"https:\/\/lamagicbox.com\/magazine\/wp-json\/wp\/v2\/posts\/44635","targetHints":{"allow":["GET"]}}],"collection":[{"href":"https:\/\/lamagicbox.com\/magazine\/wp-json\/wp\/v2\/posts"}],"about":[{"href":"https:\/\/lamagicbox.com\/magazine\/wp-json\/wp\/v2\/types\/post"}],"author":[{"embeddable":true,"href":"https:\/\/lamagicbox.com\/magazine\/wp-json\/wp\/v2\/users\/1"}],"replies":[{"embeddable":true,"href":"https:\/\/lamagicbox.com\/magazine\/wp-json\/wp\/v2\/comments?post=44635"}],"version-history":[{"count":29,"href":"https:\/\/lamagicbox.com\/magazine\/wp-json\/wp\/v2\/posts\/44635\/revisions"}],"predecessor-version":[{"id":44877,"href":"https:\/\/lamagicbox.com\/magazine\/wp-json\/wp\/v2\/posts\/44635\/revisions\/44877"}],"wp:attachment":[{"href":"https:\/\/lamagicbox.com\/magazine\/wp-json\/wp\/v2\/media?parent=44635"}],"wp:term":[{"taxonomy":"category","embeddable":true,"href":"https:\/\/lamagicbox.com\/magazine\/wp-json\/wp\/v2\/categories?post=44635"},{"taxonomy":"post_tag","embeddable":true,"href":"https:\/\/lamagicbox.com\/magazine\/wp-json\/wp\/v2\/tags?post=44635"}],"curies":[{"name":"wp","href":"https:\/\/api.w.org\/{rel}","templated":true}]}}