{"id":44560,"date":"2026-01-17T23:30:00","date_gmt":"2026-01-17T22:30:00","guid":{"rendered":"https:\/\/lamagicbox.com\/magazine\/?p=44560"},"modified":"2026-02-01T17:47:48","modified_gmt":"2026-02-01T16:47:48","slug":"clarika-en-concert-lodyssee-17-01-26-dol-de-bretagne-35","status":"publish","type":"post","link":"https:\/\/lamagicbox.com\/magazine\/clarika-en-concert-lodyssee-17-01-26-dol-de-bretagne-35\/","title":{"rendered":"Clarika \u00e0 L&rsquo;Odyss\u00e9e &#8211; Dol-de-Bretagne (35)"},"content":{"rendered":"<!--themify_builder_content-->\n<div id=\"themify_builder_content-44560\" data-postid=\"44560\" class=\"themify_builder_content themify_builder_content-44560 themify_builder tf_clear\">\n    \t\t\t\t<!-- module_row -->\n\t\t<div  data-lazy=\"1\" class=\"module_row themify_builder_row tb_98qt251 tb_first tf_w tf_clearfix\">\n\t\t\t\t\t<div class=\"row_inner col_align_top tb_col_count_1 tf_box tf_rel\">\n\t\t\t\t\t<div  data-lazy=\"1\" class=\"module_column tb-column col-full tb_bl16251 first\">\n\t\t\t\t\t\t\t\t\t<div class=\"tb-column-inner tf_box tf_w\">\n\t\t\t\t<!-- module text -->\n<div  class=\"module module-text tb_8gie259   \" data-lazy=\"1\">\n        <div  class=\"tb_text_wrap\">\n    <h1><img loading=\"lazy\" decoding=\"async\" class=\"aligncenter size-full wp-image-44569\" src=\"https:\/\/lamagicbox.com\/magazine\/wp-content\/uploads\/2026\/01\/clarika-dol-2025-01-950.jpg\" alt=\"Clarika \u00e0 Dol\" width=\"950\" height=\"300\" srcset=\"https:\/\/lamagicbox.com\/magazine\/wp-content\/uploads\/2026\/01\/clarika-dol-2025-01-950.jpg 950w, https:\/\/lamagicbox.com\/magazine\/wp-content\/uploads\/2026\/01\/clarika-dol-2025-01-950-300x95.jpg 300w, https:\/\/lamagicbox.com\/magazine\/wp-content\/uploads\/2026\/01\/clarika-dol-2025-01-950-500x158.jpg 500w\" sizes=\"auto, (max-width: 950px) 100vw, 950px\" \/><\/h1>\n<h1><strong><span style=\"color: #800000;\">CLARIKA<\/span>\u00a0en concert<\/strong><\/h1>\n<h4><em><strong>Date :<\/strong><\/em> 17 janvier 2026<br \/><em><strong>Salle :<\/strong><\/em>\u00a0<a href=\"https:\/\/www.facebook.com\/odysseedolbzh\" target=\"_blank\" rel=\"noopener\">L&rsquo;Odyss\u00e9e<\/a><br \/><strong><em>Lieu :<\/em><\/strong>\u00a0Bretagne, Dol de Bretagne (35)<\/h4>\n<hr \/>\n<p style=\"text-align: right;\"><span style=\"color: #ffffff;\">.<\/span><em>Par <strong>Mike S.<br \/><\/strong><\/em><\/p>\n<p style=\"text-align: justify;\"><em><b>Premier concert de l&rsquo;ann\u00e9e 2026 ce soir \u00e0 Dol, dans la belle salle de l&rsquo;Odyss\u00e9e. C&rsquo;est en compagnie de <span style=\"color: #800000;\">Clarika<\/span> que nous allons passer cette soir\u00e9e. Pr\u00e8s de 200 personnes ont r\u00e9pondu \u00e0 l&rsquo;invitation de la chanteuse francilienne qui termine sa tourn\u00e9e entam\u00e9e il y a plus d&rsquo;un an avec la sortie de son 9e album studio, <a href=\"https:\/\/lamagicbox.com\/magazine\/clarika-danse-encore\/\">\u00ab\u00a0Danse encore\u00a0\u00bb<\/a>.\u00a0<\/b><\/em><\/p>\n<p style=\"text-align: justify;\">Pas de premi\u00e8re partie, on entre directement dans l&rsquo;univers de Clarika, d\u00e9cor\u00e9 de dizaines de parapluies blancs en fond de sc\u00e8ne comme autant de r\u00e9cepteurs de lumi\u00e8res. Bien qu&rsquo;arrivant au terme d&rsquo;une tourn\u00e9e qui f\u00eatait aussi les 30 ann\u00e9es d&rsquo;une carri\u00e8re d\u00e9but\u00e9e en 1993, la chanteuse de 58 ans fait preuve d&rsquo;une \u00e9nergie d\u00e9bordante du d\u00e9but \u00e0 la fin de son concert. Si vous imaginiez une concert tranquille avec des lumi\u00e8res tamis\u00e9es et un piano pour l&rsquo;accompagner sur des titres comme <em>L\u00e2che moi<\/em> ou <em>La vie sans toi<\/em>, vous risquez bien d&rsquo;\u00eatre surpris. Le concert est en effet plut\u00f4t une enfilade de montagnes russes que le groupe &#8211; 3 musiciens autour de Clarika &#8211; nous fait gravir une \u00e0 une, tant par ses rythmes alternatifs que par les \u00e9motions multiples que ses chansons provoquent.\u00a0<\/p>\n<p style=\"text-align: center;\"><img loading=\"lazy\" decoding=\"async\" class=\"aligncenter size-full wp-image-44573\" src=\"https:\/\/lamagicbox.com\/magazine\/wp-content\/uploads\/2026\/01\/clarika-dol-2025-02.jpg\" alt=\"Clarika\" width=\"500\" height=\"333\" srcset=\"https:\/\/lamagicbox.com\/magazine\/wp-content\/uploads\/2026\/01\/clarika-dol-2025-02.jpg 500w, https:\/\/lamagicbox.com\/magazine\/wp-content\/uploads\/2026\/01\/clarika-dol-2025-02-225x150.jpg 225w, https:\/\/lamagicbox.com\/magazine\/wp-content\/uploads\/2026\/01\/clarika-dol-2025-02-450x300.jpg 450w\" sizes=\"auto, (max-width: 500px) 100vw, 500px\" \/><\/p>\n<p style=\"text-align: justify;\">Le concert d\u00e9bute sur une plage de Tr\u00e9gastel, avec le titre <em>Manquer \u00e0 quelqu&rsquo;un quelque part<\/em>, un titre du dernier album, aux sonorit\u00e9s \u00e9lectro pop mais d&rsquo;une grande m\u00e9lancolie. Le style Clarika est bien r\u00e9sum\u00e9 ici, compl\u00e9t\u00e9 par l&rsquo;humour de <em>Adieu Salope<\/em>, ode, pleine d&rsquo;humour, \u00e0 la fin d&rsquo;un d&rsquo;une addiction qui n&rsquo;avait que trop durer. La chanteuse a choisi sur cette tourn\u00e9e de faire un grand tour d&rsquo;horizon de ses meilleures chansons : Bien m\u00e9rit\u00e9, <em>Les Patineurs, Les Gar\u00e7ons dans les vestiaires, Joker, Moi en mieux&#8230;<\/em> auxquels s&rsquo;ajoutent les nouvelles venues : <em>Isadora, Ce soir je sors, Rhabillez moi<\/em>, etc. Des chansons qu&rsquo;elle introduit, pr\u00e9sente, explique, comme avec <em>Octobre 61<\/em> ou <em>Isadora<\/em>.\u00a0 \u00a0\u00a0<\/p>\n<p style=\"text-align: justify;\">Sur sc\u00e8ne, les musiciens d\u00e9ambulent de gauche \u00e0 droite, changeant d&rsquo;instruments quasiment \u00e0 chaque titre, passant d&rsquo;une guitare classique \u00e0 l&rsquo;\u00e9lectrique pour l&rsquo;un, des claviers aux instruments \u00e0 vent pour l&rsquo;autre, de la batterie \u00e0 la groovebox. Ah, oui, au del\u00e0 du fait que Clarika a compos\u00e9, pour la premi\u00e8re fois, ses musiques sur ce neuvi\u00e8me album, elle en a aussi assur\u00e9 l&rsquo;orchestration en lui donnant un c\u00f4t\u00e9 plus \u00e9lectro-pop et de fait plus dansant. Cela rend le concert plus dynamique que jamais, plus joyeux aussi. De quoi \u00e9largir encore le grand \u00e9cart qu&rsquo;il y a parfois entre les paroles et la musique, et ainsi adoucir les angles rugueux de sujets parfois lourds (<em>Bien m\u00e9rit\u00e9, Octobre 61<\/em>). Et puis parfois, il faut adoucir la musique pour mieux en cerner les paroles. C&rsquo;est ce que Clarika fait avec beaucoup d&rsquo;humour et aussi d&rsquo;habilet\u00e9 lors qu&rsquo;elle s&rsquo;amuse \u00e0 rechercher avec ses musiciens, un vieux titre des ann\u00e9es 70, une chanson douce et engag\u00e9e&#8230; Et de reprendre dans une version acoustique <em>Antisocial<\/em> de <strong>Trust<\/strong>, avant de rebrancher les amplis sur la fin du titre, pour mettre le feu sur la sc\u00e8ne de L&rsquo;Odyss\u00e9e, qui n&rsquo;avait pas connu \u00e7a depuis&#8230; depuis toujours en fait. Un titre qu&rsquo;elle avait d\u00e9j\u00e0 repris dans les ann\u00e9es 2000, et qu&rsquo;il \u00e9tait bon de retrouver ici, ce soir ! Preuve, si n\u00e9cessaire, que Clarika n&rsquo;est pas encore pr\u00eate \u00e0 prendre une retraite anticip\u00e9e !<\/p>\n<p style=\"text-align: justify;\">Apr\u00e8s plus de deux heures de concert, une vingtaine de chansons interpr\u00e9t\u00e9es et un rappel \u00e9mouvant dans une quasi-obscurit\u00e9, le public quitte la salle totalement conquis par la chanteuse et son r\u00e9pertoire. Une r\u00e9ussite qui ne manquera pas de convaincre la Ville de Dol de programmer davantage de concerts dans cette salle, parfaitement adapt\u00e9e \u00e0 ce type de spectacles.<\/p>\n<p style=\"text-align: center;\"><img loading=\"lazy\" decoding=\"async\" class=\"aligncenter size-full wp-image-44574\" src=\"https:\/\/lamagicbox.com\/magazine\/wp-content\/uploads\/2026\/01\/clarika-dol-2025-03.jpg\" alt=\"Clarika\" width=\"500\" height=\"333\" srcset=\"https:\/\/lamagicbox.com\/magazine\/wp-content\/uploads\/2026\/01\/clarika-dol-2025-03.jpg 500w, https:\/\/lamagicbox.com\/magazine\/wp-content\/uploads\/2026\/01\/clarika-dol-2025-03-225x150.jpg 225w, https:\/\/lamagicbox.com\/magazine\/wp-content\/uploads\/2026\/01\/clarika-dol-2025-03-450x300.jpg 450w\" sizes=\"auto, (max-width: 500px) 100vw, 500px\" \/><\/p>\n<p style=\"text-align: center;\">***<\/p>\n<p style=\"text-align: justify;\"><em>Merci aux musiciens et aux organisateurs de cette belle soir\u00e9e \u00e0 <a href=\"https:\/\/www.facebook.com\/odysseedolbzh\" target=\"_blank\" rel=\"noopener\">l&rsquo;Odyss\u00e9e<\/a> !<br \/>Merci au label <a href=\"https:\/\/boutique.label-athome.com\/fr\/43-clarika\" target=\"_blank\" rel=\"noopener\">Athome<\/a> pour soutenir ces artistes.\u00a0<\/em><\/p>\n<p style=\"text-align: justify;\"><em>Plus de photos du concert sur <span style=\"color: #993300;\"><strong><a style=\"color: #993300;\" href=\"https:\/\/www.facebook.com\/media\/set\/?vanity=LaMagicBoxWebzine&amp;set=a.865523362249174\" target=\"_blank\" rel=\"noopener\">notre page facebook<\/a><\/strong><\/span>.\u00a0<\/em><\/p>\n<p><strong class=\"truncate_more\">[hr color=\u00a0\u00bbred\u00a0\u00bb]<\/strong><\/p>\n<p><a href=\"https:\/\/www.clarikaofficiel.com\/\" target=\"_blank\" rel=\"noopener\">Site<\/a>\u00a0\/\u00a0<a href=\"https:\/\/www.facebook.com\/ClarikaOfficiel\" target=\"_blank\" rel=\"noopener\">Facebook<\/a><\/p>\n<p>A lire, chronique : <em><b><a href=\"https:\/\/www.facebook.com\/LaMagicBoxWebzine\/photos_albums\" target=\"_blank\" rel=\"noopener\">\u00ab\u00a0Danse encore\u00a0\u00bb<\/a>.<\/b><\/em><\/p>\n<p><strong class=\"truncate_more\">[hr color=\u00a0\u00bbred\u00a0\u00bb]<\/strong><\/p>\n<p style=\"text-align: center;\"><img loading=\"lazy\" decoding=\"async\" class=\"aligncenter size-full wp-image-44575\" src=\"https:\/\/lamagicbox.com\/magazine\/wp-content\/uploads\/2026\/01\/IMG_7706.jpg\" alt=\"\" width=\"500\" height=\"333\" srcset=\"https:\/\/lamagicbox.com\/magazine\/wp-content\/uploads\/2026\/01\/IMG_7706.jpg 500w, https:\/\/lamagicbox.com\/magazine\/wp-content\/uploads\/2026\/01\/IMG_7706-225x150.jpg 225w, https:\/\/lamagicbox.com\/magazine\/wp-content\/uploads\/2026\/01\/IMG_7706-450x300.jpg 450w\" sizes=\"auto, (max-width: 500px) 100vw, 500px\" \/><\/p>    <\/div>\n<\/div>\n<!-- \/module text -->\t\t\t\t<\/div><!-- .tb-column-inner -->\n\t\t\t\t\t\t<\/div><!-- .module_column -->\n\t\t\t\t\t\t<\/div><!-- .row_inner -->\n\t\t<\/div><!-- .module_row -->\n\t\t\t\t<\/div>\n<!--\/themify_builder_content-->","protected":false},"excerpt":{"rendered":"<p>CLARIKA\u00a0en concert Date : 17 janvier 2026Salle :\u00a0L&rsquo;Odyss\u00e9eLieu :\u00a0Bretagne, Dol de Bretagne (35) .Par Mike S. Premier concert de l&rsquo;ann\u00e9e 2026 ce soir \u00e0 Dol, dans la belle salle de l&rsquo;Odyss\u00e9e. C&rsquo;est en compagnie de Clarika que nous allons passer cette soir\u00e9e. Pr\u00e8s de 200 personnes ont r\u00e9pondu \u00e0 l&rsquo;invitation de la chanteuse francilienne qui [&hellip;]<\/p>\n","protected":false},"author":1,"featured_media":44569,"comment_status":"open","ping_status":"open","sticky":false,"template":"","format":"standard","meta":{"footnotes":""},"categories":[57],"tags":[75,2765,1586,3178,50,2341],"class_list":["post-44560","post","type-post","status-publish","format-standard","has-post-thumbnail","hentry","category-reportage-concert","tag-athome","tag-chanson","tag-clarika","tag-ile-de-france","tag-pop","tag-rock","has-post-title","has-post-date","has-post-category","has-post-tag","has-post-comment","has-post-author",""],"builder_content":"<h1><img loading=\"lazy\" decoding=\"async\" src=\"https:\/\/lamagicbox.com\/magazine\/wp-content\/uploads\/2026\/01\/clarika-dol-2025-01-950.jpg\" alt=\"Clarika \u00e0 Dol\" width=\"950\" height=\"300\" srcset=\"https:\/\/lamagicbox.com\/magazine\/wp-content\/uploads\/2026\/01\/clarika-dol-2025-01-950.jpg 950w, https:\/\/lamagicbox.com\/magazine\/wp-content\/uploads\/2026\/01\/clarika-dol-2025-01-950-300x95.jpg 300w, https:\/\/lamagicbox.com\/magazine\/wp-content\/uploads\/2026\/01\/clarika-dol-2025-01-950-500x158.jpg 500w\" sizes=\"auto, (max-width: 950px) 100vw, 950px\" \/><\/h1> <h1><strong>CLARIKA\u00a0en concert<\/strong><\/h1> <h4><em><strong>Date :<\/strong><\/em> 17 janvier 2026<br \/><em><strong>Salle :<\/strong><\/em>\u00a0<a href=\"https:\/\/www.facebook.com\/odysseedolbzh\" target=\"_blank\" rel=\"noopener\">L'Odyss\u00e9e<\/a><br \/><strong><em>Lieu :<\/em><\/strong>\u00a0Bretagne, Dol de Bretagne (35)<\/h4> <hr \/> <p style=\"text-align: right;\">.<em>Par <strong>Mike S.<br \/><\/strong><\/em><\/p> <p style=\"text-align: justify;\"><em><b>Premier concert de l'ann\u00e9e 2026 ce soir \u00e0 Dol, dans la belle salle de l'Odyss\u00e9e. C'est en compagnie de Clarika que nous allons passer cette soir\u00e9e. Pr\u00e8s de 200 personnes ont r\u00e9pondu \u00e0 l'invitation de la chanteuse francilienne qui termine sa tourn\u00e9e entam\u00e9e il y a plus d'un an avec la sortie de son 9e album studio, <a href=\"https:\/\/lamagicbox.com\/magazine\/clarika-danse-encore\/\">\"Danse encore\"<\/a>.\u00a0<\/b><\/em><\/p> <p style=\"text-align: justify;\">Pas de premi\u00e8re partie, on entre directement dans l'univers de Clarika, d\u00e9cor\u00e9 de dizaines de parapluies blancs en fond de sc\u00e8ne comme autant de r\u00e9cepteurs de lumi\u00e8res. Bien qu'arrivant au terme d'une tourn\u00e9e qui f\u00eatait aussi les 30 ann\u00e9es d'une carri\u00e8re d\u00e9but\u00e9e en 1993, la chanteuse de 58 ans fait preuve d'une \u00e9nergie d\u00e9bordante du d\u00e9but \u00e0 la fin de son concert. Si vous imaginiez une concert tranquille avec des lumi\u00e8res tamis\u00e9es et un piano pour l'accompagner sur des titres comme <em>L\u00e2che moi<\/em> ou <em>La vie sans toi<\/em>, vous risquez bien d'\u00eatre surpris. Le concert est en effet plut\u00f4t une enfilade de montagnes russes que le groupe - 3 musiciens autour de Clarika - nous fait gravir une \u00e0 une, tant par ses rythmes alternatifs que par les \u00e9motions multiples que ses chansons provoquent.\u00a0<\/p> <p style=\"text-align: center;\"><img loading=\"lazy\" decoding=\"async\" src=\"https:\/\/lamagicbox.com\/magazine\/wp-content\/uploads\/2026\/01\/clarika-dol-2025-02.jpg\" alt=\"Clarika\" width=\"500\" height=\"333\" srcset=\"https:\/\/lamagicbox.com\/magazine\/wp-content\/uploads\/2026\/01\/clarika-dol-2025-02.jpg 500w, https:\/\/lamagicbox.com\/magazine\/wp-content\/uploads\/2026\/01\/clarika-dol-2025-02-225x150.jpg 225w, https:\/\/lamagicbox.com\/magazine\/wp-content\/uploads\/2026\/01\/clarika-dol-2025-02-450x300.jpg 450w\" sizes=\"auto, (max-width: 500px) 100vw, 500px\" \/><\/p> <p style=\"text-align: justify;\">Le concert d\u00e9bute sur une plage de Tr\u00e9gastel, avec le titre <em>Manquer \u00e0 quelqu'un quelque part<\/em>, un titre du dernier album, aux sonorit\u00e9s \u00e9lectro pop mais d'une grande m\u00e9lancolie. Le style Clarika est bien r\u00e9sum\u00e9 ici, compl\u00e9t\u00e9 par l'humour de <em>Adieu Salope<\/em>, ode, pleine d'humour, \u00e0 la fin d'un d'une addiction qui n'avait que trop durer. La chanteuse a choisi sur cette tourn\u00e9e de faire un grand tour d'horizon de ses meilleures chansons : Bien m\u00e9rit\u00e9, <em>Les Patineurs, Les Gar\u00e7ons dans les vestiaires, Joker, Moi en mieux...<\/em> auxquels s'ajoutent les nouvelles venues : <em>Isadora, Ce soir je sors, Rhabillez moi<\/em>, etc. Des chansons qu'elle introduit, pr\u00e9sente, explique, comme avec <em>Octobre 61<\/em> ou <em>Isadora<\/em>.\u00a0 \u00a0\u00a0<\/p> <p style=\"text-align: justify;\">Sur sc\u00e8ne, les musiciens d\u00e9ambulent de gauche \u00e0 droite, changeant d'instruments quasiment \u00e0 chaque titre, passant d'une guitare classique \u00e0 l'\u00e9lectrique pour l'un, des claviers aux instruments \u00e0 vent pour l'autre, de la batterie \u00e0 la groovebox. Ah, oui, au del\u00e0 du fait que Clarika a compos\u00e9, pour la premi\u00e8re fois, ses musiques sur ce neuvi\u00e8me album, elle en a aussi assur\u00e9 l'orchestration en lui donnant un c\u00f4t\u00e9 plus \u00e9lectro-pop et de fait plus dansant. Cela rend le concert plus dynamique que jamais, plus joyeux aussi. De quoi \u00e9largir encore le grand \u00e9cart qu'il y a parfois entre les paroles et la musique, et ainsi adoucir les angles rugueux de sujets parfois lourds (<em>Bien m\u00e9rit\u00e9, Octobre 61<\/em>). Et puis parfois, il faut adoucir la musique pour mieux en cerner les paroles. C'est ce que Clarika fait avec beaucoup d'humour et aussi d'habilet\u00e9 lors qu'elle s'amuse \u00e0 rechercher avec ses musiciens, un vieux titre des ann\u00e9es 70, une chanson douce et engag\u00e9e... Et de reprendre dans une version acoustique <em>Antisocial<\/em> de <strong>Trust<\/strong>, avant de rebrancher les amplis sur la fin du titre, pour mettre le feu sur la sc\u00e8ne de L'Odyss\u00e9e, qui n'avait pas connu \u00e7a depuis... depuis toujours en fait. Un titre qu'elle avait d\u00e9j\u00e0 repris dans les ann\u00e9es 2000, et qu'il \u00e9tait bon de retrouver ici, ce soir ! Preuve, si n\u00e9cessaire, que Clarika n'est pas encore pr\u00eate \u00e0 prendre une retraite anticip\u00e9e !<\/p> <p style=\"text-align: justify;\">Apr\u00e8s plus de deux heures de concert, une vingtaine de chansons interpr\u00e9t\u00e9es et un rappel \u00e9mouvant dans une quasi-obscurit\u00e9, le public quitte la salle totalement conquis par la chanteuse et son r\u00e9pertoire. Une r\u00e9ussite qui ne manquera pas de convaincre la Ville de Dol de programmer davantage de concerts dans cette salle, parfaitement adapt\u00e9e \u00e0 ce type de spectacles.<\/p> <p style=\"text-align: center;\"><img loading=\"lazy\" decoding=\"async\" src=\"https:\/\/lamagicbox.com\/magazine\/wp-content\/uploads\/2026\/01\/clarika-dol-2025-03.jpg\" alt=\"Clarika\" width=\"500\" height=\"333\" srcset=\"https:\/\/lamagicbox.com\/magazine\/wp-content\/uploads\/2026\/01\/clarika-dol-2025-03.jpg 500w, https:\/\/lamagicbox.com\/magazine\/wp-content\/uploads\/2026\/01\/clarika-dol-2025-03-225x150.jpg 225w, https:\/\/lamagicbox.com\/magazine\/wp-content\/uploads\/2026\/01\/clarika-dol-2025-03-450x300.jpg 450w\" sizes=\"auto, (max-width: 500px) 100vw, 500px\" \/><\/p> <p style=\"text-align: center;\">***<\/p> <p style=\"text-align: justify;\"><em>Merci aux musiciens et aux organisateurs de cette belle soir\u00e9e \u00e0 <a href=\"https:\/\/www.facebook.com\/odysseedolbzh\" target=\"_blank\" rel=\"noopener\">l'Odyss\u00e9e<\/a> !<br \/>Merci au label <a href=\"https:\/\/boutique.label-athome.com\/fr\/43-clarika\" target=\"_blank\" rel=\"noopener\">Athome<\/a> pour soutenir ces artistes.\u00a0<\/em><\/p> <p style=\"text-align: justify;\"><em>Plus de photos du concert sur <strong><a style=\"color: #993300;\" href=\"https:\/\/www.facebook.com\/media\/set\/?vanity=LaMagicBoxWebzine&amp;set=a.865523362249174\" target=\"_blank\" rel=\"noopener\">notre page facebook<\/a><\/strong>.\u00a0<\/em><\/p> <p><strong>[hr color=\"red\"]<\/strong><\/p> <p><a href=\"https:\/\/www.clarikaofficiel.com\/\" target=\"_blank\" rel=\"noopener\">Site<\/a>\u00a0\/\u00a0<a href=\"https:\/\/www.facebook.com\/ClarikaOfficiel\" target=\"_blank\" rel=\"noopener\">Facebook<\/a><\/p> <p>A lire, chronique : <em><b><a href=\"https:\/\/www.facebook.com\/LaMagicBoxWebzine\/photos_albums\" target=\"_blank\" rel=\"noopener\">\"Danse encore\"<\/a>.<\/b><\/em><\/p> <p><strong>[hr color=\"red\"]<\/strong><\/p> <p style=\"text-align: center;\"><img loading=\"lazy\" decoding=\"async\" src=\"https:\/\/lamagicbox.com\/magazine\/wp-content\/uploads\/2026\/01\/IMG_7706.jpg\" alt=\"\" width=\"500\" height=\"333\" srcset=\"https:\/\/lamagicbox.com\/magazine\/wp-content\/uploads\/2026\/01\/IMG_7706.jpg 500w, https:\/\/lamagicbox.com\/magazine\/wp-content\/uploads\/2026\/01\/IMG_7706-225x150.jpg 225w, https:\/\/lamagicbox.com\/magazine\/wp-content\/uploads\/2026\/01\/IMG_7706-450x300.jpg 450w\" sizes=\"auto, (max-width: 500px) 100vw, 500px\" \/><\/p>","_links":{"self":[{"href":"https:\/\/lamagicbox.com\/magazine\/wp-json\/wp\/v2\/posts\/44560","targetHints":{"allow":["GET"]}}],"collection":[{"href":"https:\/\/lamagicbox.com\/magazine\/wp-json\/wp\/v2\/posts"}],"about":[{"href":"https:\/\/lamagicbox.com\/magazine\/wp-json\/wp\/v2\/types\/post"}],"author":[{"embeddable":true,"href":"https:\/\/lamagicbox.com\/magazine\/wp-json\/wp\/v2\/users\/1"}],"replies":[{"embeddable":true,"href":"https:\/\/lamagicbox.com\/magazine\/wp-json\/wp\/v2\/comments?post=44560"}],"version-history":[{"count":24,"href":"https:\/\/lamagicbox.com\/magazine\/wp-json\/wp\/v2\/posts\/44560\/revisions"}],"predecessor-version":[{"id":44773,"href":"https:\/\/lamagicbox.com\/magazine\/wp-json\/wp\/v2\/posts\/44560\/revisions\/44773"}],"wp:featuredmedia":[{"embeddable":true,"href":"https:\/\/lamagicbox.com\/magazine\/wp-json\/wp\/v2\/media\/44569"}],"wp:attachment":[{"href":"https:\/\/lamagicbox.com\/magazine\/wp-json\/wp\/v2\/media?parent=44560"}],"wp:term":[{"taxonomy":"category","embeddable":true,"href":"https:\/\/lamagicbox.com\/magazine\/wp-json\/wp\/v2\/categories?post=44560"},{"taxonomy":"post_tag","embeddable":true,"href":"https:\/\/lamagicbox.com\/magazine\/wp-json\/wp\/v2\/tags?post=44560"}],"curies":[{"name":"wp","href":"https:\/\/api.w.org\/{rel}","templated":true}]}}