{"id":44304,"date":"2025-12-05T23:13:00","date_gmt":"2025-12-05T22:13:00","guid":{"rendered":"https:\/\/lamagicbox.com\/magazine\/?p=44304"},"modified":"2025-12-14T19:38:26","modified_gmt":"2025-12-14T18:38:26","slug":"mathias-malzieu-lamerance-05-12-2025-cancale-35","status":"publish","type":"post","link":"https:\/\/lamagicbox.com\/magazine\/mathias-malzieu-lamerance-05-12-2025-cancale-35\/","title":{"rendered":"Mathias Malzieu \u00e0 L&rsquo;Am\u00e9rance &#8211; Cancale (35)"},"content":{"rendered":"<!--themify_builder_content-->\n<div id=\"themify_builder_content-44304\" data-postid=\"44304\" class=\"themify_builder_content themify_builder_content-44304 themify_builder tf_clear\">\n    \t\t\t\t<!-- module_row -->\n\t\t<div  data-lazy=\"1\" class=\"module_row themify_builder_row tb_jwxy149 tb_first tf_w tf_clearfix\">\n\t\t\t\t\t<div class=\"row_inner col_align_top tb_col_count_1 tf_box tf_rel\">\n\t\t\t\t\t<div  data-lazy=\"1\" class=\"module_column tb-column col-full tb_8vqk150 first\">\n\t\t\t\t\t\t\t\t\t<div class=\"tb-column-inner tf_box tf_w\">\n\t\t\t\t<!-- module text -->\n<div  class=\"module module-text tb_ie4h95   \" data-lazy=\"1\">\n        <div  class=\"tb_text_wrap\">\n    <h1><span style=\"color: #800000;\"><img loading=\"lazy\" decoding=\"async\" class=\"aligncenter size-full wp-image-44325\" src=\"https:\/\/lamagicbox.com\/magazine\/wp-content\/uploads\/2025\/12\/mathias-malzieu-cancale-2025-08-950.jpg\" alt=\"mathias-malzieu-cancale\" width=\"950\" height=\"300\" srcset=\"https:\/\/lamagicbox.com\/magazine\/wp-content\/uploads\/2025\/12\/mathias-malzieu-cancale-2025-08-950.jpg 950w, https:\/\/lamagicbox.com\/magazine\/wp-content\/uploads\/2025\/12\/mathias-malzieu-cancale-2025-08-950-300x95.jpg 300w, https:\/\/lamagicbox.com\/magazine\/wp-content\/uploads\/2025\/12\/mathias-malzieu-cancale-2025-08-950-500x158.jpg 500w\" sizes=\"auto, (max-width: 950px) 100vw, 950px\" \/>MATHIAS MALZIEU \u00e0 Cancale<\/span><\/h1>\n<p><em><strong>\u201cL\u2019homme qui \u00e9coutait battre le c\u0153ur des chats\u201d : <\/strong><\/em><em>\u00ab\u00a0Une com\u00e9die musicale de poche, avec des chats et des fant\u00f4mes.\u00a0\u00bb<\/em><\/p>\n<p><strong>Date\u00a0:<\/strong> 5 d\u00e9cembre 2025<br \/><strong>Style : <\/strong>Rock, Pop, Chanson, etc<br \/><strong>Lieu\u00a0:<\/strong> P\u00f4le Culturel L&rsquo;Am\u00e9rance, Cancale (35)<\/p>\n<hr \/>\n<div dir=\"auto\">\n<p style=\"text-align: justify;\"><strong><em>L&rsquo;Am\u00e9rance de Cancale invitait ce vendredi Mathias Malzieu pour pr\u00e9senter son spectacle musical, en compagnie de Miky Biky, son comparse de Dionysos, aux claviers et \u00e0 la guitare.\u00a0<\/em><\/strong><\/p>\n<\/div>\n<p style=\"text-align: justify;\">Sous la forme d&rsquo;un conte musical, <strong>Mathias Malzieu<\/strong> a imagin\u00e9 ce spectacle qui m\u00e9lange le th\u00e9\u00e2tre, le dessin anim\u00e9, la com\u00e9die musicale, le conte pour enfant et le concert de rock. Il l&rsquo;a r\u00e9sum\u00e9 \u00ab\u00a0com\u00e9die musicale de poche\u00a0\u00bb. Restant dans son univers d&rsquo;animation, tel qu&rsquo;il l&rsquo;imagine depuis <strong><em>La M\u00e9canique du Coeur<\/em><\/strong>, Mathias Malzieu d\u00e9cline son dernier ouvrage <strong><em>\u201cL\u2019homme qui \u00e9coutait battre le c\u0153ur des chats\u201d<\/em><\/strong> telle une pi\u00e8ce th\u00e9\u00e2tre, dans laquelle participent des personnes r\u00e9els, ainsi que des personnages anim\u00e9s.<\/p>\n<p style=\"text-align: center;\"><img loading=\"lazy\" decoding=\"async\" class=\"aligncenter size-full wp-image-44326\" src=\"https:\/\/lamagicbox.com\/magazine\/wp-content\/uploads\/2025\/12\/mathias-malzieu-cancale-2025-03.jpg\" alt=\"\" width=\"500\" height=\"333\" srcset=\"https:\/\/lamagicbox.com\/magazine\/wp-content\/uploads\/2025\/12\/mathias-malzieu-cancale-2025-03.jpg 500w, https:\/\/lamagicbox.com\/magazine\/wp-content\/uploads\/2025\/12\/mathias-malzieu-cancale-2025-03-225x150.jpg 225w, https:\/\/lamagicbox.com\/magazine\/wp-content\/uploads\/2025\/12\/mathias-malzieu-cancale-2025-03-450x300.jpg 450w\" sizes=\"auto, (max-width: 500px) 100vw, 500px\" \/><\/p>\n<p style=\"text-align: justify;\">Pour donner du rythme \u00e0 ce sc\u00e9nario fantastique, une bande originale. Tr\u00e8s originale ! Une s\u00e9rie de reprises d&rsquo;artistes aussi vari\u00e9s que <strong>Lady Gaga, Charles Aznavour, Nine Inch Nails<\/strong> ou encore <strong>Georges Brassens<\/strong>. Les chansons y sont interpr\u00e9t\u00e9es fa\u00e7on crooner ou cabaret, par <strong>Mathias Malzieu<\/strong>, <b>Micha\u00ebl Ponton, <\/b>alias <strong>Miky Biky<\/strong>, le guitariste de <strong>Dionysos<\/strong>, et par la compagne de Mathias, <strong>Daria Nelson<\/strong>, dont la voix a \u00e9t\u00e9 pr\u00e9alablement enregistr\u00e9e, et diffus\u00e9e dans le film anim\u00e9. Pr\u00e9texte, en fin de spectacle, \u00e0 une anecdote rapport\u00e9e, de la chanteuse : est-ce que j&rsquo;ai chant\u00e9 juste ce soir ? \ud83d\ude09\u00a0<\/p>\n<p style=\"text-align: center;\"><img loading=\"lazy\" decoding=\"async\" class=\"aligncenter size-full wp-image-44327\" src=\"https:\/\/lamagicbox.com\/magazine\/wp-content\/uploads\/2025\/12\/mathias-malzieu-cancale-2025-05.jpg\" alt=\"\" width=\"500\" height=\"333\" srcset=\"https:\/\/lamagicbox.com\/magazine\/wp-content\/uploads\/2025\/12\/mathias-malzieu-cancale-2025-05.jpg 500w, https:\/\/lamagicbox.com\/magazine\/wp-content\/uploads\/2025\/12\/mathias-malzieu-cancale-2025-05-225x150.jpg 225w, https:\/\/lamagicbox.com\/magazine\/wp-content\/uploads\/2025\/12\/mathias-malzieu-cancale-2025-05-450x300.jpg 450w\" sizes=\"auto, (max-width: 500px) 100vw, 500px\" \/><\/p>\n<p style=\"text-align: justify;\">Dans cette salle, qui a aussi l&rsquo;air d&rsquo;un th\u00e9\u00e2tre de poche, avec sa capacit\u00e9 de 130 spectateurs &#8211; \u00e9videmment complet \u00e0 chaque concert &#8211;\u00a0 le spectacle de ce soir est dans son \u00e9l\u00e9ment naturel, parfaitement adapt\u00e9, tellement intime, que le chanteur n&rsquo;h\u00e9site \u00e0 sortir de sc\u00e8ne pour s&rsquo;approcher, d&rsquo;un seul pas, des spectateurs du premier rang. On se sent v\u00e9ritablement privil\u00e9gi\u00e9. Et on appr\u00e9cie d&rsquo;autant plus\u00a0 ce spectacle incomparable, o\u00f9 une chanson de <strong>Lady Gaga<\/strong> (<em>Bad Romance<\/em>) peut \u00eatre suivie par celle d&rsquo;<strong>Aznavour<\/strong> (<em>Emmenez-moi<\/em>), sans d\u00e9noter.<\/p>\n<p style=\"text-align: justify;\">Un spectacle qui commence par la fin (<em>The End<\/em> des <strong>Doors<\/strong>) et qui se termine avec un <em>Hymne \u00e0 l&rsquo;Amour<\/em> (Piaf). Un spectacle qui m\u00e9lange fiction et r\u00e9alit\u00e9. Un spectacle imagin\u00e9 pour des enfants, mais appr\u00e9ci\u00e9 par des \u00ab\u00a0grands\u00a0\u00bb (enfants). Un spectacle qui s&rsquo;ach\u00e8ve comme une pi\u00e8ce de th\u00e9\u00e2tre, avec la revue des acteurs, une pr\u00e9sentation de la g\u00e9n\u00e8se du spectacle, et, en guise de bouquet final, une s\u00e9ance de d\u00e9dicaces. Avec une patience infinie de Mathias, malgr\u00e9 des sympt\u00f4mes fi\u00e9vreux qui n&rsquo;ont pas rendu simples le d\u00e9roulement du spectacle, mais qui ne s&rsquo;est pas vu un seul instant.\u00a0\u00a0<\/p>\n<p style=\"text-align: justify;\">Une promesse enfin. Le retour de Dionysos en 2027, le nouvel album \u00e9tant en gestation avant d&rsquo;\u00eatre enregistr\u00e9 courant 2026. De l\u00e0 \u00e0 imaginer le groupe de retour en Bretagne dans deux ans, il n&rsquo;y a qu&rsquo;un pas. D&rsquo;autant que Mathias l&rsquo;a rappel\u00e9 durant les d\u00e9dicaces : Dionysos n&rsquo;est venu qu&rsquo;une seule fois \u00e0 la Route du Rock, et c&rsquo;\u00e9tait il y a 20 ans d\u00e9j\u00e0&#8230;.\u00a0\u00a0<\/p>\n<p style=\"text-align: center;\"><img loading=\"lazy\" decoding=\"async\" class=\"aligncenter size-full wp-image-44328\" src=\"https:\/\/lamagicbox.com\/magazine\/wp-content\/uploads\/2025\/12\/mathias-malzieu-cancale-2025-04.jpg\" alt=\"\" width=\"500\" height=\"333\" srcset=\"https:\/\/lamagicbox.com\/magazine\/wp-content\/uploads\/2025\/12\/mathias-malzieu-cancale-2025-04.jpg 500w, https:\/\/lamagicbox.com\/magazine\/wp-content\/uploads\/2025\/12\/mathias-malzieu-cancale-2025-04-225x150.jpg 225w, https:\/\/lamagicbox.com\/magazine\/wp-content\/uploads\/2025\/12\/mathias-malzieu-cancale-2025-04-450x300.jpg 450w\" sizes=\"auto, (max-width: 500px) 100vw, 500px\" \/><\/p>\n<p>\u00a0<\/p>\n<hr \/>\n<p><em>Merci aux musiciens, aux techniciens et aux organisateurs de cette belle soir\u00e9e \u00e0<strong> l&rsquo; Am\u00e9rance<\/strong> de Cancale<\/em><em>\u00a0!<\/em><\/p>\n<hr \/>    <\/div>\n<\/div>\n<!-- \/module text -->\t\t\t\t<\/div><!-- .tb-column-inner -->\n\t\t\t\t\t\t<\/div><!-- .module_column -->\n\t\t\t\t\t\t<\/div><!-- .row_inner -->\n\t\t<\/div><!-- .module_row -->\n\t\t\t\t<\/div>\n<!--\/themify_builder_content-->","protected":false},"excerpt":{"rendered":"<p>MATHIAS MALZIEU \u00e0 Cancale \u201cL\u2019homme qui \u00e9coutait battre le c\u0153ur des chats\u201d : \u00ab\u00a0Une com\u00e9die musicale de poche, avec des chats et des fant\u00f4mes.\u00a0\u00bb Date\u00a0: 5 d\u00e9cembre 2025Style : Rock, Pop, Chanson, etcLieu\u00a0: P\u00f4le Culturel L&rsquo;Am\u00e9rance, Cancale (35) L&rsquo;Am\u00e9rance de Cancale invitait ce vendredi Mathias Malzieu pour pr\u00e9senter son spectacle musical, en compagnie de Miky [&hellip;]<\/p>\n","protected":false},"author":1,"featured_media":44325,"comment_status":"open","ping_status":"open","sticky":false,"template":"","format":"standard","meta":{"footnotes":""},"categories":[57],"tags":[4108,4557,59,2471,4109,2177,4556],"class_list":["post-44304","post","type-post","status-publish","format-standard","has-post-thumbnail","hentry","category-reportage-concert","tag-cancale","tag-comedie-musicale","tag-concert","tag-dionysos","tag-lamerance","tag-mathias-malzieu","tag-spectacle","has-post-title","has-post-date","has-post-category","has-post-tag","has-post-comment","has-post-author",""],"builder_content":"<h1><img loading=\"lazy\" decoding=\"async\" src=\"https:\/\/lamagicbox.com\/magazine\/wp-content\/uploads\/2025\/12\/mathias-malzieu-cancale-2025-08-950.jpg\" alt=\"mathias-malzieu-cancale\" width=\"950\" height=\"300\" srcset=\"https:\/\/lamagicbox.com\/magazine\/wp-content\/uploads\/2025\/12\/mathias-malzieu-cancale-2025-08-950.jpg 950w, https:\/\/lamagicbox.com\/magazine\/wp-content\/uploads\/2025\/12\/mathias-malzieu-cancale-2025-08-950-300x95.jpg 300w, https:\/\/lamagicbox.com\/magazine\/wp-content\/uploads\/2025\/12\/mathias-malzieu-cancale-2025-08-950-500x158.jpg 500w\" sizes=\"auto, (max-width: 950px) 100vw, 950px\" \/>MATHIAS MALZIEU \u00e0 Cancale<\/h1> <p><em><strong>\u201cL\u2019homme qui \u00e9coutait battre le c\u0153ur des chats\u201d : <\/strong><\/em><em>\"Une com\u00e9die musicale de poche, avec des chats et des fant\u00f4mes.\"<\/em><\/p> <p><strong>Date\u00a0:<\/strong> 5 d\u00e9cembre 2025<br \/><strong>Style : <\/strong>Rock, Pop, Chanson, etc<br \/><strong>Lieu\u00a0:<\/strong> P\u00f4le Culturel L'Am\u00e9rance, Cancale (35)<\/p> <hr \/>\n<p style=\"text-align: justify;\"><strong><em>L'Am\u00e9rance de Cancale invitait ce vendredi Mathias Malzieu pour pr\u00e9senter son spectacle musical, en compagnie de Miky Biky, son comparse de Dionysos, aux claviers et \u00e0 la guitare.\u00a0<\/em><\/strong><\/p>\n<p style=\"text-align: justify;\">Sous la forme d'un conte musical, <strong>Mathias Malzieu<\/strong> a imagin\u00e9 ce spectacle qui m\u00e9lange le th\u00e9\u00e2tre, le dessin anim\u00e9, la com\u00e9die musicale, le conte pour enfant et le concert de rock. Il l'a r\u00e9sum\u00e9 \"com\u00e9die musicale de poche\". Restant dans son univers d'animation, tel qu'il l'imagine depuis <strong><em>La M\u00e9canique du Coeur<\/em><\/strong>, Mathias Malzieu d\u00e9cline son dernier ouvrage <strong><em>\u201cL\u2019homme qui \u00e9coutait battre le c\u0153ur des chats\u201d<\/em><\/strong> telle une pi\u00e8ce th\u00e9\u00e2tre, dans laquelle participent des personnes r\u00e9els, ainsi que des personnages anim\u00e9s.<\/p> <p style=\"text-align: center;\"><img loading=\"lazy\" decoding=\"async\" src=\"https:\/\/lamagicbox.com\/magazine\/wp-content\/uploads\/2025\/12\/mathias-malzieu-cancale-2025-03.jpg\" alt=\"\" width=\"500\" height=\"333\" srcset=\"https:\/\/lamagicbox.com\/magazine\/wp-content\/uploads\/2025\/12\/mathias-malzieu-cancale-2025-03.jpg 500w, https:\/\/lamagicbox.com\/magazine\/wp-content\/uploads\/2025\/12\/mathias-malzieu-cancale-2025-03-225x150.jpg 225w, https:\/\/lamagicbox.com\/magazine\/wp-content\/uploads\/2025\/12\/mathias-malzieu-cancale-2025-03-450x300.jpg 450w\" sizes=\"auto, (max-width: 500px) 100vw, 500px\" \/><\/p> <p style=\"text-align: justify;\">Pour donner du rythme \u00e0 ce sc\u00e9nario fantastique, une bande originale. Tr\u00e8s originale ! Une s\u00e9rie de reprises d'artistes aussi vari\u00e9s que <strong>Lady Gaga, Charles Aznavour, Nine Inch Nails<\/strong> ou encore <strong>Georges Brassens<\/strong>. Les chansons y sont interpr\u00e9t\u00e9es fa\u00e7on crooner ou cabaret, par <strong>Mathias Malzieu<\/strong>, <b>Micha\u00ebl Ponton, <\/b>alias <strong>Miky Biky<\/strong>, le guitariste de <strong>Dionysos<\/strong>, et par la compagne de Mathias, <strong>Daria Nelson<\/strong>, dont la voix a \u00e9t\u00e9 pr\u00e9alablement enregistr\u00e9e, et diffus\u00e9e dans le film anim\u00e9. Pr\u00e9texte, en fin de spectacle, \u00e0 une anecdote rapport\u00e9e, de la chanteuse : est-ce que j'ai chant\u00e9 juste ce soir ? ;)\u00a0<\/p> <p style=\"text-align: center;\"><img loading=\"lazy\" decoding=\"async\" src=\"https:\/\/lamagicbox.com\/magazine\/wp-content\/uploads\/2025\/12\/mathias-malzieu-cancale-2025-05.jpg\" alt=\"\" width=\"500\" height=\"333\" srcset=\"https:\/\/lamagicbox.com\/magazine\/wp-content\/uploads\/2025\/12\/mathias-malzieu-cancale-2025-05.jpg 500w, https:\/\/lamagicbox.com\/magazine\/wp-content\/uploads\/2025\/12\/mathias-malzieu-cancale-2025-05-225x150.jpg 225w, https:\/\/lamagicbox.com\/magazine\/wp-content\/uploads\/2025\/12\/mathias-malzieu-cancale-2025-05-450x300.jpg 450w\" sizes=\"auto, (max-width: 500px) 100vw, 500px\" \/><\/p> <p style=\"text-align: justify;\">Dans cette salle, qui a aussi l'air d'un th\u00e9\u00e2tre de poche, avec sa capacit\u00e9 de 130 spectateurs - \u00e9videmment complet \u00e0 chaque concert -\u00a0 le spectacle de ce soir est dans son \u00e9l\u00e9ment naturel, parfaitement adapt\u00e9, tellement intime, que le chanteur n'h\u00e9site \u00e0 sortir de sc\u00e8ne pour s'approcher, d'un seul pas, des spectateurs du premier rang. On se sent v\u00e9ritablement privil\u00e9gi\u00e9. Et on appr\u00e9cie d'autant plus\u00a0 ce spectacle incomparable, o\u00f9 une chanson de <strong>Lady Gaga<\/strong> (<em>Bad Romance<\/em>) peut \u00eatre suivie par celle d'<strong>Aznavour<\/strong> (<em>Emmenez-moi<\/em>), sans d\u00e9noter.<\/p> <p style=\"text-align: justify;\">Un spectacle qui commence par la fin (<em>The End<\/em> des <strong>Doors<\/strong>) et qui se termine avec un <em>Hymne \u00e0 l'Amour<\/em> (Piaf). Un spectacle qui m\u00e9lange fiction et r\u00e9alit\u00e9. Un spectacle imagin\u00e9 pour des enfants, mais appr\u00e9ci\u00e9 par des \"grands\" (enfants). Un spectacle qui s'ach\u00e8ve comme une pi\u00e8ce de th\u00e9\u00e2tre, avec la revue des acteurs, une pr\u00e9sentation de la g\u00e9n\u00e8se du spectacle, et, en guise de bouquet final, une s\u00e9ance de d\u00e9dicaces. Avec une patience infinie de Mathias, malgr\u00e9 des sympt\u00f4mes fi\u00e9vreux qui n'ont pas rendu simples le d\u00e9roulement du spectacle, mais qui ne s'est pas vu un seul instant.\u00a0\u00a0<\/p> <p style=\"text-align: justify;\">Une promesse enfin. Le retour de Dionysos en 2027, le nouvel album \u00e9tant en gestation avant d'\u00eatre enregistr\u00e9 courant 2026. De l\u00e0 \u00e0 imaginer le groupe de retour en Bretagne dans deux ans, il n'y a qu'un pas. D'autant que Mathias l'a rappel\u00e9 durant les d\u00e9dicaces : Dionysos n'est venu qu'une seule fois \u00e0 la Route du Rock, et c'\u00e9tait il y a 20 ans d\u00e9j\u00e0....\u00a0\u00a0<\/p> <p style=\"text-align: center;\"><img loading=\"lazy\" decoding=\"async\" src=\"https:\/\/lamagicbox.com\/magazine\/wp-content\/uploads\/2025\/12\/mathias-malzieu-cancale-2025-04.jpg\" alt=\"\" width=\"500\" height=\"333\" srcset=\"https:\/\/lamagicbox.com\/magazine\/wp-content\/uploads\/2025\/12\/mathias-malzieu-cancale-2025-04.jpg 500w, https:\/\/lamagicbox.com\/magazine\/wp-content\/uploads\/2025\/12\/mathias-malzieu-cancale-2025-04-225x150.jpg 225w, https:\/\/lamagicbox.com\/magazine\/wp-content\/uploads\/2025\/12\/mathias-malzieu-cancale-2025-04-450x300.jpg 450w\" sizes=\"auto, (max-width: 500px) 100vw, 500px\" \/><\/p> <p>\u00a0<\/p> <hr \/> <p><em>Merci aux musiciens, aux techniciens et aux organisateurs de cette belle soir\u00e9e \u00e0<strong> l' Am\u00e9rance<\/strong> de Cancale<\/em><em>\u00a0!<\/em><\/p> <hr \/>","_links":{"self":[{"href":"https:\/\/lamagicbox.com\/magazine\/wp-json\/wp\/v2\/posts\/44304","targetHints":{"allow":["GET"]}}],"collection":[{"href":"https:\/\/lamagicbox.com\/magazine\/wp-json\/wp\/v2\/posts"}],"about":[{"href":"https:\/\/lamagicbox.com\/magazine\/wp-json\/wp\/v2\/types\/post"}],"author":[{"embeddable":true,"href":"https:\/\/lamagicbox.com\/magazine\/wp-json\/wp\/v2\/users\/1"}],"replies":[{"embeddable":true,"href":"https:\/\/lamagicbox.com\/magazine\/wp-json\/wp\/v2\/comments?post=44304"}],"version-history":[{"count":15,"href":"https:\/\/lamagicbox.com\/magazine\/wp-json\/wp\/v2\/posts\/44304\/revisions"}],"predecessor-version":[{"id":44391,"href":"https:\/\/lamagicbox.com\/magazine\/wp-json\/wp\/v2\/posts\/44304\/revisions\/44391"}],"wp:featuredmedia":[{"embeddable":true,"href":"https:\/\/lamagicbox.com\/magazine\/wp-json\/wp\/v2\/media\/44325"}],"wp:attachment":[{"href":"https:\/\/lamagicbox.com\/magazine\/wp-json\/wp\/v2\/media?parent=44304"}],"wp:term":[{"taxonomy":"category","embeddable":true,"href":"https:\/\/lamagicbox.com\/magazine\/wp-json\/wp\/v2\/categories?post=44304"},{"taxonomy":"post_tag","embeddable":true,"href":"https:\/\/lamagicbox.com\/magazine\/wp-json\/wp\/v2\/tags?post=44304"}],"curies":[{"name":"wp","href":"https:\/\/api.w.org\/{rel}","templated":true}]}}