{"id":43717,"date":"2025-10-01T16:27:00","date_gmt":"2025-10-01T14:27:00","guid":{"rendered":"https:\/\/lamagicbox.com\/magazine\/?p=43717"},"modified":"2025-11-03T19:00:56","modified_gmt":"2025-11-03T18:00:56","slug":"news-doctobre-2025","status":"publish","type":"post","link":"https:\/\/lamagicbox.com\/magazine\/news-doctobre-2025\/","title":{"rendered":"News d&rsquo;Octobre 2025"},"content":{"rendered":"<!--themify_builder_content-->\n<div id=\"themify_builder_content-43717\" data-postid=\"43717\" class=\"themify_builder_content themify_builder_content-43717 themify_builder tf_clear\">\n    \t\t\t\t<!-- module_row -->\n\t\t<div  data-lazy=\"1\" class=\"module_row themify_builder_row tb_izi7682 tb_first tf_w tf_clearfix\">\n\t\t\t\t\t<div class=\"row_inner col_align_top tb_col_count_1 tf_box tf_rel\">\n\t\t\t\t\t<div  data-lazy=\"1\" class=\"module_column tb-column col-full tb_skdb682 first\">\n\t\t\t\t\t\t\t\t\t<div class=\"tb-column-inner tf_box tf_w\">\n\t\t\t\t<!-- module text -->\n<div  class=\"module module-text tb_t9b9293   \" data-lazy=\"1\">\n        <div  class=\"tb_text_wrap\">\n    <hr \/>\n<p><span style=\"color: #800000;\"><strong>KARABOUDJAN &#8211; NOUVEL EP !\u00a0<\/strong><\/span><\/p>\n<p style=\"text-align: justify;\">Le nouvel EP de Karaboudjan &#8211; \u00ab\u00a0Garage Love\u00a0\u00bb &#8211; est annonc\u00e9 pour le 12 d\u00e9cembre 2025 ! Quatre titres et un condens\u00e9 de garage psych\u00e9d\u00e9lique euphorisant, aux influences 60&rsquo;s. Deux singles sont d\u00e9j\u00e0 disponibles, \u00ab\u00a0La Pirogue\u00a0\u00bb et \u00ab\u00a03615 Papagai\u00a0\u00bb. \u00ab\u00a0Garage Love\u00a0\u00bb est la premi\u00e8re partie d&rsquo;un diptyque : un second EP est pr\u00e9vu en 2026 : \u00ab\u00a0Garage Punk\u00a0\u00bb. Le groupe f\u00eatera la sortie des vinyles, CDs et K7 le 6 d\u00e9cembre 2025 \u00e0 La Biscuiterie (Ch\u00e2teau-Thierry, 02), avant de partir pour le Supersonic le 16 d\u00e9cembre 2025.<br \/><a href=\"https:\/\/www.facebook.com\/Karaboudjanband\" target=\"_blank\" rel=\"noopener\">Facebook<\/a> \/ <a href=\"https:\/\/www.instagram.com\/karaboudjan_band\/\" target=\"_blank\" rel=\"noopener\">Instagram<\/a> \/ <a href=\"https:\/\/linktr.ee\/krbdjn\" target=\"_blank\" rel=\"noopener\">Linktr.ee<\/a> \/ <a href=\"https:\/\/www.youtube.com\/channel\/UChif38leME8Ur0oB7bjjDkg\" target=\"_blank\" rel=\"noopener\">Youtube<\/a><\/p>\n<p>\n<div class=\"post-video\"><iframe loading=\"lazy\" title=\"La pirogue\" width=\"1165\" height=\"874\" src=\"https:\/\/www.youtube.com\/embed\/cmRNUJGFGEc?list=OLAK5uy_mxSInFzaqdVJ-BN7VoOvAgBk5PrdGdYIM\" frameborder=\"0\" allow=\"accelerometer; autoplay; clipboard-write; encrypted-media; gyroscope; picture-in-picture; web-share\" referrerpolicy=\"strict-origin-when-cross-origin\" allowfullscreen><\/iframe><\/div>\n<\/p>\n<hr \/>\n<p><span style=\"color: #800000;\"><strong>TELEMAC &#8211; PREMIER EP !\u00a0<\/strong><\/span><\/p>\n<p style=\"text-align: justify;\">Le groupe Montpelli\u00e9rain Telemac annonce la sortie de son premier EP \u00e9ponyme pour le 5 d\u00e9cembre. Un premier extrait sera r\u00e9v\u00e9l\u00e9 le 7 novembre, avec le clip de \u00ab\u00a0Through My Love\u00a0\u00bb, un titre qui condense les qualit\u00e9s attachantes du quatuor : de l&rsquo;up-tempo, des guitares lourdes et des m\u00e9lodies efficaces qui s&rsquo;installent dans l&rsquo;oreille pour un certain temps. <br \/><a href=\"https:\/\/www.facebook.com\/telemacmusic\" target=\"_blank\" rel=\"noopener\">Facebook<\/a><\/p>\n<p><img decoding=\"async\" class=\"aligncenter\" src=\"https:\/\/scontent-cdg4-3.xx.fbcdn.net\/v\/t39.30808-6\/559751944_1227232242753683_1638987177997339982_n.jpg?stp=dst-jpg_s640x640_tt6&amp;_nc_cat=111&amp;ccb=1-7&amp;_nc_sid=127cfc&amp;_nc_ohc=-Aacef1nDLAQ7kNvwFfBqJ3&amp;_nc_oc=AdmG6QbdRoR2W31pydb_urVE_Rn9_6XwvcvYbHUHCRhDsFrDjHgSDl2GcDbmwpZ9q-3eApMmOs-Pov6lmYYZRY35&amp;_nc_zt=23&amp;_nc_ht=scontent-cdg4-3.xx&amp;_nc_gid=TsELRxr7tWVPgXVhpmUPoA&amp;oh=00_AffseDsVpCPp2jMyPbFD4KoU5HcKRsae7DU43UgkWb1udA&amp;oe=6907E5AA\" alt=\"Peut \u00eatre une image de texte qui dit \u2019Le 28 28.1025 \u0a26\u0a2e\u0a70 PARIS -La - La Peniche Antipode 20h Presentation Live du ler EP Le 07.11,25 Sortie du ler clip \u00abThrough My Love\u00bb &gt;&gt; Le 3e 05 5,12,25 RELEASE PARTY \/\/\/ de 1 Ep format Vinyle MAXI 45T VICTOIRE 2 - 19h Entr\u00e9e gratuite\u2019\" \/><\/p>\n<hr \/>\n<p style=\"text-align: justify;\"><strong><span style=\"color: #800000;\">CALEB NICHOLS &#8211; STONE AGE IS BACK\u00a0<\/span><\/strong><br \/><span class=\"Y2IQFc\" lang=\"fr\"><strong><em>\u00ab\u00a0Stone Age Is Back\u00a0\u00bb<\/em><\/strong>, le troisi\u00e8me album solo de l&rsquo;auteur-compositeur-interpr\u00e8te californien, <strong>Caleb Nichols<\/strong> (ex-<strong>Port O\u2019Brien, Grand Lake, Soft People&#8230;)<\/strong>. Sorti sur <\/span><span class=\"Y2IQFc\" lang=\"fr\"><em>Royal Oakie Records<\/em> le 3 octobre 2025, ce nouvel opus se compose de 13 nouveau titres qui \u00e9voquent successivement\u00a0<\/span><span class=\"Y2IQFc\" lang=\"fr\">le chagrin, la culpabilit\u00e9, la complicit\u00e9, la joie, la col\u00e8re ou la peur devant la catastrophe annonc\u00e9e d&rsquo;un monde au bord de l&rsquo;effondrement. Il y a une forme de m\u00e9lancolie, pour ne pas dire de nostalgie, avant m\u00eame la disparition, \u00e0 la mani\u00e8re des regrett\u00e9s <strong>Elliott Smith <\/strong>ou<strong> John Lennon.<\/strong>\u00a0 \u00a0<br \/><a href=\"https:\/\/calebnichols.bandcamp.com\/album\/stone-age-is-back-2\" target=\"_blank\" rel=\"noopener\">bandcamp<\/a>\u00a0<\/span><\/p>\n<p style=\"text-align: center;\"><iframe style=\"border: 0; width: 100%; height: 120px;\" src=\"https:\/\/bandcamp.com\/EmbeddedPlayer\/album=2329215000\/size=large\/bgcol=333333\/linkcol=e99708\/tracklist=false\/artwork=small\/transparent=true\/\" seamless=\"\"><a href=\"https:\/\/calebnichols.bandcamp.com\/album\/stone-age-is-back-2\">Stone Age Is Back de Caleb Nichols<\/a><\/iframe>\u00a0<\/p>\n<hr \/>\n<p style=\"text-align: justify;\"><strong><span style=\"color: #800000;\">CAMILLA SPARKSSS &#8211; ICU RUN<\/span><br \/><\/strong>La chanteuse canadienne, originaire de Kenora, dans l\u2019Ontario est de retour avec sa pop exp\u00e9rimentale. On l&rsquo;avait d\u00e9couvert en 2019 avec <strong><em>Brutal<\/em>, <\/strong>son deuxi\u00e8me sorti sur le label Camper Records. On la red\u00e9couvre en 2025 avec Icu Run, un nouvel album qui arrive dans la continuit\u00e9 de <strong><em>Lullabies<\/em><\/strong>, \u00e9dit\u00e9 en 2023. C&rsquo;est donc le 4e LP de la bidouilleuse de sons. Et une fois encore, elle surprend et intrigue, rappelant, par chez nous, les univers de Kas Product, Kompromat ou encore de Jeanne Added. On aime A d\u00e9couvrir avec des titres puissant comme <em>I like the noise<\/em> ou <em>Stranger<\/em>. L&rsquo;album de <strong>Camilla Sparksss<\/strong>,\u00a0 <strong><em>Icu Run<\/em><\/strong> est sorti en septembre dernier, mais il n&rsquo;est pas trop tard pour en parler et pour le d\u00e9couvrir.\u00a0<\/p>\n<p style=\"text-align: center;\"><iframe style=\"border: 0; width: 100%; height: 120px;\" src=\"https:\/\/bandcamp.com\/EmbeddedPlayer\/album=3671897463\/size=large\/bgcol=333333\/linkcol=e99708\/tracklist=false\/artwork=small\/transparent=true\/\" seamless=\"\"><a href=\"https:\/\/camillasparksss.bandcamp.com\/album\/icu-run\">ICU RUN de Camilla Sparksss<\/a><\/iframe><\/p>\n<hr \/>\n<p style=\"text-align: justify;\"><span style=\"color: #800000;\"><strong>FRANCOIS PUYALTO &#8211; MALREVERT\u00a0<\/strong><\/span><br \/>C&rsquo;est avec <strong><a href=\"https:\/\/lamagicbox.com\/magazine\/antoine-sahler-eponyme\/\">Antoine Sahler<\/a><\/strong> que <strong>Fran\u00e7ois Puyalto<\/strong> a travaill\u00e9 sur ce nouvel album. Son titre<strong><em> Malrevert<\/em><\/strong>, comme le nom de ce lieu cher au chanteur-guitariste, originaire d&rsquo;Ard\u00e8che. Comme pour signifier une affection particuli\u00e8re \u00e0 ce lieu ou pour souligner toute la part de lui-m\u00eame qu&rsquo;il a pu mettre dans ce nouvel album. Car, <em><strong>Malrevert<\/strong> <\/em>est un album de chansons tr\u00e8s personnelles, enregistr\u00e9 de fa\u00e7on \u00ab\u00a0maison\u00a0\u00bb, en home studio, et orchestr\u00e9 de mille et une astuces, pour un rendu tr\u00e8s singulier. C\u00f4t\u00e9 texte, il y m\u00eale une forme d&rsquo;engagement politique (Lutte des classes), m\u00e9lancolie (Rue de Belle ville, Paul Emile Victor) et voyage\u00a0 (Trains, \u00f9 tu veux). L&rsquo;album est sorti le 10 octobre via le label Le Furieux.\u00a0\u00a0<br \/><a href=\"https:\/\/www.puyalto.fr\/\" target=\"_blank\" rel=\"noopener\">Site officiel<\/a> \/\u00a0 <a href=\"https:\/\/www.facebook.com\/francoispuyaltomusic\" target=\"_blank\" rel=\"noopener\">FB<\/a><\/p>\n<p style=\"text-align: center;\">\u00a0<iframe loading=\"lazy\" title=\"YouTube video player\" src=\"https:\/\/www.youtube.com\/embed\/oD0O46QLqEw?si=n6y8Cqw94yCAe6zK\" width=\"450\" height=\"253\" frameborder=\"0\" allowfullscreen=\"allowfullscreen\"><span data-mce-type=\"bookmark\" style=\"display: inline-block; width: 0px; overflow: hidden; line-height: 0;\" class=\"mce_SELRES_start\">\ufeff<\/span><\/iframe><\/p>\n<hr \/>\n<p style=\"text-align: justify;\"><strong><span style=\"color: #800000;\">MARY SHELLEY EN TOURNEE EN FRANCE\u00a0<\/span><\/strong><br \/>\u00ab\u00a0Du punk sur lequel on peut danser : c\u2019est ce que proposent les membres de Mary Shalley (de Brooklyn\/NYC\/USA), un groupe qui change de genre comme d\u2019instruments. Leurs rythmes post-punk sont impr\u00e9gn\u00e9s d\u2019\u00e9l\u00e9ments de dance, de disco, de shoegaze, de hip-hop et bien plus encore, avec des influences qui traversent les g\u00e9n\u00e9rations, les sonorit\u00e9s et les styles.\u00a0\u00bb<br \/><em>Les dates de la tourn\u00e9e :\u00a0<\/em><br \/>24.10 FR Troyes &#8211; Off Off Off<br \/>29.10 FR Rouen &#8211; Les 3 pieces<br \/>30.10 FR Paris &#8211; Supersonic<br \/>31.10 FR Douarnenez &#8211; Le Pav\u00e9<br \/>1.11 FR Bordeaux &#8211; Allez Les Filles<br \/>2.11 FR Marseille******<\/p>\n<p style=\"text-align: center;\"><iframe loading=\"lazy\" title=\"YouTube video player\" src=\"https:\/\/www.youtube.com\/embed\/YISGDIxHrWk?si=AD0NDeKLQk1pCTEa\" width=\"450\" height=\"253\" frameborder=\"0\" allowfullscreen=\"allowfullscreen\"><span data-mce-type=\"bookmark\" style=\"display: inline-block; width: 0px; overflow: hidden; line-height: 0;\" class=\"mce_SELRES_start\">\ufeff<\/span><\/iframe>\u00a0<\/p>\n<hr \/>\n<p><span style=\"color: #800000;\"><strong>DELEO &#8211; NOUVEL EP !\u00a0<\/strong><\/span><\/p>\n<p style=\"text-align: justify;\">\u00ab If This World Was Mine \u00bb est annonc\u00e9 pour le 14 novembre 2025. Les six titres sont \u00e0 l&rsquo;image du premier single \u00ab\u00a0Assholes And Ashes\u00a0\u00bb, d\u00e9j\u00e0 disponible : incisifs dans le son comme dans la formule ! Et il sera possible de d\u00e9couvrir le nouvel opus en live tr\u00e8s bient\u00f4t : plusieurs dates sont annonc\u00e9es un peu partout en France, avec notamment un passage parisien \u00e0 la M\u00e9canique Ondulatoire le 21 novembre 2025.<br \/><a href=\"https:\/\/deleoofficial.com\/?utm_source=etarget&amp;utm_medium=email&amp;utm_campaign=DELEO\" target=\"_blank\" rel=\"noopener\">Site<\/a> \/ <a href=\"https:\/\/www.instagram.com\/Deleo_Officiel\/\" target=\"_blank\" rel=\"noopener\">Insta<\/a>\u00a0<\/p>\n<p>\n<div class=\"post-video\"><iframe loading=\"lazy\" title=\"Asshole and Ashes\" width=\"1165\" height=\"874\" src=\"https:\/\/www.youtube.com\/embed\/il2HNGnfTzM?feature=oembed\" frameborder=\"0\" allow=\"accelerometer; autoplay; clipboard-write; encrypted-media; gyroscope; picture-in-picture; web-share\" referrerpolicy=\"strict-origin-when-cross-origin\" allowfullscreen><\/iframe><\/div>\n<\/p>\n<hr \/>\n<p style=\"text-align: justify;\"><span style=\"color: #800000;\"><strong>GERARD MANSET EN MAXI 45T EN NOVEMBRE\u00a0<\/strong><\/span><br \/><img loading=\"lazy\" decoding=\"async\" class=\"alignleft size-full wp-image-43809\" src=\"https:\/\/lamagicbox.com\/magazine\/wp-content\/uploads\/2025\/09\/manset-2025.jpg\" alt=\"manset 2025\" width=\"150\" height=\"150\" \/>Apr\u00e8s son album <strong><em>L&rsquo;algue bleue\u00a0<\/em><\/strong>sorti en 2024,\u00a0G\u00e9rard Manset annonce d\u00e9j\u00e0 son retour avec un maxi 45 tours in\u00e9dit, en \u00e9dition limit\u00e9e et num\u00e9rot\u00e9e, pr\u00e9lude \u00e0 un nouvel album attendu d\u00e9but 2026.<br data-start=\"224\" data-end=\"227\" \/>Deux titres puissants : <em><strong data-start=\"251\" data-end=\"273\">\u00ab Je ne veux pas \u00bb<\/strong>,<\/em> fresque lumineuse de plus de 11 minutes, et <em><strong data-start=\"319\" data-end=\"359\">\u00ab Mon p\u00e8re m\u2019a pris sur ses genoux \u00bb<\/strong><\/em>, chanson intime et universelle. Une parution rare, sous ce format, qui confirme la force et l\u2019inspiration intactes d\u2019un artiste hors du commun. Sortie pr\u00e9vue le 7 novembre 2025 chez <strong>Verycord<\/strong> avec une pochette qui rappellera aux fans de la premi\u00e8re heure, <strong><em>La Mort d&rsquo;Orion<\/em><\/strong>.\u00a0<br \/><em><a href=\"https:\/\/msr.r.bh.d.sendibt3.com\/mk\/cl\/f\/sh\/1t6Af4Oj9PgrH6j5nLE7YJdGpoZREv\/Y3Mwxj3VMiPy\" target=\"_blank\" rel=\"noopener\">Lien de Pr\u00e9commande<\/a><\/em><\/p>\n<hr \/>\n<p style=\"text-align: justify;\"><span style=\"color: #800000;\"><strong>FIL &#8211; J&rsquo;AIME\u00a0<\/strong><\/span><br \/><img loading=\"lazy\" decoding=\"async\" class=\"alignleft size-full wp-image-43718\" src=\"https:\/\/lamagicbox.com\/magazine\/wp-content\/uploads\/2025\/09\/fil-jaime-2025.jpg\" alt=\"Fil - J'aime\" width=\"150\" height=\"150\" \/>Un tout premier album pour un artiste qui n&rsquo;en est pas \u00e0 son premier essai ! Fil a longtemps \u00e9t\u00e9 <strong>Eric Philippon<\/strong>, guitariste m\u00e9lodiste du groupe <strong>La Tordue<\/strong>, jusqu&rsquo;en 2003, avant d&rsquo;accompagner d&rsquo;autres artistes dans leur aventure, notamment avec Lo\u00efc Lantoine. Mais voil\u00e0, maintenant, le temps \u00e9tait venu, il avait envie de faire entendre ses propres chansons ! Sa bio le situe \u00e0 la crois\u00e9e des genres de Tortoise et Kat Onoma. Deux bonnes raisons, en plus d&rsquo;\u00eatre un ex-La Tordue, pour aller jeter une oreille sur <strong><em>\u00ab\u00a0J&rsquo;aime\u00a0\u00bb<\/em><\/strong> qui sort le 31 octobre 2025 en CD, Vinyle et Digital, distribu\u00e9 par IRFAN.<br \/><a href=\"https:\/\/www.facebook.com\/musiques.fil\/\" target=\"_blank\" rel=\"noopener\">FB<\/a><\/p>\n<hr \/>\n<p class=\" title-part\" style=\"text-align: justify;\"><span style=\"color: #800000;\"><strong>DROPKICK MURPHYS \u2013 FOR THE PEOPLE<br \/><\/strong><\/span><span class=\"Y2IQFc\" lang=\"fr\">For the People est le treizi\u00e8me album studio du groupe punk celtique am\u00e9ricain <strong>Dropkick Murphys<\/strong> ! Il \u00e9tait d\u00e9j\u00e0 disponible en streaming depuis le 4 juillet 2025, il sort cette fois le 10 octobre 2025 en CD et LP, sur le label Dummy Luck Records. A noter que les versions CD et LP de l&rsquo;album comporteront cinq titres bonus qui n&rsquo;appara\u00eessent pas sur la version streaming ! L&rsquo;album marque le retour du chanteur <strong>Al Barr<\/strong> sur une des chansons de l&rsquo;album ; il est en effet en pause depuis 2022 pour des raisons familiales. Billy Bragg, The Scratch et The Mary Wallopers font \u00e9galement des apparitions sur ce nouvel opus. L&rsquo;\u00e9pouvantail Trump semble avoir apport\u00e9 de l&rsquo;inspiration au groupe pour ce nouvel opus ! Les <\/span><span class=\"Y2IQFc\" lang=\"fr\">clips de <em>Sirens<\/em> et <em>Who&rsquo;ll Stand With Us<\/em> pr\u00e9c\u00e8dent la sortie de l&rsquo;album.\u00a0<\/span><\/p>\n<p style=\"text-align: center;\"><iframe loading=\"lazy\" title=\"YouTube video player\" src=\"https:\/\/www.youtube.com\/embed\/RMSxewKxb5c?si=8I_J4XA5ZRqMA81P\" width=\"450\" height=\"253\" frameborder=\"0\" allowfullscreen=\"allowfullscreen\"><span data-mce-type=\"bookmark\" style=\"display: inline-block; width: 0px; overflow: hidden; line-height: 0;\" class=\"mce_SELRES_start\">\ufeff<\/span><\/iframe><\/p>\n<hr \/>\n<p>\u00a0<\/p>    <\/div>\n<\/div>\n<!-- \/module text -->\t\t\t\t<\/div><!-- .tb-column-inner -->\n\t\t\t\t\t\t<\/div><!-- .module_column -->\n\t\t\t\t\t\t<\/div><!-- .row_inner -->\n\t\t<\/div><!-- .module_row -->\n\t\t\t\t<\/div>\n<!--\/themify_builder_content-->","protected":false},"excerpt":{"rendered":"<p>KARABOUDJAN &#8211; NOUVEL EP !\u00a0 Le nouvel EP de Karaboudjan &#8211; \u00ab\u00a0Garage Love\u00a0\u00bb &#8211; est annonc\u00e9 pour le 12 d\u00e9cembre 2025 ! Quatre titres et un condens\u00e9 de garage psych\u00e9d\u00e9lique euphorisant, aux influences 60&rsquo;s. Deux singles sont d\u00e9j\u00e0 disponibles, \u00ab\u00a0La Pirogue\u00a0\u00bb et \u00ab\u00a03615 Papagai\u00a0\u00bb. \u00ab\u00a0Garage Love\u00a0\u00bb est la premi\u00e8re partie d&rsquo;un diptyque : un second [&hellip;]<\/p>\n","protected":false},"author":1,"featured_media":0,"comment_status":"open","ping_status":"open","sticky":false,"template":"","format":"standard","meta":{"footnotes":""},"categories":[110],"tags":[4536,2427,1478,4517,4516,4535,668,2183,4522],"class_list":["post-43717","post","type-post","status-publish","format-standard","hentry","category-news-du-mois","tag-caleb-nichols","tag-camilla-sparksss","tag-dropkick-murphys","tag-eric-philippon","tag-fil","tag-francois-puyalto","tag-gerard-manset","tag-la-tordue","tag-mary-shalley","has-post-title","has-post-date","has-post-category","has-post-tag","has-post-comment","has-post-author",""],"builder_content":"<hr \/> <p><strong>KARABOUDJAN - NOUVEL EP !\u00a0<\/strong><\/p> <p style=\"text-align: justify;\">Le nouvel EP de Karaboudjan - \"Garage Love\" - est annonc\u00e9 pour le 12 d\u00e9cembre 2025 ! Quatre titres et un condens\u00e9 de garage psych\u00e9d\u00e9lique euphorisant, aux influences 60's. Deux singles sont d\u00e9j\u00e0 disponibles, \"La Pirogue\" et \"3615 Papagai\". \"Garage Love\" est la premi\u00e8re partie d'un diptyque : un second EP est pr\u00e9vu en 2026 : \"Garage Punk\". Le groupe f\u00eatera la sortie des vinyles, CDs et K7 le 6 d\u00e9cembre 2025 \u00e0 La Biscuiterie (Ch\u00e2teau-Thierry, 02), avant de partir pour le Supersonic le 16 d\u00e9cembre 2025.<br \/><a href=\"https:\/\/www.facebook.com\/Karaboudjanband\" target=\"_blank\" rel=\"noopener\">Facebook<\/a> \/ <a href=\"https:\/\/www.instagram.com\/karaboudjan_band\/\" target=\"_blank\" rel=\"noopener\">Instagram<\/a> \/ <a href=\"https:\/\/linktr.ee\/krbdjn\" target=\"_blank\" rel=\"noopener\">Linktr.ee<\/a> \/ <a href=\"https:\/\/www.youtube.com\/channel\/UChif38leME8Ur0oB7bjjDkg\" target=\"_blank\" rel=\"noopener\">Youtube<\/a><\/p> <p>https:\/\/www.youtube.com\/watch?v=cmRNUJGFGEc&amp;list=OLAK5uy_mxSInFzaqdVJ-BN7VoOvAgBk5PrdGdYIM<\/p> <hr \/> <p><strong>TELEMAC - PREMIER EP !\u00a0<\/strong><\/p> <p style=\"text-align: justify;\">Le groupe Montpelli\u00e9rain Telemac annonce la sortie de son premier EP \u00e9ponyme pour le 5 d\u00e9cembre. Un premier extrait sera r\u00e9v\u00e9l\u00e9 le 7 novembre, avec le clip de \"Through My Love\", un titre qui condense les qualit\u00e9s attachantes du quatuor : de l'up-tempo, des guitares lourdes et des m\u00e9lodies efficaces qui s'installent dans l'oreille pour un certain temps. <br \/><a href=\"https:\/\/www.facebook.com\/telemacmusic\" target=\"_blank\" rel=\"noopener\">Facebook<\/a><\/p> <p><img decoding=\"async\" src=\"https:\/\/scontent-cdg4-3.xx.fbcdn.net\/v\/t39.30808-6\/559751944_1227232242753683_1638987177997339982_n.jpg?stp=dst-jpg_s640x640_tt6&amp;_nc_cat=111&amp;ccb=1-7&amp;_nc_sid=127cfc&amp;_nc_ohc=-Aacef1nDLAQ7kNvwFfBqJ3&amp;_nc_oc=AdmG6QbdRoR2W31pydb_urVE_Rn9_6XwvcvYbHUHCRhDsFrDjHgSDl2GcDbmwpZ9q-3eApMmOs-Pov6lmYYZRY35&amp;_nc_zt=23&amp;_nc_ht=scontent-cdg4-3.xx&amp;_nc_gid=TsELRxr7tWVPgXVhpmUPoA&amp;oh=00_AffseDsVpCPp2jMyPbFD4KoU5HcKRsae7DU43UgkWb1udA&amp;oe=6907E5AA\" alt=\"Peut \u00eatre une image de texte qui dit \u2019Le 28 28.1025 \u0a26\u0a2e\u0a70 PARIS -La - La Peniche Antipode 20h Presentation Live du ler EP Le 07.11,25 Sortie du ler clip \u00abThrough My Love\u00bb &gt;&gt; Le 3e 05 5,12,25 RELEASE PARTY \/\/\/ de 1 Ep format Vinyle MAXI 45T VICTOIRE 2 - 19h Entr\u00e9e gratuite\u2019\" \/><\/p> <hr \/> <p style=\"text-align: justify;\"><strong>CALEB NICHOLS - STONE AGE IS BACK\u00a0<\/strong><br \/><strong><em>\"Stone Age Is Back\"<\/em><\/strong>, le troisi\u00e8me album solo de l'auteur-compositeur-interpr\u00e8te californien, <strong>Caleb Nichols<\/strong> (ex-<strong>Port O\u2019Brien, Grand Lake, Soft People...)<\/strong>. Sorti sur <em>Royal Oakie Records<\/em> le 3 octobre 2025, ce nouvel opus se compose de 13 nouveau titres qui \u00e9voquent successivement\u00a0le chagrin, la culpabilit\u00e9, la complicit\u00e9, la joie, la col\u00e8re ou la peur devant la catastrophe annonc\u00e9e d'un monde au bord de l'effondrement. Il y a une forme de m\u00e9lancolie, pour ne pas dire de nostalgie, avant m\u00eame la disparition, \u00e0 la mani\u00e8re des regrett\u00e9s <strong>Elliott Smith <\/strong>ou<strong> John Lennon.<\/strong>\u00a0 \u00a0<br \/><a href=\"https:\/\/calebnichols.bandcamp.com\/album\/stone-age-is-back-2\" target=\"_blank\" rel=\"noopener\">bandcamp<\/a>\u00a0<\/p> <p style=\"text-align: center;\"><iframe style=\"border: 0; width: 100%; height: 120px;\" src=\"https:\/\/bandcamp.com\/EmbeddedPlayer\/album=2329215000\/size=large\/bgcol=333333\/linkcol=e99708\/tracklist=false\/artwork=small\/transparent=true\/\" seamless=\"\"><a href=\"https:\/\/calebnichols.bandcamp.com\/album\/stone-age-is-back-2\">Stone Age Is Back de Caleb Nichols<\/a><\/iframe>\u00a0<\/p> <hr \/> <p style=\"text-align: justify;\"><strong>CAMILLA SPARKSSS - ICU RUN<br \/><\/strong>La chanteuse canadienne, originaire de Kenora, dans l\u2019Ontario est de retour avec sa pop exp\u00e9rimentale. On l'avait d\u00e9couvert en 2019 avec <strong><em>Brutal<\/em>, <\/strong>son deuxi\u00e8me sorti sur le label Camper Records. On la red\u00e9couvre en 2025 avec Icu Run, un nouvel album qui arrive dans la continuit\u00e9 de <strong><em>Lullabies<\/em><\/strong>, \u00e9dit\u00e9 en 2023. C'est donc le 4e LP de la bidouilleuse de sons. Et une fois encore, elle surprend et intrigue, rappelant, par chez nous, les univers de Kas Product, Kompromat ou encore de Jeanne Added. On aime A d\u00e9couvrir avec des titres puissant comme <em>I like the noise<\/em> ou <em>Stranger<\/em>. L'album de <strong>Camilla Sparksss<\/strong>,\u00a0 <strong><em>Icu Run<\/em><\/strong> est sorti en septembre dernier, mais il n'est pas trop tard pour en parler et pour le d\u00e9couvrir.\u00a0<\/p> <p style=\"text-align: center;\"><iframe style=\"border: 0; width: 100%; height: 120px;\" src=\"https:\/\/bandcamp.com\/EmbeddedPlayer\/album=3671897463\/size=large\/bgcol=333333\/linkcol=e99708\/tracklist=false\/artwork=small\/transparent=true\/\" seamless=\"\"><a href=\"https:\/\/camillasparksss.bandcamp.com\/album\/icu-run\">ICU RUN de Camilla Sparksss<\/a><\/iframe><\/p> <hr \/> <p style=\"text-align: justify;\"><strong>FRANCOIS PUYALTO - MALREVERT\u00a0<\/strong><br \/>C'est avec <strong><a href=\"https:\/\/lamagicbox.com\/magazine\/antoine-sahler-eponyme\/\">Antoine Sahler<\/a><\/strong> que <strong>Fran\u00e7ois Puyalto<\/strong> a travaill\u00e9 sur ce nouvel album. Son titre<strong><em> Malrevert<\/em><\/strong>, comme le nom de ce lieu cher au chanteur-guitariste, originaire d'Ard\u00e8che. Comme pour signifier une affection particuli\u00e8re \u00e0 ce lieu ou pour souligner toute la part de lui-m\u00eame qu'il a pu mettre dans ce nouvel album. Car, <em><strong>Malrevert<\/strong> <\/em>est un album de chansons tr\u00e8s personnelles, enregistr\u00e9 de fa\u00e7on \"maison\", en home studio, et orchestr\u00e9 de mille et une astuces, pour un rendu tr\u00e8s singulier. C\u00f4t\u00e9 texte, il y m\u00eale une forme d'engagement politique (Lutte des classes), m\u00e9lancolie (Rue de Belle ville, Paul Emile Victor) et voyage\u00a0 (Trains, \u00f9 tu veux). L'album est sorti le 10 octobre via le label Le Furieux.\u00a0\u00a0<br \/><a href=\"https:\/\/www.puyalto.fr\/\" target=\"_blank\" rel=\"noopener\">Site officiel<\/a> \/\u00a0 <a href=\"https:\/\/www.facebook.com\/francoispuyaltomusic\" target=\"_blank\" rel=\"noopener\">FB<\/a><\/p> <p style=\"text-align: center;\">\u00a0<iframe loading=\"lazy\" title=\"YouTube video player\" src=\"https:\/\/www.youtube.com\/embed\/oD0O46QLqEw?si=n6y8Cqw94yCAe6zK\" width=\"450\" height=\"253\" frameborder=\"0\" allowfullscreen=\"allowfullscreen\">\ufeff<\/iframe><\/p> <hr \/> <p style=\"text-align: justify;\"><strong>MARY SHELLEY EN TOURNEE EN FRANCE\u00a0<\/strong><br \/>\"Du punk sur lequel on peut danser : c\u2019est ce que proposent les membres de Mary Shalley (de Brooklyn\/NYC\/USA), un groupe qui change de genre comme d\u2019instruments. Leurs rythmes post-punk sont impr\u00e9gn\u00e9s d\u2019\u00e9l\u00e9ments de dance, de disco, de shoegaze, de hip-hop et bien plus encore, avec des influences qui traversent les g\u00e9n\u00e9rations, les sonorit\u00e9s et les styles.\"<br \/><em>Les dates de la tourn\u00e9e :\u00a0<\/em><br \/>24.10 FR Troyes - Off Off Off<br \/>29.10 FR Rouen - Les 3 pieces<br \/>30.10 FR Paris - Supersonic<br \/>31.10 FR Douarnenez - Le Pav\u00e9<br \/>1.11 FR Bordeaux - Allez Les Filles<br \/>2.11 FR Marseille******<\/p> <p style=\"text-align: center;\"><iframe loading=\"lazy\" title=\"YouTube video player\" src=\"https:\/\/www.youtube.com\/embed\/YISGDIxHrWk?si=AD0NDeKLQk1pCTEa\" width=\"450\" height=\"253\" frameborder=\"0\" allowfullscreen=\"allowfullscreen\">\ufeff<\/iframe>\u00a0<\/p> <hr \/> <p><strong>DELEO - NOUVEL EP !\u00a0<\/strong><\/p> <p style=\"text-align: justify;\">\u00ab If This World Was Mine \u00bb est annonc\u00e9 pour le 14 novembre 2025. Les six titres sont \u00e0 l'image du premier single \"Assholes And Ashes\", d\u00e9j\u00e0 disponible : incisifs dans le son comme dans la formule ! Et il sera possible de d\u00e9couvrir le nouvel opus en live tr\u00e8s bient\u00f4t : plusieurs dates sont annonc\u00e9es un peu partout en France, avec notamment un passage parisien \u00e0 la M\u00e9canique Ondulatoire le 21 novembre 2025.<br \/><a href=\"https:\/\/deleoofficial.com\/?utm_source=etarget&amp;utm_medium=email&amp;utm_campaign=DELEO\" target=\"_blank\" rel=\"noopener\">Site<\/a> \/ <a href=\"https:\/\/www.instagram.com\/Deleo_Officiel\/\" target=\"_blank\" rel=\"noopener\">Insta<\/a>\u00a0<\/p> <p>https:\/\/www.youtube.com\/watch?v=il2HNGnfTzM&amp;list=RDil2HNGnfTzM&amp;start_radio=1<\/p> <hr \/> <p style=\"text-align: justify;\"><strong>GERARD MANSET EN MAXI 45T EN NOVEMBRE\u00a0<\/strong><br \/><img loading=\"lazy\" decoding=\"async\" src=\"https:\/\/lamagicbox.com\/magazine\/wp-content\/uploads\/2025\/09\/manset-2025.jpg\" alt=\"manset 2025\" width=\"150\" height=\"150\" \/>Apr\u00e8s son album <strong><em>L'algue bleue\u00a0<\/em><\/strong>sorti en 2024,\u00a0G\u00e9rard Manset annonce d\u00e9j\u00e0 son retour avec un maxi 45 tours in\u00e9dit, en \u00e9dition limit\u00e9e et num\u00e9rot\u00e9e, pr\u00e9lude \u00e0 un nouvel album attendu d\u00e9but 2026.<br data-start=\"224\" data-end=\"227\" \/>Deux titres puissants : <em><strong data-start=\"251\" data-end=\"273\">\u00ab Je ne veux pas \u00bb<\/strong>,<\/em> fresque lumineuse de plus de 11 minutes, et <em><strong data-start=\"319\" data-end=\"359\">\u00ab Mon p\u00e8re m\u2019a pris sur ses genoux \u00bb<\/strong><\/em>, chanson intime et universelle. Une parution rare, sous ce format, qui confirme la force et l\u2019inspiration intactes d\u2019un artiste hors du commun. Sortie pr\u00e9vue le 7 novembre 2025 chez <strong>Verycord<\/strong> avec une pochette qui rappellera aux fans de la premi\u00e8re heure, <strong><em>La Mort d'Orion<\/em><\/strong>.\u00a0<br \/><em><a href=\"https:\/\/msr.r.bh.d.sendibt3.com\/mk\/cl\/f\/sh\/1t6Af4Oj9PgrH6j5nLE7YJdGpoZREv\/Y3Mwxj3VMiPy\" target=\"_blank\" rel=\"noopener\">Lien de Pr\u00e9commande<\/a><\/em><\/p> <hr \/> <p style=\"text-align: justify;\"><strong>FIL - J'AIME\u00a0<\/strong><br \/><img loading=\"lazy\" decoding=\"async\" src=\"https:\/\/lamagicbox.com\/magazine\/wp-content\/uploads\/2025\/09\/fil-jaime-2025.jpg\" alt=\"Fil - J'aime\" width=\"150\" height=\"150\" \/>Un tout premier album pour un artiste qui n'en est pas \u00e0 son premier essai ! Fil a longtemps \u00e9t\u00e9 <strong>Eric Philippon<\/strong>, guitariste m\u00e9lodiste du groupe <strong>La Tordue<\/strong>, jusqu'en 2003, avant d'accompagner d'autres artistes dans leur aventure, notamment avec Lo\u00efc Lantoine. Mais voil\u00e0, maintenant, le temps \u00e9tait venu, il avait envie de faire entendre ses propres chansons ! Sa bio le situe \u00e0 la crois\u00e9e des genres de Tortoise et Kat Onoma. Deux bonnes raisons, en plus d'\u00eatre un ex-La Tordue, pour aller jeter une oreille sur <strong><em>\"J'aime\"<\/em><\/strong> qui sort le 31 octobre 2025 en CD, Vinyle et Digital, distribu\u00e9 par IRFAN.<br \/><a href=\"https:\/\/www.facebook.com\/musiques.fil\/\" target=\"_blank\" rel=\"noopener\">FB<\/a><\/p> <hr \/> <p style=\"text-align: justify;\"><strong>DROPKICK MURPHYS \u2013 FOR THE PEOPLE<br \/><\/strong>For the People est le treizi\u00e8me album studio du groupe punk celtique am\u00e9ricain <strong>Dropkick Murphys<\/strong> ! Il \u00e9tait d\u00e9j\u00e0 disponible en streaming depuis le 4 juillet 2025, il sort cette fois le 10 octobre 2025 en CD et LP, sur le label Dummy Luck Records. A noter que les versions CD et LP de l'album comporteront cinq titres bonus qui n'appara\u00eessent pas sur la version streaming ! L'album marque le retour du chanteur <strong>Al Barr<\/strong> sur une des chansons de l'album ; il est en effet en pause depuis 2022 pour des raisons familiales. Billy Bragg, The Scratch et The Mary Wallopers font \u00e9galement des apparitions sur ce nouvel opus. L'\u00e9pouvantail Trump semble avoir apport\u00e9 de l'inspiration au groupe pour ce nouvel opus ! Les clips de <em>Sirens<\/em> et <em>Who'll Stand With Us<\/em> pr\u00e9c\u00e8dent la sortie de l'album.\u00a0<\/p> <p style=\"text-align: center;\"><iframe loading=\"lazy\" title=\"YouTube video player\" src=\"https:\/\/www.youtube.com\/embed\/RMSxewKxb5c?si=8I_J4XA5ZRqMA81P\" width=\"450\" height=\"253\" frameborder=\"0\" allowfullscreen=\"allowfullscreen\">\ufeff<\/iframe><\/p> <hr \/> <p>\u00a0<\/p>","_links":{"self":[{"href":"https:\/\/lamagicbox.com\/magazine\/wp-json\/wp\/v2\/posts\/43717","targetHints":{"allow":["GET"]}}],"collection":[{"href":"https:\/\/lamagicbox.com\/magazine\/wp-json\/wp\/v2\/posts"}],"about":[{"href":"https:\/\/lamagicbox.com\/magazine\/wp-json\/wp\/v2\/types\/post"}],"author":[{"embeddable":true,"href":"https:\/\/lamagicbox.com\/magazine\/wp-json\/wp\/v2\/users\/1"}],"replies":[{"embeddable":true,"href":"https:\/\/lamagicbox.com\/magazine\/wp-json\/wp\/v2\/comments?post=43717"}],"version-history":[{"count":34,"href":"https:\/\/lamagicbox.com\/magazine\/wp-json\/wp\/v2\/posts\/43717\/revisions"}],"predecessor-version":[{"id":43977,"href":"https:\/\/lamagicbox.com\/magazine\/wp-json\/wp\/v2\/posts\/43717\/revisions\/43977"}],"wp:attachment":[{"href":"https:\/\/lamagicbox.com\/magazine\/wp-json\/wp\/v2\/media?parent=43717"}],"wp:term":[{"taxonomy":"category","embeddable":true,"href":"https:\/\/lamagicbox.com\/magazine\/wp-json\/wp\/v2\/categories?post=43717"},{"taxonomy":"post_tag","embeddable":true,"href":"https:\/\/lamagicbox.com\/magazine\/wp-json\/wp\/v2\/tags?post=43717"}],"curies":[{"name":"wp","href":"https:\/\/api.w.org\/{rel}","templated":true}]}}