{"id":43635,"date":"2025-09-09T17:16:10","date_gmt":"2025-09-09T15:16:10","guid":{"rendered":"https:\/\/lamagicbox.com\/magazine\/?p=43635"},"modified":"2025-09-09T17:16:11","modified_gmt":"2025-09-09T15:16:11","slug":"denez-toenn-vor-chants-des-sept-mers","status":"publish","type":"post","link":"https:\/\/lamagicbox.com\/magazine\/denez-toenn-vor-chants-des-sept-mers\/","title":{"rendered":"Denez &#8211; Toenn-vor &#8211; Chants des sept mers"},"content":{"rendered":"<!--themify_builder_content-->\n<div id=\"themify_builder_content-43635\" data-postid=\"43635\" class=\"themify_builder_content themify_builder_content-43635 themify_builder tf_clear\">\n    \t\t\t\t<!-- module_row -->\n\t\t<div  data-lazy=\"1\" class=\"module_row themify_builder_row tb_0plj853 tb_first tf_w tf_clearfix\">\n\t\t\t\t\t<div class=\"row_inner col_align_top tb_col_count_1 tf_box tf_rel\">\n\t\t\t\t\t<div  data-lazy=\"1\" class=\"module_column tb-column col-full tb_hswd853 first\">\n\t\t\t\t\t\t\t\t\t<div class=\"tb-column-inner tf_box tf_w\">\n\t\t\t\t<!-- module text -->\n<div  class=\"module module-text tb_d214842   \" data-lazy=\"1\">\n        <div  class=\"tb_text_wrap\">\n    <p><strong data-wp-editing=\"1\"><img loading=\"lazy\" decoding=\"async\" class=\"alignleft wp-image-43638 size-full\" title=\"maud-lubeck-2024\" src=\"https:\/\/lamagicbox.com\/magazine\/wp-content\/uploads\/2025\/09\/Toenn-Vor-Chant-des-sept-mers-2025.jpg\" alt=\"Denez - Toenn-vor - Chants des sept mers\" width=\"150\" height=\"150\" srcset=\"https:\/\/lamagicbox.com\/magazine\/wp-content\/uploads\/2025\/09\/Toenn-Vor-Chant-des-sept-mers-2025.jpg 150w, https:\/\/lamagicbox.com\/magazine\/wp-content\/uploads\/2025\/09\/Toenn-Vor-Chant-des-sept-mers-2025-100x100.jpg 100w, https:\/\/lamagicbox.com\/magazine\/wp-content\/uploads\/2025\/09\/Toenn-Vor-Chant-des-sept-mers-2025-120x120.jpg 120w\" sizes=\"auto, (max-width: 150px) 100vw, 150px\" \/>2025 \u2013 15 titres &#8211; 72&rsquo;50<br \/><\/strong><em><strong>Label : <\/strong><\/em><a href=\"https:\/\/arfolk.bzh\/artistes\/denez\/\" target=\"_blank\" rel=\"noopener\">Arfolk<\/a><em><strong><br \/><\/strong><\/em><strong><em>Style : <\/em><\/strong>Folk, Celtic<br \/><strong><em>Origine\u00a0:<\/em><\/strong> France, Bretagne<br \/><em><strong>Date de sortie de l&rsquo;album :<\/strong><\/em> 22 aout 2025<br \/><span style=\"color: #ffffff;\">.<\/span><br \/><span style=\"color: #ffffff;\">.<\/span><br \/><span style=\"color: #ffffff;\">.<\/span><\/p><hr \/><p style=\"text-align: right;\"><strong>Par Mike S.<\/strong><\/p><article class=\"text-token-text-primary w-full\" dir=\"auto\" data-testid=\"conversation-turn-2\" data-scroll-anchor=\"true\"><div class=\"text-base my-auto mx-auto pb-10 [--thread-content-margin:--spacing(4)] @[37rem]:[--thread-content-margin:--spacing(6)] @[72rem]:[--thread-content-margin:--spacing(16)] px-(--thread-content-margin)\"><div class=\"[--thread-content-max-width:32rem] @[34rem]:[--thread-content-max-width:40rem] @[64rem]:[--thread-content-max-width:48rem] mx-auto max-w-(--thread-content-max-width) flex-1 group\/turn-messages focus-visible:outline-hidden relative flex w-full min-w-0 flex-col agent-turn\" tabindex=\"-1\"><div class=\"flex max-w-full flex-col grow\"><div class=\"min-h-8 text-message relative flex w-full flex-col items-end gap-2 text-start break-words whitespace-normal [.text-message+&amp;]:mt-5\" dir=\"auto\" data-message-author-role=\"assistant\" data-message-id=\"7e32bb85-cc0e-4e7e-849c-c293486b082e\" data-message-model-slug=\"gpt-4o\"><div class=\"flex w-full flex-col gap-1 empty:hidden first:pt-[3px]\"><div class=\"markdown prose dark:prose-invert w-full break-words light\"><p style=\"text-align: justify;\" data-start=\"192\" data-end=\"720\"><strong><em>Pour son 13\u1d49 album, Denez jette l\u2019ancre au c\u0153ur de l\u2019oc\u00e9an. Entre gwerzio\u00f9, chants de marins et \u00e9clats \u00e9lectroniques, le chanteur breton transforme les vagues en musique et nous entra\u00eene dans une odyss\u00e9e aussi intemporelle qu\u2019audacieuse.<\/em><\/strong><\/p><p style=\"text-align: center;\" data-start=\"192\" data-end=\"720\"><em><strong>Toenn-vor : quand la mer devient chant !<\/strong><\/em><\/p><p style=\"text-align: justify;\" data-start=\"192\" data-end=\"720\">Figure incontournable de la musique bretonne, Denez Prigent \u2013 aujourd\u2019hui simplement Denez \u2013 revient avec un 13\u1d49 album qui sonne comme une sorte d&rsquo;accomplissement, attendu depuis trois d\u00e9cennies. N\u00e9 \u00e0 Santec, au c\u0153ur du Finist\u00e8re, le chanteur a grandi berc\u00e9 par l\u2019oc\u00e9an, les ports et les marins. Autant dire que la mer est un motif intime, presque organique, qui traverse son imaginaire depuis l\u2019enfance. Avec <strong><em>Toenn-vor<\/em><\/strong> \u2013 Chants des sept mers, il lui consacre enfin une fresque musicale ambitieuse, \u00e0 la fois enracin\u00e9e et visionnaire.<\/p><p style=\"text-align: center;\" data-start=\"192\" data-end=\"720\"><iframe loading=\"lazy\" title=\"YouTube video player\" src=\"https:\/\/www.youtube.com\/embed\/j2xlcFSD0ds?si=-nGehTElAPe_sq6l\" width=\"450\" height=\"253\" frameborder=\"0\" allowfullscreen=\"allowfullscreen\"><span data-mce-type=\"bookmark\" style=\"display: inline-block; width: 0px; overflow: hidden; line-height: 0;\" class=\"mce_SELRES_start\">\ufeff<\/span><\/iframe><\/p><p style=\"text-align: justify;\" data-start=\"722\" data-end=\"1260\">Le disque, produit par le label ind\u00e9pendant Arfolk, se d\u00e9ploie sur plus de 70 minutes et rassemble complaintes, <em>gwerzio\u00f9<\/em>, chants de bord et chants de travail. Alternant breton et fran\u00e7ais, <strong>Denez<\/strong> revisite des pi\u00e8ces traditionnelles, en exhume d\u2019autres plus m\u00e9connues, tout en refusant le simple exercice patrimonial. Fid\u00e8le \u00e0 son approche, il insuffle une modernit\u00e9 audacieuse, mariant sonorit\u00e9s \u00e9lectroniques, instruments actuels et timbres venus du monde entier : duduk arm\u00e9nien, oud arabe, tablas indiens ou encore bandon\u00e9on argentin. De quoi nous permettre de voyager tout autour du monde, en restant bien sagement sur son canap\u00e9. Un voyage qui s&rsquo;ach\u00e8vera du c\u00f4t\u00e9 du port d&rsquo;<em>Amsterdam<\/em>&#8230;<\/p><p style=\"text-align: center;\" data-start=\"722\" data-end=\"1260\"><iframe loading=\"lazy\" title=\"YouTube video player\" src=\"https:\/\/www.youtube.com\/embed\/pP7TfWwZC5Q?si=rltbpFVZkALULYNH\" width=\"450\" height=\"253\" frameborder=\"0\" allowfullscreen=\"allowfullscreen\"><span data-mce-type=\"bookmark\" style=\"display: inline-block; width: 0px; overflow: hidden; line-height: 0;\" class=\"mce_SELRES_start\">\ufeff<\/span><\/iframe><\/p><p style=\"text-align: justify;\" data-start=\"1262\" data-end=\"1675\">Pour l&rsquo;accompagner dans ce voyage musical, une constellation de musiciens \u2013 parmi lesquels Jean-Michel Moal (<strong><a href=\"https:\/\/lamagicbox.com\/magazine\/red-cardell-bordel\/\">Red Cardell<\/a><\/strong>), Robin Foster (<strong><a href=\"https:\/\/lamagicbox.com\/magazine\/archive-restriction\/\">Archive<\/a><\/strong>), Jonathan Dour, Romain Dubois (<strong>Fleuves<\/strong>) ou encore Antoine LAHAY (<strong><a href=\"https:\/\/lamagicbox.com\/magazine\/eben-dinaskan\/\">Eben<\/a><\/strong>) \u2013 qui enrichit l\u2019album de nuances tant\u00f4t celtiques, tant\u00f4t world, sans jamais rompre le fil d\u2019une narration maritime qui oscille entre l\u2019\u00e9pique et l\u2019intime. La voix de Denez, unique et habit\u00e9e, s\u2019\u00e9l\u00e8ve alors comme un phare au milieu de ce vaste oc\u00e9an sonore.<\/p><p style=\"text-align: justify;\" data-start=\"1677\" data-end=\"1990\">Plus qu\u2019un simple recueil de chants de mer, <em data-start=\"1721\" data-end=\"1732\">Toenn-vor<\/em> s\u2019impose comme une \u0153uvre totale : un pont entre m\u00e9moire et modernit\u00e9, entre tradition bretonne et ouverture universelle. Un disque puissant et intemporel, \u00e0 l\u2019image de celui qui, \u00e0 pr\u00e8s de 60 ans, continue de renouveler sans rel\u00e2che l\u2019art du chant breton.<\/p><\/div><\/div><hr \/><\/div><\/div><\/div><\/div><\/article><p><a href=\"https:\/\/www.denezprigent.com\/\" target=\"_blank\" rel=\"noopener\">Site<\/a> \/ <a href=\"https:\/\/www.facebook.com\/newdenez\/\" target=\"_blank\" rel=\"noopener\">FB<\/a> \/ <a href=\"https:\/\/arfolk.bzh\/boutique\/denez-toenn-vor\/\" target=\"_blank\" rel=\"noopener\">Acheter<\/a><\/p><hr \/><p><em><strong>Line-up :<br \/><\/strong><\/em><strong>Denez Prigent<\/strong> &#8211; Chant<br \/><strong data-start=\"236\" data-end=\"256\">Jean-Michel Moal<\/strong> \u2013 accord\u00e9on chromatique (Red Cardell)<br \/><strong data-start=\"299\" data-end=\"316\">Antoine Lahay<\/strong> \u2013 guitare manouche et \u00e9lectrique, saz turc, charango, oud (Denez, Eben)<br \/><strong data-start=\"393\" data-end=\"412\">Julien Stevenin<\/strong> \u2013 contrebasse, basse \u00e9lectrique (Eben, Istan Trio, Le Gall Carr\u00e9 Moal, Startijenn)<br \/><strong data-start=\"500\" data-end=\"515\">Hibu Corbel<\/strong> \u2013 batterie (Red Cardell, collab. Robin Foster)<br \/><strong data-start=\"567\" data-end=\"583\">Robin Foster<\/strong> \u2013 guitare \u00e9lectrique (guitariste\/compositeur britannique install\u00e9 en Bretagne)<br \/><strong data-start=\"667\" data-end=\"681\">Tibo Niob\u00e9<\/strong> \u2013 cornemuse \u00e9cossaise, guitares (Denez, O\u2019Tridal, Pevarlamm)<br \/><strong data-start=\"747\" data-end=\"769\">Christelle Belalia<\/strong> \u2013 claviers, programmations, bouzouki<br \/><strong data-start=\"811\" data-end=\"828\">Jonathan Dour<\/strong> \u2013 violon (Denez, Eben, Dour\/Lavigne, Seim)<br \/><strong data-start=\"876\" data-end=\"893\">Romain Dubois<\/strong> \u2013 claviers, programmations, piano (Fleuves)<br \/><strong data-start=\"942\" data-end=\"965\">Jean-Baptiste Henry<\/strong> \u2013 bandon\u00e9on argentin<br \/><strong data-start=\"991\" data-end=\"1010\">Kentin Juillard<\/strong> \u2013 percussions (O\u2019Tridal)<br \/><strong data-start=\"1040\" data-end=\"1060\">\u00c9tienne Chouzier<\/strong> \u2013 claviers, programmations (Bagad de Vannes \u00ab Melinerion \u00bb)<br \/><strong data-start=\"1125\" data-end=\"1143\">Sergio Rabella<\/strong> \u2013 cordes<br \/><strong data-start=\"1157\" data-end=\"1178\">St\u00e9phane Kerihuel<\/strong> \u2013 guitare \u00e9lectrique (Nolwenn Korbell Trio, Trei(z)h)<br \/><strong data-start=\"1237\" data-end=\"1256\">Yeltas Guenneau<\/strong> \u2013 duduk arm\u00e9nien, uilleann pipes irlandais (O\u2019Tridal)<br \/><strong data-start=\"1315\" data-end=\"1338\">Jean-Fran\u00e7ois Dumas<\/strong> \u2013 guimbarde, banjo, podorythmie (multi-instrumentiste qu\u00e9b\u00e9cois)<br \/>+<br \/><strong data-start=\"1432\" data-end=\"1480\">Mathieu Hamon, Roland Brou, Charles Quimbert<\/strong> \u2013 trio vocal<br \/><strong data-start=\"1498\" data-end=\"1520\">Christelle Belalia<\/strong> \u2013 chant (en plus de ses claviers)<br \/><strong data-start=\"1559\" data-end=\"1609\">Marion Guen, Katell Kloareg, Faustine Aud\u00e9bert<\/strong> \u2013 trio vocal f\u00e9minin (Kaolila)<\/p><hr \/><p><em><strong>Tracklist :<br \/><\/strong><\/em>01. La Tramontane \u2013 3:37<br \/>02. Tri ano (feat. Robin Foster) \u2013 4:28<br \/>03. Plac\u2019h an Dourdu \u2013 6:49<br \/>04. Deuit d\u2019am batimant \u2013 4:50<br \/>05. Quand nous avons parti de rade \u2013 6:26<br \/>06. Le capitaine de Saint-Malo \u2013 2:14<br \/>07. Al lano du \u2013 6:20<br \/>08. E Kerlouan ha Bordeaux \u2013 4:40<br \/>09. Les calfats \u2013 4:48<br \/>10. Gwerz Penmarc\u2019h \u2013 6:21<br \/>11. Les filles de Lorient \u2013 3:13<br \/>12. Les filles \u00e0 deniers \u2013 3:41<br \/>13.Gabier de Terre-Neuve \u2013 5:36<br \/>14. Ur vag a Vontroulez \u2013 6:02<br \/>15. Amsterdam \u2013 3:50<\/p><div>\u00a0<\/div><div>\u00a0<\/div><div class=\"x_p1\">\u00a0<\/div>    <\/div>\n<\/div>\n<!-- \/module text -->\t\t\t\t<\/div><!-- .tb-column-inner -->\n\t\t\t\t\t\t<\/div><!-- .module_column -->\n\t\t\t\t\t\t<\/div><!-- .row_inner -->\n\t\t<\/div><!-- .module_row -->\n\t\t\t\t<\/div>\n<!--\/themify_builder_content-->","protected":false},"excerpt":{"rendered":"<p>2025 \u2013 15 titres &#8211; 72&rsquo;50Label : ArfolkStyle : Folk, CelticOrigine\u00a0: France, BretagneDate de sortie de l&rsquo;album : 22 aout 2025&#8230;Par Mike S.Pour son 13\u1d49 album, Denez jette l\u2019ancre au c\u0153ur de l\u2019oc\u00e9an. Entre gwerzio\u00f9, chants de marins et \u00e9clats \u00e9lectroniques, le chanteur breton transforme les vagues en musique et nous entra\u00eene dans une odyss\u00e9e [&hellip;]<\/p>\n","protected":false},"author":1,"featured_media":43638,"comment_status":"open","ping_status":"open","sticky":false,"template":"","format":"standard","meta":{"footnotes":""},"categories":[39],"tags":[128,4498,1124,2822,2337,4496,4497,4453,1553,4499,2178],"class_list":["post-43635","post","type-post","status-publish","format-standard","has-post-thumbnail","hentry","category-albums-francais","tag-archive","tag-arflok","tag-bretagne","tag-breton","tag-celtic","tag-denez","tag-denez-prigent","tag-eben","tag-folk","tag-folklore","tag-robin-foster","has-post-title","has-post-date","has-post-category","has-post-tag","has-post-comment","has-post-author",""],"builder_content":"<p><strong data-wp-editing=\"1\"><img loading=\"lazy\" decoding=\"async\" title=\"maud-lubeck-2024\" src=\"https:\/\/lamagicbox.com\/magazine\/wp-content\/uploads\/2025\/09\/Toenn-Vor-Chant-des-sept-mers-2025.jpg\" alt=\"Denez - Toenn-vor - Chants des sept mers\" width=\"150\" height=\"150\" srcset=\"https:\/\/lamagicbox.com\/magazine\/wp-content\/uploads\/2025\/09\/Toenn-Vor-Chant-des-sept-mers-2025.jpg 150w, https:\/\/lamagicbox.com\/magazine\/wp-content\/uploads\/2025\/09\/Toenn-Vor-Chant-des-sept-mers-2025-100x100.jpg 100w, https:\/\/lamagicbox.com\/magazine\/wp-content\/uploads\/2025\/09\/Toenn-Vor-Chant-des-sept-mers-2025-120x120.jpg 120w\" sizes=\"auto, (max-width: 150px) 100vw, 150px\" \/>2025 \u2013 15 titres - 72'50<br \/><\/strong><em><strong>Label : <\/strong><\/em><a href=\"https:\/\/arfolk.bzh\/artistes\/denez\/\" target=\"_blank\" rel=\"noopener\">Arfolk<\/a><em><strong><br \/><\/strong><\/em><strong><em>Style : <\/em><\/strong>Folk, Celtic<br \/><strong><em>Origine\u00a0:<\/em><\/strong> France, Bretagne<br \/><em><strong>Date de sortie de l'album :<\/strong><\/em> 22 aout 2025<br \/>.<br \/>.<br \/>.<\/p><hr \/><p style=\"text-align: right;\"><strong>Par Mike S.<\/strong><\/p><article dir=\"auto\" data-testid=\"conversation-turn-2\" data-scroll-anchor=\"true\"><p style=\"text-align: justify;\" data-start=\"192\" data-end=\"720\"><strong><em>Pour son 13\u1d49 album, Denez jette l\u2019ancre au c\u0153ur de l\u2019oc\u00e9an. Entre gwerzio\u00f9, chants de marins et \u00e9clats \u00e9lectroniques, le chanteur breton transforme les vagues en musique et nous entra\u00eene dans une odyss\u00e9e aussi intemporelle qu\u2019audacieuse.<\/em><\/strong><\/p><p style=\"text-align: center;\" data-start=\"192\" data-end=\"720\"><em><strong>Toenn-vor : quand la mer devient chant !<\/strong><\/em><\/p><p style=\"text-align: justify;\" data-start=\"192\" data-end=\"720\">Figure incontournable de la musique bretonne, Denez Prigent \u2013 aujourd\u2019hui simplement Denez \u2013 revient avec un 13\u1d49 album qui sonne comme une sorte d'accomplissement, attendu depuis trois d\u00e9cennies. N\u00e9 \u00e0 Santec, au c\u0153ur du Finist\u00e8re, le chanteur a grandi berc\u00e9 par l\u2019oc\u00e9an, les ports et les marins. Autant dire que la mer est un motif intime, presque organique, qui traverse son imaginaire depuis l\u2019enfance. Avec <strong><em>Toenn-vor<\/em><\/strong> \u2013 Chants des sept mers, il lui consacre enfin une fresque musicale ambitieuse, \u00e0 la fois enracin\u00e9e et visionnaire.<\/p><p style=\"text-align: center;\" data-start=\"192\" data-end=\"720\"><iframe loading=\"lazy\" title=\"YouTube video player\" src=\"https:\/\/www.youtube.com\/embed\/j2xlcFSD0ds?si=-nGehTElAPe_sq6l\" width=\"450\" height=\"253\" frameborder=\"0\" allowfullscreen=\"allowfullscreen\">\ufeff<\/iframe><\/p><p style=\"text-align: justify;\" data-start=\"722\" data-end=\"1260\">Le disque, produit par le label ind\u00e9pendant Arfolk, se d\u00e9ploie sur plus de 70 minutes et rassemble complaintes, <em>gwerzio\u00f9<\/em>, chants de bord et chants de travail. Alternant breton et fran\u00e7ais, <strong>Denez<\/strong> revisite des pi\u00e8ces traditionnelles, en exhume d\u2019autres plus m\u00e9connues, tout en refusant le simple exercice patrimonial. Fid\u00e8le \u00e0 son approche, il insuffle une modernit\u00e9 audacieuse, mariant sonorit\u00e9s \u00e9lectroniques, instruments actuels et timbres venus du monde entier : duduk arm\u00e9nien, oud arabe, tablas indiens ou encore bandon\u00e9on argentin. De quoi nous permettre de voyager tout autour du monde, en restant bien sagement sur son canap\u00e9. Un voyage qui s'ach\u00e8vera du c\u00f4t\u00e9 du port d'<em>Amsterdam<\/em>...<\/p><p style=\"text-align: center;\" data-start=\"722\" data-end=\"1260\"><iframe loading=\"lazy\" title=\"YouTube video player\" src=\"https:\/\/www.youtube.com\/embed\/pP7TfWwZC5Q?si=rltbpFVZkALULYNH\" width=\"450\" height=\"253\" frameborder=\"0\" allowfullscreen=\"allowfullscreen\">\ufeff<\/iframe><\/p><p style=\"text-align: justify;\" data-start=\"1262\" data-end=\"1675\">Pour l'accompagner dans ce voyage musical, une constellation de musiciens \u2013 parmi lesquels Jean-Michel Moal (<strong><a href=\"https:\/\/lamagicbox.com\/magazine\/red-cardell-bordel\/\">Red Cardell<\/a><\/strong>), Robin Foster (<strong><a href=\"https:\/\/lamagicbox.com\/magazine\/archive-restriction\/\">Archive<\/a><\/strong>), Jonathan Dour, Romain Dubois (<strong>Fleuves<\/strong>) ou encore Antoine LAHAY (<strong><a href=\"https:\/\/lamagicbox.com\/magazine\/eben-dinaskan\/\">Eben<\/a><\/strong>) \u2013 qui enrichit l\u2019album de nuances tant\u00f4t celtiques, tant\u00f4t world, sans jamais rompre le fil d\u2019une narration maritime qui oscille entre l\u2019\u00e9pique et l\u2019intime. La voix de Denez, unique et habit\u00e9e, s\u2019\u00e9l\u00e8ve alors comme un phare au milieu de ce vaste oc\u00e9an sonore.<\/p><p style=\"text-align: justify;\" data-start=\"1677\" data-end=\"1990\">Plus qu\u2019un simple recueil de chants de mer, <em data-start=\"1721\" data-end=\"1732\">Toenn-vor<\/em> s\u2019impose comme une \u0153uvre totale : un pont entre m\u00e9moire et modernit\u00e9, entre tradition bretonne et ouverture universelle. Un disque puissant et intemporel, \u00e0 l\u2019image de celui qui, \u00e0 pr\u00e8s de 60 ans, continue de renouveler sans rel\u00e2che l\u2019art du chant breton.<\/p><hr \/><\/article><p><a href=\"https:\/\/www.denezprigent.com\/\" target=\"_blank\" rel=\"noopener\">Site<\/a> \/ <a href=\"https:\/\/www.facebook.com\/newdenez\/\" target=\"_blank\" rel=\"noopener\">FB<\/a> \/ <a href=\"https:\/\/arfolk.bzh\/boutique\/denez-toenn-vor\/\" target=\"_blank\" rel=\"noopener\">Acheter<\/a><\/p><hr \/><p><em><strong>Line-up :<br \/><\/strong><\/em><strong>Denez Prigent<\/strong> - Chant<br \/><strong data-start=\"236\" data-end=\"256\">Jean-Michel Moal<\/strong> \u2013 accord\u00e9on chromatique (Red Cardell)<br \/><strong data-start=\"299\" data-end=\"316\">Antoine Lahay<\/strong> \u2013 guitare manouche et \u00e9lectrique, saz turc, charango, oud (Denez, Eben)<br \/><strong data-start=\"393\" data-end=\"412\">Julien Stevenin<\/strong> \u2013 contrebasse, basse \u00e9lectrique (Eben, Istan Trio, Le Gall Carr\u00e9 Moal, Startijenn)<br \/><strong data-start=\"500\" data-end=\"515\">Hibu Corbel<\/strong> \u2013 batterie (Red Cardell, collab. Robin Foster)<br \/><strong data-start=\"567\" data-end=\"583\">Robin Foster<\/strong> \u2013 guitare \u00e9lectrique (guitariste\/compositeur britannique install\u00e9 en Bretagne)<br \/><strong data-start=\"667\" data-end=\"681\">Tibo Niob\u00e9<\/strong> \u2013 cornemuse \u00e9cossaise, guitares (Denez, O\u2019Tridal, Pevarlamm)<br \/><strong data-start=\"747\" data-end=\"769\">Christelle Belalia<\/strong> \u2013 claviers, programmations, bouzouki<br \/><strong data-start=\"811\" data-end=\"828\">Jonathan Dour<\/strong> \u2013 violon (Denez, Eben, Dour\/Lavigne, Seim)<br \/><strong data-start=\"876\" data-end=\"893\">Romain Dubois<\/strong> \u2013 claviers, programmations, piano (Fleuves)<br \/><strong data-start=\"942\" data-end=\"965\">Jean-Baptiste Henry<\/strong> \u2013 bandon\u00e9on argentin<br \/><strong data-start=\"991\" data-end=\"1010\">Kentin Juillard<\/strong> \u2013 percussions (O\u2019Tridal)<br \/><strong data-start=\"1040\" data-end=\"1060\">\u00c9tienne Chouzier<\/strong> \u2013 claviers, programmations (Bagad de Vannes \u00ab Melinerion \u00bb)<br \/><strong data-start=\"1125\" data-end=\"1143\">Sergio Rabella<\/strong> \u2013 cordes<br \/><strong data-start=\"1157\" data-end=\"1178\">St\u00e9phane Kerihuel<\/strong> \u2013 guitare \u00e9lectrique (Nolwenn Korbell Trio, Trei(z)h)<br \/><strong data-start=\"1237\" data-end=\"1256\">Yeltas Guenneau<\/strong> \u2013 duduk arm\u00e9nien, uilleann pipes irlandais (O\u2019Tridal)<br \/><strong data-start=\"1315\" data-end=\"1338\">Jean-Fran\u00e7ois Dumas<\/strong> \u2013 guimbarde, banjo, podorythmie (multi-instrumentiste qu\u00e9b\u00e9cois)<br \/>+<br \/><strong data-start=\"1432\" data-end=\"1480\">Mathieu Hamon, Roland Brou, Charles Quimbert<\/strong> \u2013 trio vocal<br \/><strong data-start=\"1498\" data-end=\"1520\">Christelle Belalia<\/strong> \u2013 chant (en plus de ses claviers)<br \/><strong data-start=\"1559\" data-end=\"1609\">Marion Guen, Katell Kloareg, Faustine Aud\u00e9bert<\/strong> \u2013 trio vocal f\u00e9minin (Kaolila)<\/p><hr \/><p><em><strong>Tracklist :<br \/><\/strong><\/em>01. La Tramontane \u2013 3:37<br \/>02. Tri ano (feat. Robin Foster) \u2013 4:28<br \/>03. Plac\u2019h an Dourdu \u2013 6:49<br \/>04. Deuit d\u2019am batimant \u2013 4:50<br \/>05. Quand nous avons parti de rade \u2013 6:26<br \/>06. Le capitaine de Saint-Malo \u2013 2:14<br \/>07. Al lano du \u2013 6:20<br \/>08. E Kerlouan ha Bordeaux \u2013 4:40<br \/>09. Les calfats \u2013 4:48<br \/>10. Gwerz Penmarc\u2019h \u2013 6:21<br \/>11. Les filles de Lorient \u2013 3:13<br \/>12. Les filles \u00e0 deniers \u2013 3:41<br \/>13.Gabier de Terre-Neuve \u2013 5:36<br \/>14. Ur vag a Vontroulez \u2013 6:02<br \/>15. Amsterdam \u2013 3:50<\/p>\u00a0\u00a0\u00a0","_links":{"self":[{"href":"https:\/\/lamagicbox.com\/magazine\/wp-json\/wp\/v2\/posts\/43635","targetHints":{"allow":["GET"]}}],"collection":[{"href":"https:\/\/lamagicbox.com\/magazine\/wp-json\/wp\/v2\/posts"}],"about":[{"href":"https:\/\/lamagicbox.com\/magazine\/wp-json\/wp\/v2\/types\/post"}],"author":[{"embeddable":true,"href":"https:\/\/lamagicbox.com\/magazine\/wp-json\/wp\/v2\/users\/1"}],"replies":[{"embeddable":true,"href":"https:\/\/lamagicbox.com\/magazine\/wp-json\/wp\/v2\/comments?post=43635"}],"version-history":[{"count":12,"href":"https:\/\/lamagicbox.com\/magazine\/wp-json\/wp\/v2\/posts\/43635\/revisions"}],"predecessor-version":[{"id":43648,"href":"https:\/\/lamagicbox.com\/magazine\/wp-json\/wp\/v2\/posts\/43635\/revisions\/43648"}],"wp:featuredmedia":[{"embeddable":true,"href":"https:\/\/lamagicbox.com\/magazine\/wp-json\/wp\/v2\/media\/43638"}],"wp:attachment":[{"href":"https:\/\/lamagicbox.com\/magazine\/wp-json\/wp\/v2\/media?parent=43635"}],"wp:term":[{"taxonomy":"category","embeddable":true,"href":"https:\/\/lamagicbox.com\/magazine\/wp-json\/wp\/v2\/categories?post=43635"},{"taxonomy":"post_tag","embeddable":true,"href":"https:\/\/lamagicbox.com\/magazine\/wp-json\/wp\/v2\/tags?post=43635"}],"curies":[{"name":"wp","href":"https:\/\/api.w.org\/{rel}","templated":true}]}}