{"id":42751,"date":"2025-03-22T23:47:00","date_gmt":"2025-03-22T22:47:00","guid":{"rendered":"https:\/\/lamagicbox.com\/magazine\/?p=42751"},"modified":"2025-04-16T20:53:03","modified_gmt":"2025-04-16T18:53:03","slug":"jeanne-mas-a-lespace-chaudeau-ludres-54","status":"publish","type":"post","link":"https:\/\/lamagicbox.com\/magazine\/jeanne-mas-a-lespace-chaudeau-ludres-54\/","title":{"rendered":"Jeanne Mas \u00e0 L&rsquo;Espace Chaudeau &#8211; Ludres (54)"},"content":{"rendered":"<!--themify_builder_content-->\n<div id=\"themify_builder_content-42751\" data-postid=\"42751\" class=\"themify_builder_content themify_builder_content-42751 themify_builder tf_clear\">\n    \t\t\t\t<!-- module_row -->\n\t\t<div  data-lazy=\"1\" class=\"module_row themify_builder_row tb_cbdv114 tb_first tf_w tf_clearfix\">\n\t\t\t\t\t<div class=\"row_inner col_align_top tb_col_count_1 tf_box tf_rel\">\n\t\t\t\t\t<div  data-lazy=\"1\" class=\"module_column tb-column col-full tb_iojd114 first\">\n\t\t\t\t\t\t\t\t\t<div class=\"tb-column-inner tf_box tf_w\">\n\t\t\t\t<!-- module text -->\n<div  class=\"module module-text tb_gic7162   \" data-lazy=\"1\">\n        <div  class=\"tb_text_wrap\">\n    <h2><span style=\"color: #000000;\"><img loading=\"lazy\" decoding=\"async\" class=\"alignleft size-full wp-image-42753\" src=\"https:\/\/lamagicbox.com\/magazine\/wp-content\/uploads\/2025\/04\/Jeanne-Mas-Vignette-2025.jpg\" alt=\"\" width=\"150\" height=\"225\" srcset=\"https:\/\/lamagicbox.com\/magazine\/wp-content\/uploads\/2025\/04\/Jeanne-Mas-Vignette-2025.jpg 150w, https:\/\/lamagicbox.com\/magazine\/wp-content\/uploads\/2025\/04\/Jeanne-Mas-Vignette-2025-100x150.jpg 100w\" sizes=\"auto, (max-width: 150px) 100vw, 150px\" \/>L&rsquo;Espace Chaudeau \/\u00a0<\/span><\/h2><h2><span style=\"color: #800000;\">Jeanne Mas \/\u00a0<\/span><\/h2><h2><span style=\"color: #000000;\">Le 22 Mars 2025 \u2013 Ludres (54) \/\u00a0<\/span><\/h2><h2><span style=\"color: #800000;\"><span style=\"text-decoration: underline;\">Notre avis<\/span> : 5\/5.<\/span><\/h2><hr \/><p style=\"text-align: justify;\"><em><strong>Ce samedi soir, L\u2019Espace Chaudeau accueillait une l\u00e9gende de la pop fran\u00e7aise : Jeanne Mas. Dans le cadre de sa tourn\u00e9e anniversaire c\u00e9l\u00e9brant 40 ans de carri\u00e8re, l\u2019artiste a offert \u00e0 son public un concert \u00e0 la fois \u00e9mouvant, \u00e9nergique et charg\u00e9 de nostalgie. Entre tubes incontournables, moments de confidence et surprises sc\u00e9niques, Jeanne Mas a prouv\u00e9 qu\u2019elle n\u2019a rien perdu de sa flamme ni de sa voix. Retour sur une soir\u00e9e o\u00f9 le temps semblait suspendu.<\/strong><\/em><\/p><h2><span style=\"color: #800000;\">JEANNE MAS<\/span><\/h2><p style=\"text-align: justify;\">Le rideau s&rsquo;ouvre, d\u00e9voilant les musiciens \u2014 habill\u00e9s de costumes dor\u00e9s et argent\u00e9s \u2014 pr\u00eats \u00e0 accompagner l\u2019ic\u00f4ne de la pop fran\u00e7aise qui fait son apparition dans une c\u00e9l\u00e9bration aussi \u00e9l\u00e9gante qu\u2019endiabl\u00e9e. D\u00e8s les premi\u00e8res notes de \u00ab Nous \u00bb, Jeanne Mas rejoint le devant de la sc\u00e8ne, accompagn\u00e9e d\u2019un choriste et d\u2019une choriste. La voix est l\u00e0, intacte, et l\u2019\u00e9nergie d\u00e9bordante. L\u2019encha\u00eenement est fait avec \u00ab Loin D\u2019Ici \u00bb et \u00ab Vivre Libres \u00bb. L&rsquo;artiste adresse ses premiers mots au public. <em>Bonsoir ! Est-ce que \u00e7a va ? \u00c7a fait du bien de vous voir\u2026<\/em> Puis, sourire en coin, elle partage une anecdote de la veille. <em>Hier, j\u2019\u00e9tais en Belgique. Quelqu\u2019un a cru me reconna\u00eetre\u2026 mais blonde ! Ce n\u2019est pas vous&#8230; Bah si\u2026<\/em> Une pirouette malicieuse qui sert d\u2019introduction pour \u00ab Les Marilyn \u00bb, et l\u2019un des premiers grands frissons du concert. Le show se poursuit avec \u00ab Si Fou, Si West \u00bb, o\u00f9 les choristes prennent le devant de la sc\u00e8ne, partageant une chor\u00e9graphie complice avec Jeanne, dans une ambiance girl power assum\u00e9e. Le public, lui, est conquis et ne faiblit pas. D\u00e8s \u00ab C\u0153ur En St\u00e9r\u00e9o \u00bb, les mains battent \u00e0 l\u2019unisson, notamment sur les refrains, amplifiant l\u2019atmosph\u00e8re chaleureuse et f\u00e9d\u00e9ratrice.<\/p><p><img loading=\"lazy\" decoding=\"async\" class=\"size-full wp-image-42757 aligncenter\" src=\"https:\/\/lamagicbox.com\/magazine\/wp-content\/uploads\/2025\/04\/Jeanne-Mas-2025-1.jpg\" alt=\"\" width=\"500\" height=\"375\" srcset=\"https:\/\/lamagicbox.com\/magazine\/wp-content\/uploads\/2025\/04\/Jeanne-Mas-2025-1.jpg 500w, https:\/\/lamagicbox.com\/magazine\/wp-content\/uploads\/2025\/04\/Jeanne-Mas-2025-1-200x150.jpg 200w, https:\/\/lamagicbox.com\/magazine\/wp-content\/uploads\/2025\/04\/Jeanne-Mas-2025-1-400x300.jpg 400w\" sizes=\"auto, (max-width: 500px) 100vw, 500px\" \/><\/p><p style=\"text-align: justify;\">Place ensuite \u00e0 une s\u00e9quence plus intime, acoustique, qui met en lumi\u00e8re la voix pure et l\u2019\u00e9motion intacte de l\u2019artiste : \u00ab Oh Mama \u00bb, \u00ab Qu\u2019Est-Ce Qu\u2019On Attend ? \u00bb, \u00ab Lisa \u00bb, \u00ab Tango \u00bb, \u00ab Les Crises De L\u2019\u00c2me \u00bb et \u00ab Femme D\u2019Aujourd\u2019hui \u00bb s\u2019encha\u00eenent dans une bulle suspendue. Jeanne interroge le public avec tendresse. <em>\u00c7a va toujours ?<\/em> Une mani\u00e8re de le garder proche, connect\u00e9, avant de relancer la machine. La reprise en \u00e9lectrique arrive avec \u00ab L\u2019Enfant \u00bb, suivie de \u00ab \u00c9cris-Moi \u00bb, brillamment interpr\u00e9t\u00e9 par les choristes. Jeanne revient ensuite pour la derni\u00e8re ligne droite, d\u00e9termin\u00e9e \u00e0 faire lever toute la salle. Et elle y parvient : \u00ab Andalouses \u00bb, \u00ab Derni\u00e8re Song \u00bb et \u00ab La B\u00eate Libre \u00bb font monter l\u2019adr\u00e9naline. Puis viennent les incontournables, ceux que tout le monde attendait : \u00ab Sauvez-Moi \u00bb, \u00ab Johnny Johnny \u00bb, et bien s\u00fbr l\u2019hymne \u00ab En Rouge Et Noir \u00bb, chant\u00e9 en ch\u0153ur par un public debout, les bras lev\u00e9s. En guise de rappel, Jeanne offre un dernier frisson avec \u00ab Toute Premi\u00e8re Fois \u00bb, repris \u00e0 tue-t\u00eate. Succ\u00e8s total, ovation debout. L\u2019artiste prend le temps de saluer, de toucher les mains tendues, de savourer l\u2019instant. Puis elle quitte la sc\u00e8ne, comme elle l\u2019a occup\u00e9e : avec \u00e9l\u00e9gance, passion, et cette intensit\u00e9 rare qui traverse les d\u00e9cennies.<\/p><p><img loading=\"lazy\" decoding=\"async\" class=\"size-full wp-image-42758 aligncenter\" src=\"https:\/\/lamagicbox.com\/magazine\/wp-content\/uploads\/2025\/04\/Jeanne-Mas-2025-2.jpg\" alt=\"\" width=\"500\" height=\"375\" srcset=\"https:\/\/lamagicbox.com\/magazine\/wp-content\/uploads\/2025\/04\/Jeanne-Mas-2025-2.jpg 500w, https:\/\/lamagicbox.com\/magazine\/wp-content\/uploads\/2025\/04\/Jeanne-Mas-2025-2-200x150.jpg 200w, https:\/\/lamagicbox.com\/magazine\/wp-content\/uploads\/2025\/04\/Jeanne-Mas-2025-2-400x300.jpg 400w\" sizes=\"auto, (max-width: 500px) 100vw, 500px\" \/><\/p><p><strong><span style=\"text-decoration: underline;\">Jeanne Mas<\/span> :\u00a0<a href=\"https:\/\/www.instagram.com\/jeannemasofficiel\/\" target=\"_blank\" rel=\"noopener\">Instagram<\/a>\u00a0\/\u00a0<a href=\"https:\/\/x.com\/jeannemasnews\" target=\"_blank\" rel=\"noopener\">Twitter<\/a>\u00a0\/\u00a0<a href=\"https:\/\/www.youtube.com\/@jeannemasoff\" target=\"_blank\" rel=\"noopener\">Youtube<\/a>\u00a0\/\u00a0<a href=\"https:\/\/www.jeannemas.com\/\" target=\"_blank\" rel=\"noopener\">Site Officiel<\/a><\/strong><\/p><p><strong><span style=\"text-decoration: underline;\">Les photos de la soir\u00e9e<\/span>\u00a0:\u00a0<a href=\"https:\/\/www.facebook.com\/media\/set\/?set=a.1194624629339044&amp;type=3\" target=\"_blank\" rel=\"noopener\">ici<\/a>.<\/strong><\/p><p><span style=\"text-decoration: underline;\">Photos<\/span>\u00a0: Fabrice A.<\/p><p>#Live \/ #Report \/ #LiveReport \/ #Review \/ #LiveReview \/ #Photos \/ #Pictures<\/p><hr \/>    <\/div>\n<\/div>\n<!-- \/module text -->\t\t\t\t<\/div><!-- .tb-column-inner -->\n\t\t\t\t\t\t<\/div><!-- .module_column -->\n\t\t\t\t\t\t<\/div><!-- .row_inner -->\n\t\t<\/div><!-- .module_row -->\n\t\t\t\t<\/div>\n<!--\/themify_builder_content-->","protected":false},"excerpt":{"rendered":"<p>L&rsquo;Espace Chaudeau \/\u00a0Jeanne Mas \/\u00a0Le 22 Mars 2025 \u2013 Ludres (54) \/\u00a0Notre avis : 5\/5.Ce samedi soir, L\u2019Espace Chaudeau accueillait une l\u00e9gende de la pop fran\u00e7aise : Jeanne Mas. Dans le cadre de sa tourn\u00e9e anniversaire c\u00e9l\u00e9brant 40 ans de carri\u00e8re, l\u2019artiste a offert \u00e0 son public un concert \u00e0 la fois \u00e9mouvant, \u00e9nergique et [&hellip;]<\/p>\n","protected":false},"author":4,"featured_media":42756,"comment_status":"open","ping_status":"open","sticky":false,"template":"","format":"standard","meta":{"footnotes":""},"categories":[57,53],"tags":[4388,4387,4389,4390],"class_list":["post-42751","post","type-post","status-publish","format-standard","has-post-thumbnail","hentry","category-reportage-concert","category-reportages","tag-espace-chaudeau","tag-jeanne-mas","tag-lespace-chaudeau","tag-ludres","has-post-title","has-post-date","has-post-category","has-post-tag","has-post-comment","has-post-author",""],"builder_content":"<h2><img loading=\"lazy\" decoding=\"async\" src=\"https:\/\/lamagicbox.com\/magazine\/wp-content\/uploads\/2025\/04\/Jeanne-Mas-Vignette-2025.jpg\" alt=\"\" width=\"150\" height=\"225\" srcset=\"https:\/\/lamagicbox.com\/magazine\/wp-content\/uploads\/2025\/04\/Jeanne-Mas-Vignette-2025.jpg 150w, https:\/\/lamagicbox.com\/magazine\/wp-content\/uploads\/2025\/04\/Jeanne-Mas-Vignette-2025-100x150.jpg 100w\" sizes=\"auto, (max-width: 150px) 100vw, 150px\" \/>L'Espace Chaudeau \/\u00a0<\/h2><h2>Jeanne Mas \/\u00a0<\/h2><h2>Le 22 Mars 2025 \u2013 Ludres (54) \/\u00a0<\/h2><h2>Notre avis : 5\/5.<\/h2><hr \/><p style=\"text-align: justify;\"><em><strong>Ce samedi soir, L\u2019Espace Chaudeau accueillait une l\u00e9gende de la pop fran\u00e7aise : Jeanne Mas. Dans le cadre de sa tourn\u00e9e anniversaire c\u00e9l\u00e9brant 40 ans de carri\u00e8re, l\u2019artiste a offert \u00e0 son public un concert \u00e0 la fois \u00e9mouvant, \u00e9nergique et charg\u00e9 de nostalgie. Entre tubes incontournables, moments de confidence et surprises sc\u00e9niques, Jeanne Mas a prouv\u00e9 qu\u2019elle n\u2019a rien perdu de sa flamme ni de sa voix. Retour sur une soir\u00e9e o\u00f9 le temps semblait suspendu.<\/strong><\/em><\/p><h2>JEANNE MAS<\/h2><p style=\"text-align: justify;\">Le rideau s'ouvre, d\u00e9voilant les musiciens \u2014 habill\u00e9s de costumes dor\u00e9s et argent\u00e9s \u2014 pr\u00eats \u00e0 accompagner l\u2019ic\u00f4ne de la pop fran\u00e7aise qui fait son apparition dans une c\u00e9l\u00e9bration aussi \u00e9l\u00e9gante qu\u2019endiabl\u00e9e. D\u00e8s les premi\u00e8res notes de \u00ab Nous \u00bb, Jeanne Mas rejoint le devant de la sc\u00e8ne, accompagn\u00e9e d\u2019un choriste et d\u2019une choriste. La voix est l\u00e0, intacte, et l\u2019\u00e9nergie d\u00e9bordante. L\u2019encha\u00eenement est fait avec \u00ab Loin D\u2019Ici \u00bb et \u00ab Vivre Libres \u00bb. L'artiste adresse ses premiers mots au public. <em>Bonsoir ! Est-ce que \u00e7a va ? \u00c7a fait du bien de vous voir\u2026<\/em> Puis, sourire en coin, elle partage une anecdote de la veille. <em>Hier, j\u2019\u00e9tais en Belgique. Quelqu\u2019un a cru me reconna\u00eetre\u2026 mais blonde ! Ce n\u2019est pas vous... Bah si\u2026<\/em> Une pirouette malicieuse qui sert d\u2019introduction pour \u00ab Les Marilyn \u00bb, et l\u2019un des premiers grands frissons du concert. Le show se poursuit avec \u00ab Si Fou, Si West \u00bb, o\u00f9 les choristes prennent le devant de la sc\u00e8ne, partageant une chor\u00e9graphie complice avec Jeanne, dans une ambiance girl power assum\u00e9e. Le public, lui, est conquis et ne faiblit pas. D\u00e8s \u00ab C\u0153ur En St\u00e9r\u00e9o \u00bb, les mains battent \u00e0 l\u2019unisson, notamment sur les refrains, amplifiant l\u2019atmosph\u00e8re chaleureuse et f\u00e9d\u00e9ratrice.<\/p><p><img loading=\"lazy\" decoding=\"async\" src=\"https:\/\/lamagicbox.com\/magazine\/wp-content\/uploads\/2025\/04\/Jeanne-Mas-2025-1.jpg\" alt=\"\" width=\"500\" height=\"375\" srcset=\"https:\/\/lamagicbox.com\/magazine\/wp-content\/uploads\/2025\/04\/Jeanne-Mas-2025-1.jpg 500w, https:\/\/lamagicbox.com\/magazine\/wp-content\/uploads\/2025\/04\/Jeanne-Mas-2025-1-200x150.jpg 200w, https:\/\/lamagicbox.com\/magazine\/wp-content\/uploads\/2025\/04\/Jeanne-Mas-2025-1-400x300.jpg 400w\" sizes=\"auto, (max-width: 500px) 100vw, 500px\" \/><\/p><p style=\"text-align: justify;\">Place ensuite \u00e0 une s\u00e9quence plus intime, acoustique, qui met en lumi\u00e8re la voix pure et l\u2019\u00e9motion intacte de l\u2019artiste : \u00ab Oh Mama \u00bb, \u00ab Qu\u2019Est-Ce Qu\u2019On Attend ? \u00bb, \u00ab Lisa \u00bb, \u00ab Tango \u00bb, \u00ab Les Crises De L\u2019\u00c2me \u00bb et \u00ab Femme D\u2019Aujourd\u2019hui \u00bb s\u2019encha\u00eenent dans une bulle suspendue. Jeanne interroge le public avec tendresse. <em>\u00c7a va toujours ?<\/em> Une mani\u00e8re de le garder proche, connect\u00e9, avant de relancer la machine. La reprise en \u00e9lectrique arrive avec \u00ab L\u2019Enfant \u00bb, suivie de \u00ab \u00c9cris-Moi \u00bb, brillamment interpr\u00e9t\u00e9 par les choristes. Jeanne revient ensuite pour la derni\u00e8re ligne droite, d\u00e9termin\u00e9e \u00e0 faire lever toute la salle. Et elle y parvient : \u00ab Andalouses \u00bb, \u00ab Derni\u00e8re Song \u00bb et \u00ab La B\u00eate Libre \u00bb font monter l\u2019adr\u00e9naline. Puis viennent les incontournables, ceux que tout le monde attendait : \u00ab Sauvez-Moi \u00bb, \u00ab Johnny Johnny \u00bb, et bien s\u00fbr l\u2019hymne \u00ab En Rouge Et Noir \u00bb, chant\u00e9 en ch\u0153ur par un public debout, les bras lev\u00e9s. En guise de rappel, Jeanne offre un dernier frisson avec \u00ab Toute Premi\u00e8re Fois \u00bb, repris \u00e0 tue-t\u00eate. Succ\u00e8s total, ovation debout. L\u2019artiste prend le temps de saluer, de toucher les mains tendues, de savourer l\u2019instant. Puis elle quitte la sc\u00e8ne, comme elle l\u2019a occup\u00e9e : avec \u00e9l\u00e9gance, passion, et cette intensit\u00e9 rare qui traverse les d\u00e9cennies.<\/p><p><img loading=\"lazy\" decoding=\"async\" src=\"https:\/\/lamagicbox.com\/magazine\/wp-content\/uploads\/2025\/04\/Jeanne-Mas-2025-2.jpg\" alt=\"\" width=\"500\" height=\"375\" srcset=\"https:\/\/lamagicbox.com\/magazine\/wp-content\/uploads\/2025\/04\/Jeanne-Mas-2025-2.jpg 500w, https:\/\/lamagicbox.com\/magazine\/wp-content\/uploads\/2025\/04\/Jeanne-Mas-2025-2-200x150.jpg 200w, https:\/\/lamagicbox.com\/magazine\/wp-content\/uploads\/2025\/04\/Jeanne-Mas-2025-2-400x300.jpg 400w\" sizes=\"auto, (max-width: 500px) 100vw, 500px\" \/><\/p><p><strong>Jeanne Mas :\u00a0<a href=\"https:\/\/www.instagram.com\/jeannemasofficiel\/\" target=\"_blank\" rel=\"noopener\">Instagram<\/a>\u00a0\/\u00a0<a href=\"https:\/\/x.com\/jeannemasnews\" target=\"_blank\" rel=\"noopener\">Twitter<\/a>\u00a0\/\u00a0<a href=\"https:\/\/www.youtube.com\/@jeannemasoff\" target=\"_blank\" rel=\"noopener\">Youtube<\/a>\u00a0\/\u00a0<a href=\"https:\/\/www.jeannemas.com\/\" target=\"_blank\" rel=\"noopener\">Site Officiel<\/a><\/strong><\/p><p><strong>Les photos de la soir\u00e9e\u00a0:\u00a0<a href=\"https:\/\/www.facebook.com\/media\/set\/?set=a.1194624629339044&amp;type=3\" target=\"_blank\" rel=\"noopener\">ici<\/a>.<\/strong><\/p><p>Photos\u00a0: Fabrice A.<\/p><p>#Live \/ #Report \/ #LiveReport \/ #Review \/ #LiveReview \/ #Photos \/ #Pictures<\/p><hr \/>","_links":{"self":[{"href":"https:\/\/lamagicbox.com\/magazine\/wp-json\/wp\/v2\/posts\/42751","targetHints":{"allow":["GET"]}}],"collection":[{"href":"https:\/\/lamagicbox.com\/magazine\/wp-json\/wp\/v2\/posts"}],"about":[{"href":"https:\/\/lamagicbox.com\/magazine\/wp-json\/wp\/v2\/types\/post"}],"author":[{"embeddable":true,"href":"https:\/\/lamagicbox.com\/magazine\/wp-json\/wp\/v2\/users\/4"}],"replies":[{"embeddable":true,"href":"https:\/\/lamagicbox.com\/magazine\/wp-json\/wp\/v2\/comments?post=42751"}],"version-history":[{"count":8,"href":"https:\/\/lamagicbox.com\/magazine\/wp-json\/wp\/v2\/posts\/42751\/revisions"}],"predecessor-version":[{"id":42763,"href":"https:\/\/lamagicbox.com\/magazine\/wp-json\/wp\/v2\/posts\/42751\/revisions\/42763"}],"wp:featuredmedia":[{"embeddable":true,"href":"https:\/\/lamagicbox.com\/magazine\/wp-json\/wp\/v2\/media\/42756"}],"wp:attachment":[{"href":"https:\/\/lamagicbox.com\/magazine\/wp-json\/wp\/v2\/media?parent=42751"}],"wp:term":[{"taxonomy":"category","embeddable":true,"href":"https:\/\/lamagicbox.com\/magazine\/wp-json\/wp\/v2\/categories?post=42751"},{"taxonomy":"post_tag","embeddable":true,"href":"https:\/\/lamagicbox.com\/magazine\/wp-json\/wp\/v2\/tags?post=42751"}],"curies":[{"name":"wp","href":"https:\/\/api.w.org\/{rel}","templated":true}]}}