{"id":41604,"date":"2024-10-15T19:02:00","date_gmt":"2024-10-15T17:02:00","guid":{"rendered":"https:\/\/lamagicbox.com\/magazine\/?p=41604"},"modified":"2024-10-18T09:11:23","modified_gmt":"2024-10-18T07:11:23","slug":"darcy-tout-est-a-nous","status":"publish","type":"post","link":"https:\/\/lamagicbox.com\/magazine\/darcy-tout-est-a-nous\/","title":{"rendered":"Darcy &#8211; Tout est \u00e0 nous"},"content":{"rendered":"<!--themify_builder_content-->\n<div id=\"themify_builder_content-41604\" data-postid=\"41604\" class=\"themify_builder_content themify_builder_content-41604 themify_builder tf_clear\">\n    \t\t\t\t<!-- module_row -->\n\t\t<div  data-lazy=\"1\" class=\"module_row themify_builder_row tb_s29l108 tb_first tf_w tf_clearfix\">\n\t\t\t\t\t<div class=\"row_inner col_align_top tb_col_count_1 tf_box tf_rel\">\n\t\t\t\t\t<div  data-lazy=\"1\" class=\"module_column tb-column col-full tb_am7c108 first\">\n\t\t\t\t\t\t\t\t\t<div class=\"tb-column-inner tf_box tf_w\">\n\t\t\t\t<!-- module text -->\n<div  class=\"module module-text tb_xjpy717   \" data-lazy=\"1\">\n        <div  class=\"tb_text_wrap\">\n    <p><span style=\"color: #800000;\"><strong><img loading=\"lazy\" decoding=\"async\" class=\"alignleft wp-image-41607 size-full\" title=\"lofofora-coeur-de-cible-2024\" src=\"https:\/\/lamagicbox.com\/magazine\/wp-content\/uploads\/2024\/10\/darcy-tout-est-a-nous-2024.jpg\" alt=\"darcy-tout-est-a-nous-2024\" width=\"150\" height=\"150\" srcset=\"https:\/\/lamagicbox.com\/magazine\/wp-content\/uploads\/2024\/10\/darcy-tout-est-a-nous-2024.jpg 150w, https:\/\/lamagicbox.com\/magazine\/wp-content\/uploads\/2024\/10\/darcy-tout-est-a-nous-2024-100x100.jpg 100w, https:\/\/lamagicbox.com\/magazine\/wp-content\/uploads\/2024\/10\/darcy-tout-est-a-nous-2024-120x120.jpg 120w\" sizes=\"auto, (max-width: 150px) 100vw, 150px\" \/>2024 \u2013\u00a0 11 titres &#8211; 33&rsquo;41<br \/><\/strong><\/span><em><strong>Label : <\/strong><\/em>Le Chant de la Col\u00e8re &amp; Enrag\u00e9 Production \/ <a href=\"https:\/\/boutique.label-athome.com\/fr\/633-darcy-tout-est-a-nous-edition-vinyle-3760068973803.html\" target=\"_blank\" rel=\"noopener\">At(h)ome<\/a><br \/><strong><em>Style\u00a0:<\/em><\/strong> Rock, Punk, Metal<br \/><strong><em>Origine\u00a0:<\/em><\/strong>\u00a0France, Bretagne, Rennes (35)<br \/><em><strong>Date de sortie de l&rsquo;album :<\/strong><\/em> 18 octobre 2024<\/p>\n<p style=\"text-align: right;\"><strong>Notre avis : [star rating=\u00a0\u00bb3&Prime; max=\u00a0\u00bb5&Prime;]<\/strong><\/p>\n<hr \/>\n<p style=\"text-align: right;\"><strong>Par Mike S.<\/strong><\/p>\n<p style=\"text-align: justify;\"><em><b>D\u00e9j\u00e0 le 5e album pour ce groupe encore bien trop discret<\/b><strong>. Tout est \u00e0 nous, le dernier album de Darcy, est un v\u00e9ritable manifeste de r\u00e9volte et de r\u00e9sistance. Fid\u00e8les \u00e0 leur style entre punk, rock et metal, les Rennais frappent fort avec des titres incisifs, engag\u00e9s et r\u00e9solument explosifs. <\/strong><\/em><\/p>\n<p style=\"text-align: justify;\">D\u00e8s les premi\u00e8res notes de <em>Tout est \u00e0 nous<\/em>, titre \u00e9ponyme de l&rsquo;album, l\u2019\u00e9nergie brute du groupe prend \u00e0 la gorge, avec des textes cinglants qui invitent \u00e0 la r\u00e9volte et \u00e0 la d\u00e9sob\u00e9issance, civique ou pas :\u00a0 <em>\u00ab\u00a0Toute notre rage ne rentre pas dans cette putain de chanson. tout est \u00e0 nous ! t&rsquo;es avec nous ou t&rsquo;es contre nous !\u00a0\u00bb&#8230; \u00ab\u00a0L&rsquo;Histoire c&rsquo;est nous!\u00a0\u00bb.\u00a0 \u00a0<\/em>\u00a0\u00a0<\/p>\n<p style=\"text-align: justify;\">En d\u00e9non\u00e7ant sans d\u00e9tour l\u2019injustice sociale, les d\u00e9rives politiques et les luttes contemporaines, Darcy multiplie les pav\u00e9s dans la marre et promet le grand soir : <em>\u00ab\u00a0La terreur a chang\u00e9 de camp\u00a0\u00bb<\/em> (<em>La Terreur<\/em>). Le titre est un des plus punk de l&rsquo;album, et peut-\u00eatre de toute la discographie du groupe. <em>\u00ab\u00a0Pas de mis\u00e9ricorde pour eux\u00a0\u00bb<\/em>. Plus qu&rsquo;un hymne, c&rsquo;est un v\u00e9ritable chant r\u00e9volutionnaire, comme peu ont pu en \u00e9crire ces derni\u00e8res ann\u00e9es, alors m\u00eame que les politiques multiplient, depuis 30 ans, les affronts et les provocations \u00e0 longueurs de mandats. On en est m\u00eame \u00e0 se demander comment on a pu arriver jusque l\u00e0 sans qu&rsquo;il n&rsquo;y ait pas eu une nouvelle r\u00e9volution fran\u00e7aise, 235 ans apr\u00e8s la pr\u00e9c\u00e9dente !\u00a0<\/p>\n<p style=\"text-align: center;\"><iframe loading=\"lazy\" title=\"YouTube video player\" src=\"https:\/\/www.youtube.com\/embed\/BLHbtX-VGEk?si=UzaxceS_i7wqHo0E\" width=\"450\" height=\"253\" frameborder=\"0\" allowfullscreen=\"allowfullscreen\"><\/iframe>\u00a0<\/p>\n<p style=\"text-align: justify;\">Avec Le single <em>Plus rien \u00e0 foutre<\/em>, plac\u00e9 quasiment en fin de disque, le groupe offre une autre occasion de se d\u00e9fouler, dans la continuit\u00e9 de <em>La Terreur <\/em>et de <em>Poings en l\u2019air. <\/em>\u00a0<\/p>\n<p style=\"text-align: justify;\">Vraiment chaque morceau est une claque, port\u00e9 par des riffs puissants et des refrains qui s\u2019impriment dans le cr\u00e2ne. Darcy ne fait pas dans la demi-mesure, avec des textes comme <em>\u00ab\u00a0Toi la s\u0153ur, toi le fr\u00e8re \/ Chante la col\u00e8re, chante la col\u00e8re\u00a0\u00bb<\/em>, on croit tenir des successeurs aux <strong>B\u00e9ru&rsquo;<\/strong> !\u00a0<\/p>\n<p style=\"text-align: justify;\"><strong><em>Tout est \u00e0 nous<\/em><\/strong> est un appel au soul\u00e8vement g\u00e9n\u00e9ral, \u00e0 se lever, \u00e0 crier et \u00e0 revendiquer ses droits, avec une fougue contagieuse. Un album qui galvanise, sans jamais faiblir, et qui prouve que le rock engag\u00e9 a encore de beaux jours devant lui.\u00a0<\/p>\n<hr \/>\n<p style=\"text-align: justify;\"><a href=\"https:\/\/www.facebook.com\/darcymusic\" target=\"_blank\" rel=\"noopener\">Facebook<\/a>\u00a0\/ <a href=\"http:\/\/boutique.label-athome.com\/fr\/78_darcy\" target=\"_blank\" rel=\"noopener\">Acheter l&rsquo;album<\/a> \/ <a href=\"https:\/\/www.youtube.com\/channel\/UCJPC8eNQrgKisJyYaQoRE0g\" target=\"_blank\" rel=\"noopener\">YT<\/a>\u00a0<\/p>\n<hr \/>\n<p style=\"text-align: justify;\"><em><strong>Line-up :<br \/><\/strong><\/em>Irvin Tollemer : chant<br \/>Cl\u00e9ment Tollemer : batterie<br \/>Vincent Cosson : guitare<br \/>Marc Corlette : basse<\/p>\n<p><em><strong>Tracklist :<br \/><\/strong><\/em>01. Tout est \u00e0 nous<br \/>02. La Terreur<br \/>03. Poings en l&rsquo;air\u00a0<br \/>04. Tsunami<br \/>05. Ce soir \u00e7a va chier\u00a0<br \/>06. Rien \u00e0 perdre\u00a0<br \/>07. La Bagarre\u00a0<br \/>08. Enrag\u00e9s\u00a0<br \/>09. Interlude\u00a0<br \/>10. Plus rien \u00e0 foutre\u00a0<br \/>11. La fin\u00a0<\/p>    <\/div>\n<\/div>\n<!-- \/module text -->\t\t\t\t<\/div><!-- .tb-column-inner -->\n\t\t\t\t\t\t<\/div><!-- .module_column -->\n\t\t\t\t\t\t<\/div><!-- .row_inner -->\n\t\t<\/div><!-- .module_row -->\n\t\t\t\t<\/div>\n<!--\/themify_builder_content-->","protected":false},"excerpt":{"rendered":"<p>2024 \u2013\u00a0 11 titres &#8211; 33&rsquo;41Label : Le Chant de la Col\u00e8re &amp; Enrag\u00e9 Production \/ At(h)omeStyle\u00a0: Rock, Punk, MetalOrigine\u00a0:\u00a0France, Bretagne, Rennes (35)Date de sortie de l&rsquo;album : 18 octobre 2024 Notre avis : [star rating=\u00a0\u00bb3&Prime; max=\u00a0\u00bb5&Prime;] Par Mike S. D\u00e9j\u00e0 le 5e album pour ce groupe encore bien trop discret. Tout est \u00e0 nous, [&hellip;]<\/p>\n","protected":false},"author":1,"featured_media":41607,"comment_status":"open","ping_status":"open","sticky":false,"template":"","format":"standard","meta":{"footnotes":""},"categories":[39],"tags":[75,1124,655,2757,1912,605,2341],"class_list":["post-41604","post","type-post","status-publish","format-standard","has-post-thumbnail","hentry","category-albums-francais","tag-athome","tag-bretagne","tag-darcy","tag-metal","tag-punk","tag-rennes","tag-rock","has-post-title","has-post-date","has-post-category","has-post-tag","has-post-comment","has-post-author",""],"builder_content":"<p><strong><img loading=\"lazy\" decoding=\"async\" title=\"lofofora-coeur-de-cible-2024\" src=\"https:\/\/lamagicbox.com\/magazine\/wp-content\/uploads\/2024\/10\/darcy-tout-est-a-nous-2024.jpg\" alt=\"darcy-tout-est-a-nous-2024\" width=\"150\" height=\"150\" srcset=\"https:\/\/lamagicbox.com\/magazine\/wp-content\/uploads\/2024\/10\/darcy-tout-est-a-nous-2024.jpg 150w, https:\/\/lamagicbox.com\/magazine\/wp-content\/uploads\/2024\/10\/darcy-tout-est-a-nous-2024-100x100.jpg 100w, https:\/\/lamagicbox.com\/magazine\/wp-content\/uploads\/2024\/10\/darcy-tout-est-a-nous-2024-120x120.jpg 120w\" sizes=\"auto, (max-width: 150px) 100vw, 150px\" \/>2024 \u2013\u00a0 11 titres - 33'41<br \/><\/strong><em><strong>Label : <\/strong><\/em>Le Chant de la Col\u00e8re &amp; Enrag\u00e9 Production \/ <a href=\"https:\/\/boutique.label-athome.com\/fr\/633-darcy-tout-est-a-nous-edition-vinyle-3760068973803.html\" target=\"_blank\" rel=\"noopener\">At(h)ome<\/a><br \/><strong><em>Style\u00a0:<\/em><\/strong> Rock, Punk, Metal<br \/><strong><em>Origine\u00a0:<\/em><\/strong>\u00a0France, Bretagne, Rennes (35)<br \/><em><strong>Date de sortie de l'album :<\/strong><\/em> 18 octobre 2024<\/p> <p style=\"text-align: right;\"><strong>Notre avis : [star rating=\"3\" max=\"5\"]<\/strong><\/p> <hr \/> <p style=\"text-align: right;\"><strong>Par Mike S.<\/strong><\/p> <p style=\"text-align: justify;\"><em><b>D\u00e9j\u00e0 le 5e album pour ce groupe encore bien trop discret<\/b><strong>. Tout est \u00e0 nous, le dernier album de Darcy, est un v\u00e9ritable manifeste de r\u00e9volte et de r\u00e9sistance. Fid\u00e8les \u00e0 leur style entre punk, rock et metal, les Rennais frappent fort avec des titres incisifs, engag\u00e9s et r\u00e9solument explosifs. <\/strong><\/em><\/p> <p style=\"text-align: justify;\">D\u00e8s les premi\u00e8res notes de <em>Tout est \u00e0 nous<\/em>, titre \u00e9ponyme de l'album, l\u2019\u00e9nergie brute du groupe prend \u00e0 la gorge, avec des textes cinglants qui invitent \u00e0 la r\u00e9volte et \u00e0 la d\u00e9sob\u00e9issance, civique ou pas :\u00a0 <em>\"Toute notre rage ne rentre pas dans cette putain de chanson. tout est \u00e0 nous ! t'es avec nous ou t'es contre nous !\"... \"L'Histoire c'est nous!\".\u00a0 \u00a0<\/em>\u00a0\u00a0<\/p> <p style=\"text-align: justify;\">En d\u00e9non\u00e7ant sans d\u00e9tour l\u2019injustice sociale, les d\u00e9rives politiques et les luttes contemporaines, Darcy multiplie les pav\u00e9s dans la marre et promet le grand soir : <em>\"La terreur a chang\u00e9 de camp\"<\/em> (<em>La Terreur<\/em>). Le titre est un des plus punk de l'album, et peut-\u00eatre de toute la discographie du groupe. <em>\"Pas de mis\u00e9ricorde pour eux\"<\/em>. Plus qu'un hymne, c'est un v\u00e9ritable chant r\u00e9volutionnaire, comme peu ont pu en \u00e9crire ces derni\u00e8res ann\u00e9es, alors m\u00eame que les politiques multiplient, depuis 30 ans, les affronts et les provocations \u00e0 longueurs de mandats. On en est m\u00eame \u00e0 se demander comment on a pu arriver jusque l\u00e0 sans qu'il n'y ait pas eu une nouvelle r\u00e9volution fran\u00e7aise, 235 ans apr\u00e8s la pr\u00e9c\u00e9dente !\u00a0<\/p> <p style=\"text-align: center;\"><iframe loading=\"lazy\" title=\"YouTube video player\" src=\"https:\/\/www.youtube.com\/embed\/BLHbtX-VGEk?si=UzaxceS_i7wqHo0E\" width=\"450\" height=\"253\" frameborder=\"0\" allowfullscreen=\"allowfullscreen\"><\/iframe>\u00a0<\/p> <p style=\"text-align: justify;\">Avec Le single <em>Plus rien \u00e0 foutre<\/em>, plac\u00e9 quasiment en fin de disque, le groupe offre une autre occasion de se d\u00e9fouler, dans la continuit\u00e9 de <em>La Terreur <\/em>et de <em>Poings en l\u2019air. <\/em>\u00a0<\/p> <p style=\"text-align: justify;\">Vraiment chaque morceau est une claque, port\u00e9 par des riffs puissants et des refrains qui s\u2019impriment dans le cr\u00e2ne. Darcy ne fait pas dans la demi-mesure, avec des textes comme <em>\"Toi la s\u0153ur, toi le fr\u00e8re \/ Chante la col\u00e8re, chante la col\u00e8re\"<\/em>, on croit tenir des successeurs aux <strong>B\u00e9ru'<\/strong> !\u00a0<\/p> <p style=\"text-align: justify;\"><strong><em>Tout est \u00e0 nous<\/em><\/strong> est un appel au soul\u00e8vement g\u00e9n\u00e9ral, \u00e0 se lever, \u00e0 crier et \u00e0 revendiquer ses droits, avec une fougue contagieuse. Un album qui galvanise, sans jamais faiblir, et qui prouve que le rock engag\u00e9 a encore de beaux jours devant lui.\u00a0<\/p> <hr \/> <p style=\"text-align: justify;\"><a href=\"https:\/\/www.facebook.com\/darcymusic\" target=\"_blank\" rel=\"noopener\">Facebook<\/a>\u00a0\/ <a href=\"http:\/\/boutique.label-athome.com\/fr\/78_darcy\" target=\"_blank\" rel=\"noopener\">Acheter l'album<\/a> \/ <a href=\"https:\/\/www.youtube.com\/channel\/UCJPC8eNQrgKisJyYaQoRE0g\" target=\"_blank\" rel=\"noopener\">YT<\/a>\u00a0<\/p> <hr \/> <p style=\"text-align: justify;\"><em><strong>Line-up :<br \/><\/strong><\/em>Irvin Tollemer : chant<br \/>Cl\u00e9ment Tollemer : batterie<br \/>Vincent Cosson : guitare<br \/>Marc Corlette : basse<\/p> <p><em><strong>Tracklist :<br \/><\/strong><\/em>01. Tout est \u00e0 nous<br \/>02. La Terreur<br \/>03. Poings en l'air\u00a0<br \/>04. Tsunami<br \/>05. Ce soir \u00e7a va chier\u00a0<br \/>06. Rien \u00e0 perdre\u00a0<br \/>07. La Bagarre\u00a0<br \/>08. Enrag\u00e9s\u00a0<br \/>09. Interlude\u00a0<br \/>10. Plus rien \u00e0 foutre\u00a0<br \/>11. La fin\u00a0<\/p>","_links":{"self":[{"href":"https:\/\/lamagicbox.com\/magazine\/wp-json\/wp\/v2\/posts\/41604","targetHints":{"allow":["GET"]}}],"collection":[{"href":"https:\/\/lamagicbox.com\/magazine\/wp-json\/wp\/v2\/posts"}],"about":[{"href":"https:\/\/lamagicbox.com\/magazine\/wp-json\/wp\/v2\/types\/post"}],"author":[{"embeddable":true,"href":"https:\/\/lamagicbox.com\/magazine\/wp-json\/wp\/v2\/users\/1"}],"replies":[{"embeddable":true,"href":"https:\/\/lamagicbox.com\/magazine\/wp-json\/wp\/v2\/comments?post=41604"}],"version-history":[{"count":21,"href":"https:\/\/lamagicbox.com\/magazine\/wp-json\/wp\/v2\/posts\/41604\/revisions"}],"predecessor-version":[{"id":41689,"href":"https:\/\/lamagicbox.com\/magazine\/wp-json\/wp\/v2\/posts\/41604\/revisions\/41689"}],"wp:featuredmedia":[{"embeddable":true,"href":"https:\/\/lamagicbox.com\/magazine\/wp-json\/wp\/v2\/media\/41607"}],"wp:attachment":[{"href":"https:\/\/lamagicbox.com\/magazine\/wp-json\/wp\/v2\/media?parent=41604"}],"wp:term":[{"taxonomy":"category","embeddable":true,"href":"https:\/\/lamagicbox.com\/magazine\/wp-json\/wp\/v2\/categories?post=41604"},{"taxonomy":"post_tag","embeddable":true,"href":"https:\/\/lamagicbox.com\/magazine\/wp-json\/wp\/v2\/tags?post=41604"}],"curies":[{"name":"wp","href":"https:\/\/api.w.org\/{rel}","templated":true}]}}