{"id":41350,"date":"2024-09-12T23:59:00","date_gmt":"2024-09-12T21:59:00","guid":{"rendered":"https:\/\/lamagicbox.com\/magazine\/?p=41350"},"modified":"2024-09-22T13:11:18","modified_gmt":"2024-09-22T11:11:18","slug":"gilbert-montagne-a-verdun-expo-verdun-55","status":"publish","type":"post","link":"https:\/\/lamagicbox.com\/magazine\/gilbert-montagne-a-verdun-expo-verdun-55\/","title":{"rendered":"Gilbert Montagn\u00e9 \u00e0 Verdun Expo &#8211; Verdun (55)"},"content":{"rendered":"<!--themify_builder_content-->\n<div id=\"themify_builder_content-41350\" data-postid=\"41350\" class=\"themify_builder_content themify_builder_content-41350 themify_builder tf_clear\">\n    \t\t\t\t<!-- module_row -->\n\t\t<div  data-lazy=\"1\" class=\"module_row themify_builder_row tb_mf6g101 tb_first tf_w tf_clearfix\">\n\t\t\t\t\t<div class=\"row_inner col_align_top tb_col_count_1 tf_box tf_rel\">\n\t\t\t\t\t<div  data-lazy=\"1\" class=\"module_column tb-column col-full tb_buic102 first\">\n\t\t\t\t\t\t\t\t\t<div class=\"tb-column-inner tf_box tf_w\">\n\t\t\t\t<!-- module text -->\n<div  class=\"module module-text tb_bqqi433   \" data-lazy=\"1\">\n        <div  class=\"tb_text_wrap\">\n    <h2 style=\"text-align: left;\"><span style=\"color: #333333;\"><span style=\"color: #000000;\"><img loading=\"lazy\" decoding=\"async\" class=\"alignleft size-full wp-image-41351\" title=\"Verdun Expo 2024 (vignette)\" src=\"https:\/\/lamagicbox.com\/magazine\/wp-content\/uploads\/2024\/09\/Verdun-Expo-2024-vignette.jpg\" alt=\"\" width=\"150\" height=\"225\" srcset=\"https:\/\/lamagicbox.com\/magazine\/wp-content\/uploads\/2024\/09\/Verdun-Expo-2024-vignette.jpg 150w, https:\/\/lamagicbox.com\/magazine\/wp-content\/uploads\/2024\/09\/Verdun-Expo-2024-vignette-100x150.jpg 100w\" sizes=\"auto, (max-width: 150px) 100vw, 150px\" \/>Verdun Expo<span style=\"font-size: 16px;\">\u00a0\/<\/span><\/span><\/span><\/h2>\n<h2 style=\"text-align: left;\" align=\"JUSTIFY\"><span style=\"color: #800000;\">Gilbert Montagn\u00e9 \/<\/span><\/h2>\n<h2 style=\"text-align: left;\"><span style=\"color: #000000;\">Le 12 Septembre 2024 &#8211; Verdun (55) \/<\/span><\/h2>\n<h2 style=\"text-align: left;\" align=\"JUSTIFY\"><span style=\"color: #800000;\"><span style=\"text-decoration: underline;\">Notre avis<\/span>\u00a0: [star rating=\u00a0\u00bb5&Prime; max=\u00a0\u00bb5&Prime;]<\/span><\/h2>\n<hr \/>\n<p style=\"text-align: justify;\"><em><strong>Pour cette 43\u00e8me \u00e9dition de Verdun Expo, nous avons eu l&rsquo;immense plaisir d&rsquo;accueillir une l\u00e9gende de la chanson fran\u00e7aise : Gilbert Montagn\u00e9 ! Avec sa voix inimitable et ses tubes incontournables, il nous a transport\u00e9 dans un univers festif et plein d&rsquo;\u00e9motions. <\/strong><\/em><\/p>\n<h2><span style=\"color: #800000;\">GILBERT MONTAGN\u00c9<\/span><\/h2>\n<p style=\"text-align: justify;\">D\u00e8s l&rsquo;arriv\u00e9e des musiciens, l&rsquo;ambiance est d\u00e9j\u00e0 \u00e9lectrique. Apr\u00e8s une intro musicale \u00e9nergique, le maestro prend place au piano. Le sourire aux l\u00e8vres, il s&rsquo;adresse d&#8217;embl\u00e9e \u00e0 la foule. <em>Bonsoir Verdun !<\/em> <em>C\u2019est un plaisir d\u2019\u00eatre l\u00e0 ce soir avec vous !<\/em> Sa complicit\u00e9 avec le public s\u2019installe rapidement lorsqu\u2019il demande : <em>Est-ce que vous avez regard\u00e9 les Jeux Olympiques ? Et les Jeux Paralympiques ?<\/em>\u00a0Un hommage poignant aux athl\u00e8tes et aux soldats tomb\u00e9s durant la Premi\u00e8re Guerre mondiale ouvre le concert avec une interpr\u00e9tation vibrante de \u00ab La Marseillaise \u00bb, teint\u00e9e d\u2019\u00e9motion et de respect.<\/p>\n<p><img loading=\"lazy\" decoding=\"async\" class=\"size-full wp-image-41352 aligncenter\" title=\"Gilbert Montagn\u00e9 (2024) (1)\" src=\"https:\/\/lamagicbox.com\/magazine\/wp-content\/uploads\/2024\/09\/Gilbert-Montagne-2024-1.jpg\" alt=\"\" width=\"500\" height=\"375\" srcset=\"https:\/\/lamagicbox.com\/magazine\/wp-content\/uploads\/2024\/09\/Gilbert-Montagne-2024-1.jpg 500w, https:\/\/lamagicbox.com\/magazine\/wp-content\/uploads\/2024\/09\/Gilbert-Montagne-2024-1-200x150.jpg 200w, https:\/\/lamagicbox.com\/magazine\/wp-content\/uploads\/2024\/09\/Gilbert-Montagne-2024-1-400x300.jpg 400w\" sizes=\"auto, (max-width: 500px) 100vw, 500px\" \/><\/p>\n<p style=\"text-align: justify;\">Le spectacle monte en intensit\u00e9 avec \u00ab Comme Une \u00c9toile Dans Ma Vie \u00bb, r\u00e9arrang\u00e9 dans une version rock qui met le feu au parterre. Accompagn\u00e9 d&rsquo;une formation compl\u00e8te \u2014 guitare, basse, batterie, synth\u00e9 et trois choristes \u2014 l\u2019artiste livre une performance pleine d\u2019\u00e9nergie, lui au piano au c\u0153ur de ce show vibrant. L\u2019ovation est imm\u00e9diate, une premi\u00e8re d\u2019une longue s\u00e9rie au cours de la soir\u00e9e. Les morceaux phares s\u2019encha\u00eenent sans rel\u00e2che. \u00ab Je Veux Tout \u00bb fait danser la foule, suivi de \u00ab Libert\u00e9 \u00bb. Le chanteur \u00e9change r\u00e9guli\u00e8rement avec la foule. <em>\u00c7a va bien tout le monde ? \u00c7a fait plaisir ! J\u2019entends des enfants !<\/em>\u00a0Cette interaction, pleine de g\u00e9n\u00e9rosit\u00e9, donne une atmosph\u00e8re conviviale et familiale au concert.<\/p>\n<p><img loading=\"lazy\" decoding=\"async\" class=\"size-full wp-image-41353 aligncenter\" title=\"Gilbert Montagn\u00e9 (2024) (2)\" src=\"https:\/\/lamagicbox.com\/magazine\/wp-content\/uploads\/2024\/09\/Gilbert-Montagne-2024-2.jpg\" alt=\"\" width=\"500\" height=\"375\" srcset=\"https:\/\/lamagicbox.com\/magazine\/wp-content\/uploads\/2024\/09\/Gilbert-Montagne-2024-2.jpg 500w, https:\/\/lamagicbox.com\/magazine\/wp-content\/uploads\/2024\/09\/Gilbert-Montagne-2024-2-200x150.jpg 200w, https:\/\/lamagicbox.com\/magazine\/wp-content\/uploads\/2024\/09\/Gilbert-Montagne-2024-2-400x300.jpg 400w\" sizes=\"auto, (max-width: 500px) 100vw, 500px\" \/><\/p>\n<p style=\"text-align: justify;\">\u00ab Musicienne \u00bb apporte une touche de douceur. <em>\u00c7a va Verdun ?!!<\/em> L&rsquo;artiste est en parfaite harmonie avec son public. Le chanteur offre ensuite un moment de gr\u00e2ce avec \u00ab Vivre Ma Vie \u00bb. Une ballade poignante est encha\u00een\u00e9e avec \u00ab Quand Elles Nous Aiment \u00bb qui suscite des applaudissements nourris et sinc\u00e8res. La f\u00eate reprend de plus belle avec \u00ab Ni\u00f1a \u00bb et \u00ab Pr\u00e8s De Toi \u00bb, faisant vibrer la foule qui ne demande qu\u2019\u00e0 danser. <em>Vous \u00eates un public formidable, merci, <\/em>lance l\u2019artiste, toujours en communion avec les gens. L\u2019\u00e9motion est palpable. Un petit medley nous est ensuite propos\u00e9 avec notamment \u00ab Viens Vite \u00bb et \u00ab J\u2019Ai Toujours Envie De Te Revoir \u00bb. Ce voyage dans le temps est marqu\u00e9 par une confession \u00e9mouvante.<\/p>\n<p><img loading=\"lazy\" decoding=\"async\" class=\"size-full wp-image-41354 aligncenter\" title=\"Gilbert Montagn\u00e9 (2024) (3)\" src=\"https:\/\/lamagicbox.com\/magazine\/wp-content\/uploads\/2024\/09\/Gilbert-Montagne-2024-3.jpg\" alt=\"\" width=\"500\" height=\"375\" srcset=\"https:\/\/lamagicbox.com\/magazine\/wp-content\/uploads\/2024\/09\/Gilbert-Montagne-2024-3.jpg 500w, https:\/\/lamagicbox.com\/magazine\/wp-content\/uploads\/2024\/09\/Gilbert-Montagne-2024-3-200x150.jpg 200w, https:\/\/lamagicbox.com\/magazine\/wp-content\/uploads\/2024\/09\/Gilbert-Montagne-2024-3-400x300.jpg 400w\" sizes=\"auto, (max-width: 500px) 100vw, 500px\" \/><\/p>\n<p style=\"text-align: justify;\"><em>Il y a 53 ans, vous m&rsquo;avez accueilli avec cette premi\u00e8re chanson : <\/em>\u00ab The Fool \u00bb \u00bb. Un moment suspendu, qui touche le public en plein c\u0153ur. Puis, vient l\u2019in\u00e9vitable tube \u00ab On Va S\u2019Aimer \u00bb, repris en ch\u0153ur par l\u2019assistance dans une euphorie partag\u00e9e. Gilbert Montagn\u00e9 encha\u00eene ensuite avec \u00ab Les Sunlights Des Tropiques \u00bb et un autre de ses succ\u00e8s : \u00ab J\u2019Ai Le Blues De Toi \u00bb. Pour conclure ce concert m\u00e9morable, il rend hommage \u00e0 l\u2019un des plus grands classiques de la chanson fran\u00e7aise avec \u00ab L&rsquo;Hymne \u00c0 L&rsquo;Amour \u00bb. Avec ses quatre musiciens et ses trois choristes, Gilbert Montagn\u00e9 a offert une performance d\u00e9bordante d\u2019\u00e9nergie, de g\u00e9n\u00e9rosit\u00e9 et d\u2019\u00e9motion. Un show grandiose avec des sourires et une note d&rsquo;amour, laissant Verdun sous le charme.<\/p>\n<p><img loading=\"lazy\" decoding=\"async\" class=\"size-full wp-image-41355 aligncenter\" title=\"Gilbert Montagn\u00e9 (2024) (4)\" src=\"https:\/\/lamagicbox.com\/magazine\/wp-content\/uploads\/2024\/09\/Gilbert-Montagne-2024-4.jpg\" alt=\"\" width=\"500\" height=\"375\" srcset=\"https:\/\/lamagicbox.com\/magazine\/wp-content\/uploads\/2024\/09\/Gilbert-Montagne-2024-4.jpg 500w, https:\/\/lamagicbox.com\/magazine\/wp-content\/uploads\/2024\/09\/Gilbert-Montagne-2024-4-200x150.jpg 200w, https:\/\/lamagicbox.com\/magazine\/wp-content\/uploads\/2024\/09\/Gilbert-Montagne-2024-4-400x300.jpg 400w\" sizes=\"auto, (max-width: 500px) 100vw, 500px\" \/><\/p>\n<p style=\"text-align: justify;\"><strong><span style=\"text-decoration: underline;\">Gilbert Montagn\u00e9<\/span>\u00a0:\u00a0<a href=\"https:\/\/www.facebook.com\/GilbertMontagneOfficial\" target=\"_blank\" rel=\"noopener\">Facebook<\/a>\u00a0\/\u00a0<a href=\"https:\/\/www.instagram.com\/gilbertmontagneoff\" target=\"_blank\" rel=\"noopener\">Instagram<\/a>\u00a0\/\u00a0<a href=\"https:\/\/x.com\/montagnegilbert\" target=\"_blank\" rel=\"noopener\">Twitter<\/a>\u00a0\/\u00a0<a href=\"https:\/\/www.youtube.com\/@gilbertmontagneoff\" target=\"_blank\" rel=\"noopener\">Youtube<\/a>\u00a0\/\u00a0<a href=\"https:\/\/www.gilbertmontagne.com\/\" target=\"_blank\" rel=\"noopener\">Site Officiel<\/a><\/strong><\/p>\n<p><strong><span style=\"text-decoration: underline;\">Les photos<\/span> : <a href=\"https:\/\/www.facebook.com\/media\/set\/?set=a.1039531131515062&amp;type=3\" target=\"_blank\" rel=\"noopener\">ici<\/a>.<\/strong><\/p>\n<p><span style=\"text-decoration: underline;\">Photos<\/span>\u00a0: Fabrice A.<\/p>\n<p>#Live \/ #Report \/ #LiveReport \/ #Review \/ #LiveReview \/ #Photos \/ #Pictures<\/p>\n<hr \/>\n<p>\u00a0<\/p>    <\/div>\n<\/div>\n<!-- \/module text -->\t\t\t\t<\/div><!-- .tb-column-inner -->\n\t\t\t\t\t\t<\/div><!-- .module_column -->\n\t\t\t\t\t\t<\/div><!-- .row_inner -->\n\t\t<\/div><!-- .module_row -->\n\t\t\t\t<\/div>\n<!--\/themify_builder_content-->","protected":false},"excerpt":{"rendered":"<p>Verdun Expo\u00a0\/ Gilbert Montagn\u00e9 \/ Le 12 Septembre 2024 &#8211; Verdun (55) \/ Notre avis\u00a0: [star rating=\u00a0\u00bb5&Prime; max=\u00a0\u00bb5&Prime;] Pour cette 43\u00e8me \u00e9dition de Verdun Expo, nous avons eu l&rsquo;immense plaisir d&rsquo;accueillir une l\u00e9gende de la chanson fran\u00e7aise : Gilbert Montagn\u00e9 ! Avec sa voix inimitable et ses tubes incontournables, il nous a transport\u00e9 dans un [&hellip;]<\/p>\n","protected":false},"author":4,"featured_media":41356,"comment_status":"open","ping_status":"open","sticky":false,"template":"","format":"standard","meta":{"footnotes":""},"categories":[57,53],"tags":[4286,415,3177],"class_list":["post-41350","post","type-post","status-publish","format-standard","has-post-thumbnail","hentry","category-reportage-concert","category-reportages","tag-gilbert-montagne","tag-verdun","tag-verdun-expo","has-post-title","has-post-date","has-post-category","has-post-tag","has-post-comment","has-post-author",""],"builder_content":"<h2 style=\"text-align: left;\"><img loading=\"lazy\" decoding=\"async\" title=\"Verdun Expo 2024 (vignette)\" src=\"https:\/\/lamagicbox.com\/magazine\/wp-content\/uploads\/2024\/09\/Verdun-Expo-2024-vignette.jpg\" alt=\"\" width=\"150\" height=\"225\" srcset=\"https:\/\/lamagicbox.com\/magazine\/wp-content\/uploads\/2024\/09\/Verdun-Expo-2024-vignette.jpg 150w, https:\/\/lamagicbox.com\/magazine\/wp-content\/uploads\/2024\/09\/Verdun-Expo-2024-vignette-100x150.jpg 100w\" sizes=\"auto, (max-width: 150px) 100vw, 150px\" \/>Verdun Expo\u00a0\/<\/h2> <h2 style=\"text-align: left;\" align=\"JUSTIFY\">Gilbert Montagn\u00e9 \/<\/h2> <h2 style=\"text-align: left;\">Le 12 Septembre 2024 - Verdun (55) \/<\/h2> <h2 style=\"text-align: left;\" align=\"JUSTIFY\">Notre avis\u00a0: [star rating=\"5\" max=\"5\"]<\/h2> <hr \/> <p style=\"text-align: justify;\"><em><strong>Pour cette 43\u00e8me \u00e9dition de Verdun Expo, nous avons eu l'immense plaisir d'accueillir une l\u00e9gende de la chanson fran\u00e7aise : Gilbert Montagn\u00e9 ! Avec sa voix inimitable et ses tubes incontournables, il nous a transport\u00e9 dans un univers festif et plein d'\u00e9motions. <\/strong><\/em><\/p> <h2>GILBERT MONTAGN\u00c9<\/h2> <p style=\"text-align: justify;\">D\u00e8s l'arriv\u00e9e des musiciens, l'ambiance est d\u00e9j\u00e0 \u00e9lectrique. Apr\u00e8s une intro musicale \u00e9nergique, le maestro prend place au piano. Le sourire aux l\u00e8vres, il s'adresse d'embl\u00e9e \u00e0 la foule. <em>Bonsoir Verdun !<\/em> <em>C\u2019est un plaisir d\u2019\u00eatre l\u00e0 ce soir avec vous !<\/em> Sa complicit\u00e9 avec le public s\u2019installe rapidement lorsqu\u2019il demande : <em>Est-ce que vous avez regard\u00e9 les Jeux Olympiques ? Et les Jeux Paralympiques ?<\/em>\u00a0Un hommage poignant aux athl\u00e8tes et aux soldats tomb\u00e9s durant la Premi\u00e8re Guerre mondiale ouvre le concert avec une interpr\u00e9tation vibrante de \u00ab La Marseillaise \u00bb, teint\u00e9e d\u2019\u00e9motion et de respect.<\/p> <p><img loading=\"lazy\" decoding=\"async\" title=\"Gilbert Montagn\u00e9 (2024) (1)\" src=\"https:\/\/lamagicbox.com\/magazine\/wp-content\/uploads\/2024\/09\/Gilbert-Montagne-2024-1.jpg\" alt=\"\" width=\"500\" height=\"375\" srcset=\"https:\/\/lamagicbox.com\/magazine\/wp-content\/uploads\/2024\/09\/Gilbert-Montagne-2024-1.jpg 500w, https:\/\/lamagicbox.com\/magazine\/wp-content\/uploads\/2024\/09\/Gilbert-Montagne-2024-1-200x150.jpg 200w, https:\/\/lamagicbox.com\/magazine\/wp-content\/uploads\/2024\/09\/Gilbert-Montagne-2024-1-400x300.jpg 400w\" sizes=\"auto, (max-width: 500px) 100vw, 500px\" \/><\/p> <p style=\"text-align: justify;\">Le spectacle monte en intensit\u00e9 avec \u00ab Comme Une \u00c9toile Dans Ma Vie \u00bb, r\u00e9arrang\u00e9 dans une version rock qui met le feu au parterre. Accompagn\u00e9 d'une formation compl\u00e8te \u2014 guitare, basse, batterie, synth\u00e9 et trois choristes \u2014 l\u2019artiste livre une performance pleine d\u2019\u00e9nergie, lui au piano au c\u0153ur de ce show vibrant. L\u2019ovation est imm\u00e9diate, une premi\u00e8re d\u2019une longue s\u00e9rie au cours de la soir\u00e9e. Les morceaux phares s\u2019encha\u00eenent sans rel\u00e2che. \u00ab Je Veux Tout \u00bb fait danser la foule, suivi de \u00ab Libert\u00e9 \u00bb. Le chanteur \u00e9change r\u00e9guli\u00e8rement avec la foule. <em>\u00c7a va bien tout le monde ? \u00c7a fait plaisir ! J\u2019entends des enfants !<\/em>\u00a0Cette interaction, pleine de g\u00e9n\u00e9rosit\u00e9, donne une atmosph\u00e8re conviviale et familiale au concert.<\/p> <p><img loading=\"lazy\" decoding=\"async\" title=\"Gilbert Montagn\u00e9 (2024) (2)\" src=\"https:\/\/lamagicbox.com\/magazine\/wp-content\/uploads\/2024\/09\/Gilbert-Montagne-2024-2.jpg\" alt=\"\" width=\"500\" height=\"375\" srcset=\"https:\/\/lamagicbox.com\/magazine\/wp-content\/uploads\/2024\/09\/Gilbert-Montagne-2024-2.jpg 500w, https:\/\/lamagicbox.com\/magazine\/wp-content\/uploads\/2024\/09\/Gilbert-Montagne-2024-2-200x150.jpg 200w, https:\/\/lamagicbox.com\/magazine\/wp-content\/uploads\/2024\/09\/Gilbert-Montagne-2024-2-400x300.jpg 400w\" sizes=\"auto, (max-width: 500px) 100vw, 500px\" \/><\/p> <p style=\"text-align: justify;\">\u00ab Musicienne \u00bb apporte une touche de douceur. <em>\u00c7a va Verdun ?!!<\/em> L'artiste est en parfaite harmonie avec son public. Le chanteur offre ensuite un moment de gr\u00e2ce avec \u00ab Vivre Ma Vie \u00bb. Une ballade poignante est encha\u00een\u00e9e avec \u00ab Quand Elles Nous Aiment \u00bb qui suscite des applaudissements nourris et sinc\u00e8res. La f\u00eate reprend de plus belle avec \u00ab Ni\u00f1a \u00bb et \u00ab Pr\u00e8s De Toi \u00bb, faisant vibrer la foule qui ne demande qu\u2019\u00e0 danser. <em>Vous \u00eates un public formidable, merci, <\/em>lance l\u2019artiste, toujours en communion avec les gens. L\u2019\u00e9motion est palpable. Un petit medley nous est ensuite propos\u00e9 avec notamment \u00ab Viens Vite \u00bb et \u00ab J\u2019Ai Toujours Envie De Te Revoir \u00bb. Ce voyage dans le temps est marqu\u00e9 par une confession \u00e9mouvante.<\/p> <p><img loading=\"lazy\" decoding=\"async\" title=\"Gilbert Montagn\u00e9 (2024) (3)\" src=\"https:\/\/lamagicbox.com\/magazine\/wp-content\/uploads\/2024\/09\/Gilbert-Montagne-2024-3.jpg\" alt=\"\" width=\"500\" height=\"375\" srcset=\"https:\/\/lamagicbox.com\/magazine\/wp-content\/uploads\/2024\/09\/Gilbert-Montagne-2024-3.jpg 500w, https:\/\/lamagicbox.com\/magazine\/wp-content\/uploads\/2024\/09\/Gilbert-Montagne-2024-3-200x150.jpg 200w, https:\/\/lamagicbox.com\/magazine\/wp-content\/uploads\/2024\/09\/Gilbert-Montagne-2024-3-400x300.jpg 400w\" sizes=\"auto, (max-width: 500px) 100vw, 500px\" \/><\/p> <p style=\"text-align: justify;\"><em>Il y a 53 ans, vous m'avez accueilli avec cette premi\u00e8re chanson : <\/em>\u00ab The Fool \u00bb \u00bb. Un moment suspendu, qui touche le public en plein c\u0153ur. Puis, vient l\u2019in\u00e9vitable tube \u00ab On Va S\u2019Aimer \u00bb, repris en ch\u0153ur par l\u2019assistance dans une euphorie partag\u00e9e. Gilbert Montagn\u00e9 encha\u00eene ensuite avec \u00ab Les Sunlights Des Tropiques \u00bb et un autre de ses succ\u00e8s : \u00ab J\u2019Ai Le Blues De Toi \u00bb. Pour conclure ce concert m\u00e9morable, il rend hommage \u00e0 l\u2019un des plus grands classiques de la chanson fran\u00e7aise avec \u00ab L'Hymne \u00c0 L'Amour \u00bb. Avec ses quatre musiciens et ses trois choristes, Gilbert Montagn\u00e9 a offert une performance d\u00e9bordante d\u2019\u00e9nergie, de g\u00e9n\u00e9rosit\u00e9 et d\u2019\u00e9motion. Un show grandiose avec des sourires et une note d'amour, laissant Verdun sous le charme.<\/p> <p><img loading=\"lazy\" decoding=\"async\" title=\"Gilbert Montagn\u00e9 (2024) (4)\" src=\"https:\/\/lamagicbox.com\/magazine\/wp-content\/uploads\/2024\/09\/Gilbert-Montagne-2024-4.jpg\" alt=\"\" width=\"500\" height=\"375\" srcset=\"https:\/\/lamagicbox.com\/magazine\/wp-content\/uploads\/2024\/09\/Gilbert-Montagne-2024-4.jpg 500w, https:\/\/lamagicbox.com\/magazine\/wp-content\/uploads\/2024\/09\/Gilbert-Montagne-2024-4-200x150.jpg 200w, https:\/\/lamagicbox.com\/magazine\/wp-content\/uploads\/2024\/09\/Gilbert-Montagne-2024-4-400x300.jpg 400w\" sizes=\"auto, (max-width: 500px) 100vw, 500px\" \/><\/p> <p style=\"text-align: justify;\"><strong>Gilbert Montagn\u00e9\u00a0:\u00a0<a href=\"https:\/\/www.facebook.com\/GilbertMontagneOfficial\" target=\"_blank\" rel=\"noopener\">Facebook<\/a>\u00a0\/\u00a0<a href=\"https:\/\/www.instagram.com\/gilbertmontagneoff\" target=\"_blank\" rel=\"noopener\">Instagram<\/a>\u00a0\/\u00a0<a href=\"https:\/\/x.com\/montagnegilbert\" target=\"_blank\" rel=\"noopener\">Twitter<\/a>\u00a0\/\u00a0<a href=\"https:\/\/www.youtube.com\/@gilbertmontagneoff\" target=\"_blank\" rel=\"noopener\">Youtube<\/a>\u00a0\/\u00a0<a href=\"https:\/\/www.gilbertmontagne.com\/\" target=\"_blank\" rel=\"noopener\">Site Officiel<\/a><\/strong><\/p> <p><strong>Les photos : <a href=\"https:\/\/www.facebook.com\/media\/set\/?set=a.1039531131515062&amp;type=3\" target=\"_blank\" rel=\"noopener\">ici<\/a>.<\/strong><\/p> <p>Photos\u00a0: Fabrice A.<\/p> <p>#Live \/ #Report \/ #LiveReport \/ #Review \/ #LiveReview \/ #Photos \/ #Pictures<\/p> <hr \/> <p>\u00a0<\/p>","_links":{"self":[{"href":"https:\/\/lamagicbox.com\/magazine\/wp-json\/wp\/v2\/posts\/41350","targetHints":{"allow":["GET"]}}],"collection":[{"href":"https:\/\/lamagicbox.com\/magazine\/wp-json\/wp\/v2\/posts"}],"about":[{"href":"https:\/\/lamagicbox.com\/magazine\/wp-json\/wp\/v2\/types\/post"}],"author":[{"embeddable":true,"href":"https:\/\/lamagicbox.com\/magazine\/wp-json\/wp\/v2\/users\/4"}],"replies":[{"embeddable":true,"href":"https:\/\/lamagicbox.com\/magazine\/wp-json\/wp\/v2\/comments?post=41350"}],"version-history":[{"count":5,"href":"https:\/\/lamagicbox.com\/magazine\/wp-json\/wp\/v2\/posts\/41350\/revisions"}],"predecessor-version":[{"id":41448,"href":"https:\/\/lamagicbox.com\/magazine\/wp-json\/wp\/v2\/posts\/41350\/revisions\/41448"}],"wp:featuredmedia":[{"embeddable":true,"href":"https:\/\/lamagicbox.com\/magazine\/wp-json\/wp\/v2\/media\/41356"}],"wp:attachment":[{"href":"https:\/\/lamagicbox.com\/magazine\/wp-json\/wp\/v2\/media?parent=41350"}],"wp:term":[{"taxonomy":"category","embeddable":true,"href":"https:\/\/lamagicbox.com\/magazine\/wp-json\/wp\/v2\/categories?post=41350"},{"taxonomy":"post_tag","embeddable":true,"href":"https:\/\/lamagicbox.com\/magazine\/wp-json\/wp\/v2\/tags?post=41350"}],"curies":[{"name":"wp","href":"https:\/\/api.w.org\/{rel}","templated":true}]}}