{"id":3763,"date":"2015-02-16T09:00:01","date_gmt":"2015-02-16T08:00:01","guid":{"rendered":"http:\/\/lamagicbox.com\/magazine\/?p=3763"},"modified":"2015-02-16T19:41:58","modified_gmt":"2015-02-16T18:41:58","slug":"pat-kebra-interview-2015","status":"publish","type":"post","link":"https:\/\/lamagicbox.com\/magazine\/pat-kebra-interview-2015\/","title":{"rendered":"Pat Kebra &#8211; interview 2015"},"content":{"rendered":"<p style=\"text-align: justify;\"><a href=\"http:\/\/lamagicbox.com\/magazine\/wp-content\/uploads\/2015\/02\/patkebra201502.jpg\"><img loading=\"lazy\" decoding=\"async\" class=\" size-full wp-image-3768 alignleft\" title=\"patkebra201502\" src=\"http:\/\/lamagicbox.com\/magazine\/wp-content\/uploads\/2015\/02\/patkebra201502.jpg\" alt=\"patkebra201502\" width=\"150\" height=\"225\" srcset=\"https:\/\/lamagicbox.com\/magazine\/wp-content\/uploads\/2015\/02\/patkebra201502.jpg 150w, https:\/\/lamagicbox.com\/magazine\/wp-content\/uploads\/2015\/02\/patkebra201502-100x150.jpg 100w\" sizes=\"auto, (max-width: 150px) 100vw, 150px\" \/><\/a><span style=\"color: #800000;\"><strong>Pat Kebra &#8211; interview 2015<\/strong><\/span><br \/>\n<em><strong>A l&rsquo;occasion de la sortie du 3e album solo de Pat Kebra, <a title=\"Pat Kebra \u2013 Electrosensible\" href=\"http:\/\/lamagicbox.com\/magazine\/?p=3472\">Electrosensible<\/a>, le 23 f\u00e9vrier 2015, nous avons voulu lui poser quelques questions pour mieux cerner le personnage ! Celui qui a \u00e9t\u00e9 le guitariste d&rsquo;Oberkampf, \u00e0 l&rsquo;\u00e9poque b\u00e9nie o\u00f9 le Punk fran\u00e7ais s\u00e9vissait en ma\u00eetre sur la plan\u00e8te Rock, s&rsquo;est aujourd&rsquo;hui un peu assagi&#8230; Mais un peu seulement ! <\/strong><\/em><br \/>\n<em><strong><a title=\"Pat Kebra \u2013 Electrosensible\" href=\"http:\/\/lamagicbox.com\/magazine\/?p=3472\">Electrosensible<\/a> est un album tres personnel et sinc\u00e8re. Il surprend autant par sa simplicit\u00e9 que par son efficacit\u00e9. il contient aussi un duo, en compagnie de Manu, que personne n&rsquo;a oubli\u00e9, avec sa voix grave et \u00e9mouvante, au sein du groupe Dolly. Nous aurons aussi l&rsquo;occasion prochainement de l&rsquo;interviewer. Mais pour l&rsquo;heure, rencontre avec Pat Kebra&#8230;<br \/>\n<\/strong><\/em><\/p>\n<p><strong><br \/>\n[hr color=\u00a0\u00bbred\u00a0\u00bb]<\/strong><\/p>\n<p style=\"text-align: justify;\"><strong><span style=\"color: #800000;\">1- Derriere ce titre <em>Electrosensible<\/em> que doit on comprendre ?<\/span><\/strong><br \/>\nJe suis sensible aux ondes ,style t\u00e9l\u00e9phone portable etc..et que c\u2019est le terme employ\u00e9 pour les gens qui sont dans ce cas m\u00eame si le mien est assez mineur.<br \/>\nJ\u2019aime les titres \u00e0 double sens et \u00e0 ce titre mon \u00e9nergie et ma sensibilit\u00e9 passe \u00e0 travers une guitare Electrique depuis 37 ans maintenant.<\/p>\n<p style=\"text-align: justify;\"><span style=\"color: #800000;\"><strong><a href=\"http:\/\/lamagicbox.com\/magazine\/wp-content\/uploads\/2015\/02\/patkebra201503.jpg\"><img loading=\"lazy\" decoding=\"async\" class=\" size-full wp-image-3795 alignleft\" title=\"patkebra201503\" src=\"http:\/\/lamagicbox.com\/magazine\/wp-content\/uploads\/2015\/02\/patkebra201503.jpg\" alt=\"patkebra201503\" width=\"333\" height=\"500\" srcset=\"https:\/\/lamagicbox.com\/magazine\/wp-content\/uploads\/2015\/02\/patkebra201503.jpg 333w, https:\/\/lamagicbox.com\/magazine\/wp-content\/uploads\/2015\/02\/patkebra201503-100x150.jpg 100w, https:\/\/lamagicbox.com\/magazine\/wp-content\/uploads\/2015\/02\/patkebra201503-200x300.jpg 200w\" sizes=\"auto, (max-width: 333px) 100vw, 333px\" \/><\/a>2- Le titre <em>Oberkampf<\/em> est une page de nostalgie pour toi ?<\/strong><\/span><br \/>\nJe n\u2019ai pas de nostalgie sur mon pass\u00e9, si c\u2019\u00e9tait le cas , j\u2019aurai d\u00e9j\u00e0 \u00e9t\u00e9 tent\u00e9 par une reformation. Mon ancien chanteur me l\u2019a propos\u00e9 il y a deux ans et j\u2019ai refus\u00e9. En revanche, j\u2019aime mon pass\u00e9 et peut en parler avec les choses positives et n\u00e9gatives avec toujours un regard tendre et amus\u00e9 pour le jeune que j\u2019ai \u00e9t\u00e9\u00a0!<br \/>\nCette chanson est mon histoire dans le groupe et la fa\u00e7on dont j\u2019ai v\u00e9cu cette p\u00e9riode. Ce groupe \u00e9tait mon enfant.<\/p>\n<p style=\"text-align: justify;\"><strong><span style=\"color: #800000;\">3- Jouer dans un groupe, ce n&rsquo;est possible que quand on a 20 ans ?<\/span><\/strong><br \/>\nJ\u2019ai jou\u00e9 dans un vrai groupe entre 2009 et 2014 avec 75000 kms au compteur ,il n\u2019y avait rien d\u2019incompatible avec notre age\u2026 En revanche , l\u2019\u00e2ge fait que les gens sont moins dispos et moins motiv\u00e9s pour en d\u00e9coudre avec le Rock\u2019n Roll \u00e0 30\/40 ans qu\u2019\u00e0 20.. Car pour faire du rock\u2019n roll , il faut mettre toute son \u00e9nergie et son \u00e2me sans compter\u00a0! c\u2019est plus dur \u00e0 faire quand on prend de l\u2019\u00e2ge.<\/p>\n<p><span style=\"color: #800000;\"><strong>4- <em>Penser \u00e0 demain<\/em> en duo avec Manu est une dr\u00f4le de rencontre ? atypique ? mais \u00e9vidente ? Comment c&rsquo;est arriv\u00e9 ?<\/strong><\/span><br \/>\nEt bien manu m\u2019avait invit\u00e9 \u00e0 l\u2019un de ses concerts parisiens et losrque j\u2019ai compos\u00e9 ma 13<sup>\u00e8me<\/sup> chanson , je l\u2019ai jou\u00e9 \u00e0 David qui a enregistr\u00e9 et mix\u00e9 mon album et il m\u2019a dit \u00ab\u00a0Pat ,C\u2019est un duo\u00a0! \ud83d\ude09 \u00bb Alors j\u2019ai pens\u00e9 naturellement \u00e0 Manu que j\u2019avais entendu en 2000 \u00e0 la radio avec son groupe Dolly et dont j\u2019avais ador\u00e9 la voix qui faisait merveille sur de grosses guitares satur\u00e9es . Elle a \u00e9cout\u00e9 ma petite maquette, aim\u00e9 l\u2019ambiance de mon 1<sup>er<\/sup> texte et a accept\u00e9 de collaborer sur ce projet. Je l\u2019ai invit\u00e9 \u00e0 participer au texte et elle a tout repris \u00e0 z\u00e9ro , et en a fait un superbe \u00e9change en y int\u00e9grant des bouts de mon texte initial. J\u2019ai \u00e9t\u00e9 conquis par sa simplicit\u00e9 et son efficacit\u00e9, par sa gentillesse aussi\u00a0! \ud83d\ude09<\/p>\n<p style=\"text-align: justify;\"><a href=\"http:\/\/lamagicbox.com\/magazine\/wp-content\/uploads\/2015\/02\/patkebra201501.jpg\"><img loading=\"lazy\" decoding=\"async\" class=\"alignright size-full wp-image-3796\" title=\"patkebra201501\" src=\"http:\/\/lamagicbox.com\/magazine\/wp-content\/uploads\/2015\/02\/patkebra201501.jpg\" alt=\"patkebra201501\" width=\"333\" height=\"500\" srcset=\"https:\/\/lamagicbox.com\/magazine\/wp-content\/uploads\/2015\/02\/patkebra201501.jpg 333w, https:\/\/lamagicbox.com\/magazine\/wp-content\/uploads\/2015\/02\/patkebra201501-100x150.jpg 100w, https:\/\/lamagicbox.com\/magazine\/wp-content\/uploads\/2015\/02\/patkebra201501-200x300.jpg 200w\" sizes=\"auto, (max-width: 333px) 100vw, 333px\" \/><\/a><span style=\"color: #800000;\"><strong>5- La long\u00e9vit\u00e9 des Wampas te fait-elle un peu r\u00eaver ? Et que penses tu de la nouvelle g\u00e9n\u00e9ration ? Y a t il des groupes qui t&rsquo;ont marqu\u00e9 ces derni\u00e8res ann\u00e9es ?<\/strong><\/span><br \/>\nLa long\u00e9vit\u00e9 n\u2019est pas pour moi un crit\u00e8re de renouvellement.. j\u2019ai besoin de me renouveler r\u00e9guli\u00e8rement, et il est difficile de pouvoir le faire en groupe mais pas impossible.. \u00e0 chacun de voir ce qu\u2019il veut faire. C\u2019est au cas par cas.. Souvent les vieux groupes servent aussi de structure, \u00e0 ceux qui sont lass\u00e9s des projets solos tr\u00e8s difficiles \u00e0 assumer. J\u2019ai aim\u00e9 un groupe qui se nomme G\u00e9raud Bastar avec un chanteur habit\u00e9 aux beaux textes po\u00e9tiques en fran\u00e7ais ,le groupe est solide et sur sc\u00e8ne est un des meilleurs groupes fran\u00e7ais que j\u2019ai vu sur sc\u00e8ne ces derni\u00e8res ann\u00e9es.<\/p>\n<p><span style=\"color: #800000;\"><strong>6- Qu&rsquo;attends tu de cet album ? Un pr\u00e9texte pour tourner un peu partout en France ? Une reconnaissance ? Ou juste le plaisir d&rsquo;avoir enregistr\u00e9 un bon album ?<\/strong> <\/span><br \/>\nJ\u2019attends que cet album r\u00e9sonne aux quatre coins de la France et am\u00e8ne au Rock Fran\u00e7ais une nouvelle voie de renouvellement. Celle du c\u0153ur et de la simplicit\u00e9.<br \/>\nJ\u2019attends qu\u2019il me donne le droit de rejouer et donc une certaine reconnaissance pour que je puisse pr\u00e9parer mon 4<sup>\u00e8me<\/sup> album\u00a0!!\u00a0 \ud83d\ude09 Tourn\u00e9e\u00a0? oui bien s\u00fbr , je n\u2019ai jamais refus\u00e9 un concert\u00a0! \ud83d\ude42<\/p>\n<p style=\"text-align: justify;\"><strong><span style=\"color: #800000;\">7- Quelle est la vie de Pat Kebra quand il n&rsquo;est pas sur une sc\u00e8ne derriere sa guitare ?<\/span> <\/strong><br \/>\nEn ce moment ,je travaille sur la promo du <a title=\"Manu \u2013 Tenki Ame \u2013 The Japanese EP\" href=\"http:\/\/lamagicbox.com\/magazine\/?p=3126\">EP japonais de Manu<\/a>, la promo Presse radios et t\u00e9l\u00e9s de mon album et je vais faire aussi la promo de l\u2019album de Steph Mellino, l\u2019ancien guitariste des N\u00e9gresses Vertes car mon travail est celui de promoteur sur les radios pour artistes ind\u00e9s.<\/p>\n<p>&nbsp;<\/p>\n<p><a href=\"www.facebook.com\/kebrasrcds\" target=\"_blank\">Facebook<\/a><\/p>\n<p><a title=\"Pat Kebra \u2013 Electrosensible\" href=\"http:\/\/lamagicbox.com\/magazine\/?p=3472\">Chronique de Electrosensible<\/a><br \/>\n<a title=\"Manu \u2013 Tenki Ame \u2013 The Japanese EP\" href=\"http:\/\/lamagicbox.com\/magazine\/?p=3126\">Chronique de Manu Tenki Ame<\/a><\/p>\n<!--themify_builder_content-->\n<div id=\"themify_builder_content-3763\" data-postid=\"3763\" class=\"themify_builder_content themify_builder_content-3763 themify_builder tf_clear\">\n    <\/div>\n<!--\/themify_builder_content-->","protected":false},"excerpt":{"rendered":"<p>Pat Kebra &#8211; interview 2015 A l&rsquo;occasion de la sortie du 3e album solo de Pat Kebra, Electrosensible, le 23 f\u00e9vrier 2015, nous avons voulu lui poser quelques questions pour mieux cerner le personnage ! Celui qui a \u00e9t\u00e9 le guitariste d&rsquo;Oberkampf, \u00e0 l&rsquo;\u00e9poque b\u00e9nie o\u00f9 le Punk fran\u00e7ais s\u00e9vissait en ma\u00eetre sur la plan\u00e8te [&hellip;]<\/p>\n","protected":false},"author":1,"featured_media":0,"comment_status":"open","ping_status":"open","sticky":false,"template":"","format":"standard","meta":{"footnotes":""},"categories":[125],"tags":[176,177],"class_list":["post-3763","post","type-post","status-publish","format-standard","hentry","category-interview","tag-oberkampf","tag-pat-kebra","has-post-title","has-post-date","has-post-category","has-post-tag","has-post-comment","has-post-author",""],"builder_content":"","_links":{"self":[{"href":"https:\/\/lamagicbox.com\/magazine\/wp-json\/wp\/v2\/posts\/3763","targetHints":{"allow":["GET"]}}],"collection":[{"href":"https:\/\/lamagicbox.com\/magazine\/wp-json\/wp\/v2\/posts"}],"about":[{"href":"https:\/\/lamagicbox.com\/magazine\/wp-json\/wp\/v2\/types\/post"}],"author":[{"embeddable":true,"href":"https:\/\/lamagicbox.com\/magazine\/wp-json\/wp\/v2\/users\/1"}],"replies":[{"embeddable":true,"href":"https:\/\/lamagicbox.com\/magazine\/wp-json\/wp\/v2\/comments?post=3763"}],"version-history":[{"count":0,"href":"https:\/\/lamagicbox.com\/magazine\/wp-json\/wp\/v2\/posts\/3763\/revisions"}],"wp:attachment":[{"href":"https:\/\/lamagicbox.com\/magazine\/wp-json\/wp\/v2\/media?parent=3763"}],"wp:term":[{"taxonomy":"category","embeddable":true,"href":"https:\/\/lamagicbox.com\/magazine\/wp-json\/wp\/v2\/categories?post=3763"},{"taxonomy":"post_tag","embeddable":true,"href":"https:\/\/lamagicbox.com\/magazine\/wp-json\/wp\/v2\/tags?post=3763"}],"curies":[{"name":"wp","href":"https:\/\/api.w.org\/{rel}","templated":true}]}}