{"id":36877,"date":"2023-10-13T23:52:24","date_gmt":"2023-10-13T21:52:24","guid":{"rendered":"https:\/\/lamagicbox.com\/magazine\/?p=36877"},"modified":"2024-02-04T13:54:11","modified_gmt":"2024-02-04T12:54:11","slug":"jeff-goldblum-a-la-philarmonie-luxembourg-lux","status":"publish","type":"post","link":"https:\/\/lamagicbox.com\/magazine\/jeff-goldblum-a-la-philarmonie-luxembourg-lux\/","title":{"rendered":"Jeff Goldblum \u00e0 la Philharmonie Luxembourg (Lux)"},"content":{"rendered":"<h2><span style=\"color: #000000;\"><img loading=\"lazy\" decoding=\"async\" class=\"size-full wp-image-29667 alignleft\" title=\"Den Atelier\" src=\"https:\/\/lamagicbox.com\/magazine\/wp-content\/uploads\/2021\/07\/Den-Atelier.jpg\" alt=\"Den Atelier\" width=\"150\" height=\"225\" srcset=\"https:\/\/lamagicbox.com\/magazine\/wp-content\/uploads\/2021\/07\/Den-Atelier.jpg 150w, https:\/\/lamagicbox.com\/magazine\/wp-content\/uploads\/2021\/07\/Den-Atelier-100x150.jpg 100w\" sizes=\"auto, (max-width: 150px) 100vw, 150px\" \/>La Philharmonie Luxembourg\u00a0\/<\/span><\/h2>\n<h2 align=\"JUSTIFY\"><span style=\"color: #800000;\">Jeff Goldblum \/<\/span><\/h2>\n<h2><span style=\"color: #333333;\">Le 13 Octobre 2023 \u2013 Luxembourg (Lux) \/<\/span><\/h2>\n<h2 align=\"JUSTIFY\"><span style=\"color: #800000;\"><span style=\"text-decoration: underline;\">Notre avis<\/span>\u00a0: [star rating=\u00a0\u00bb5&Prime; max=\u00a0\u00bb5&Prime;]<\/span><\/h2>\n<hr \/>\n<p style=\"text-align: justify;\"><em><strong>La chance \u00e9tait avec nous en ce vendredi 13 pour d\u00e9couvrir l\u2019extravagant Jeff Goldblum et son Mildred Snitzer Orchestra \u00e0 la Philarmonie du Luxembourg, produit par Den Atelier. Dans une soir\u00e9e \u00e0 l\u2019\u00e9l\u00e9gance d\u2019un vrai jazz club, l\u2019acteur phare de Jurassic Park a d\u00e9montr\u00e9 \u00e0 son public qu\u2019il avait plus d\u2019une corde \u00e0 son arc.<\/strong><\/em><\/p>\n<h2 style=\"text-align: justify;\"><span style=\"color: #800000;\">JEFF GOLDBLUM<\/span><\/h2>\n<p style=\"text-align: justify;\">Quelques minutes avant le d\u00e9but du show, la star monte sur sc\u00e8ne discr\u00e8tement, tout de noir v\u00eatu et d\u00e9bute une discussion avec son public. Rapidement, un jeu d\u2019esprit d\u00e9bute avec le public qui participe vaillamment. Directement inspir\u00e9 de la th\u00e9orie des six degr\u00e9s de s\u00e9paration, popularis\u00e9e par Milgram \u00e0 travers son \u00e9tude du petit monde, le public doit rebondir de personnalit\u00e9s en personnalit\u00e9s en cherchant les liens qui les unissent. \u00ab\u00a0J\u2019ai travaill\u00e9 avec lui\u00a0!\u00a0\u00bb s\u2019\u00e9crie r\u00e9guli\u00e8rement Jeff Goldblum sur sc\u00e8ne, amus\u00e9. De rebonds en rebonds, le nom de Jamie Lee Curtis est cri\u00e9 depuis les balcons. Les musiciens de The Mildred Snitzer Orchestra le rejoignent pile \u00e0 l\u2019heure. Tout ce beau petit monde est impeccablement tir\u00e9 \u00e0 quatre \u00e9pingles. Chaque musicien pr\u00e9sente \u00e0 tour de r\u00f4le son instrument dans une partition de jazz joyeuse. La Philharmonie prend un air de Blue Note quand les musiciens jouent \u00ab\u00a0Wee Small Hours\u00a0\u00bb, reprise de Frank Sinatra avant de reprendre \u00ab\u00a0Let\u2019s face the music\u00a0\u00bb, grand standard. Avec toute la tradition d\u2019un show de jazz, on laisse une part belle \u00e0 chaque musicien, une chanteuse rejoint la troupe \u00e0 plusieurs occasions.<\/p>\n<p style=\"text-align: justify;\"><img loading=\"lazy\" decoding=\"async\" class=\"size-full wp-image-36879 aligncenter\" title=\"Jeff Goldblum (1)\" src=\"https:\/\/lamagicbox.com\/magazine\/wp-content\/uploads\/2023\/10\/Jeff-Goldblum-1.jpg\" alt=\"Jeff Goldblum (1)\" width=\"500\" height=\"375\" srcset=\"https:\/\/lamagicbox.com\/magazine\/wp-content\/uploads\/2023\/10\/Jeff-Goldblum-1.jpg 500w, https:\/\/lamagicbox.com\/magazine\/wp-content\/uploads\/2023\/10\/Jeff-Goldblum-1-200x150.jpg 200w, https:\/\/lamagicbox.com\/magazine\/wp-content\/uploads\/2023\/10\/Jeff-Goldblum-1-347x260.jpg 347w\" sizes=\"auto, (max-width: 500px) 100vw, 500px\" \/><\/p>\n<p style=\"text-align: justify;\">Jeff Goldblum est loquace et ses interventions viennent rythmer toute la soir\u00e9e. Entre deux morceaux, le musicien retrouve ses talents d\u2019acteur en exploitant son potentiel comique, se chargeant de l\u2019animation en \u00e9voquant l\u2019histoire du Luxembourg, les plats locaux et m\u00eame une \u00e9tude de la langue\u00a0! Le public s\u2019amuse des nombreux clins d\u2019\u0153il et de cet accueil personnalis\u00e9. Le show se mue alors par instant en quizz grandiose et Jeff Goldblum parvient sans forcer \u00e0 instaurer un r\u00e9el lien avec son public. Derri\u00e8re son piano, assis de \u00be vers le devant de la sc\u00e8ne, il n\u2019a de cesse de jeter des regards dans tous les sens comme pour prendre en compte le moindre spectateur, \u00e0 chaque seconde du concert. La com\u00e9die est savamment distill\u00e9e car Jeff Goldblum semble prendre \u00e9galement du plaisir \u00e0 expliquer ce qu\u2019il se passe musicalement sous nos yeux, comme un professeur tenant un colloque sur le jazz et le groove. On passe de \u00ab\u00a0Blue Minor\u00a0\u00bb de Sonny Clark \u00e0 \u00ab\u00a0Boucin\u2019 with Bud\u00a0\u00bb de Bud Powell, jusqu\u2019\u00e0 \u00ab\u00a0I Wish I Knew How It Would Feel to Be\u00a0Free\u00a0\u00bb de Nina Simone. Les musiciens nous gratifient au passage d\u2019une excellente reprise du titre \u00ab\u00a0Moon River\u00a0\u00bb d\u2019Audrey Hepburn. Jeff Goldblum ne pouvant pas partir sans cet ultime clin d\u2019\u0153il, c\u2019est sur les quelques notes d\u2019un th\u00e8me bien connu des cin\u00e9philes que nous nous quittons ce soir, apr\u00e8s deux heures de concert.<\/p>\n<p style=\"text-align: justify;\"><img loading=\"lazy\" decoding=\"async\" class=\"size-full wp-image-36880 aligncenter\" title=\"Jeff Goldblum (2)\" src=\"https:\/\/lamagicbox.com\/magazine\/wp-content\/uploads\/2023\/10\/Jeff-Goldblum-2.jpg\" alt=\"Jeff Goldblum (2)\" width=\"500\" height=\"375\" srcset=\"https:\/\/lamagicbox.com\/magazine\/wp-content\/uploads\/2023\/10\/Jeff-Goldblum-2.jpg 500w, https:\/\/lamagicbox.com\/magazine\/wp-content\/uploads\/2023\/10\/Jeff-Goldblum-2-200x150.jpg 200w, https:\/\/lamagicbox.com\/magazine\/wp-content\/uploads\/2023\/10\/Jeff-Goldblum-2-347x260.jpg 347w\" sizes=\"auto, (max-width: 500px) 100vw, 500px\" \/><\/p>\n<p style=\"text-align: justify;\"><strong><span style=\"text-decoration: underline;\">Jeff Goldblum<\/span>\u00a0:\u00a0<a href=\"https:\/\/www.facebook.com\/goldblumofficial\" target=\"_blank\" rel=\"noopener\">Facebook<\/a>\u00a0\/\u00a0<a href=\"https:\/\/www.instagram.com\/jeffgoldblum\" target=\"_blank\" rel=\"noopener\">Instagram<\/a>\u00a0\/\u00a0<a href=\"https:\/\/www.tiktok.com\/@jeffgoldblum\" target=\"_blank\" rel=\"noopener\">TikTok<\/a> \/\u00a0<a href=\"https:\/\/www.youtube.com\/@jeffgoldblumvevo7655\" target=\"_blank\" rel=\"noopener\">Youtube<\/a><\/strong><\/p>\n<p style=\"text-align: left;\"><strong><span style=\"text-decoration: underline;\">Les photos de la soir\u00e9e<\/span>\u00a0: <a href=\"https:\/\/www.facebook.com\/media\/set\/?set=a.812308104237367&amp;type=3\" target=\"_blank\" rel=\"noopener\">ici<\/a>.<\/strong><\/p>\n<p><span style=\"text-decoration: underline;\">Photos<\/span>\u00a0: Maude J.<\/p>\n<p><span style=\"text-decoration: underline;\">Report<\/span>\u00a0: S\u00e9bastien M.<\/p>\n<p>#Live \/ #Report \/ #LiveReport \/ #Review \/ #LiveReview \/ #Photos \/ #Pictures<\/p>\n<hr \/>\n<p>\u00a0<\/p>\n<!--themify_builder_content-->\n<div id=\"themify_builder_content-36877\" data-postid=\"36877\" class=\"themify_builder_content themify_builder_content-36877 themify_builder tf_clear\">\n    <\/div>\n<!--\/themify_builder_content-->","protected":false},"excerpt":{"rendered":"<p>La Philharmonie Luxembourg\u00a0\/ Jeff Goldblum \/ Le 13 Octobre 2023 \u2013 Luxembourg (Lux) \/ Notre avis\u00a0: [star rating=\u00a0\u00bb5&Prime; max=\u00a0\u00bb5&Prime;] La chance \u00e9tait avec nous en ce vendredi 13 pour d\u00e9couvrir l\u2019extravagant Jeff Goldblum et son Mildred Snitzer Orchestra \u00e0 la Philarmonie du Luxembourg, produit par Den Atelier. Dans une soir\u00e9e \u00e0 l\u2019\u00e9l\u00e9gance d\u2019un vrai jazz [&hellip;]<\/p>\n","protected":false},"author":4,"featured_media":36881,"comment_status":"open","ping_status":"open","sticky":false,"template":"","format":"standard","meta":{"footnotes":""},"categories":[57,53],"tags":[2839,3973,1699,2368,2369,302],"class_list":["post-36877","post","type-post","status-publish","format-standard","has-post-thumbnail","hentry","category-reportage-concert","category-reportages","tag-den-atelier","tag-jeff-goldblum","tag-latelier","tag-la-philharmonie","tag-la-philharmonie-luxembourg","tag-luxembourg","has-post-title","has-post-date","has-post-category","has-post-tag","has-post-comment","has-post-author",""],"builder_content":"","_links":{"self":[{"href":"https:\/\/lamagicbox.com\/magazine\/wp-json\/wp\/v2\/posts\/36877","targetHints":{"allow":["GET"]}}],"collection":[{"href":"https:\/\/lamagicbox.com\/magazine\/wp-json\/wp\/v2\/posts"}],"about":[{"href":"https:\/\/lamagicbox.com\/magazine\/wp-json\/wp\/v2\/types\/post"}],"author":[{"embeddable":true,"href":"https:\/\/lamagicbox.com\/magazine\/wp-json\/wp\/v2\/users\/4"}],"replies":[{"embeddable":true,"href":"https:\/\/lamagicbox.com\/magazine\/wp-json\/wp\/v2\/comments?post=36877"}],"version-history":[{"count":8,"href":"https:\/\/lamagicbox.com\/magazine\/wp-json\/wp\/v2\/posts\/36877\/revisions"}],"predecessor-version":[{"id":37964,"href":"https:\/\/lamagicbox.com\/magazine\/wp-json\/wp\/v2\/posts\/36877\/revisions\/37964"}],"wp:featuredmedia":[{"embeddable":true,"href":"https:\/\/lamagicbox.com\/magazine\/wp-json\/wp\/v2\/media\/36881"}],"wp:attachment":[{"href":"https:\/\/lamagicbox.com\/magazine\/wp-json\/wp\/v2\/media?parent=36877"}],"wp:term":[{"taxonomy":"category","embeddable":true,"href":"https:\/\/lamagicbox.com\/magazine\/wp-json\/wp\/v2\/categories?post=36877"},{"taxonomy":"post_tag","embeddable":true,"href":"https:\/\/lamagicbox.com\/magazine\/wp-json\/wp\/v2\/tags?post=36877"}],"curies":[{"name":"wp","href":"https:\/\/api.w.org\/{rel}","templated":true}]}}