{"id":36738,"date":"2023-09-14T23:59:20","date_gmt":"2023-09-14T21:59:20","guid":{"rendered":"https:\/\/lamagicbox.com\/magazine\/?p=36738"},"modified":"2024-02-04T14:07:35","modified_gmt":"2024-02-04T13:07:35","slug":"emile-images-a-verdun-expo-verdun-55","status":"publish","type":"post","link":"https:\/\/lamagicbox.com\/magazine\/emile-images-a-verdun-expo-verdun-55\/","title":{"rendered":"\u00c9mile &#038; Images \u00e0 Verdun Expo &#8211; Verdun (55)"},"content":{"rendered":"<h2><span style=\"color: #333333;\"><span style=\"color: #000000;\"><img loading=\"lazy\" decoding=\"async\" class=\"size-full wp-image-36739 alignleft\" title=\"Verdun Expo (2023)\" src=\"https:\/\/lamagicbox.com\/magazine\/wp-content\/uploads\/2023\/10\/Verdun-Expo-2023.jpg\" alt=\"Verdun Expo (2023)\" width=\"150\" height=\"225\" srcset=\"https:\/\/lamagicbox.com\/magazine\/wp-content\/uploads\/2023\/10\/Verdun-Expo-2023.jpg 150w, https:\/\/lamagicbox.com\/magazine\/wp-content\/uploads\/2023\/10\/Verdun-Expo-2023-100x150.jpg 100w\" sizes=\"auto, (max-width: 150px) 100vw, 150px\" \/>Verdun Expo\u00a0\/<\/span><\/span><\/h2>\n<h2 align=\"JUSTIFY\"><span style=\"color: #800000;\">\u00c9mile &amp; Images\u00a0\/<\/span><\/h2>\n<h2><span style=\"color: #000000;\">Le 14 Septembre 2023 \u2013 Verdun (55) \/<\/span><\/h2>\n<h2 align=\"JUSTIFY\"><span style=\"color: #800000;\"><span style=\"text-decoration: underline;\">Notre avis<\/span>\u00a0: [star rating=\u00a0\u00bb5&Prime; max=\u00a0\u00bb5&Prime;]<\/span><\/h2>\n<hr \/>\n<p style=\"text-align: justify;\"><em><strong>L\u2019\u00e9dition 2023 de Verdun Expo est partie sur les chapeaux de roue ce jeudi soir avec la pr\u00e9sence d\u2019\u00c9mile &amp; Images. Le trio a ravi les fans venus tr\u00e8s nombreux pour assister \u00e0 un best-of des titres de Gold et Images.<\/strong><\/em><\/p>\n<h2 align=\"JUSTIFY\"><span style=\"color: #800000;\">\u00c9MILE &amp; IMAGES<\/span><\/h2>\n<p style=\"text-align: justify;\">Les protagonistes prennent possession de la sc\u00e8ne et les festivit\u00e9s sont lanc\u00e9es avec \u00ab\u00a0Laissez-Nous Chanter\u00a0\u00bb. L\u2019ambiance est mise d\u00e8s le d\u00e9part. La pop et les refrains imparables de Gold font mouche.\u00a0L\u2019encha\u00eenement est fait avec \u00ab\u00a0Corps \u00c0 Corps\u00a0\u00bb et \u00ab\u00a0Rio De Janvier\u00a0\u00bb. Mario est au synth\u00e9 pour l\u2019occasion. Le groupe invite le public \u00e0 claquer des mains et celui-ci s\u2019ex\u00e9cute.\u00a0L\u2019accueil est chaleureux.\u00a0<em>Merci\u00a0!!! On va voir si vous connaissez vos classiques\u00a0!!!<\/em> \u00ab\u00a0Plus Pr\u00e8s Des \u00c9toiles\u00a0\u00bb est ainsi amen\u00e9 et re\u00e7oit une belle ovation. Les fans connaissent les paroles et reprennent en choeur. \u00c9mile annonce le titre suivant. <em>On continue avec la plus belle des chansons calmes de Images&#8230;<\/em> Le show se poursuit avec \u00ab\u00a0Le Coeur En Exil\u00a0\u00bb, offrant un joli moment de douceur, suivi de \u00ab\u00a0Calicoba\u00a0\u00bb. Les applaudissements sont nourris. <em>Merci beaucoup\u00a0!!! \u00c7a va toujours\u00a0?!!\u00a0Vous avez la p\u00eache\u00a0?!! Ce soir, avec vous, on va devoir faire oh oh\u00a0!!!<\/em>\u00a0Et c\u2019est parti pour \u00ab\u00a0Quand La Musique Tourne\u00a0\u00bb.<\/p>\n<p style=\"text-align: justify;\"><img loading=\"lazy\" decoding=\"async\" class=\"size-full wp-image-36740 aligncenter\" title=\"\u00c9mile &amp; Images (2023) (1)\" src=\"https:\/\/lamagicbox.com\/magazine\/wp-content\/uploads\/2023\/10\/\u00c9mile-Images-2023-1.jpg\" alt=\"\u00c9mile &amp; Images (2023) (1)\" width=\"500\" height=\"375\" srcset=\"https:\/\/lamagicbox.com\/magazine\/wp-content\/uploads\/2023\/10\/\u00c9mile-Images-2023-1.jpg 500w, https:\/\/lamagicbox.com\/magazine\/wp-content\/uploads\/2023\/10\/\u00c9mile-Images-2023-1-200x150.jpg 200w, https:\/\/lamagicbox.com\/magazine\/wp-content\/uploads\/2023\/10\/\u00c9mile-Images-2023-1-347x260.jpg 347w\" sizes=\"auto, (max-width: 500px) 100vw, 500px\" \/><\/p>\n<p style=\"text-align: justify;\">La magnifique \u00ab\u00a0Ville De Lumi\u00e8re\u00a0\u00bb nous est ensuite propos\u00e9e. <em>C\u2019\u00e9tait il y a 35 ans\u2026<\/em> <em>La chanson est un hommage \u00e0 la ville de Beyrouth, au Liban, alors ravag\u00e9e par la guerre civile. Les temps n\u2019ont pas chang\u00e9\u2026<\/em>\u00a0La suite du set se veut plus joyeuse avec \u00ab\u00a0Ma\u00eetresse\u00a0\u00bb qui laisse entrevoir un petit bout de Bob Marley au d\u00e9marrage. \u00ab\u00a0Les D\u00e9mons De Minuit\u00a0\u00bb sont repris en choeur, avec son riff tueur qui fait encore de nos jours les d\u00e9lices des vendeurs de synth\u00e9s. La foule chante encore sur \u00ab\u00a0Capitaine Abandonn\u00e9\u00a0\u00bb, a les bras en l\u2019air. Le groupe quitte la sc\u00e8ne pour le traditionnel rappel. Le retour est fait avec une reprise de Daniel Balavoine\u00a0: \u00ab\u00a0Tous Les Cris Les S.O.S.\u00a0\u00bb. Jean Louis, le batteur, fan de l&rsquo;artiste, l\u2019interpr\u00e8te merveilleusement. Puis c\u2019est avec un mix que le tour de chant se termine. Nous avons droit \u00e0 un encha\u00eenement de tubes\u00a0: \u00ab\u00a0Laissez-Nous Chanter\u00a0\u00bb \/ \u00ab\u00a0Les D\u00e9mons De Minuit\u00a0\u00bb \/ \u00ab\u00a0Plus Pr\u00e8s Des \u00c9toiles\u00a0\u00bb \/ \u00ab\u00a0Corps \u00c0 Corps\u00a0\u00bb \/ \u00ab\u00a0Capitaine Abandonn\u00e9\u00a0\u00bb \/ \u00ab\u00a0Le Coeur En Exil\u00a0\u00bb \/ \u00ab\u00a0Ville De Lumi\u00e8re\u00a0\u00bb \/ \u00ab\u00a0Ma\u00eetresse\u00a0\u00bb \/ \u00ab\u00a0Laissez-Nous Chanter\u00a0\u00bb.\u00a0Apr\u00e8s avoir salu\u00e9 et remerci\u00e9 la foule, le trio quitte d\u00e9finitivement la sc\u00e8ne apr\u00e8s une jolie prestation et un beau moment de nostalgie\u00a0!<\/p>\n<p style=\"text-align: justify;\"><img loading=\"lazy\" decoding=\"async\" class=\"size-full wp-image-36741 aligncenter\" title=\"\u00c9mile &amp; Images (2023) (2)\" src=\"https:\/\/lamagicbox.com\/magazine\/wp-content\/uploads\/2023\/10\/\u00c9mile-Images-2023-2.jpg\" alt=\"\u00c9mile &amp; Images (2023) (2)\" width=\"500\" height=\"375\" srcset=\"https:\/\/lamagicbox.com\/magazine\/wp-content\/uploads\/2023\/10\/\u00c9mile-Images-2023-2.jpg 500w, https:\/\/lamagicbox.com\/magazine\/wp-content\/uploads\/2023\/10\/\u00c9mile-Images-2023-2-200x150.jpg 200w, https:\/\/lamagicbox.com\/magazine\/wp-content\/uploads\/2023\/10\/\u00c9mile-Images-2023-2-347x260.jpg 347w\" sizes=\"auto, (max-width: 500px) 100vw, 500px\" \/><\/p>\n<p><strong><span style=\"text-decoration: underline;\">Les photos de la soir\u00e9e<\/span>\u00a0:\u00a0<a href=\"https:\/\/www.facebook.com\/media\/set\/?set=a.784129743721870&amp;type=3\" target=\"_blank\" rel=\"noopener\">ici<\/a>.<\/strong><\/p>\n<p><span style=\"text-decoration: underline;\">Photos<\/span>\u00a0: Fabrice A.<\/p>\n<p>#Live \/ #Report \/ #LiveReport \/ #Review \/ #LiveReview \/ #Photos \/ #Pictures<\/p>\n<hr \/>\n<p>\u00a0<\/p>\n<!--themify_builder_content-->\n<div id=\"themify_builder_content-36738\" data-postid=\"36738\" class=\"themify_builder_content themify_builder_content-36738 themify_builder tf_clear\">\n    <\/div>\n<!--\/themify_builder_content-->","protected":false},"excerpt":{"rendered":"<p>Verdun Expo\u00a0\/ \u00c9mile &amp; Images\u00a0\/ Le 14 Septembre 2023 \u2013 Verdun (55) \/ Notre avis\u00a0: [star rating=\u00a0\u00bb5&Prime; max=\u00a0\u00bb5&Prime;] L\u2019\u00e9dition 2023 de Verdun Expo est partie sur les chapeaux de roue ce jeudi soir avec la pr\u00e9sence d\u2019\u00c9mile &amp; Images. Le trio a ravi les fans venus tr\u00e8s nombreux pour assister \u00e0 un best-of des titres [&hellip;]<\/p>\n","protected":false},"author":4,"featured_media":36750,"comment_status":"open","ping_status":"open","sticky":false,"template":"","format":"standard","meta":{"footnotes":""},"categories":[57,53],"tags":[3951,3952,3188,415,3177],"class_list":["post-36738","post","type-post","status-publish","format-standard","has-post-thumbnail","hentry","category-reportage-concert","category-reportages","tag-emile-images","tag-emile-et-images","tag-meuse-fm","tag-verdun","tag-verdun-expo","has-post-title","has-post-date","has-post-category","has-post-tag","has-post-comment","has-post-author",""],"builder_content":"","_links":{"self":[{"href":"https:\/\/lamagicbox.com\/magazine\/wp-json\/wp\/v2\/posts\/36738","targetHints":{"allow":["GET"]}}],"collection":[{"href":"https:\/\/lamagicbox.com\/magazine\/wp-json\/wp\/v2\/posts"}],"about":[{"href":"https:\/\/lamagicbox.com\/magazine\/wp-json\/wp\/v2\/types\/post"}],"author":[{"embeddable":true,"href":"https:\/\/lamagicbox.com\/magazine\/wp-json\/wp\/v2\/users\/4"}],"replies":[{"embeddable":true,"href":"https:\/\/lamagicbox.com\/magazine\/wp-json\/wp\/v2\/comments?post=36738"}],"version-history":[{"count":5,"href":"https:\/\/lamagicbox.com\/magazine\/wp-json\/wp\/v2\/posts\/36738\/revisions"}],"predecessor-version":[{"id":37980,"href":"https:\/\/lamagicbox.com\/magazine\/wp-json\/wp\/v2\/posts\/36738\/revisions\/37980"}],"wp:featuredmedia":[{"embeddable":true,"href":"https:\/\/lamagicbox.com\/magazine\/wp-json\/wp\/v2\/media\/36750"}],"wp:attachment":[{"href":"https:\/\/lamagicbox.com\/magazine\/wp-json\/wp\/v2\/media?parent=36738"}],"wp:term":[{"taxonomy":"category","embeddable":true,"href":"https:\/\/lamagicbox.com\/magazine\/wp-json\/wp\/v2\/categories?post=36738"},{"taxonomy":"post_tag","embeddable":true,"href":"https:\/\/lamagicbox.com\/magazine\/wp-json\/wp\/v2\/tags?post=36738"}],"curies":[{"name":"wp","href":"https:\/\/api.w.org\/{rel}","templated":true}]}}