{"id":3673,"date":"2000-10-06T23:22:07","date_gmt":"2000-10-06T22:22:07","guid":{"rendered":"http:\/\/lamagicbox.com\/magazine\/?p=3673"},"modified":"2024-02-07T14:27:55","modified_gmt":"2024-02-07T13:27:55","slug":"4uestion-a-didier-wampas","status":"publish","type":"post","link":"https:\/\/lamagicbox.com\/magazine\/4uestion-a-didier-wampas\/","title":{"rendered":"Questions  \u00e0 Didier Wampas &#8211; 2000"},"content":{"rendered":"<h3 class=\"r\">Date : 6 octobre 2000\r\nLieu : Sannois (95)\r\nCadre : L&rsquo;EMB<\/h3>\r\n<p style=\"text-align: justify;\"><span style=\"color: #800000;\"><b><hr \/><strong><b>\r\nPar Mike S. \/ M\u00e9lissa T.\r\n<\/b><\/strong>\r\n<\/b><\/span><span style=\"color: #ffcc33;\"><b><span style=\"color: #800000;\">C&rsquo;est dans les Terres du groupe, le 95, \u00e0 Sannois pr\u00e9cis\u00e9ment (EMB), que nous avons branch\u00e9 notre micro pour poser quelques questions \u00e0 Didier Wampas, quelques heures avant que le groupe monte sur sc\u00e8ne, pour pr\u00e9senter les chansons de leur 7e album, baptis\u00e9 <em>Kiss<\/em>.\u00a0<\/span> <\/b><\/span><\/p>\r\n<p style=\"text-align: justify;\"><b>1\/4 &#8211; Est-ce qu&rsquo;on peut vivre aujourd&rsquo;hui en France, en vendant des disques de punk ? <\/b>\r\nDidier Wampas : Je sais pas. Moi, j&rsquo;ai jamais essay\u00e9 d&rsquo;en vivre. Peut-\u00eatre\u2026 mais j&rsquo;en sais rien. On n&rsquo;a jamais essay\u00e9. On pourrait, mais moi j&rsquo;ai toujours travaill\u00e9 \u00e0 cot\u00e9. J&rsquo;ai pas envie. Pour moi, c&rsquo;est pas un m\u00e9tier ce que je fais. Moi, je travaille \u00e0 la RATP, tout le monde le sais, non ? oh, y a peut-\u00eatre encore des gens qui savent pas \ud83d\ude09<\/p>\r\n<p style=\"text-align: justify;\"><b>2\/4- Et concilier la RATP et les concerts, c&rsquo;est pas facile ? <\/b>\r\nDidier W. : On s&rsquo;arrange. L\u00e0 j&rsquo;ai boss\u00e9 ce matin, et je fais le concert le soir. J&rsquo;ai pos\u00e9 mon apr\u00e8s-midi. Au boulot, ils savent offciellement ce que je fais. Je me d\u00e9brouille, je pose des cong\u00e9s. Et je pose des sans-soldes quand j&rsquo;en ai plus. Je suis pas privil\u00e9gi\u00e9, j&rsquo;ai pas de droits particuliers. J&rsquo;aimerais pas d&rsquo;ailleurs.<\/p>\r\n<p style=\"text-align: justify;\"><b>3\/4 &#8211; Depuis 20 ans que vous jouez, vous \u00eates encore influenc\u00e9s par des groupes ? <\/b>\r\nDidier W.: Oui, encore. Oui et non. Les Ramones, Jonathan Richman, Charles Trenet, les Beach Boys\u2026en gros\u2026 c&rsquo;est ce qui reste. Aujourd&rsquo;hui, j&rsquo;\u00e9coute beaucoup de musique classique. Surtout d&rsquo;ailleurs.<\/p>\r\n<p style=\"text-align: justify;\"><b>4\/4 &#8211; Dans 10 ans, vous pensez que vous serez toujours l\u00e0 ?<\/b>\r\nDidier W. : Oui, je pense. Je sais pas si c&rsquo;est de l&rsquo;orgueil de ma part, mais j&rsquo;ai pas envie d&rsquo;arr\u00eater. J&rsquo;ai envie de battre Charles Trenet, de toute facon \ud83d\ude09\r\nLes Wampas, c&rsquo;est mon premier groupe, et j&rsquo;ai envie qu&rsquo;il dure toujours. C&rsquo;est mon r\u00eave quand j&rsquo;avais 15 ans de faire \u00e7a. J&rsquo;ai eu 15 ans en 1977, j&rsquo;ai d\u00e9couvert le Rock n&rsquo;Roll. Et maintenant, je vis mon r\u00eave. J&rsquo;ai pas envie qu&rsquo;il s&rsquo;arr\u00eate\u2026 C&rsquo;est Paul-Emile Victor, Haroun Tazief ou Cousteau. Je me sens un peu pareil : les Wampas \/ Commandant Cousteau = m\u00eame combat \ud83d\ude09<\/p>\r\n<p style=\"text-align: justify;\"><b>Question subsidiaire : D&rsquo;o\u00f9 \u00eates vous originaire ? <\/b>\r\nDidier Wampas : Non, je viens pas d&rsquo;Enghien\u2026 mais de Villeneuve la Garenne. Le Batteur, Francis, avec qui on a form\u00e9 le groupe au d\u00e9part habite Epinay (93). Et on s&rsquo;est v\u00e9ritablement form\u00e9 sur le lac d&rsquo;Enghien, le 14 juillet 1982 ! Et y&rsquo;avais Kivoiron \u00e0la guitare, il \u00e9tait de Deuil la Barre (95) . On a beaucoup train\u00e9 a Enghien, Place de Verdun, au Bol d&rsquo;Or.<\/p> <!--themify_builder_content-->\n<div id=\"themify_builder_content-3673\" data-postid=\"3673\" class=\"themify_builder_content themify_builder_content-3673 themify_builder tf_clear\">\n    <\/div>\n<!--\/themify_builder_content-->","protected":false},"excerpt":{"rendered":"<p>Date : 6 octobre 2000 Lieu : Sannois (95) Cadre : L&rsquo;EMB Par Mike S. \/ M\u00e9lissa T. C&rsquo;est dans les Terres du groupe, le 95, \u00e0 Sannois pr\u00e9cis\u00e9ment (EMB), que nous avons branch\u00e9 notre micro pour poser quelques questions \u00e0 Didier Wampas, quelques heures avant que le groupe monte sur sc\u00e8ne, pour pr\u00e9senter les [&hellip;]<\/p>\n","protected":false},"author":1,"featured_media":0,"comment_status":"open","ping_status":"open","sticky":false,"template":"","format":"standard","meta":{"footnotes":""},"categories":[125],"tags":[94],"class_list":["post-3673","post","type-post","status-publish","format-standard","hentry","category-interview","tag-wampas","has-post-title","has-post-date","has-post-category","has-post-tag","has-post-comment","has-post-author",""],"builder_content":"","_links":{"self":[{"href":"https:\/\/lamagicbox.com\/magazine\/wp-json\/wp\/v2\/posts\/3673","targetHints":{"allow":["GET"]}}],"collection":[{"href":"https:\/\/lamagicbox.com\/magazine\/wp-json\/wp\/v2\/posts"}],"about":[{"href":"https:\/\/lamagicbox.com\/magazine\/wp-json\/wp\/v2\/types\/post"}],"author":[{"embeddable":true,"href":"https:\/\/lamagicbox.com\/magazine\/wp-json\/wp\/v2\/users\/1"}],"replies":[{"embeddable":true,"href":"https:\/\/lamagicbox.com\/magazine\/wp-json\/wp\/v2\/comments?post=3673"}],"version-history":[{"count":2,"href":"https:\/\/lamagicbox.com\/magazine\/wp-json\/wp\/v2\/posts\/3673\/revisions"}],"predecessor-version":[{"id":38580,"href":"https:\/\/lamagicbox.com\/magazine\/wp-json\/wp\/v2\/posts\/3673\/revisions\/38580"}],"wp:attachment":[{"href":"https:\/\/lamagicbox.com\/magazine\/wp-json\/wp\/v2\/media?parent=3673"}],"wp:term":[{"taxonomy":"category","embeddable":true,"href":"https:\/\/lamagicbox.com\/magazine\/wp-json\/wp\/v2\/categories?post=3673"},{"taxonomy":"post_tag","embeddable":true,"href":"https:\/\/lamagicbox.com\/magazine\/wp-json\/wp\/v2\/tags?post=3673"}],"curies":[{"name":"wp","href":"https:\/\/api.w.org\/{rel}","templated":true}]}}