{"id":3630,"date":"2015-02-07T23:00:20","date_gmt":"2015-02-07T22:00:20","guid":{"rendered":"http:\/\/lamagicbox.com\/magazine\/?p=3630"},"modified":"2015-03-09T11:14:38","modified_gmt":"2015-03-09T10:14:38","slug":"yelle-clarrens-a-st-malo","status":"publish","type":"post","link":"https:\/\/lamagicbox.com\/magazine\/yelle-clarrens-a-st-malo\/","title":{"rendered":"Yelle + Clarens  \u00e0 St Malo"},"content":{"rendered":"<h3><a href=\"http:\/\/lamagicbox.com\/magazine\/wp-content\/uploads\/2015\/02\/yelle201501p.jpg\"><img loading=\"lazy\" decoding=\"async\" class=\" size-full wp-image-3632 alignleft\" title=\"yelle201501p\" src=\"http:\/\/lamagicbox.com\/magazine\/wp-content\/uploads\/2015\/02\/yelle201501p.jpg\" alt=\"yelle201501p\" width=\"120\" height=\"169\" srcset=\"https:\/\/lamagicbox.com\/magazine\/wp-content\/uploads\/2015\/02\/yelle201501p.jpg 120w, https:\/\/lamagicbox.com\/magazine\/wp-content\/uploads\/2015\/02\/yelle201501p-107x150.jpg 107w\" sizes=\"auto, (max-width: 120px) 100vw, 120px\" \/><\/a>La Nouvelle Vague<br \/>\nSt Malo (35)<br \/>\nSamedi 7 f\u00e9vrier 2015<\/h3>\n<p><strong>Notre avis : [star rating=\u00a0\u00bb2.5&Prime; max=\u00a0\u00bb5&Prime;]<\/strong><\/p>\n<hr \/>\n<p style=\"text-align: justify;\"><em><strong>Ambiance Electro Pop (et Soul) ce soir \u00e0 la Nouvelle Vague, avec la venue pour la premi\u00e8re fois de Yelle, support\u00e9e en premi\u00e8re partie par Clarens. Plus connue en France, pour son duo avec Michael Youn (Parle \u00e0 ma main) que pour sa discographie ou ses qualit\u00e9s sc\u00e9niques, la chanteuse briochine est pourtant en train de devenir une artiste de renomm\u00e9e internationale. Apr\u00e8s avoir fait la premi\u00e8re partie de Mika en France en 2007, puis de Katy Perry en Angleterre en 2010, elle s\u2019est \u00e9mancip\u00e9e et a \u00e9t\u00e9 amen\u00e9e \u00e0 tourner aux USA, au Japon, en Australie ou m\u00eame en Am\u00e9rique Latine. En France, m\u00eame si pas plus que la veille au soir, elle faisait Sold Out \u00e0 son concert Nantais, le public malouin a \u00e9t\u00e9 plus discret \u00e0 venir l\u2019applaudir.<\/strong><\/em><\/p>\n<p style=\"text-align: justify;\">C\u2019est surtout \u00e0 l\u2019ouverture de la soir\u00e9e, que la salle a paru tr\u00e8s vide, avec l\u2019arriv\u00e9e sur sc\u00e8ne de <strong>CLARENS<\/strong>. Ce jeune chanteur \u00e9tait d\u00e9j\u00e0 mont\u00e9 sur la sc\u00e8ne de la Nouvelle Vague, lorsqu\u2019il jouait avec <strong>Juveniles<\/strong> (Concert avec <strong>La Femme<\/strong>) en qualit\u00e9 de bassiste. A l\u2019\u00e9poque, il faisait du Rock\u2026 Aujourd\u2019hui, il monte sur sc\u00e8ne sous le pseudo Clarens, avec deux\u00a0musiciens, aux claviers et \u00e0 la basse. Sa musique est un m\u00e9lange d\u2019Electro pop et de Soul Music, ce qui n\u2019est pas sans rappeler les compositions de <strong>Tahiti 80<\/strong>. La musique de Clarens a quelque chose d\u2019hypnotisant, sans avoir vraiment de relief. En concert, vous pouvez fermer les yeux et vous laisser bercer tranquillement par les rythmes Soul et la voix chaude et douce de Clarens. C\u2019est une bonne musique d\u2019ambiance qui a pourtant du mal \u00e0 trouver une dimension sc\u00e9nique. D\u2019autant que les lumi\u00e8res, alternativement bleues et blanches, vous aveuglent ou vous plongent dans une semi obscurit\u00e9, propice \u00e0 la sieste. Assez insupportable. Je dois avouer que ce concert ne me laissera pas un souvenir imp\u00e9rissable. M\u00eame son dernier titre, le single qui l\u2019a fait d\u00e9couvrir, <a href=\"http:\/\/youtu.be\/m0mNehvSELo\" target=\"_blank\">Trust<\/a>, sur fond d\u2019images malouines en noir et blanc, ne fera pas changer l\u2019impression que laisse le reste du concert. Un concert assez fade, en r\u00e9alit\u00e9. Je laisse \u00e7a \u00e0 ceux qui aiment\u2026<\/p>\n<p style=\"text-align: justify;\"><a href=\"http:\/\/lamagicbox.com\/magazine\/wp-content\/uploads\/2015\/02\/yelleclarens201501.jpg\"><img loading=\"lazy\" decoding=\"async\" class=\" size-full wp-image-3636 aligncenter\" title=\"yelleclarens201501\" src=\"http:\/\/lamagicbox.com\/magazine\/wp-content\/uploads\/2015\/02\/yelleclarens201501.jpg\" alt=\"yelleclarens201501\" width=\"300\" height=\"500\" srcset=\"https:\/\/lamagicbox.com\/magazine\/wp-content\/uploads\/2015\/02\/yelleclarens201501.jpg 300w, https:\/\/lamagicbox.com\/magazine\/wp-content\/uploads\/2015\/02\/yelleclarens201501-90x150.jpg 90w, https:\/\/lamagicbox.com\/magazine\/wp-content\/uploads\/2015\/02\/yelleclarens201501-180x300.jpg 180w\" sizes=\"auto, (max-width: 300px) 100vw, 300px\" \/><\/a><\/p>\n<p style=\"text-align: justify;\">Ce qui est s\u00fbr, c\u2019est que le public, tr\u00e8s parsem\u00e9, en d\u00e9but de set, est maintenant, un peu plus nombreux, \u00e0 l\u2019arriv\u00e9e de <strong>YELLE<\/strong> sur sc\u00e8ne. Le show se pr\u00e9sente sous la forme d\u2019une sc\u00e8ne \u00e0 deux niveaux. En arri\u00e8re plan, sur le niveau plus \u00e9lev\u00e9, deux batteries, \u00e0 gauche et \u00e0 droite. Et sur le devant, en contrebas, juste un pied de micro, au milieu, et une paire de caisses claires, \u00e0 droite. On imagine d\u00e9j\u00e0, que Yelle a besoin de place, pour bouger, sauter, danser\u2026<br \/>\nEt elle ne va pas s\u2019en priver\u00a0! Auteur maintenant de 3 albums, elle choisit de d\u00e9buter son concert sur 3 titres du pr\u00e9c\u00e9dent opus, avec en ouverture, <em>Unillusion<\/em>. Des rythmes disco, des textes simplistes, et Yelle, \u00e9pileptique, sur la sc\u00e8ne, prenant en main les baguettes de percussion, pour donner le tempo de la soir\u00e9e. Suivront <em>Comme un enfant<\/em> et <em>La Musique.<\/em><\/p>\n<p style=\"text-align: center;\"><a href=\"http:\/\/lamagicbox.com\/magazine\/wp-content\/uploads\/2015\/02\/yelle201502.jpg\"><img loading=\"lazy\" decoding=\"async\" class=\" size-full wp-image-3633 aligncenter\" title=\"yelle201502\" src=\"http:\/\/lamagicbox.com\/magazine\/wp-content\/uploads\/2015\/02\/yelle201502.jpg\" alt=\"yelle201502\" width=\"500\" height=\"300\" srcset=\"https:\/\/lamagicbox.com\/magazine\/wp-content\/uploads\/2015\/02\/yelle201502.jpg 500w, https:\/\/lamagicbox.com\/magazine\/wp-content\/uploads\/2015\/02\/yelle201502-250x150.jpg 250w\" sizes=\"auto, (max-width: 500px) 100vw, 500px\" \/><\/a><\/p>\n<p style=\"text-align: justify;\">C\u2019est \u00e0 partir du 4<sup>e<\/sup> titre, qu\u2019on entre dans le vif du sujet, avec un premier extrait de son nouvel album, <em>Ba$$in<\/em>, un titre d\u2019un niveau intellectuel aussi \u00e9lev\u00e9 qu\u2019un tube de Lio. Mais il faut avouer qu\u2019on peut lire sur les l\u00e8vres du public, compos\u00e9 majoritaire d\u2019adolescentes, les paroles, plus faciles \u00e0 retenir qu\u2019un cours d\u2019histoire ou de math\u00e9matiques. Le rythme est binaire et les paroles se r\u00e9p\u00e8tent en boucle, <em>Des ronds avec ton bassin\u00a0!<\/em><\/p>\n<p style=\"text-align: justify;\">Les chansons, bien que na\u00efves \u00e0 l\u2019extr\u00eame, abordent des sujets qui touchent le c\u0153ur des jeunes filles, l\u2019amour et la mort. Pour ce dernier, Yelle nous propose un micro titre, d\u2019une minute trente, <em>Dire qu&rsquo;on va tous mourir<\/em>, un titre sombre, calme, dans une ambiance tamis\u00e9e, montrant que si elle voulait, elle pourrait sans aucun probl\u00e8me, \u00e9crire des chansons charg\u00e9es d\u2019\u00e9motion. Mais son cr\u00e9do, c\u2019est la joie et la danse. <em>Girl just wanna dance<\/em>, aurait elle tr\u00e8s bien pu reprendre, parmi les dizaines de tubes des 80&rsquo;s qui nous ont fait danser. Mais c\u2019est avec <em>A Cause Des Gar\u00e7ons<\/em>, qu\u2019elle a choisi de se faire connaitre, il y a quelques ann\u00e9es. Elle le reprend, ici, ce soir, pour le plaisir des parents accompagnateurs. Belle strat\u00e9gie !<\/p>\n<p style=\"text-align: center;\"><a href=\"http:\/\/lamagicbox.com\/magazine\/wp-content\/uploads\/2015\/02\/yelle201504.jpg\"><img loading=\"lazy\" decoding=\"async\" class=\" size-full wp-image-3634 aligncenter\" title=\"yelle201504\" src=\"http:\/\/lamagicbox.com\/magazine\/wp-content\/uploads\/2015\/02\/yelle201504.jpg\" alt=\"yelle201504\" width=\"300\" height=\"500\" srcset=\"https:\/\/lamagicbox.com\/magazine\/wp-content\/uploads\/2015\/02\/yelle201504.jpg 300w, https:\/\/lamagicbox.com\/magazine\/wp-content\/uploads\/2015\/02\/yelle201504-90x150.jpg 90w, https:\/\/lamagicbox.com\/magazine\/wp-content\/uploads\/2015\/02\/yelle201504-180x300.jpg 180w\" sizes=\"auto, (max-width: 300px) 100vw, 300px\" \/><\/a><\/p>\n<p style=\"text-align: justify;\">Entre temps, sa robe bleue, \u00e0 la coupe originale, a \u00e9t\u00e9 remplac\u00e9e par une combi \u00e0 motif de tapisserie 70&rsquo;s, recouvrant ses jambes, mais d\u00e9voilant sa silhouette \u00e9lanc\u00e9e. \u00c7a, c\u2019est sans doute, pour le petit copain qui a accompagn\u00e9, lui aussi, la jeune ado&#8230;<\/p>\n<p style=\"text-align: justify;\">Bien que ses textes ne soient vraiment pas des plus passionnants, et que sa musique soit la plus simpliste qui soit, il faut reconnaitre \u00e0 ce concert qu\u2019il ne manque pas de charme. Il ferait d\u00e9geler un iceberg tout entier avec la bonne humeur que Yelle met dans son spectacle. L\u2019humour de ses chansons est aussi bien r\u00e9el. Faisant r\u00e9f\u00e9rence \u00e0 un certain <strong>Richard Gotainer<\/strong> et \u00e0 son c\u00e9l\u00e8bre <em>Sans pas<\/em>, Yelle replace sa musique dans un second degr\u00e9 affirm\u00e9, \u00e0 la mani\u00e8re de <strong>Philippe Katerine<\/strong>. Et le public ne s\u2019y trompe pas, faisant un ovation pour faire revenir Yelle pour un rappel de 3 titres, dont le bien nomm\u00e9 <em>Bouquet Final<\/em>. Elle choisit de terminer son set avec le titre introductif et \u00e9ponyme de son tout dernier album, sorti en septembre 2014 : <em>Compl\u00e9ment Fou<\/em>, r\u00e9sumant en deux mots le ressenti de cette soir\u00e9e\u00a0!<\/p>\n<p style=\"text-align: center;\"><iframe loading=\"lazy\" src=\"https:\/\/www.youtube.com\/embed\/kghTm4nN-X0\" width=\"560\" height=\"315\" frameborder=\"0\" allowfullscreen=\"allowfullscreen\"><\/iframe><\/p>\n<p style=\"text-align: justify;\">\n<hr \/>\n<p>YELLE : <a href=\"http:\/\/www.yelle.fr\/index.php\" target=\"_blank\">Site Officiel<\/a> \/ <a href=\"https:\/\/www.facebook.com\/pages\/Yelle\/8906685638?fref=ts%20\" target=\"_blank\">Facebook<\/a><br \/>\nCLARENS : <a href=\"https:\/\/www.facebook.com\/clarensmusic?fref=ts\" target=\"_blank\">Facebook<\/a><\/p>\n<p><strong>[hr color=\u00a0\u00bbred\u00a0\u00bb]<br \/>\nSetlist\u00a0: <\/strong>Unillusion &#8211; Comme Un Enfant &#8211; La Musique &#8211; Bassin &#8211; Je Veux Te Voir &#8211; L&rsquo;amour parfait &#8211; Dire qu&rsquo;on va tous mourir &#8211; Jeune Fille Garnement &#8211; Que Veux-Tu &#8211; Coca sans bulles &#8211; A Cause Des Gar\u00e7ons &#8211; Toho &#8211; Safari Disco Club &#8211; S&rsquo;\u00e9teint Le Soleil<br \/>\n<strong>Rappel: <\/strong>Tristesse\/Joie &#8211; Bouquet final &#8211; Compl\u00e8tement Fou<\/p>\n<!--themify_builder_content-->\n<div id=\"themify_builder_content-3630\" data-postid=\"3630\" class=\"themify_builder_content themify_builder_content-3630 themify_builder tf_clear\">\n    <\/div>\n<!--\/themify_builder_content-->","protected":false},"excerpt":{"rendered":"<p>La Nouvelle Vague St Malo (35) Samedi 7 f\u00e9vrier 2015 Notre avis : [star rating=\u00a0\u00bb2.5&Prime; max=\u00a0\u00bb5&Prime;] Ambiance Electro Pop (et Soul) ce soir \u00e0 la Nouvelle Vague, avec la venue pour la premi\u00e8re fois de Yelle, support\u00e9e en premi\u00e8re partie par Clarens. Plus connue en France, pour son duo avec Michael Youn (Parle \u00e0 ma [&hellip;]<\/p>\n","protected":false},"author":1,"featured_media":3635,"comment_status":"open","ping_status":"open","sticky":false,"template":"","format":"standard","meta":{"footnotes":""},"categories":[57],"tags":[178,96],"class_list":["post-3630","post","type-post","status-publish","format-standard","has-post-thumbnail","hentry","category-reportage-concert","tag-clarens","tag-yelle","has-post-title","has-post-date","has-post-category","has-post-tag","has-post-comment","has-post-author",""],"builder_content":"","_links":{"self":[{"href":"https:\/\/lamagicbox.com\/magazine\/wp-json\/wp\/v2\/posts\/3630","targetHints":{"allow":["GET"]}}],"collection":[{"href":"https:\/\/lamagicbox.com\/magazine\/wp-json\/wp\/v2\/posts"}],"about":[{"href":"https:\/\/lamagicbox.com\/magazine\/wp-json\/wp\/v2\/types\/post"}],"author":[{"embeddable":true,"href":"https:\/\/lamagicbox.com\/magazine\/wp-json\/wp\/v2\/users\/1"}],"replies":[{"embeddable":true,"href":"https:\/\/lamagicbox.com\/magazine\/wp-json\/wp\/v2\/comments?post=3630"}],"version-history":[{"count":0,"href":"https:\/\/lamagicbox.com\/magazine\/wp-json\/wp\/v2\/posts\/3630\/revisions"}],"wp:featuredmedia":[{"embeddable":true,"href":"https:\/\/lamagicbox.com\/magazine\/wp-json\/wp\/v2\/media\/3635"}],"wp:attachment":[{"href":"https:\/\/lamagicbox.com\/magazine\/wp-json\/wp\/v2\/media?parent=3630"}],"wp:term":[{"taxonomy":"category","embeddable":true,"href":"https:\/\/lamagicbox.com\/magazine\/wp-json\/wp\/v2\/categories?post=3630"},{"taxonomy":"post_tag","embeddable":true,"href":"https:\/\/lamagicbox.com\/magazine\/wp-json\/wp\/v2\/tags?post=3630"}],"curies":[{"name":"wp","href":"https:\/\/api.w.org\/{rel}","templated":true}]}}