{"id":35638,"date":"2023-05-28T23:45:06","date_gmt":"2023-05-28T21:45:06","guid":{"rendered":"https:\/\/lamagicbox.com\/magazine\/?p=35638"},"modified":"2024-02-04T16:50:40","modified_gmt":"2024-02-04T15:50:40","slug":"ghost-au-zenith-de-strasbourg-67","status":"publish","type":"post","link":"https:\/\/lamagicbox.com\/magazine\/ghost-au-zenith-de-strasbourg-67\/","title":{"rendered":"Ghost au Z\u00e9nith de Strasbourg (67)"},"content":{"rendered":"<h2><span style=\"color: #000000;\"><span style=\"color: #333333;\"><img loading=\"lazy\" decoding=\"async\" class=\"size-full wp-image-35641 alignleft\" title=\"Ghost - Z\u00e9nith de Strasbourg (2023)\" src=\"https:\/\/lamagicbox.com\/magazine\/wp-content\/uploads\/2023\/05\/Ghost-Z\u00e9nith-de-Strasbourg-2023.jpg\" alt=\"Ghost - Z\u00e9nith de Strasbourg (2023)\" width=\"150\" height=\"225\" srcset=\"https:\/\/lamagicbox.com\/magazine\/wp-content\/uploads\/2023\/05\/Ghost-Z\u00e9nith-de-Strasbourg-2023.jpg 150w, https:\/\/lamagicbox.com\/magazine\/wp-content\/uploads\/2023\/05\/Ghost-Z\u00e9nith-de-Strasbourg-2023-100x150.jpg 100w\" sizes=\"auto, (max-width: 150px) 100vw, 150px\" \/>Le Z\u00e9nith \/<\/span><\/span><\/h2>\n<h2 align=\"justify\"><span style=\"color: #800000;\">Ghost \/<\/span><\/h2>\n<h2><span style=\"color: #333333;\">Le 28 Mai 2023 \u2013 Strasbourg (67) \/<\/span><\/h2>\n<h2 align=\"justify\"><span style=\"color: #800000;\"><span style=\"text-decoration: underline;\">Notre avis<\/span>\u00a0: [star rating=\u00a0\u00bb5&Prime; max=\u00a0\u00bb5&Prime;]<\/span><\/h2>\n<hr \/>\n<p style=\"text-align: justify;\"><em><strong>Ghost \u00e9tait de passage ce dimanche soir au Z\u00e9nith de Strasbourg pour un show haut en couleur.\u00a0<\/strong><\/em><em><strong>Le groupe de heavy metal Su\u00e9dois a enchant\u00e9 le public venu tr\u00e8s nombreux.\u00a0<\/strong><\/em><em><strong>Papa Emeritus a r\u00e9gal\u00e9 l\u2019audience pr\u00e9sentant un\u00a0<\/strong><\/em><em><strong>nombre impressionnants de t-shirts \u00e0 l&rsquo;effigie du groupe et de visages maquill\u00e9s en noir et blanc \u00e0 l&rsquo;instar\u00a0<\/strong><\/em><em><strong>du ma\u00eetre de c\u00e9r\u00e9monie.\u00a0<\/strong><\/em><\/p>\n<h2><span style=\"color: #800000;\">GHOST<\/span><\/h2>\n<p style=\"text-align: justify;\">Les lumi\u00e8res s\u2019\u00e9teignent et les premiers sons se font entendre. \u00ab Imperium \u00bb, intro d\u2019\u00ab\u00a0Impera\u00a0\u00bb (l&rsquo;album sorti en 2022) annonce le d\u00e9but du show. L&rsquo;immense voile\u00a0qui masque la sc\u00e8ne laisse appara\u00eetre les ombres des protagonistes qui prennent possession de la sc\u00e8ne.\u00a0Le rideau tombe.\u00a0Papa Emeritus et ses Nameless Ghouls se pr\u00e9sentent devant nous et lancent les\u00a0festivit\u00e9s avec \u00ab Kaisarion \u00bb. \u00ab Rats \u00bb est envoy\u00e9 dans la foul\u00e9e, lanc\u00e9 \u00e0 la batterie qui pr\u00e9domine au beau milieu du plateau.\u00a0D&#8217;embl\u00e9e, l&rsquo;ambiance est mise, et le public, aux anges, reprend en choeur le refrain.\u00a0Dans un d\u00e9cor de cath\u00e9drale, les protagonistes naviguent \u00e0 souhait et parcourent la sc\u00e8ne de long en large.\u00a0Ghost nous offre un savant m\u00e9lange de doom metal et de rock gothique. Les titres s&rsquo;encha\u00eenent avec \u00ab\u00a0Faith\u00a0\u00bb,\u00a0\u00ab\u00a0Spillways\u00a0\u00bb,\u00a0\u00ab\u00a0Cirice\u00a0\u00bb,\u00a0\u00ab\u00a0Hunter&rsquo;s Moon\u00a0\u00bb.\u00a0La reprise de Genesis nous est propos\u00e9e : \u00ab\u00a0Jesus He Knows Me \u00bb. Muscl\u00e9e et superbement interpr\u00e9t\u00e9e. Les guitares sont incisives et la batterie puissante. Deux choristes percussionnistes et deux claviers apportent \u00e9galement un plus \u00e0 la formation.\u00a0Papa Emeritus et ses Nameless Ghouls haranguent la foule comme il se doit.\u00a0Le show se poursuit avec \u00ab Ritual \u00bb qui am\u00e8ne une belle ovation.<\/p>\n<p style=\"text-align: justify;\"><img loading=\"lazy\" decoding=\"async\" class=\"size-full wp-image-35650 aligncenter\" title=\"Ghost Strasbourg 2023 (1)\" src=\"https:\/\/lamagicbox.com\/magazine\/wp-content\/uploads\/2023\/05\/Ghost-Strasbourg-2023-1.jpg\" alt=\"Ghost Strasbourg 2023 (1)\" width=\"500\" height=\"375\" srcset=\"https:\/\/lamagicbox.com\/magazine\/wp-content\/uploads\/2023\/05\/Ghost-Strasbourg-2023-1.jpg 500w, https:\/\/lamagicbox.com\/magazine\/wp-content\/uploads\/2023\/05\/Ghost-Strasbourg-2023-1-200x150.jpg 200w, https:\/\/lamagicbox.com\/magazine\/wp-content\/uploads\/2023\/05\/Ghost-Strasbourg-2023-1-347x260.jpg 347w\" sizes=\"auto, (max-width: 500px) 100vw, 500px\" \/><\/p>\n<p style=\"text-align: justify;\">C&rsquo;est du grand spectacle que nous propose Ghost dans son d\u00e9cor de cath\u00e9drale.\u00a0\u00ab\u00a0Call Me Little Sunshine\u00a0\u00bb nous ram\u00e8ne au nouvel album, et\u00a0Papa Emeritus se dote d&rsquo;un encensoir pour\u00a0\u00ab Con Clavi Con Dio\u00a0\u00bb.\u00a0Le Pape est plut\u00f4t loquace et communique r\u00e9guli\u00e8rement avec le public. La magie op\u00e8re \u00e0 merveille et nous continuons\u00a0avec \u00ab\u00a0Watcher In The Sky\u00a0\u00bb. Apr\u00e8s une nouvelle salve d&rsquo;applaudissements, le public reconna\u00eet \u00ab Year Zero \u00bb qui re\u00e7oit un accueil chaleureux. Durant la repr\u00e9sentation, Papa Emeritus multiplie les tenues de sc\u00e8ne, entre vestes brillantes, mitre papale richement d\u00e9cor\u00e9e et costumes \u00e9l\u00e9gants.\u00a0Les Su\u00e9dois encha\u00eenent avec\u00a0\u00ab\u00a0He Is\u00a0\u00bb et\u00a0\u00ab Miasma \u00bb, morceau instrumental mettant en sc\u00e8ne la r\u00e9surrection de Papa Nihil qui nous propose un solo de saxophone.\u00a0\u00ab\u00a0Mary On A Cross\u00a0\u00bb,\u00a0\u00ab\u00a0Mummy Dust\u00a0\u00bb et\u00a0\u00ab\u00a0Respite On The Spitalfields\u00a0\u00bb nous am\u00e8nent au traditionnel rappel. De retour sur sc\u00e8ne, le ma\u00eetre de c\u00e9r\u00e9monie demande au public s&rsquo;il veut encore quelques morceaux. La r\u00e9ponse est bien \u00e9videmment positive. Le show reprend avec\u00a0\u00ab\u00a0Kiss The Go-Goat\u00a0\u00bb et\u00a0\u00ab\u00a0Dance Macabre\u00a0\u00bb. C&rsquo;est avec\u00a0\u00ab\u00a0Square Hammer\u00a0\u00bb que le tour de chant se termine.\u00a0Un set envo\u00fbtant, fascinant et original, cultivant le myst\u00e8re sur l\u2019identit\u00e9 de ses membres ! Une belle soir\u00e9e et un public conquis !<\/p>\n<p style=\"text-align: justify;\"><img loading=\"lazy\" decoding=\"async\" class=\"size-full wp-image-35651 aligncenter\" title=\"Ghost Strasbourg 2023 (2)\" src=\"https:\/\/lamagicbox.com\/magazine\/wp-content\/uploads\/2023\/05\/Ghost-Strasbourg-2023-2.jpg\" alt=\"Ghost Strasbourg 2023 (2)\" width=\"500\" height=\"375\" srcset=\"https:\/\/lamagicbox.com\/magazine\/wp-content\/uploads\/2023\/05\/Ghost-Strasbourg-2023-2.jpg 500w, https:\/\/lamagicbox.com\/magazine\/wp-content\/uploads\/2023\/05\/Ghost-Strasbourg-2023-2-200x150.jpg 200w, https:\/\/lamagicbox.com\/magazine\/wp-content\/uploads\/2023\/05\/Ghost-Strasbourg-2023-2-347x260.jpg 347w\" sizes=\"auto, (max-width: 500px) 100vw, 500px\" \/><\/p>\n<p><strong><span style=\"text-decoration: underline;\">Ghost<\/span>\u00a0:\u00a0<a href=\"https:\/\/www.facebook.com\/thebandghost\/?fref=ts\" target=\"_blank\" rel=\"noopener\">Facebook<\/a>\u00a0\/ <a href=\"https:\/\/www.instagram.com\/thebandghost\/\" target=\"_blank\" rel=\"noopener\">Instagram<\/a> \/\u00a0<a href=\"https:\/\/twitter.com\/thebandGHOST?lang=fr\" target=\"_blank\" rel=\"noopener\">Twitter<\/a>\u00a0\/ <a href=\"https:\/\/www.tiktok.com\/@thebandghost\" target=\"_blank\" rel=\"noopener\">Tik Tok<\/a> \/ <a href=\"https:\/\/www.youtube.com\/channel\/UCAOiVaJJlH0Oduv48NN0mMA\" target=\"_blank\" rel=\"noopener\">Youtube<\/a> \/\u00a0<a href=\"http:\/\/ghost-official.com\/\" target=\"_blank\" rel=\"noopener\">Site Officiel<\/a><\/strong><\/p>\n<p><b><span style=\"text-decoration: underline;\">Les photos de la soir\u00e9e<\/span>\u00a0:\u00a0<\/b><a href=\"https:\/\/www.facebook.com\/media\/set\/?set=a.711507027650809&amp;type=3\" target=\"_blank\" rel=\"noopener\"><b>ici<\/b><\/a><b>.<\/b><\/p>\n<p style=\"text-align: left;\"><span style=\"text-decoration: underline;\">Photos<\/span>\u00a0: Fabrice A.<\/p>\n<p style=\"text-align: left;\">#Live \/ #Report \/ #LiveReport \/ #Review \/ #LiveReview \/ #Photos \/ #Pictures<\/p>\n<hr \/>\n<p style=\"color: #333333; text-transform: none; text-indent: 0px; letter-spacing: normal; font-family: Georgia, 'Times New Roman', 'Bitstream Charter', Times, serif; font-size: 16px; font-style: normal; font-weight: 400; word-spacing: 0px; white-space: normal; orphans: 2; widows: 2; font-variant-ligatures: normal; font-variant-caps: normal; -webkit-text-stroke-width: 0px; text-decoration-style: initial; text-decoration-color: initial;\">\u00a0<\/p>\n<!--themify_builder_content-->\n<div id=\"themify_builder_content-35638\" data-postid=\"35638\" class=\"themify_builder_content themify_builder_content-35638 themify_builder tf_clear\">\n    <\/div>\n<!--\/themify_builder_content-->","protected":false},"excerpt":{"rendered":"<p>Le Z\u00e9nith \/ Ghost \/ Le 28 Mai 2023 \u2013 Strasbourg (67) \/ Notre avis\u00a0: [star rating=\u00a0\u00bb5&Prime; max=\u00a0\u00bb5&Prime;] Ghost \u00e9tait de passage ce dimanche soir au Z\u00e9nith de Strasbourg pour un show haut en couleur.\u00a0Le groupe de heavy metal Su\u00e9dois a enchant\u00e9 le public venu tr\u00e8s nombreux.\u00a0Papa Emeritus a r\u00e9gal\u00e9 l\u2019audience pr\u00e9sentant un\u00a0nombre impressionnants de [&hellip;]<\/p>\n","protected":false},"author":4,"featured_media":35652,"comment_status":"open","ping_status":"open","sticky":false,"template":"","format":"standard","meta":{"footnotes":""},"categories":[57,53],"tags":[494,2366,3341,3793,3625,896,2012],"class_list":["post-35638","post","type-post","status-publish","format-standard","has-post-thumbnail","hentry","category-reportage-concert","category-reportages","tag-ghost","tag-label-ln","tag-le-zenith","tag-le-zenith-de-strasbourg","tag-les-productions-label-ln","tag-strasbourg","tag-zenith","has-post-title","has-post-date","has-post-category","has-post-tag","has-post-comment","has-post-author",""],"builder_content":"","_links":{"self":[{"href":"https:\/\/lamagicbox.com\/magazine\/wp-json\/wp\/v2\/posts\/35638","targetHints":{"allow":["GET"]}}],"collection":[{"href":"https:\/\/lamagicbox.com\/magazine\/wp-json\/wp\/v2\/posts"}],"about":[{"href":"https:\/\/lamagicbox.com\/magazine\/wp-json\/wp\/v2\/types\/post"}],"author":[{"embeddable":true,"href":"https:\/\/lamagicbox.com\/magazine\/wp-json\/wp\/v2\/users\/4"}],"replies":[{"embeddable":true,"href":"https:\/\/lamagicbox.com\/magazine\/wp-json\/wp\/v2\/comments?post=35638"}],"version-history":[{"count":15,"href":"https:\/\/lamagicbox.com\/magazine\/wp-json\/wp\/v2\/posts\/35638\/revisions"}],"predecessor-version":[{"id":38029,"href":"https:\/\/lamagicbox.com\/magazine\/wp-json\/wp\/v2\/posts\/35638\/revisions\/38029"}],"wp:featuredmedia":[{"embeddable":true,"href":"https:\/\/lamagicbox.com\/magazine\/wp-json\/wp\/v2\/media\/35652"}],"wp:attachment":[{"href":"https:\/\/lamagicbox.com\/magazine\/wp-json\/wp\/v2\/media?parent=35638"}],"wp:term":[{"taxonomy":"category","embeddable":true,"href":"https:\/\/lamagicbox.com\/magazine\/wp-json\/wp\/v2\/categories?post=35638"},{"taxonomy":"post_tag","embeddable":true,"href":"https:\/\/lamagicbox.com\/magazine\/wp-json\/wp\/v2\/tags?post=35638"}],"curies":[{"name":"wp","href":"https:\/\/api.w.org\/{rel}","templated":true}]}}