{"id":34543,"date":"2023-03-01T07:29:01","date_gmt":"2023-03-01T06:29:01","guid":{"rendered":"https:\/\/lamagicbox.com\/magazine\/?p=34543"},"modified":"2023-04-07T16:42:49","modified_gmt":"2023-04-07T14:42:49","slug":"news-de-mars-2023","status":"publish","type":"post","link":"https:\/\/lamagicbox.com\/magazine\/news-de-mars-2023\/","title":{"rendered":"News de Mars 2023"},"content":{"rendered":"<p>[hr color=\u00a0\u00bbred\u00a0\u00bb]<\/p>\n<p style=\"text-align: justify;\"><span style=\"color: #800000;\"><strong>RIMEL\u00a0 &#8211; LE TRANSPARENT EST A LA MODE EN MARS<\/strong><\/span><br \/>\nLes lorrains RIMEL vont faire parler d&rsquo;eux en mars avec leur nouvel album baptis\u00e9 <strong><em>Transparent\u00a0<\/em><\/strong>(chez <strong>Slow Death<\/strong>). Un album 8 titres aux\u00a0sonorit\u00e9s Rock indus et r\u00e9p\u00e9titif, \u00e0 la mani\u00e8re des suisses de\u00a0<strong>The Young Gods<\/strong>. Le lien de parent\u00e9 est \u00e9vident \u00e0 l&rsquo;\u00e9coute de leur nouveau single, au titre \u00e9ponyme de l&rsquo;album, et qui introduit le disque. Cot\u00e9 line up, le groupe est compos\u00e9 d&rsquo;ex-membres de <strong>Davy Jones Locker<\/strong>, actifs au d\u00e9but des ann\u00e9es 90. Pas touts donc mais exp\u00e9riment\u00e9s. Et comme il n&rsquo;y a pas de retraite pour les artistes (pour les autres aussi si \u00e7a continue), Rimel a encore le temps de nous sortir une bonne demi-douzaine de suites \u00e0 ce premier opus qu&rsquo;on n&rsquo;a pas encore fini d&rsquo;explorer.<\/p>\n<p style=\"text-align: center;\"><iframe loading=\"lazy\" title=\"YouTube video player\" src=\"https:\/\/www.youtube.com\/embed\/CeUC2A5DOVE\" width=\"450\" height=\"253\" frameborder=\"0\" allowfullscreen=\"allowfullscreen\"><\/iframe><\/p>\n<p>[hr color=\u00a0\u00bbred\u00a0\u00bb]<\/p>\n<p style=\"text-align: justify;\"><span style=\"color: #800000;\"><strong>UN GO\u00dbT DE REVIVAL AVEC PARADIS MINUIT\u00a0<\/strong><\/span><br \/>\n<strong><em>De rouille et de sang<\/em><\/strong>, c&rsquo;est le titre qu&rsquo;a donn\u00e9 <strong>Paradis Minuit<\/strong> \u00e0 leur premier album sorti le 3 f\u00e9vrier sur DBAO Records. Paradis Minuit est un groupe form\u00e9 par Marielle Valentin (<strong>Otake<\/strong>) aux textes et \u00e0 la voix, accompagn\u00e9e de Motch &#8211; Gilbert Valentin &#8211; (<strong>OTH<\/strong>), Ludovic Cr\u00e8s (<strong>Les Naufrag\u00e9s<\/strong>) et Fred Maggesi (<strong>Electric Duck<\/strong>). Le r\u00e9sultat de cette union, c&rsquo;est un son tr\u00e8s Rock, des rythmes rapides mais avec une voix qui reste contenue, comme pour laisser plus d&rsquo;espace aux mots et \u00e0 la musique.<br \/>\n<a href=\"https:\/\/www.facebook.com\/profile.php?id=100049243002651\" target=\"_blank\">FB<\/a> \/ <a href=\"https:\/\/www.youtube.com\/channel\/UC079xpsfBCt0-5GXfj4uUzA\" target=\"_blank\">YT<\/a><\/p>\n<p style=\"text-align: center;\"><iframe loading=\"lazy\" title=\"YouTube video player\" src=\"https:\/\/www.youtube.com\/embed\/T126R_JymnY\" width=\"450\" height=\"253\" frameborder=\"0\" allowfullscreen=\"allowfullscreen\"><\/iframe><\/p>\n<p>[hr color=\u00a0\u00bbred\u00a0\u00bb]<\/p>\n<p style=\"text-align: justify;\"><span style=\"color: #800000;\"><strong>LE ROCK TONITRUANT DE MARC O<br \/>\n<\/strong><\/span>C&rsquo;est depuis Londres que Marc Olivier, alias <strong>Marc O<\/strong> \u00e9crit, enregistre et publie ses albums. C&rsquo;est sans doute pour cela que le son Rock qu&rsquo;il propose est tr\u00e8s \u00e9loign\u00e9 du Rock fran\u00e7ais habituel. Son premier album, <strong><em>L&rsquo;Homme de l&rsquo;ombre<\/em><\/strong> prend en effet des airs rageurs \u00e0 la mani\u00e8re des <strong>Stooges<\/strong>. Le seul chanteur fran\u00e7ais avec qui on pourrait imaginer quelques affinit\u00e9s musicales, c&rsquo;est le regrett\u00e9 <strong>Dominique Sonic<\/strong>. Il y avait aussi <strong>Uminski<\/strong> qui aimait ainsi faire claquer le son comme \u00e7a.<br \/>\nL&rsquo;album est sorti en 2021, mais le voici r\u00e9\u00e9dit\u00e9 post crise sanitaire via Plastic Sound\/Kuroneko, pour lui donner un nouveau coup de projecteur. Enregistr\u00e9 dans son studio londonnien\u00a0Plastic Sound, l&rsquo;artiste fait appel \u00e0 une belle brochette de zicos autour de lui.<br \/>\n<a href=\"https:\/\/www.marc-o.fr\/\" target=\"_blank\">Site<\/a> \/ Bandcamp \/ <a href=\"https:\/\/www.facebook.com\/marco.artistpage\" target=\"_blank\">FB<\/a>\u00a0\/ <a href=\"https:\/\/www.marc-o.fr\/all-products\" target=\"_blank\">Achetez<\/a><\/p>\n<p style=\"text-align: center;\"><iframe loading=\"lazy\" style=\"border: 0; width: 100%; height: 120px;\" src=\"https:\/\/bandcamp.com\/EmbeddedPlayer\/album=833162049\/size=large\/bgcol=333333\/linkcol=0f91ff\/tracklist=false\/artwork=small\/transparent=true\/\" width=\"300\" height=\"150\" seamless=\"\"><a href=\"https:\/\/marc-o.bandcamp.com\/album\/lhomme-de-lombre\">L&rsquo;HOMME DE L&rsquo;OMBRE by Marc O<\/a><\/iframe><\/p>\n<p>[hr color=\u00a0\u00bbred\u00a0\u00bb]<\/p>\n<p style=\"text-align: justify;\"><span style=\"color: #800000;\"><strong>B\u00c4RLIN ENTRE COLD WAVE ET POST ROCK<\/strong><\/span><br \/>\nLe trio fran\u00e7ais B\u00e4rlin se compose d&rsquo;un chanteur-clarinettiste, d&rsquo;un bassiste et d&rsquo;un batteur. Leur univers musical plonge ses racines autant dans l&rsquo;exp\u00e9rimentation des Einst\u00fcrzende Neuboten (<em><a href=\"https:\/\/baerlin.bandcamp.com\/track\/deer-fight\"><span class=\"track-title\">Deer Fight<\/span><\/a><\/em>) ou le baroque de Kurt Weil (<em><a href=\"https:\/\/baerlin.bandcamp.com\/track\/all-work-and-no-play\"><span class=\"track-title\">All Work and No Play<\/span><\/a><\/em>) que dans le Rock Blues envo\u00fbtant de <strong>Morphine<\/strong>. La clarinette prenant la place du saxo, comme sur l&rsquo;intrigant\u00a0<em><a href=\"https:\/\/baerlin.bandcamp.com\/track\/glowing-whale\"><span class=\"track-title\">Glowing Whale<\/span><\/a><\/em>. <strong><em>State of Fear<\/em><\/strong> est le 4e album du groupe depuis 2012. Il sort le 3e mars sur le label <strong>LilianProd<\/strong> distribu\u00e9 par <strong>L&rsquo;Autre Distribution<\/strong>.<br \/>\n<a href=\"http:\/\/www.xn--brlin-gra.eu\/\" target=\"_blank\">Site<\/a> \/ <a href=\"https:\/\/www.facebook.com\/baerlinmusik\" target=\"_blank\">FB<\/a>\u00a0\/ <a href=\"https:\/\/baerlin.bandcamp.com\/album\/state-of-fear\" target=\"_blank\">Achetez Ecoutez<\/a><\/p>\n<p style=\"text-align: center;\"><iframe loading=\"lazy\" style=\"border: 0; width: 100%; height: 120px;\" src=\"https:\/\/bandcamp.com\/EmbeddedPlayer\/album=1515777682\/size=large\/bgcol=333333\/linkcol=e99708\/tracklist=false\/artwork=small\/transparent=true\/\" width=\"300\" height=\"150\" seamless=\"\"><a href=\"https:\/\/baerlin.bandcamp.com\/album\/state-of-fear\">State of Fear by B\u00c4RLIN<\/a><\/iframe><\/p>\n<p>[hr color=\u00a0\u00bbred\u00a0\u00bb]<\/p>\n<p style=\"text-align: justify;\"><span style=\"color: #800000;\"><strong>VOULEZ VOUS ASSISTER AU SPECTACLE D&rsquo;ORE ?<\/strong><\/span><br \/>\nD\u00e9couverte par le Printemps de Bourges et le <a href=\"https:\/\/lefair.org\/project\/ore\/\" target=\"_blank\">FAIR<\/a> en 2019, Or\u00e9 continue \u00e0 pousser les murs pour se mettre une petite place sur la sc\u00e8ne de la nouvelle Chanson fran\u00e7aise. Son nouveau mini album s&rsquo;intitule <strong><em>Le Spectacle<\/em><\/strong> et comprend huit nouvelles chansons. Au programme de ce grand EP, de la douceur, de la l\u00e9g\u00e8ret\u00e9, de la tendresse. On pourrait le r\u00e9sumer comme un album feel good, sans aucune connotation n\u00e9gative. Juste de bonne ondes pour de belles journ\u00e9es ensoleill\u00e9es.\u00a0<strong><em>Le Spectacle\u00a0<\/em><\/strong>sort le 31 mars (Sandor Musique\/Alter K).<br \/>\n<a href=\"https:\/\/www.facebook.com\/oremusique\/\" target=\"_blank\">FB<\/a>\u00a0\/ <a href=\"https:\/\/www.instagram.com\/oremusique\/?hl=fr\" target=\"_blank\">Insta<\/a>\u00a0\/ <a href=\"https:\/\/www.youtube.com\/channel\/UCp-TO3d-bVBUXNw741Jpoag\" target=\"_blank\">YT<\/a><\/p>\n<p style=\"text-align: center;\"><iframe loading=\"lazy\" title=\"YouTube video player\" src=\"https:\/\/www.youtube.com\/embed\/p9MAmYuMQis\" width=\"450\" height=\"253\" frameborder=\"0\" allowfullscreen=\"allowfullscreen\"><\/iframe><\/p>\n<p>[hr color=\u00a0\u00bbred\u00a0\u00bb]<\/p>\n<p style=\"text-align: justify;\"><span style=\"color: #800000;\"><strong>LES LONGITUDES DE SOPHIE MAURIN\u00a0<\/strong><\/span><br \/>\nChanteuse, pianiste, auteure et compositrice, <strong>Sophie Maurin<\/strong> s&rsquo;\u00e9tait \u00e9loign\u00e9e de la sc\u00e8ne depuis une dizaine d&rsquo;ann\u00e9es. Elle revient en 2023 avec son deuxi\u00e8me album, <strong><em>Longitudes<\/em><\/strong>, sorti le 22 f\u00e9vrier (\/Inou\u00efes Distribution).\u00a0 Enregistr\u00e9 \u00e0 Paris, l&rsquo;album b\u00e9n\u00e9ficie d&rsquo;une riche orchestration, dans laquelle bien entendu, le piano garde une place pr\u00e9dominante. La voix douce et claire de sa chanteuse donne que plus d&rsquo;\u00e9motions aux textes des douze chansons de cet opus. La chanteuse nous entraine dans un dr\u00f4le de voyage avec\u00a0le single aux allures narratives, <a href=\"https:\/\/youtu.be\/eI1irMoHJRc\" target=\"_blank\">Paris-Melbourne<\/a>, qui b\u00e9n\u00e9ficie d&rsquo;un clip et d&rsquo;une orchestration marqu\u00e9e par des violons \u00e9pileptiques. Avec le clip ci-dessous, on d\u00e9couvre la chanson <em>Longitudes<\/em>, autre invitation au voyage, aux textes po\u00e9tiques et \u00e0 l&rsquo;orchestration Pop.<br \/>\n<a href=\"https:\/\/www.facebook.com\/sophiemaurinmusique\" target=\"_blank\">FB<\/a><\/p>\n<p style=\"text-align: center;\"><iframe loading=\"lazy\" title=\"YouTube video player\" src=\"https:\/\/www.youtube.com\/embed\/7uENDgBkjH0\" width=\"450\" height=\"253\" frameborder=\"0\" allowfullscreen=\"allowfullscreen\"><\/iframe><\/p>\n<p>[hr color=\u00a0\u00bbred\u00a0\u00bb]<\/p>\n<p style=\"text-align: justify;\"><span style=\"color: #800000;\"><strong>LA BELLE VIE DE VINCENT AHEHEHINNOU<\/strong><\/span><br \/>\nLe chanteur et musicien b\u00e9ninois <strong>Vincent Ahehehinnou<\/strong> est connu en Afrique et dans une grande partie du monde en tant que chanteur du T.P. Orchestre Poly Rythmo depuis pr\u00e8s d&rsquo;un demi si\u00e8cle. Mais il s&rsquo;est aussi lanc\u00e9 dans une carri\u00e8re solo, de fa\u00e7on \u00e9pisodique, depuis 1978. Son nouvel album, baptis\u00e9 <strong><em>La vie est belle<\/em><\/strong> m\u00e9lange des influences africaines, funk et blues. Il y chante dans sa langue natale et en fran\u00e7ais. Il y met sa joie et sa bonne humeur pour en faire un album color\u00e9, solaire. L&rsquo;album sort le 10 mars sur le label <strong>Salt&rsquo;n&rsquo;Ginger Music<\/strong>.<br \/>\n<a href=\"https:\/\/www.facebook.com\/ahehehinnouvincent\/\" target=\"_blank\">FB<\/a> \/ <a href=\"https:\/\/vincent-ahehehinnou.bandcamp.com\/\" target=\"_blank\">Bandcamp<\/a><\/p>\n<p style=\"text-align: center;\"><iframe loading=\"lazy\" style=\"border: 0; width: 100%; height: 120px;\" src=\"https:\/\/bandcamp.com\/EmbeddedPlayer\/album=1990135577\/size=large\/bgcol=333333\/linkcol=e99708\/tracklist=false\/artwork=small\/transparent=true\/\" width=\"300\" height=\"150\" seamless=\"\"><a href=\"https:\/\/vincent-ahehehinnou.bandcamp.com\/album\/la-vie-est-belle\">LA VIE EST BELLE by VINCENT AHEHEHINNOU<\/a><\/iframe><\/p>\n<p>[hr color=\u00a0\u00bbred\u00a0\u00bb]<\/p>\n<p style=\"text-align: justify;\"><span style=\"color: #800000;\"><strong>LUX MONTES EN FRANCAIS DANS LE TEXTE<\/strong><\/span><br \/>\nApr\u00e8s avoir repris la chanson <em>O\u00f9 sont les femmes<\/em> de <strong>Patrick Juvet<\/strong> en 2022, la chanteuse Lucile Beauvais alias <strong>Lux Mentes<\/strong> revient sur le devant de la sc\u00e8ne avec un nouvel album, avec des textes majoritairement en fran\u00e7ais, dont le single cit\u00e9 pr\u00e9c\u00e9demment. L&rsquo;ambiance de ce nouvel album est feutr\u00e9e et intimiste. Elle conserve ces atmosph\u00e8res contemplatives si singuli\u00e8res et si loin du travail de ses contemporaines. Une autre cover, <em>Angora<\/em> (Bashung), est retravaill\u00e9e totalement pour se fondre dans son univers.\u00a0L&rsquo;album s&rsquo;appelle La Travers\u00e9e et sort le 24 mars sur son label (Verdad Records\/Elles en ont!).<br \/>\n<a href=\"https:\/\/luxmontes.com\/\" target=\"_blank\">Site<\/a> \/ <a href=\"https:\/\/www.facebook.com\/luxmontesmusic\/\" target=\"_blank\">FB<\/a><\/p>\n<p style=\"text-align: center;\"><iframe loading=\"lazy\" title=\"YouTube video player\" src=\"https:\/\/www.youtube.com\/embed\/6I7z5B24DZk\" width=\"450\" height=\"253\" frameborder=\"0\" allowfullscreen=\"allowfullscreen\"><\/iframe><\/p>\n<p>[hr color=\u00a0\u00bbred\u00a0\u00bb]<\/p>\n<p style=\"text-align: justify;\"><strong><span style=\"color: #800000;\">IN NOMINE CORPUS &#8211; LE BEST OF DE DEAD SEXY<\/span><\/strong><br \/>\nLe groupe orient\u00e9 electro-Punk, <strong>Dead Sexy<\/strong> travaille actuellement sur leur prochain EP, qui devrait sortir courant 2023. Mais en attendant, ils \u00e9ditent le 24 mars un best of, baptis\u00e9 In nomine corpus. On\u00a0y retrouve leurs\u00a0singles mais aussi, des\u00a0remixes in\u00e9dits\u00a0et le\u00a0single \u00ab\u00a0<i>A Kiss<\/i>\u00a0\u00bb mix\u00e9 par\u00a0<i>Dimitri Tikovo\u00ef<\/i>. Et on esp\u00e8re toujours la reformation des <strong>T\u00e9tines Noires<\/strong> dans tous ces projets&#8230;<br \/>\n<a href=\"https:\/\/www.youtube.com\/@deadsexyofficiel9494\" target=\"_blank\">YT<\/a> \/ <a href=\"https:\/\/www.facebook.com\/deadsexyinc\/?locale=fr_FR\" target=\"_blank\">FB<\/a><\/p>\n<p style=\"text-align: center;\"><iframe loading=\"lazy\" title=\"YouTube video player\" src=\"https:\/\/www.youtube.com\/embed\/Y1poGhpx-vg\" width=\"450\" height=\"253\" frameborder=\"0\" allowfullscreen=\"allowfullscreen\"><\/iframe><\/p>\n<p>[hr color=\u00a0\u00bbred\u00a0\u00bb]<\/p>\n<p style=\"text-align: justify;\"><span style=\"color: #800000;\"><strong>LA RELEVE DU ROCK FRANCAIS AVEC BILBAO KUNG-FU\u00a0<\/strong><\/span><br \/>\nLe groupe Bilbao Kung-Fu, originaire du Sud Ouest de la France (Bordeaux\/Royan\/Ol\u00e9ron), sort\u00a0<b><em>D\u00e9s\u00e9quilibre<\/em><\/b>, son second EP,\u00a0 le 10 mars 2023 chez Kaa Production. Mix\u00e9 par Hugo Cechosz &#8211; qui a travaill\u00e9 pour Eiffel &#8211; au Studio La Kapsule \u00e0 Paris et masteris\u00e9 par Benjamin Savignoni. Avec son single <em>Oh !<\/em>, le groupe nous entraine dans un revival rock 70&rsquo;s hyper efficace, une version frenchy de <strong>Led Zep<\/strong> m\u00eal\u00e9 \u00e0 la hargne des d\u00e9buts de <strong>T\u00e9l\u00e9phone<\/strong> ! Aux commandes de <strong>Bilbao Kung-Fu<\/strong> :\u00a0Natty Granger (guitare\/chant) &#8211;\u00a0Mat\u00e9o Granger : batterie \/ chant\u00a0 &#8211;\u00a0R\u00e9mi Tourneur : Basse \/ ch\u0153urs et\u00a0Jeff Pesta (guitare lead\/ch\u0153urs). A d\u00e9couvrir absolument avec le titre\u00a0<em>Recherche des \u00e9quilibre<\/em>, un long titre de pr\u00e8s de 9 minutes d&rsquo;un Rcok \u00e0 la fois nerveux et psych\u00e9d\u00e9lique.<br \/>\n<a href=\"https:\/\/www.facebook.com\/bilbaokungfu\" target=\"_blank\">FB<\/a> \/ <a href=\"https:\/\/www.instagram.com\/bilbaokungfu\/\" target=\"_blank\">IG<\/a><\/p>\n<p style=\"text-align: center;\"><iframe loading=\"lazy\" title=\"YouTube video player\" src=\"https:\/\/www.youtube.com\/embed\/Owk-0-4WKjI\" width=\"450\" height=\"253\" frameborder=\"0\" allowfullscreen=\"allowfullscreen\"><\/iframe><\/p>\n<p>[hr color=\u00a0\u00bbred\u00a0\u00bb]<\/p>\n<p style=\"text-align: justify;\"><span style=\"color: #800000;\"><strong>DIDIER ROUSSEAU ET SON JAZZ RETRO\u00a0<\/strong><\/span><br \/>\nAvec son album\u00a0<strong><em>C\u2019est pour consommer tout de suite ?<\/em><\/strong>, le chanteur Didier Rousseau fait revivre toute une \u00e9poque qu&rsquo;on croyait d\u00e9finitivement disparue, une \u00e9poque o\u00f9 la trompette tutoyait la voix avec insolence. Avec Didier Rousseau, on red\u00e9couvre les ambiances du Jazz \u00e0 Saint Germain de Boris Vian, ses caves vout\u00e9es qui ne d\u00e9semplissaient pas. L&rsquo;album de Didier Rousseau \u00e9largit aussi parfois son regard sur d&rsquo;autres d\u00e9cennies, des 60 et 70&rsquo;s, avec de grands orchestres et des envol\u00e9es cuivr\u00e9es, mais revient le plus souvent \u00e0 ces ann\u00e9es 40, plus intimes ou plus insouciantes.<br \/>\n<a href=\"https:\/\/www.facebook.com\/profile.php?id=100014410028039&amp;sk=about\" target=\"_blank\">FB<\/a><\/p>\n<p>[hr color=\u00a0\u00bbred\u00a0\u00bb]<\/p>\n<p style=\"text-align: justify;\"><span style=\"color: #800000;\"><strong>CYBELE CASTORIADIS,\u00a0HIJA DE LA LUNA\u00a0<\/strong><\/span><br \/>\nParisienne d&rsquo;origine grecque, <strong>Cyb\u00e8le Castoriadis<\/strong> s&rsquo;inspire des flots bleus de la M\u00e9diterran\u00e9e et des paysages qui la borde pour ce nouvel album, baptis\u00e9 <strong><em>La fille de la lune<\/em><\/strong>\u00a0 sorti le 3 f\u00e9vrier 2023 (Label Lecoolectif\/Inou\u00efes Distribution). 12 chansons, douze balades douces et a\u00e9riennes qu&rsquo;elle a \u00e9crite et compos\u00e9es, c&rsquo;est la nouveaut\u00e9 de ce disque. Parmi les temps fort de cet album, les singles, <em>Perdre l&rsquo;\u00e9toile<\/em> (sorti en d\u00e9cembre), <em>Le bleu de l&rsquo;immense<\/em> (paru en clip en janvier) et l&rsquo;\u00e9ponyme <em>La fille de la lune<\/em> qu&rsquo;on peut regarder et entendre ci dessous.<br \/>\n<em>RELEASE PARTY AU Z\u00c8BRE DE BELLEVILLE &#8211;\u00a0LE <strong>14 MARS 2023<\/strong> \u00e0 20 h 30 !<\/em><br \/>\n<a href=\"https:\/\/www.cybelecastoriadis.com\/\" target=\"_blank\">SITE<\/a> \/ <a href=\"https:\/\/www.facebook.com\/cybele.castoriadis.official\" target=\"_blank\">FB<\/a>\u00a0\/ <a href=\"https:\/\/bfan.link\/la-fille-de-la-lune\" target=\"_blank\">Ecoutez et achetez<\/a><\/p>\n<p style=\"text-align: center;\"><iframe loading=\"lazy\" title=\"YouTube video player\" src=\"https:\/\/www.youtube.com\/embed\/7ZKq8FlfmXU\" width=\"450\" height=\"253\" frameborder=\"0\" allowfullscreen=\"allowfullscreen\"><\/iframe><\/p>\n<p style=\"text-align: justify;\">[hr color=\u00a0\u00bbred\u00a0\u00bb]<\/p>\n<!--themify_builder_content-->\n<div id=\"themify_builder_content-34543\" data-postid=\"34543\" class=\"themify_builder_content themify_builder_content-34543 themify_builder tf_clear\">\n    <\/div>\n<!--\/themify_builder_content-->\n","protected":false},"excerpt":{"rendered":"<p>[hr color=\u00a0\u00bbred\u00a0\u00bb] RIMEL\u00a0 &#8211; LE TRANSPARENT EST A LA MODE EN MARS Les lorrains RIMEL vont faire parler d&rsquo;eux en mars avec leur nouvel album baptis\u00e9 Transparent\u00a0(chez Slow Death). Un album 8 titres aux\u00a0sonorit\u00e9s Rock indus et r\u00e9p\u00e9titif, \u00e0 la mani\u00e8re des suisses de\u00a0The Young Gods. Le lien de parent\u00e9 est \u00e9vident \u00e0 l&rsquo;\u00e9coute de [&hellip;]<\/p>\n","protected":false},"author":1,"featured_media":0,"comment_status":"open","ping_status":"open","sticky":false,"template":"","format":"standard","meta":{"footnotes":""},"categories":[7,110],"tags":[3722,3674,3716,2442,2443,3697,3707,3725,3720,3730,3731,3753,3717,3708],"class_list":["post-34543","post","type-post","status-publish","format-standard","hentry","category-news","category-news-du-mois","tag-barlin","tag-bilbao-kung-fu","tag-cybele-castoriadis","tag-dead-sexy","tag-dead-sexy-inc","tag-didier-rousseau","tag-lux-mentes","tag-marc-o","tag-ore","tag-oth","tag-paradis-minuit","tag-rimel","tag-sophie-maurin","tag-vincent-ahehehinnou","has-post-title","has-post-date","has-post-category","has-post-tag","has-post-comment","has-post-author",""],"builder_content":"","_links":{"self":[{"href":"https:\/\/lamagicbox.com\/magazine\/wp-json\/wp\/v2\/posts\/34543","targetHints":{"allow":["GET"]}}],"collection":[{"href":"https:\/\/lamagicbox.com\/magazine\/wp-json\/wp\/v2\/posts"}],"about":[{"href":"https:\/\/lamagicbox.com\/magazine\/wp-json\/wp\/v2\/types\/post"}],"author":[{"embeddable":true,"href":"https:\/\/lamagicbox.com\/magazine\/wp-json\/wp\/v2\/users\/1"}],"replies":[{"embeddable":true,"href":"https:\/\/lamagicbox.com\/magazine\/wp-json\/wp\/v2\/comments?post=34543"}],"version-history":[{"count":16,"href":"https:\/\/lamagicbox.com\/magazine\/wp-json\/wp\/v2\/posts\/34543\/revisions"}],"predecessor-version":[{"id":35322,"href":"https:\/\/lamagicbox.com\/magazine\/wp-json\/wp\/v2\/posts\/34543\/revisions\/35322"}],"wp:attachment":[{"href":"https:\/\/lamagicbox.com\/magazine\/wp-json\/wp\/v2\/media?parent=34543"}],"wp:term":[{"taxonomy":"category","embeddable":true,"href":"https:\/\/lamagicbox.com\/magazine\/wp-json\/wp\/v2\/categories?post=34543"},{"taxonomy":"post_tag","embeddable":true,"href":"https:\/\/lamagicbox.com\/magazine\/wp-json\/wp\/v2\/tags?post=34543"}],"curies":[{"name":"wp","href":"https:\/\/api.w.org\/{rel}","templated":true}]}}