{"id":34390,"date":"2023-01-01T20:33:15","date_gmt":"2023-01-01T19:33:15","guid":{"rendered":"https:\/\/lamagicbox.com\/magazine\/?p=34390"},"modified":"2023-01-30T20:49:50","modified_gmt":"2023-01-30T19:49:50","slug":"news-de-janvier-2023","status":"publish","type":"post","link":"https:\/\/lamagicbox.com\/magazine\/news-de-janvier-2023\/","title":{"rendered":"News de Janvier 2023"},"content":{"rendered":"<p>[hr color=\u00a0\u00bbred\u00a0\u00bb]<\/p>\n<p style=\"text-align: justify;\"><span style=\"color: #800000;\"><strong>PREMIER OPUS POUR JULIA JEAN-BAPTISTE\u00a0\u00a0<\/strong><\/span><br \/>\nApr\u00e8s son EP,\u00a0<i>Solo<\/i>,\u00a0 <b>Julia \u00a0Jean-<\/b><b>Baptiste\u00a0<\/b>\u00a0sort\u00a0<b><i>Cinerama,<\/i><\/b>\u00a0un premier\u00a0album de pop l\u00e9g\u00e8re et actuelle, \u00e0 para\u00eetre vendredi 27 janvier. Un panorama de belles m\u00e9lodies en 12 titres :\u00a0<em>Music-Hall &#8211;\u00a0Empathie &#8211;\u00a0La Ville &#8211;\u00a0Pleine Lune &#8211;\u00a0La Loterie de l\u2019amour &#8211;\u00a0Madinina &#8211;\u00a0Le D\u00e9samour &#8211;\u00a0Avant ou Apr\u00e8s &#8211;\u00a0Serra Do Mar &#8211;\u00a0Ad Lib &#8211;\u00a0Je continue \u00e0 Danser &#8211;\u00a0Ce matin.<\/em><br \/>\n<strong><em>En concert a Paris :<\/em> <\/strong>le 1er fevrier @ la mezzanine \/\u00a0le 16 mars @ la boule noire.<br \/>\n<a href=\"https:\/\/www.facebook.com\/JJuliaJJeanBaptiste\" target=\"_blank\">FB<\/a> \/ <a href=\"https:\/\/www.instagram.com\/juliajeanbaptiste\/\" target=\"_blank\">IG<\/a><\/p>\n<p style=\"text-align: center;\"><iframe loading=\"lazy\" title=\"YouTube video player\" src=\"https:\/\/www.youtube.com\/embed\/qf2qmNt8hjA\" width=\"450\" height=\"253\" frameborder=\"0\" allowfullscreen=\"allowfullscreen\"><\/iframe><\/p>\n<p>[hr color=\u00a0\u00bbred\u00a0\u00bb]<\/p>\n<p style=\"text-align: justify;\"><span style=\"color: #800000;\"><strong>MICHA\u00cbLLE DIONI, UNE POP ROCK D\u00c9TONNANTE !<\/strong><\/span><br \/>\nInspir\u00e9e des sonorit\u00e9s de Madonna et de ses performances sc\u00e9niques, de la magie rythmique des guitares de Prince qui r\u00e9sonnent en elle comme une \u00e9vidence ou encore de la singularit\u00e9 de Christophe et des mots d\u2019Alain Bashung, Micha\u00eblle peaufine son propre univers. Elle s\u2019enrichit de nouvelles influences de la sc\u00e8ne rock, de Jack White \u00e0 The Kills, en passant par Placebo et Muse.\u00a0L&rsquo;album est en \u00e9coute ici, dont le single \u00ab\u00a0D\u00e9p\u00eache toi d&rsquo;aimer\u00a0\u00bb : <a href=\"https:\/\/dooweet.haulix.com\/Public\/View\/109323?fbclid=IwAR0d5Ss7FHjlenRjcphaJyvkGi5-n5WLm17_EQ8EWWRt-UN1MDKg47xNFAc\" target=\"_blank\">https:\/\/dooweet.haulix.com\/Public\/View\/109323<\/a><\/p>\n<p>[hr color=\u00a0\u00bbred\u00a0\u00bb]<\/p>\n<p style=\"text-align: justify;\"><span style=\"color: #800000;\"><strong>TREPONEM PAL DANS LES BACS EN MARS\u00a0<\/strong><\/span><br \/>\nLe groupe Metal Indus made in France, Treponem Pal, actif depuis 1986, et auteur d&rsquo;une \u00e9tonnante Cover de Funky Town en&#8230; 1997, revient sur le devant de la sc\u00e8ne avec un 8e album studio, 6 ans apr\u00e8s\u00a0Rockers&rsquo; Vibes.\u00a0Screamers est le titre de cet album 13 titres dont la sortie est programm\u00e9 le 10 mars chez <strong>At(h)ome<\/strong>. Il est aussi le titre du single qu&rsquo;on peut d\u00e9j\u00e0 d\u00e9couvrir en clip :<\/p>\n<p style=\"text-align: center;\"><iframe loading=\"lazy\" title=\"YouTube video player\" src=\"https:\/\/www.youtube.com\/embed\/NInO33712HA\" width=\"450\" height=\"253\" frameborder=\"0\" allowfullscreen=\"allowfullscreen\"><\/iframe><\/p>\n<p>[hr color=\u00a0\u00bbred\u00a0\u00bb]<\/p>\n<p style=\"text-align: justify;\"><span style=\"color: #800000;\"><strong>LEVITATION FREE\u00a0<\/strong><\/span><br \/>\n<img loading=\"lazy\" decoding=\"async\" class=\"alignleft size-full wp-image-34537\" title=\"levitation-free-2023\" src=\"https:\/\/lamagicbox.com\/magazine\/wp-content\/uploads\/2023\/01\/levitation-free-2023.jpg\" alt=\"levitation-free-2023\" width=\"150\" height=\"150\" srcset=\"https:\/\/lamagicbox.com\/magazine\/wp-content\/uploads\/2023\/01\/levitation-free-2023.jpg 150w, https:\/\/lamagicbox.com\/magazine\/wp-content\/uploads\/2023\/01\/levitation-free-2023-120x120.jpg 120w\" sizes=\"auto, (max-width: 150px) 100vw, 150px\" \/><em>When Your Sun Goes Down<\/em>, le premier single pr\u00e9c\u00e8de de quelques jours le premier EP de Levitation Free qui portera pr\u00e9cis\u00e9ment le m\u00eame titre. Orient\u00e9\u00a0dream pop anglosaxone, <strong>Levitation Free<\/strong> livre avec cet EP, six titres hypnotiques, aux refrains rapidement ent\u00eatant, \u00e0 l&rsquo;image de\u00a0<em>Can&rsquo;t Be Losing You<\/em>, le second titre de cet EP. A la fin du EP,\u00a0<strong>S\u00e9bastien Jamet<\/strong>,\u00a0aux manettes de ce projet, tente de faire rimer cette Pop a\u00e9rienne avec la langue fran\u00e7aise, le temps d&rsquo;un titre, <em>Alexandrie<\/em>. Jamais facile, AaRon s&rsquo;y br\u00fbl\u00e9 les ailes en 2020.<br \/>\nBas\u00e9 \u00e0 St Brieuc, dans les C\u00f4tes d&rsquo;Armor, le chanteur\u00a0va jouer par chez nous\u00a0 :<em> 26\/01\/2023 &#8211;\u00a0<strong>Rennes<\/strong>\u00a0(35) &#8211;\u00a0Penny Lane\u00a0\/\u00a027\/01\/2023 &#8211;\u00a0<strong>SAINT BRIEUC<\/strong>\u00a0(22) &#8211;\u00a0Bonjour Minuit\u00a0\/\u00a012\/05\/2023 &#8211;\u00a0<strong>St Malo<\/strong>\u00a0(35) &#8211; La Nouvelle Vague.\u00a0<\/em><br \/>\n<a href=\"https:\/\/www.facebook.com\/LevitationFree\" target=\"_blank\">FB<\/a> \/\u00a0 <a href=\"https:\/\/levitationfree.bandcamp.com\/album\/when-your-sun-goes-down\" target=\"_blank\">Ecoutez et acheter sur Bandcamp<\/a><\/p>\n<p>[hr color=\u00a0\u00bbred\u00a0\u00bb]<\/p>\n<p style=\"text-align: justify;\"><span style=\"color: #800000;\"><strong>CERONNE TOUJOURS ACTIF\u00a0 JUST \u00ab\u00a0FOR YOU\u00a0\u00bb !<\/strong><\/span><br \/>\nA l\u2019occasion de sa participation au nouveau MID3M+ et d\u2019un concert exceptionnel le 20 janvier \u00e0 Cannes, <strong>Cerrone<\/strong>, l\u00e9gende du disco et p\u00e8re fondateur de la French Touch sort son nouveau single \u00ab For You \u00bb, un morceau in\u00e9dit disponible exclusivement au format NFT (non-fungible token). L\u2019\u0153uvre au format NFT est disponible en seulement 1000 exemplaires sur la plateforme fran\u00e7aise Pianity. Pour la premi\u00e8re fois, une soci\u00e9t\u00e9 de collecte de droits d\u2019auteurs &#8211; la Sacem, est int\u00e9gr\u00e9e au smart-contract et recevra directement les redevances li\u00e9es au titre.<br \/>\n<a href=\"https:\/\/pianity.com\/release\/cerrone\/for-you\" target=\"_blank\">Plus d&rsquo;infos<\/a><\/p>\n<p>[hr color=\u00a0\u00bbred\u00a0\u00bb]<\/p>\n<p style=\"text-align: justify;\"><strong><span style=\"color: #800000;\">LA VIE MODERNE DE LA GRANDE SOPHIE\u00a0<\/span><\/strong><br \/>\nC&rsquo;est le grand retour de La Grande Sophie. 12 titres. 35 minutes \u00e0 peine et une tourn\u00e9e qui passera par le Cabaret Botanique \u00e0 Rennes\u00a0 le 11 avril et La Laiterie \u00e0 Strasbourg le 14 juin. Nouvel album issus du confinement, ce nouvel opus a cette caract\u00e9ristique d&rsquo;\u00eatre plus \u00e9pur\u00e9 que ses pr\u00e9c\u00e9dents, plus ouvert aux grands espaces et empreint d&rsquo;une certain m\u00e9lancolie. Le neuvi\u00e8me album studio de Sophie Huriaux , aka La Grande Sophie, sort le 13 janvier sur la major Universal.<br \/>\n<a href=\"https:\/\/www.facebook.com\/LGSOfficiel\" target=\"_blank\">FB <\/a>\/ <a href=\"http:\/\/lagrandesophie.com.fr\/#\" target=\"_blank\">Site officiel<\/a>\u00a0\/ <a href=\"https:\/\/lagrandesophie.lnk.to\/laviemoderneWE\" target=\"_blank\">Ecouter et acheter<\/a><\/p>\n<p style=\"text-align: center;\"><iframe loading=\"lazy\" title=\"YouTube video player\" src=\"https:\/\/www.youtube.com\/embed\/TmDQBojngik\" width=\"450\" height=\"253\" frameborder=\"0\" allowfullscreen=\"allowfullscreen\"><\/iframe><\/p>\n<p>[hr color=\u00a0\u00bbred\u00a0\u00bb]<\/p>\n<p style=\"text-align: justify;\"><span style=\"color: #800000;\"><strong>3 LETTRES QUI M\u00caLE ROCK ET FEMINISME : LOX<\/strong><\/span><br \/>\nSon nouveau single \u201c<em>Trust Issues<\/em>\u201d est disponible le\u00a020 janvier.\u00a0Le single m\u00e9lange Rock et Pop, sur un rythme ent\u00eatant. La chanteuse d\u00e9voilera\u00a0son premier EP en juin : \u00ab\u00a0un projet f\u00e9ministe, color\u00e9 et \u00e9lectrique\u00a0\u00bb. On est impatient !<br \/>\n<a href=\"https:\/\/www.facebook.com\/jesuislox\" target=\"_blank\">FB<\/a><\/p>\n<p style=\"text-align: center;\"><iframe loading=\"lazy\" title=\"YouTube video player\" src=\"https:\/\/www.youtube.com\/embed\/34sYaQDwNvM\" width=\"450\" height=\"253\" frameborder=\"0\" allowfullscreen=\"allowfullscreen\"><\/iframe><\/p>\n<p>[hr color=\u00a0\u00bbred\u00a0\u00bb]<\/p>\n<p style=\"text-align: justify;\"><span style=\"color: #800000;\"><strong>DEUXIEME EFFORT POUR MED (TAHITI 80)\u00a0<\/strong><\/span><br \/>\n<img loading=\"lazy\" decoding=\"async\" class=\"alignleft size-full wp-image-34500\" title=\"med-2023\" src=\"https:\/\/lamagicbox.com\/magazine\/wp-content\/uploads\/2023\/01\/med-2023.jpg\" alt=\"med-2023\" width=\"150\" height=\"150\" srcset=\"https:\/\/lamagicbox.com\/magazine\/wp-content\/uploads\/2023\/01\/med-2023.jpg 150w, https:\/\/lamagicbox.com\/magazine\/wp-content\/uploads\/2023\/01\/med-2023-120x120.jpg 120w\" sizes=\"auto, (max-width: 150px) 100vw, 150px\" \/>Apr\u00e8s un premier album solo en 2021 et une s\u00e9rie de concerts, <strong>MED\u00a0<\/strong>revient avec un nouvel EP 5 titres.\u00a0M\u00e9d\u00e9ric Gontier, guitariste du groupe pop Fran\u00e7ais<strong>\u00a0Tahiti 80 <\/strong>avait travaill\u00e9 en home studio pour son premier opus, accompagn\u00e9 par\u00a0<strong>Pedro Resende<\/strong>\u00a0(bassiste de Tahiti 80) \u00e0 la r\u00e9alisation. Cette fois, il\u00a0se fait \u00a0accompagn\u00e9 de\u00a0<strong>Julien Barbagallo<\/strong>\u00a0(Tahiti 80,\u00a0Tame Impala) et\u00a0\u00a0<strong>Julien Bouchard<\/strong>\u00a0(<a href=\"https:\/\/lamagicbox.com\/magazine\/?p=31003\">Excuse My French<\/a>). Les cinq nouveaux titres, plut\u00f4t guitares, trouvent des influences dans la musique des\u00a0<strong>Smiths<\/strong>,\u00a0<strong>My Bloody Valentine<\/strong>,\u00a0<strong>La\u2019s<\/strong>\u00a0ou\u00a0<strong>Stone Roses<\/strong>. \u00ab\u00a0Un voyage en terre anglaise pour une pop 100% frenchie dans le texte !\u00a0\u00bb.\u00a0<em><strong><span style=\"color: #000000;\">FOUTU TOFU EP <\/span><\/strong><\/em><span style=\"color: #000000;\">sort le 20 janvier 2023.<\/span><br \/>\nMED sera en concert \u00e0\u00a0L&rsquo;INTERNATIONAL\u00a0 &#8211;\u00a0PARIS XI &#8211;\u00a0Mardi 24 Janvier 2023 d\u00e8s 19H.<br \/>\n<a href=\"https:\/\/idol-io.link\/FoutuTofu\" target=\"_blank\">Ecouter \/ Acheter<\/a><\/p>\n<p>[hr color=\u00a0\u00bbred\u00a0\u00bb]<\/p>\n<p style=\"text-align: justify;\"><span style=\"color: #800000;\"><strong>MICKEY 3D DE RETOUR APRES 7 ANS D&rsquo;ABSENCE\u00a0<\/strong><\/span><br \/>\n<img loading=\"lazy\" decoding=\"async\" class=\"alignleft size-full wp-image-34530\" title=\"mickey-3d-2023\" src=\"https:\/\/lamagicbox.com\/magazine\/wp-content\/uploads\/2023\/01\/mickey-3d-2023.jpg\" alt=\"mickey-3d-2023\" width=\"150\" height=\"150\" \/>Sept ans que le groupe (?) fran\u00e7ais <strong>Mickey3d<\/strong> n&rsquo;avait pas donn\u00e9 de nouvelle (<strong><em>Sebolavy<\/em><\/strong> en 2016). On pensait m\u00eame que le groupe n&rsquo;existait plus ! Mais le voici de retour en tout d\u00e9but d&rsquo;ann\u00e9e 2023, avec <strong><em>Nous \u00e9tions des humains\u00a0<\/em><\/strong>(Parlophone).\u00a0L&rsquo;album est largement inspir\u00e9 d&rsquo;un voyage au Liban, pays en proie \u00e0 une forte crise politique, \u00e9conomique et sociale, un terrain fertile pour <strong>Mickael Furnon<\/strong>, auteur de titres fort comme\u00a0<i>La France a peur <\/i>ou <em>Respire<\/em>. Mais le chanteur est aussi adepte de chansons plus l\u00e9g\u00e8res, comme <em>Emilie dansait <\/em>ou encore\u00a0<em>N&rsquo;achetez pas mon disque<\/em><strong><em>.<br \/>\n<\/em><\/strong><em><strong>Tracklist:<\/strong> La danse des \u00e9l\u00e9phants \/ N\u2019achetez pas mon disque \/ Nous \u00e9tions des humains \/ Je me souviens \/ Mon pays est tomb\u00e9 \/ \u00c9milie dansait \/ Rien ne vaut demain \/ Les r\u00e9seaux social \/ Je croyais \/ Un idiot sous la pluie \/ Un \u0153il sur toi \/ Lettre \u00e0 Louison.<br \/>\n<\/em><a href=\"https:\/\/www.facebook.com\/mickey3d\" target=\"_blank\">FB<\/a> \/ <a href=\"https:\/\/www.mickey3d.com\/\" target=\"_blank\">Site officiel<\/a><\/p>\n<p style=\"text-align: center;\"><iframe loading=\"lazy\" title=\"YouTube video player\" src=\"https:\/\/www.youtube.com\/embed\/sutkNvR0XJM\" width=\"450\" height=\"253\" frameborder=\"0\" allowfullscreen=\"allowfullscreen\"><\/iframe><\/p>\n<div class=\"wp-menu-arrow\"><\/div>\n<p>[hr color=\u00a0\u00bbred\u00a0\u00bb]<\/p>\n<p style=\"text-align: justify;\"><span style=\"color: #800000;\"><strong>NOUVELLE ODE DE MAESO<\/strong><\/span><br \/>\n<strong><em>\u00ab\u00a0Ode \u00e0 celles\u00a0\u00bb<\/em><\/strong> est le nouvel album de Ma\u00e9so, chanteur Pop au visage jovial (Ph Production\/Vicious circle). Auteur de plusieurs albums qu&rsquo;il sort avec une r\u00e9gularit\u00e9 m\u00e9tronomique, Ma\u00e9so revient donc avec 10 nouvelles chansons, emprunt souvent de m\u00e9lancolie (<em>Terre natale, Souviens-toi<\/em>) mais\u00a0portant aussi son regard sur des sujets de soci\u00e9t\u00e9 (<em>Ode \u00e0 celles, Les exil\u00e9s, Les regards bris\u00e9s<\/em>) tout en gardant une forme de po\u00e9sie dans ses textes, parfois un peu \u00e0 la mani\u00e8re de CharlElie Couture, notamment dans\u00a0<em>Les regards bris\u00e9s, <\/em>le titre qui met un point final \u00e0 ce nouvel opus. Par contre, pour assister \u00e0 l&rsquo;un de ses prochains concert, il faudra vous d\u00e9placer dans son fiel, du c\u00f4t\u00e9 de Toulouse (27\/01 &#8211; Salle du S\u00e9n\u00e9chal).<br \/>\n<a href=\"https:\/\/www.facebook.com\/JPMaeso\/\" target=\"_blank\">FB<\/a><\/p>\n<p style=\"text-align: center;\"><iframe loading=\"lazy\" title=\"YouTube video player\" src=\"https:\/\/www.youtube.com\/embed\/upL0qYADfbo\" width=\"450\" height=\"253\" frameborder=\"0\" allowfullscreen=\"allowfullscreen\"><\/iframe><\/p>\n<p>[hr color=\u00a0\u00bbred\u00a0\u00bb]<\/p>\n<p style=\"text-align: justify;\"><span style=\"color: #800000;\"><strong>SPEAKING FOR MYSELF &#8211; LE NOUVEAU RYAN EGAN<br \/>\n<\/strong><\/span>Nouveau single, une chanson conceptuelle intitul\u00e9e\u00a0<em>Speaking For Myself<\/em>\u00a0disponible en janvier. La chanson \u00e9tait \u00e0 l&rsquo;origine une exclusivit\u00e9 avec\u00a0<i>Radiooooo x Purple Magazine<\/i>\u00a0pour leur projet 2070, une s\u00e9rie invitant des artistes \u00e0 imaginer la musique en 2070. Les autres artistes participants incluent\u00a0<i>Polo &amp; Pan<\/i>,\u00a0<i>Nicolas Godin<\/i>,\u00a0<i>Molly Lewis<\/i>,\u00a0<i>Nina Kraviz<\/i>\u00a0et plus encore.<\/p>\n<p style=\"text-align: center;\"><iframe loading=\"lazy\" src=\"https:\/\/w.soundcloud.com\/player\/?url=https%3A\/\/api.soundcloud.com\/tracks\/1385800075&amp;color=%23ff5500&amp;auto_play=false&amp;hide_related=false&amp;show_comments=true&amp;show_user=true&amp;show_reposts=false&amp;show_teaser=true\" width=\"100%\" height=\"166\" frameborder=\"no\" scrolling=\"no\"><\/iframe><\/p>\n<div style=\"font-size: 10px; color: #cccccc; line-break: anywhere; word-break: normal; overflow: hidden; white-space: nowrap; text-overflow: ellipsis; font-family: Interstate,Lucida Grande,Lucida Sans Unicode,Lucida Sans,Garuda,Verdana,Tahoma,sans-serif; font-weight: 100;\"><a style=\"color: #cccccc; text-decoration: none;\" title=\"Ryan Egan\" href=\"https:\/\/soundcloud.com\/thisryanegan\" target=\"_blank\">Ryan Egan<\/a> \u00b7 <a style=\"color: #cccccc; text-decoration: none;\" title=\"Speaking For Myself\" href=\"https:\/\/soundcloud.com\/thisryanegan\/speaking-for-myself-1\" target=\"_blank\">Speaking For Myself<\/a><\/div>\n<p>[hr color=\u00a0\u00bbred\u00a0\u00bb]<\/p>\n<p><span style=\"color: #993300;\"><strong>FAN DE PINK FLOYD ? SO FLOYD SERA PRES DE CHEZ VOUS EN 2023<br \/>\n<\/strong><\/span><b class=\"\">SO FLOYD<\/b>\u00a0reprendra les titres les plus repr\u00e9sentatifs de la carri\u00e8re de\u00a0<b class=\"\">Pink Floyd\u00a0<\/b>et nous plongera dans\u00a0l\u2019univers\u00a0musical\u00a0tour\u00a0\u00e0\u00a0tour\u00a0psych\u00e9d\u00e9lique,\u00a0planant et r\u00e9solument rock qui a\u00a0fait\u00a0l\u2019immense\u00a0succ\u00e8s\u00a0de\u00a0cette\u00a0formation\u00a0l\u00e9gendaire.\u00a0En tourn\u00e9e dans toute la France \u00e0 partir du 4 f\u00e9vrier.<br \/>\n<em><strong>LA TOURN\u00c9E :<\/strong><\/em> 4 f\u00e9vrier &#8211; Z\u00e9nith Toulon \/ 9 f\u00e9vrier &#8211; Th\u00e9\u00e2tre Yerres \/ 10 f\u00e9vrier &#8211; Salle Pleyel Paris \/ 11 f\u00e9vrier &#8211; Z\u00e9nith Rouen \/ 9 mars &#8211; Z\u00e9nith Clermont-Ferrand \/ 10 mars &#8211; Summum \u2013 Grenoble \/ 11 mars &#8211; Z\u00e9nith St \u00c9tienne \/ 16 mars &#8211; Z\u00e9nith Montpellier \/17 mars &#8211; Z\u00e9nith Toulouse \/ 25 mars &#8211; La Palestre Le Cannet \/ 5 avril &#8211; L\u2019Axone Montb\u00e9liard \/ 6 avril &#8211; Z\u00e9nith Strasbourg \/ <strong><span style=\"color: #993300;\">7 avril &#8211; Le Galaxie Amn\u00e9ville<\/span><\/strong> \/<span style=\"color: #993300;\"><strong> 11 mai &#8211; Le Libert\u00e9 Rennes<\/strong><\/span> \/ 12 mai &#8211; L\u2019Amphit\u00e9a Angers \/ 13 mai &#8211; L\u2019Acclameur Niort \/ 14 mai &#8211; Z\u00e9nith Orl\u00e9ans.<br \/>\n<span style=\"font-family: 'Century Gothic';\"><b class=\"\">Le site :<\/b>\u00a0<a class=\"\" href=\"https:\/\/sofloyd.com\/\" target=\"_blank\" rel=\"noopener noreferrer\">https:\/\/sofloyd.com\/<\/a>\u00a0\/\u00a0<\/span><span style=\"font-family: 'Century Gothic';\"><span class=\"\"><b class=\"\">Teaser :<\/b>\u00a0<a class=\"\" href=\"https:\/\/sofloyd.com\/videos\/\" target=\"_blank\" rel=\"noopener noreferrer\">https:\/\/sofloyd.com\/videos\/<\/a><\/span><\/span><\/p>\n<p>[hr color=\u00a0\u00bbred\u00a0\u00bb]<\/p>\n<p style=\"text-align: justify;\"><span style=\"color: #800000;\"><strong>UN DOC SUR ANNIE LENNOX\u00a0<\/strong><\/span><br \/>\n<img loading=\"lazy\" decoding=\"async\" class=\"alignleft size-full wp-image-34391\" title=\"cpannielennox.002\" src=\"https:\/\/lamagicbox.com\/magazine\/wp-content\/uploads\/2022\/12\/cpannielennox.002.jpeg\" alt=\"cpannielennox.002\" width=\"273\" height=\"206\" srcset=\"https:\/\/lamagicbox.com\/magazine\/wp-content\/uploads\/2022\/12\/cpannielennox.002.jpeg 273w, https:\/\/lamagicbox.com\/magazine\/wp-content\/uploads\/2022\/12\/cpannielennox.002-199x150.jpeg 199w\" sizes=\"auto, (max-width: 273px) 100vw, 273px\" \/>ANNIE LENNOX\u00a0d\u2019Eurythmics\u00a0\u00e0 l\u2019engagement,\u00a0itin\u00e9raire d\u2019une ic\u00f4ne pop :\u00a0un film de Lucie\u00a0Cari\u00e8s.<br \/>\nDiffusion\u00a0pr\u00e9vue\u00a0le 20 janvier 2023\u00a0\u00e0 22h25\u00a0sur\u00a0ARTE.<br \/>\nEn plus d\u2019\u00eatre une star de la musique, Annie Lennox est une\u00a0citoyenne engag\u00e9e, parfois encombr\u00e9e par sa renomm\u00e9e. La flamboyance de l\u2019artiste s\u2019est longtemps cogn\u00e9e \u00e0 la jeune femme r\u00e9serv\u00e9e qui r\u00eavait de \u00ab devenir invisible \u00bb. Jusqu\u2019\u00e0 ce qu\u2019elle d\u00e9cide de mettre sa c\u00e9l\u00e9brit\u00e9 au service des causes humanistes qui lui sont ch\u00e8res.<br \/>\nLe film se propose d\u2019explorer, \u00e0 travers de nombreux entretiens et d\u2019archives musicales,\u00a0toutes les facettes de cette\u00a0musicienne\u00a0adepte tout \u00e0 la fois de la transgression comme de la discr\u00e9tion qui n\u2019a cess\u00e9 depuis ses d\u00e9buts de donner de la voix pour les causes et\u00a0les combats qui lui sont chers.<\/p>\n<p style=\"text-align: justify;\">[hr color=\u00a0\u00bbred\u00a0\u00bb]<\/p>\n<p style=\"text-align: justify;\"><b><span style=\"color: #800000;\">CHILD OF SIN, LE 3e OPUS DE\u00a0KOVACS<br \/>\n<\/span><\/b>Apr\u00e8s deux ans de\u00a0silence, la chanteuse hollandaise\u00a0<b>Sharon Kovacs\u00a0<\/b>revient\u00a0 avec\u00a0 son\u00a0 troisi\u00e8me album\u00a0 \u00ab\u00a0<b>Child of Sin<\/b>\u00a0\u00bb :\u00a0\u00ab\u00a0<i>Il m&rsquo;a fallu du temps pour arriver au point o\u00f9 j&rsquo;en suis<\/i>\u00a0actuellement \u00bb, dit\u00a0<b>Sharon<\/b>. \u00ab\u00a0<i>Mais\u00a0<\/i><i>je voulais \u00eatre honn\u00eate avec moi-m\u00eame, pour ne pas cacher mes difficult\u00e9s<\/i>\u00a0\u00bb.\u00a0Musicalement,\u00a0 il y a beaucoup de diversit\u00e9 \u00e0 d\u00e9couvrir.\u00a0 \u00a0\u00bb\u00a0<b><i>Bang Bang\u00a0<\/i><\/b>\u00a0\u00bb \u00e9voque\u00a0 le\u00a0 tango\u00a0portugais, \u00ab\u00a0<b><i>Not Scared of Giants<\/i><\/b>\u00a0\u00bb embrasse les cordes turques, et la chanson titre est un\u00a0duo avec l&rsquo;Allemand\u00a0<b>Till Lindemann <\/b>(Rammstein).\u00a0\u00a0\u00bb\u00a0<b>Child Of Sin\u00a0<\/b>\u00a0\u00bb est la carte de visite puissante de<b>\u00a0Sharon Kovacs<\/b>. Exorcis\u00e9e, lib\u00e9r\u00e9e, sur la\u00a0route de la chance durement gagn\u00e9e.<br \/>\nLa sortie est pr\u00e9vue pour le 13 janvier 2023.<br \/>\n<a href=\"https:\/\/www.facebook.com\/Kovacsmusic\" target=\"_blank\">FB<\/a> \/ <a href=\"https:\/\/kovacsmusic.com\/\" target=\"_blank\">Site<\/a>\u00a0\/ <a href=\"https:\/\/sound-factory.nl\/products\/kovacs-child-of-sin-cd\" target=\"_blank\">Acheter<\/a><\/p>\n<p style=\"text-align: center;\"><iframe loading=\"lazy\" title=\"YouTube video player\" src=\"https:\/\/www.youtube.com\/embed\/ONtNwZ5uCic\" width=\"450\" height=\"253\" frameborder=\"0\" allowfullscreen=\"allowfullscreen\"><\/iframe><\/p>\n<p style=\"text-align: justify;\">[hr color=\u00a0\u00bbred\u00a0\u00bb]<\/p>\n<p style=\"text-align: justify;\"><span style=\"color: #800000;\"><strong>SEANCE DE RATTRAPAGE DE FIN 2022\u00a0<\/strong><\/span><br \/>\nOn a re\u00e7u beaucoup de disques cette ann\u00e9e encore et on vous en remercie. Nous n&rsquo;avons pas eu le temps de tous les chroniquer, non pas qu&rsquo;ils n&rsquo;\u00e9taient pas int\u00e9ressants, mais seulement qu&rsquo;ils \u00e9taient trop nombreux pour nos trop rares oreilles. Alors, pour que vous ne passiez pas \u00e0 c\u00f4t\u00e9 vous aussi, voici quelques sorties manqu\u00e9es :<\/p>\n<p style=\"text-align: justify;\"><strong><span style=\"color: #800000;\">Erikel<\/span> &#8211; <em>Aqua vivre<\/em> :<\/strong> Un album Rock aux m\u00e9lodies Pop ayant pour d\u00e9cor une certaine id\u00e9e de la Bretagne et de la mer qui la borde de toute part.<br \/>\n<a href=\"https:\/\/www.erikel.com\/\" target=\"_blank\">Site officiel<\/a>\u00a0\/ <a href=\"https:\/\/www.facebook.com\/erikel.page\/\" target=\"_blank\">FB<\/a> \/ <a href=\"https:\/\/cdetvinyle.fr\/search?q=erikel&amp;options%5Bprefix%5D=last\" target=\"_blank\">Acheter<\/a><a href=\"https:\/\/www.facebook.com\/erikel.page\/\" target=\"_blank\"><br \/>\n<\/a><\/p>\n<p style=\"text-align: center;\"><iframe loading=\"lazy\" title=\"YouTube video player\" src=\"https:\/\/www.youtube.com\/embed\/xyi4pkHIO7c\" width=\"450\" height=\"253\" frameborder=\"0\" allowfullscreen=\"allowfullscreen\"><\/iframe><\/p>\n<p style=\"text-align: justify;\"><strong><span style=\"color: #800000;\">Betty Jane<\/span> &#8211; <em>La voisine en culotte<\/em><\/strong> : Avec son EP 5 titres, Betty Jane nous propulse dans un univers singulier, Rock&rsquo;n&rsquo;Roll et foutraque, influenc\u00e9 par les grands fr\u00e8res et soeurs tels que les <strong>Maximum Kouettes<\/strong>, <strong>Billy Ze Kick<\/strong> ou\u00a0<strong>Marcel et son Orchestre<\/strong>. Un style \u00e0 la fois Rock et Festif qui fait toujours du bien par o\u00f9 \u00e7a passe ! Cet EP est son tout premier et est disponible sur toutes les plateformes.<br \/>\n<a href=\"https:\/\/bettyjane.bandcamp.com\/releases\" target=\"_blank\">Bandcamp<\/a> \/ <a href=\"https:\/\/www.youtube.com\/watch?v=4KL6T0jsmWE\" target=\"_blank\">YT<\/a> \/ <a href=\"https:\/\/www.facebook.com\/BettyJane.dactylo.rock\" target=\"_blank\">FB<\/a><\/p>\n<p style=\"text-align: justify;\"><strong><span style=\"color: #800000;\">Izzy and the black trees<\/span> &#8211; <em>Revolution Comes in waves<\/em><\/strong> :\u00a0Nouvel album du groupe polonais, le second pour ceux qui se d\u00e9finissent comme des post-pandemic Punks. Le groupe est emmen\u00e9 par la chanteuse\u00a0<strong>Iza Rekowska<\/strong><em>, <\/em>blonde au charme\u00a0slave mais au style qui rappellera successivement, Patty Smith, Blondie ou PJ Harvey. La musique est nerveuse, plut\u00f4t Rock aux influences Punk, mais\u00a0tout \u00e0 fait accessible, avec des variations rythmiques tout au long de l&rsquo;album qui nous donne une belle palette des possibles pour ce groupe. L&rsquo;album est sorti en octobre sur le label\u00a0<strong>Antena Krzyku<\/strong>.<\/p>\n<p style=\"text-align: center;\"><iframe loading=\"lazy\" style=\"border: 0; width: 100%; height: 120px;\" src=\"https:\/\/bandcamp.com\/EmbeddedPlayer\/album=4181052322\/size=large\/bgcol=333333\/linkcol=e99708\/tracklist=false\/artwork=small\/transparent=true\/\" width=\"300\" height=\"150\" seamless=\"\"><a href=\"https:\/\/izzyandtheblacktrees.bandcamp.com\/album\/revolution-comes-in-waves\">Revolution Comes in Waves by Izzy and the Black Trees<\/a><\/iframe><\/p>\n<p style=\"text-align: justify;\"><span style=\"color: #800000;\"><strong>Savana Funk <\/strong><\/span><strong>&#8211; <em>Ghibli<\/em><\/strong> : Savana Funk, c&rsquo;est un travail collectif entre\u00a0Aldo Betto w\/ Blake Franchetto\u00a0et Youssef Ait Bouazza. L&rsquo;album est sorti\u00a0le 14 octobre, puis en vinyle le 14 d\u00e9cembre (Garrincha GOGO). Tout est dans le nom, de la Funk avant tout, mais de la Funk m\u00e9tiss\u00e9e par des sonorit\u00e9s World\/Jazz\/Blues. Pour les amateurs du genre, c&rsquo;est du grand art. D&rsquo;ailleurs, le groupe s&rsquo;est d\u00e9j\u00e0 produit en support des Red Hot Chili Peppers, et en \u00e9coutant les 10 pistes de cet album, on prend bien pourquoi. L&rsquo;\u00e9nergie est palpable et les compos donnent envie de bouger dans tous les sens !<br \/>\n<a href=\"http:\/\/www.aldobetto.com\/new\/\" target=\"_blank\">Site<\/a> \/\u00a0<a href=\"https:\/\/www.youtube.com\/user\/Aldo335\" target=\"_blank\">YT<\/a> \/<a href=\"https:\/\/www.facebook.com\/savanafunkmusic\" target=\"_blank\">FB<\/a><\/p>\n<p style=\"text-align: justify;\"><strong><span style=\"color: #800000;\">Sarah Olivier<\/span> &#8211; <em>Vortex<\/em><\/strong> : Sorti le 9 septembre 2022, il y a quelques mois donc, sur le label Vita Musique\/Absilone, l&rsquo;album fait suite \u00e0 Pink Galina, sorti il y a 10 ans, une \u00e9ternit\u00e9 dans le monde de la musique. Mais qu&rsquo;importe, c&rsquo;est aussi la personnalit\u00e9 de cette chanteuse libre de ses choix et ses mouvements, ne choisissant pas un genre en particulier, mais les embrassant tous, dans un seul album, de la chanson au jazz, en passant par le blues, l&rsquo;\u00e9lectro, le classique, le trad et m\u00eame la coldwave. Un m\u00e9lange \u00e9tonnant !<br \/>\n<a href=\"https:\/\/www.youtube.com\/channel\/UCgycpYQ2fdDXGbimq8VY4jQ\" target=\"_blank\">YT<\/a> \/ <a href=\"https:\/\/www.facebook.com\/SarahOlivierOfficiel\/\" target=\"_blank\">FB<\/a><\/p>\n<p style=\"text-align: justify;\"><strong><span style=\"color: #800000;\">Beral<\/span> &#8211; <em>Comme un po\u00e8te<\/em><\/strong> : Sorti en num\u00e9rique le 18 novembre 2022, ce second album de B\u00e9ral sort le 6 janvier 2023 en version CD (Inou\u00efe Distribution). B\u00e9ral est auteur compositeur et interpr\u00e8te. Sa musique est entre chanson et folk-rock. L&rsquo;album se compose de 8 nouvelles chansons.<br \/>\n<a href=\"http:\/\/facebook.com\/Beralofficiel\" target=\"_blank\">FB<\/a>\u00a0\/\u00a0<a href=\"https:\/\/www.youtube.com\/watch?v=yUVNRMmzcRY&amp;list=OLAK5uy_lYJDQNtCbw3SPB8DksDp05dkYVF67zhjA\" target=\"_blank\">YT<\/a><\/p>\n<p style=\"text-align: center;\"><img loading=\"lazy\" decoding=\"async\" class=\"aligncenter wp-image-34448\" title=\"beral-2023-001\" src=\"https:\/\/lamagicbox.com\/magazine\/wp-content\/uploads\/2023\/01\/beral-2023-001.jpg\" alt=\"beral-2023-001\" width=\"400\" height=\"283\" srcset=\"https:\/\/lamagicbox.com\/magazine\/wp-content\/uploads\/2023\/01\/beral-2023-001.jpg 500w, https:\/\/lamagicbox.com\/magazine\/wp-content\/uploads\/2023\/01\/beral-2023-001-212x150.jpg 212w, https:\/\/lamagicbox.com\/magazine\/wp-content\/uploads\/2023\/01\/beral-2023-001-367x260.jpg 367w\" sizes=\"auto, (max-width: 400px) 100vw, 400px\" \/><\/p>\n<p style=\"text-align: justify;\">[hr color=\u00a0\u00bbred\u00a0\u00bb]<\/p>\n<p style=\"text-align: justify;\"><span style=\"color: #800000;\"><strong>LES EUROCKEENNES 2023 &#8211; LES PREMIERS NOMS<\/strong><\/span><br \/>\nAvec pr\u00e8s de 130000 spectateurs, les Eurock\u00e9ennes de Belfort sont toujours parmi les \u00e9v\u00e9nements les plus pris\u00e9s en France. Pour cette nouvelle affiche 2023, Sigur Ros, Indochine, Gojira, Orelsan comptent parmi les premiers noms annonc\u00e9s. Pour suivre, la suite de la programmation, rendez vous sur le <a href=\"https:\/\/www.eurockeennes.fr\/programmation\/\" target=\"_blank\">site du festival<\/a>.<\/p>\n<p style=\"text-align: justify;\">[hr color=\u00a0\u00bbred\u00a0\u00bb]<\/p>\n<p style=\"text-align: justify;\"><span style=\"color: #800000;\"><strong>LA NOUVELLE VAGUE DEVOILE SON CALENDRIER DE RENTREE 2023<\/strong><\/span><br \/>\nQuelques belles surprises annonc\u00e9es pour le premier trimestre 2023 \u00e0 La Nouvelle Vague de Saint Malo (35) :<br \/>\nJEU.19.JAN \u2022 LORENZO \/ SAM.28.JAN \u2022 <a href=\"https:\/\/lamagicbox.com\/magazine\/?p=22087\" target=\"_blank\">JEANNE ADDED<\/a> \/\u00a0JEU.09.F\u00c9V \u2022 BIRDS IN ROW + TEN56. \/\u00a0VEN.10.F\u00c9V \u2022 TIAKOLA \/\u00a0MER.22.F\u00c9V \u2022 \u00ab\u00a0LE DERNIER JOUR\u00a0\u00bb PAR <a href=\"https:\/\/lamagicbox.com\/magazine\/?p=34326\" target=\"_blank\">MONSIEUR LUNE<\/a> \/\u00a0VEN.24.F\u00c9V\u2022 SETH GUEKO \/\u00a0SAM.04.MAR \u2022 <a href=\"https:\/\/lamagicbox.com\/magazine\/?p=8679\" target=\"_blank\">THE INSPECTOR CLUZO<\/a> \/\u00a0VEN.10 &amp; SAM.11.MAR \u2022 <a href=\"https:\/\/lamagicbox.com\/magazine\/?p=32804\" target=\"_blank\">LA ROUTE DU ROCK<\/a> \/\u00a0VEN.17.MAR \u2022 AUR\u00c9LIE SAADA + COLINE RIO \/\u00a0VEN.31.MAR \u2022 SAFIA NOLIN + LOU-ADRIANE CASSIDY.<br \/>\nPlus d&rsquo;infos sur le <a href=\"https:\/\/lanouvellevague.org\/\" target=\"_blank\">site de la salle<\/a><\/p>\n<p style=\"text-align: justify;\">[hr color=\u00a0\u00bbred\u00a0\u00bb]<\/p>\n<p style=\"text-align: justify;\"><span style=\"color: #800000;\"><strong>REDCAR DANS CULTURE BOX\u00a0<\/strong><\/span><br \/>\nLe 9 janvier 2023, \u00e0 21h15, Culture Box proposera le spectacle de <strong>Redcar<\/strong>, le nouveau projet de Christine &amp; The Queen. 72 minutes de spectacle original enregistr\u00e9\u00a0en novembre dernier, au Cirque d&rsquo;hiver, \u00e0 l&rsquo;occasion de son nouvel album\u00a0<em><strong>Redcar, les adorables \u00e9toiles<\/strong><\/em>. Ni danseurs ni musiciens \u00e0 l\u2019horizon. La musique est jou\u00e9e sur bande par les enceintes.\u00a0<strong>Redcar<\/strong>\u00a0a un pupitre et une machine qui permet de lancer les instrumentales.\u00a0<strong>Redcar<\/strong>\u00a0porte seul le show sur ses \u00e9paules.\u00a0Ce spectacle, qui accompagne un album prometteur a \u00e9t\u00e9 jou\u00e9 seulement trois fois :\u00a0 deux \u00e0 Paris et une \u00e0 Londres. Il marque le d\u00e9but d\u2019un grand geste narratif baroque, le prologue d\u2019un op\u00e9ra qui comprendra plusieurs actes et il est \u00e0 retrouver sur Culturebox !<br \/>\nPlus d&rsquo;infos sur le <a href=\"https:\/\/www.france.tv\/spectacles-et-culture\/emissions-culturelles\/culturebox-l-emission\/\" target=\"_blank\">site de CultureBox<\/a><\/p>\n<p style=\"text-align: justify;\">[hr color=\u00a0\u00bbred\u00a0\u00bb]<\/p>\n<p style=\"text-align: justify;\"><span style=\"color: #800000;\"><strong>DES NEWS DE CHRIS ISAAK<\/strong><\/span><br \/>\nA 66 ans, le chanteur\u00a0californien\u00a0vient de sortir un nouvel album, une suite \u00e0 son album <strong><em>Christmas<\/em><\/strong> sorti en 2004. <strong><em>Everybody Knows It&rsquo;s Christmas<\/em><\/strong> est\u00a0son 13e album et contient 13 titres&#8230;\u00a0En 2023, la bonne nouvelle, c&rsquo;est qu&rsquo;il sera\u00a0en tourn\u00e9e en France pour trois dates : Festival R\u00e9tro C Trop \u00e0 Tilloloy dans la Somme le 25 juin, \u00e0 Paris \u00e0 l\u2019Olympia le 7 juillet et au Festival Cognac Blues Passions, le 8 juillet.<br \/>\n<a href=\"https:\/\/www.chrisisaak.com\/\" target=\"_blank\">Site officiel<\/a>\u00a0\/ <a href=\"https:\/\/www.facebook.com\/chrisisaak\" target=\"_blank\">FB<\/a><\/p>\n<p style=\"text-align: center;\"><iframe loading=\"lazy\" title=\"YouTube video player\" src=\"https:\/\/www.youtube.com\/embed\/mMiW974R8os\" width=\"450\" height=\"253\" frameborder=\"0\" allowfullscreen=\"allowfullscreen\"><\/iframe><\/p>\n<p style=\"text-align: justify;\">[hr color=\u00a0\u00bbred\u00a0\u00bb]<\/p>\n<!--themify_builder_content-->\n<div id=\"themify_builder_content-34390\" data-postid=\"34390\" class=\"themify_builder_content themify_builder_content-34390 themify_builder tf_clear\">\n    <\/div>\n<!--\/themify_builder_content-->\n","protected":false},"excerpt":{"rendered":"<p>[hr color=\u00a0\u00bbred\u00a0\u00bb] PREMIER OPUS POUR JULIA JEAN-BAPTISTE\u00a0\u00a0 Apr\u00e8s son EP,\u00a0Solo,\u00a0 Julia \u00a0Jean-Baptiste\u00a0\u00a0sort\u00a0Cinerama,\u00a0un premier\u00a0album de pop l\u00e9g\u00e8re et actuelle, \u00e0 para\u00eetre vendredi 27 janvier. Un panorama de belles m\u00e9lodies en 12 titres :\u00a0Music-Hall &#8211;\u00a0Empathie &#8211;\u00a0La Ville &#8211;\u00a0Pleine Lune &#8211;\u00a0La Loterie de l\u2019amour &#8211;\u00a0Madinina &#8211;\u00a0Le D\u00e9samour &#8211;\u00a0Avant ou Apr\u00e8s &#8211;\u00a0Serra Do Mar &#8211;\u00a0Ad Lib &#8211;\u00a0Je continue \u00e0 [&hellip;]<\/p>\n","protected":false},"author":1,"featured_media":0,"comment_status":"open","ping_status":"open","sticky":false,"template":"","format":"standard","meta":{"footnotes":""},"categories":[7,110],"tags":[3640,3655,3651,3673,3647,436,3650,2313,3652,3026,3676,3641,599,120,3079,3672,3671,3025,3668,3644,3645,3371,765,3654,3653,3642,3643,3675],"class_list":["post-34390","post","type-post","status-publish","format-standard","hentry","category-news","category-news-du-mois","tag-annie-lennox","tag-beral","tag-betty-jane","tag-ceronne","tag-chris-isaak","tag-christine-and-the-queens","tag-erikel","tag-eurythmics","tag-izzy-and-the-black-trees","tag-jean-paul-maeso","tag-julia-jean-baptiste","tag-kovacs","tag-la-grande-sophie","tag-la-nouvelle-vague","tag-les-eurockeennes-de-belfort","tag-levitation-free","tag-lox","tag-maeso","tag-mickey-3d","tag-rammstein","tag-redcar","tag-ryan-egan","tag-saint-malo","tag-sarah-olivier","tag-savana-funk","tag-sharon-kovacs","tag-till-lindemann","tag-treponem-pal","has-post-title","has-post-date","has-post-category","has-post-tag","has-post-comment","has-post-author",""],"builder_content":"","_links":{"self":[{"href":"https:\/\/lamagicbox.com\/magazine\/wp-json\/wp\/v2\/posts\/34390","targetHints":{"allow":["GET"]}}],"collection":[{"href":"https:\/\/lamagicbox.com\/magazine\/wp-json\/wp\/v2\/posts"}],"about":[{"href":"https:\/\/lamagicbox.com\/magazine\/wp-json\/wp\/v2\/types\/post"}],"author":[{"embeddable":true,"href":"https:\/\/lamagicbox.com\/magazine\/wp-json\/wp\/v2\/users\/1"}],"replies":[{"embeddable":true,"href":"https:\/\/lamagicbox.com\/magazine\/wp-json\/wp\/v2\/comments?post=34390"}],"version-history":[{"count":32,"href":"https:\/\/lamagicbox.com\/magazine\/wp-json\/wp\/v2\/posts\/34390\/revisions"}],"predecessor-version":[{"id":34566,"href":"https:\/\/lamagicbox.com\/magazine\/wp-json\/wp\/v2\/posts\/34390\/revisions\/34566"}],"wp:attachment":[{"href":"https:\/\/lamagicbox.com\/magazine\/wp-json\/wp\/v2\/media?parent=34390"}],"wp:term":[{"taxonomy":"category","embeddable":true,"href":"https:\/\/lamagicbox.com\/magazine\/wp-json\/wp\/v2\/categories?post=34390"},{"taxonomy":"post_tag","embeddable":true,"href":"https:\/\/lamagicbox.com\/magazine\/wp-json\/wp\/v2\/tags?post=34390"}],"curies":[{"name":"wp","href":"https:\/\/api.w.org\/{rel}","templated":true}]}}