{"id":34028,"date":"2022-11-21T23:44:00","date_gmt":"2022-11-21T22:44:00","guid":{"rendered":"https:\/\/lamagicbox.com\/magazine\/?p=34028"},"modified":"2024-02-05T20:32:49","modified_gmt":"2024-02-05T19:32:49","slug":"in-flames-a-la-rockhal-esch-sur-alzette-lux","status":"publish","type":"post","link":"https:\/\/lamagicbox.com\/magazine\/in-flames-a-la-rockhal-esch-sur-alzette-lux\/","title":{"rendered":"In Flames \u00e0 La Rockhal &#8211; Esch Sur Alzette (Lux)"},"content":{"rendered":"<h2><span style=\"color: #000000;\"><img loading=\"lazy\" decoding=\"async\" class=\"size-full wp-image-10644 alignleft\" title=\"Rockhal 2\" src=\"https:\/\/lamagicbox.com\/magazine\/wp-content\/uploads\/2016\/06\/Rockhal-2.jpg\" alt=\"Rockhal 2\" width=\"150\" height=\"225\" srcset=\"https:\/\/lamagicbox.com\/magazine\/wp-content\/uploads\/2016\/06\/Rockhal-2.jpg 150w, https:\/\/lamagicbox.com\/magazine\/wp-content\/uploads\/2016\/06\/Rockhal-2-100x150.jpg 100w\" sizes=\"auto, (max-width: 150px) 100vw, 150px\" \/>La Rockhal \/<\/span><\/h2>\n<h2 align=\"JUSTIFY\"><span style=\"color: #800000;\">In Flames \/<\/span><\/h2>\n<h2><span style=\"color: #333333;\">Le 21 Novembre 2022 \u2013 Esch Sur Alzette (Lux) \/<\/span><\/h2>\n<h2 align=\"JUSTIFY\"><span style=\"text-decoration: underline;\">Notre avis<\/span>\u00a0: [star rating=\u00a0\u00bb5&Prime; max=\u00a0\u00bb5&Prime;]<\/h2>\n<hr \/>\n<p style=\"text-align: justify;\"><em><strong>Les Su\u00e9dois de In Flames \u00e9taient de passage ce lundi soir \u00e0 La Rockhal. Dans une salle comble, ils nous ont offert une soir\u00e9e exceptionnelle ! Habitu\u00e9 \u00e0 les voir dans les festivals ou autres salles gigantesques, quel plaisir de les avoir ce soir dans une salle \u00e0 taille humaine o\u00f9 la proximit\u00e9 et les \u00e9changes avec le public sont encore permis. Une bien belle soir\u00e9e !<\/strong><\/em><\/p>\n<h2 style=\"text-align: justify;\"><span style=\"color: #800000;\">IN FLAMES<\/span><\/h2>\n<p style=\"text-align: justify;\">La salle est plong\u00e9e dans l\u2019obscurit\u00e9 et une petite intro musicale annonce le d\u00e9but des festivit\u00e9s. Les musiciens arrivent\u00a0progressivement sous les applaudissements du public et\u00a0Anders Frid\u00e9n arrive \u00e0 son tour. Le set est lanc\u00e9 avec \u00ab\u00a0The Great Deceiver\u00a0\u00bb et \u00ab\u00a0Pinball Map\u00a0\u00bb.\u00a0Quelle furie et quelle d\u00e9bauche d&rsquo;\u00e9nergie d\u00e8s le d\u00e9part.\u00a0Le public se met \u00e0 crier, scande le nom du groupe.\u00a0Les bras sont en l\u2019air dans la salle et le show se poursuit avec \u00ab\u00a0Cloud Connected\u00a0\u00bb. In Flames est en tr\u00e8s grande forme ce soir. Quel punch ! \u00ab\u00a0Behind Space\u00a0\u00bb du premier album \u00ab\u00a0Lunar Strain\u00a0\u00bb sorti en 1994 est ensuite annonc\u00e9. Le chanteur va ainsi\u00a0pr\u00e9senter\u00a0tous les titres jou\u00e9s.\u00a0Le groupe nous fait part de sa joie d&rsquo;\u00eatre l\u00e0 ce soir et re\u00e7oit une belle ovation. Les titres s\u2019encha\u00eenent avec toujours la m\u00eame puissance : \u00ab\u00a0Graveland\u00a0\u00bb, \u00ab\u00a0The Hive\u00a0\u00bb et \u00ab\u00a0Scorn\u00a0\u00bb. Ce dernier est repris en choeur par la foule.\u00a0Un gros pogo est organis\u00e9 sur \u00ab\u00a0Only For The Weak\u00a0\u00bb, relayant les slams qui sont d\u00e9j\u00e0 lanc\u00e9s depuis un bon moment.<\/p>\n<p style=\"text-align: justify;\"><img loading=\"lazy\" decoding=\"async\" class=\"size-full wp-image-34036 aligncenter\" title=\"In Flames (2022) (1)\" src=\"https:\/\/lamagicbox.com\/magazine\/wp-content\/uploads\/2022\/11\/In-Flames-2022-1.jpg\" alt=\"In Flames (2022) (1)\" width=\"500\" height=\"375\" srcset=\"https:\/\/lamagicbox.com\/magazine\/wp-content\/uploads\/2022\/11\/In-Flames-2022-1.jpg 500w, https:\/\/lamagicbox.com\/magazine\/wp-content\/uploads\/2022\/11\/In-Flames-2022-1-200x150.jpg 200w, https:\/\/lamagicbox.com\/magazine\/wp-content\/uploads\/2022\/11\/In-Flames-2022-1-347x260.jpg 347w\" sizes=\"auto, (max-width: 500px) 100vw, 500px\" \/><\/p>\n<p style=\"text-align: justify;\">Les fans se r\u00e9galent sur les sonorit\u00e9s navigant entre le metalcore, le metal alternatif et le death metal m\u00e9lodique propos\u00e9 par les Su\u00e9dois. In Flames re\u00e7oit une belle ovation encore une fois avant de\u00a0continuer avec \u00ab\u00a0Leeches\u00a0\u00bb. Anders Frid\u00e9n indique que \u00ab\u00a0Foregone Pt. 1\u00a0\u00bb sera sur l&rsquo;album qui sortira l&rsquo;ann\u00e9e prochaine. <em>Je l&rsquo;ai \u00e9cout\u00e9, il est pas mal, <\/em>dit-il avec bcp d&rsquo;humour. Le titre s&rsquo;accompagne des claquements de mains des fans qui sont chauds bouillants. \u00ab\u00a0Wallflower\u00a0\u00bb nous offre une longue intro instrumentale. Bj\u00f6rn Gelotte nous\u00a0r\u00e9gale r\u00e9guli\u00e8rement de belles d\u00e9monstrations de guitare. Le show se poursuit avec \u00ab\u00a0State Of Slow Decay\u00a0\u00bb, \u00ab\u00a0Alias\u00a0\u00bb et \u00ab\u00a0The Mirror&rsquo;s Truth\u00a0\u00bb. Apr\u00e8s la pr\u00e9sentation des musiciens, \u00ab\u00a0I Am Above\u00a0\u00bbnous am\u00e8ne petit \u00e0 petit \u00e0 la fin du show.\u00a0 C&rsquo;est avec \u00ab\u00a0Take This Life\u00a0\u00bb que le set se termine.\u00a0Le groupe quitte la sc\u00e8ne apr\u00e8s avoir remerci\u00e9 et salu\u00e9 le public. Quelle soir\u00e9e !!! Dans une ambiance torride, avec des musiciens souriants qui ont l\u2019air de prendre plaisir \u00e0 \u00eatre sur sc\u00e8ne, In Flames nous a offert une tr\u00e8s tr\u00e8s belle prestation. Un set puissant et rythm\u00e9, bien rod\u00e9, avec des riffs titanesques, des voix enflamm\u00e9es et de jolis solos techniques !<\/p>\n<p style=\"text-align: justify;\"><img loading=\"lazy\" decoding=\"async\" class=\"size-full wp-image-34037 aligncenter\" title=\"In Flames (2022) (2)\" src=\"https:\/\/lamagicbox.com\/magazine\/wp-content\/uploads\/2022\/11\/In-Flames-2022-2.jpg\" alt=\"In Flames (2022) (2)\" width=\"500\" height=\"375\" srcset=\"https:\/\/lamagicbox.com\/magazine\/wp-content\/uploads\/2022\/11\/In-Flames-2022-2.jpg 500w, https:\/\/lamagicbox.com\/magazine\/wp-content\/uploads\/2022\/11\/In-Flames-2022-2-200x150.jpg 200w, https:\/\/lamagicbox.com\/magazine\/wp-content\/uploads\/2022\/11\/In-Flames-2022-2-347x260.jpg 347w\" sizes=\"auto, (max-width: 500px) 100vw, 500px\" \/><\/p>\n<p style=\"text-align: left;\"><strong><span style=\"text-decoration: underline;\">In Flames<\/span>\u00a0:<\/strong><\/p>\n<p align=\"justify\">Anders Frid\u00e9n au chant.<br \/>Bj\u00f6rn Gelotte \u00e0 la guitare.<br \/>Niclas Engelin.<br \/>Bryce Paul Newman.<br \/>Tanner Wayne.<\/p>\n<p><strong><span style=\"text-decoration: underline;\">In Flames<\/span>\u00a0:\u00a0<a href=\"https:\/\/www.facebook.com\/inflames\/\" target=\"_blank\" rel=\"noopener\">Facebook<\/a>\u00a0\/\u00a0<a href=\"https:\/\/www.instagram.com\/inflames\/\" target=\"_blank\" rel=\"noopener\">Instagram<\/a>\u00a0\/\u00a0<a href=\"https:\/\/twitter.com\/InFlames_SWE\" target=\"_blank\" rel=\"noopener\">Twitter<\/a>\u00a0\/\u00a0<a href=\"https:\/\/www.youtube.com\/channel\/UC9qjDzIQoyW3USlw__qdmnQ\" target=\"_blank\" rel=\"noopener\">Youtube<\/a>\u00a0\/\u00a0<a href=\"https:\/\/soundcloud.com\/in-flames-official\" target=\"_blank\" rel=\"noopener\">Soundcloud<\/a>\u00a0\/\u00a0<a href=\"http:\/\/www.inflames.com\/\" target=\"_blank\" rel=\"noopener\">Site Officiel<\/a><\/strong><\/p>\n<p style=\"text-align: justify;\"><strong><span style=\"text-decoration: underline;\">Les photos de la soir\u00e9e<\/span>\u00a0:\u00a0<a href=\"https:\/\/www.facebook.com\/media\/set\/?set=a.560610676073779&amp;type=3\" target=\"_blank\" rel=\"noopener\">ici<\/a>.<\/strong><\/p>\n<p><span style=\"text-decoration: underline;\">Photos<\/span>\u00a0: Fabrice A.<\/p>\n<p>#Live \/ #Report \/ #LiveReport \/ #Review \/ #LiveReview \/ #Photos \/ #Pictures<\/p>\n<hr \/>\n<p>\u00a0<\/p>\n<!--themify_builder_content-->\n<div id=\"themify_builder_content-34028\" data-postid=\"34028\" class=\"themify_builder_content themify_builder_content-34028 themify_builder tf_clear\">\n    <\/div>\n<!--\/themify_builder_content-->","protected":false},"excerpt":{"rendered":"<p>La Rockhal \/ In Flames \/ Le 21 Novembre 2022 \u2013 Esch Sur Alzette (Lux) \/ Notre avis\u00a0: [star rating=\u00a0\u00bb5&Prime; max=\u00a0\u00bb5&Prime;] Les Su\u00e9dois de In Flames \u00e9taient de passage ce lundi soir \u00e0 La Rockhal. Dans une salle comble, ils nous ont offert une soir\u00e9e exceptionnelle ! Habitu\u00e9 \u00e0 les voir dans les festivals ou [&hellip;]<\/p>\n","protected":false},"author":4,"featured_media":34038,"comment_status":"open","ping_status":"open","sticky":false,"template":"","format":"standard","meta":{"footnotes":""},"categories":[57,53],"tags":[301,1694,269,302,2740],"class_list":["post-34028","post","type-post","status-publish","format-standard","has-post-thumbnail","hentry","category-reportage-concert","category-reportages","tag-esch-sur-alzette","tag-in-flames","tag-la-rockhal","tag-luxembourg","tag-rockhal","has-post-title","has-post-date","has-post-category","has-post-tag","has-post-comment","has-post-author",""],"builder_content":"","_links":{"self":[{"href":"https:\/\/lamagicbox.com\/magazine\/wp-json\/wp\/v2\/posts\/34028","targetHints":{"allow":["GET"]}}],"collection":[{"href":"https:\/\/lamagicbox.com\/magazine\/wp-json\/wp\/v2\/posts"}],"about":[{"href":"https:\/\/lamagicbox.com\/magazine\/wp-json\/wp\/v2\/types\/post"}],"author":[{"embeddable":true,"href":"https:\/\/lamagicbox.com\/magazine\/wp-json\/wp\/v2\/users\/4"}],"replies":[{"embeddable":true,"href":"https:\/\/lamagicbox.com\/magazine\/wp-json\/wp\/v2\/comments?post=34028"}],"version-history":[{"count":2,"href":"https:\/\/lamagicbox.com\/magazine\/wp-json\/wp\/v2\/posts\/34028\/revisions"}],"predecessor-version":[{"id":38203,"href":"https:\/\/lamagicbox.com\/magazine\/wp-json\/wp\/v2\/posts\/34028\/revisions\/38203"}],"wp:featuredmedia":[{"embeddable":true,"href":"https:\/\/lamagicbox.com\/magazine\/wp-json\/wp\/v2\/media\/34038"}],"wp:attachment":[{"href":"https:\/\/lamagicbox.com\/magazine\/wp-json\/wp\/v2\/media?parent=34028"}],"wp:term":[{"taxonomy":"category","embeddable":true,"href":"https:\/\/lamagicbox.com\/magazine\/wp-json\/wp\/v2\/categories?post=34028"},{"taxonomy":"post_tag","embeddable":true,"href":"https:\/\/lamagicbox.com\/magazine\/wp-json\/wp\/v2\/tags?post=34028"}],"curies":[{"name":"wp","href":"https:\/\/api.w.org\/{rel}","templated":true}]}}