{"id":32947,"date":"2022-09-04T22:42:16","date_gmt":"2022-09-04T20:42:16","guid":{"rendered":"https:\/\/lamagicbox.com\/magazine\/?p=32947"},"modified":"2024-02-06T18:50:52","modified_gmt":"2024-02-06T17:50:52","slug":"clara-luciani-a-foire-en-scene-chalons-en-champagne-51","status":"publish","type":"post","link":"https:\/\/lamagicbox.com\/magazine\/clara-luciani-a-foire-en-scene-chalons-en-champagne-51\/","title":{"rendered":"Clara Luciani \u00e0 Foire En Sc\u00e8ne &#8211; Ch\u00e2lons En Champagne (51)"},"content":{"rendered":"<h2><span style=\"color: #333333;\"><span style=\"color: #000000;\"><img loading=\"lazy\" decoding=\"async\" class=\"size-full wp-image-32931 alignleft\" title=\"Foire En Sc\u00e8ne vignette 2022\" src=\"https:\/\/lamagicbox.com\/magazine\/wp-content\/uploads\/2022\/09\/Foire-En-Sc\u00e8ne-vignette-2022.jpg\" alt=\"Foire En Sc\u00e8ne vignette 2022\" width=\"150\" height=\"225\" srcset=\"https:\/\/lamagicbox.com\/magazine\/wp-content\/uploads\/2022\/09\/Foire-En-Sc\u00e8ne-vignette-2022.jpg 150w, https:\/\/lamagicbox.com\/magazine\/wp-content\/uploads\/2022\/09\/Foire-En-Sc\u00e8ne-vignette-2022-100x150.jpg 100w\" sizes=\"auto, (max-width: 150px) 100vw, 150px\" \/>Foire En Sc\u00e8ne\u00a0\/<\/span><\/span><\/h2>\n<h2 align=\"JUSTIFY\"><span style=\"color: #800000;\">Clara Luciani\u00a0\/<\/span><\/h2>\n<h2><span style=\"color: #000000;\">Le 04 Septembre 2022 \u2013 Ch\u00e2lons En Champagne (51) \/<\/span><\/h2>\n<h2 align=\"JUSTIFY\"><span style=\"color: #800000;\"><span style=\"text-decoration: underline;\">Notre avis<\/span>\u00a0: [star rating=\u00a0\u00bb5&Prime; max=\u00a0\u00bb5&Prime;]<\/span><\/h2>\n<hr \/>\n<p style=\"text-align: justify;\"><em><strong>Clara Luciani \u00e9tait de passage \u00e0 Ch\u00e2lons ce dimanche apr\u00e8s-midi dans le cadre de la tourn\u00e9e qui accompagne l&rsquo;album \u00ab C\u0153ur \u00bb sorti en 2021. L\u2019artiste nous a offert un spectacle flamboyant et illumin\u00e9 Foire En Sc\u00e8ne !<\/strong><\/em><\/p>\n<h2 align=\"JUSTIFY\"><span style=\"color: #800000;\">CLARA LUCIANI<\/span><\/h2>\n<p style=\"text-align: justify;\">Les musiciens prennent possession de la sc\u00e8ne et Clara Luciani arrive \u00e0 son tour sous les applaudissements. Les festivit\u00e9s sont lanc\u00e9es avec\u00a0\u00ab C\u0153ur \u00bb, premier titre de l&rsquo;album \u00e9ponyme. D\u00e8s le d\u00e9part, une belle \u00e9nergie s\u2019installe. Les musiciens contribuent pleinement \u00e0 la dynamique. Les sonorit\u00e9s propos\u00e9es et les attitudes sont plut\u00f4t rock. Les seventies sont \u00e0 l\u2019honneur, \u00e0 l\u2019image des morceaux du nouvel album. La chanteuse harangue la foule. <em>Allez Ch\u00e2lons ! Est-ce que vous \u00eates pr\u00eats \u00e0 faire la f\u00eate avec nous ?!!<\/em>\u00a0\u00ab Amour Toujours \u00bb nous est\u00a0alors propos\u00e9. Clara communique beaucoup avec le public. Avec de la d\u00e9rision, de l\u2019humour. <em>Est-ce qu&rsquo;il en a qui ont d\u00e9j\u00e0 repris le travail ?\u00a0On vous propose un petit suppl\u00e9ment de vacances avec\u00a0\u00ab Nue \u00bb.<\/em>\u00a0 L&rsquo;encha\u00eenement est fait avec \u00ab\u00a0Les Fleurs\u00a0\u00bb et \u00ab Bandit \u00bb.\u00a0Le public claque des mains, et l&rsquo;artiste se dote d&rsquo;une guitare pour \u00ab Comme Toi \u00bb.<\/p>\n<p style=\"text-align: justify;\"><img loading=\"lazy\" decoding=\"async\" class=\"size-full wp-image-32952 aligncenter\" title=\"Clara Luciani - Foire En Sc\u00e8ne 2022 (4)\" src=\"https:\/\/lamagicbox.com\/magazine\/wp-content\/uploads\/2022\/09\/Clara-Luciani-Foire-En-Sc\u00e8ne-2022-4.jpg\" alt=\"Clara Luciani - Foire En Sc\u00e8ne 2022 (4)\" width=\"500\" height=\"375\" srcset=\"https:\/\/lamagicbox.com\/magazine\/wp-content\/uploads\/2022\/09\/Clara-Luciani-Foire-En-Sc\u00e8ne-2022-4.jpg 500w, https:\/\/lamagicbox.com\/magazine\/wp-content\/uploads\/2022\/09\/Clara-Luciani-Foire-En-Sc\u00e8ne-2022-4-200x150.jpg 200w, https:\/\/lamagicbox.com\/magazine\/wp-content\/uploads\/2022\/09\/Clara-Luciani-Foire-En-Sc\u00e8ne-2022-4-347x260.jpg 347w\" sizes=\"auto, (max-width: 500px) 100vw, 500px\" \/><\/p>\n<p style=\"text-align: justify;\"><em>\u00c7a va toujours Ch\u00e2lons ?!!<\/em> <em>Vous savez, je pense que chaque rendez-vous musical doit \u00eatre un rendez-vous sentimental&#8230;<\/em>\u00a0\u00ab Tout Le Monde (Sauf Toi) \u00bb est ainsi pr\u00e9sent\u00e9, suivi par \u00ab Le Chanteur \u00bb qui am\u00e8ne des applaudissements nourris. <em>Merci beaucoup !<\/em>\u00a0Le show se poursuit avec \u00ab Sad &amp; Slow \u00bb normalement interpr\u00e9t\u00e9 en duo avec Julien Dor\u00e9. <em>Il est tr\u00e8s occup\u00e9 avec\u00a0son potager en ce moment&#8230; Il n&rsquo;a pas pu venir&#8230;<\/em> Pierre, qui est \u00e0 la basse, le\u00a0remplace pour l&rsquo;occasion. Le show monte en intensit\u00e9 et se veut de plus en plus rythm\u00e9 avec\u00a0\u00ab\u00a0Ma Soeur \u00bb.\u00a0<em>Je sais qu&rsquo;on ne se connait pas encore tr\u00e8s bien, mais\u00a0voulez-vous venir faire un tour avec nous sur \u00ab\u00a0La Baie\u00a0\u00bb ?<\/em>\u00a0Le public chante et nous offre un joli moment de communion avec cette reprise de Metronomy. L&rsquo;accueil est une nouvelle fois chaleureux.\u00a0<em>Merci !!! Maintenant, je veux vous voir chanter et danser\u2026<\/em>\u00a0Clara encha\u00eene ses\u00a03 tubes incontournables : \u00ab Le Reste \u00bb, \u00ab La Grenade \u00bb et \u00ab Respire Encore \u00bb. L\u2019ambiance est \u00e9lectrique avec ces titres qui terminent le set. Le groupe re\u00e7oit une\u00a0belle ovation avant de quitter la sc\u00e8ne \u00e0 l\u2019issue de cette jolie prestation. Un tr\u00e8s beau moment !<\/p>\n<p><img loading=\"lazy\" decoding=\"async\" class=\"size-full wp-image-32951 aligncenter\" title=\"Clara Luciani - Foire En Sc\u00e8ne 2022 (2)\" src=\"https:\/\/lamagicbox.com\/magazine\/wp-content\/uploads\/2022\/09\/Clara-Luciani-Foire-En-Sc\u00e8ne-2022-2.jpg\" alt=\"Clara Luciani - Foire En Sc\u00e8ne 2022 (2)\" width=\"500\" height=\"375\" srcset=\"https:\/\/lamagicbox.com\/magazine\/wp-content\/uploads\/2022\/09\/Clara-Luciani-Foire-En-Sc\u00e8ne-2022-2.jpg 500w, https:\/\/lamagicbox.com\/magazine\/wp-content\/uploads\/2022\/09\/Clara-Luciani-Foire-En-Sc\u00e8ne-2022-2-200x150.jpg 200w, https:\/\/lamagicbox.com\/magazine\/wp-content\/uploads\/2022\/09\/Clara-Luciani-Foire-En-Sc\u00e8ne-2022-2-347x260.jpg 347w\" sizes=\"auto, (max-width: 500px) 100vw, 500px\" \/><\/p>\n<p><strong><span style=\"text-decoration: underline;\">Clara Luciani<\/span>\u00a0:\u00a0<a href=\"https:\/\/www.facebook.com\/claralucianimusique\" target=\"_blank\" rel=\"noopener\">Facebook<\/a>\u00a0\/\u00a0<a href=\"https:\/\/www.instagram.com\/jesuisclaraluciani\/?hl=fr\" target=\"_blank\" rel=\"noopener\">Instagram<\/a>\u00a0\/\u00a0<a href=\"https:\/\/www.youtube.com\/channel\/UCfEE7VQC9xLMzNssS7y3APA\" target=\"_blank\" rel=\"noopener\">Youtube<\/a>\u00a0\/\u00a0<a href=\"https:\/\/claraluciani.store\/\" target=\"_blank\" rel=\"noopener\">Site Officiel<\/a><\/strong><\/p>\n<p><strong><span style=\"text-decoration: underline;\">Les photos de la soir\u00e9e<\/span>\u00a0:\u00a0<a href=\"https:\/\/www.facebook.com\/media\/set\/?set=a.3075153432707149&amp;type=3\" target=\"_blank\" rel=\"noopener\">ici<\/a>.<\/strong><\/p>\n<p><span style=\"text-decoration: underline;\">Photos<\/span>\u00a0: Fabrice A.<\/p>\n<p>#Live \/ #Report \/ #LiveReport \/ #Review \/ #LiveReview \/ #Photos \/ #Pictures<\/p>\n<hr \/>\n<p>\u00a0<\/p>\n<!--themify_builder_content-->\n<div id=\"themify_builder_content-32947\" data-postid=\"32947\" class=\"themify_builder_content themify_builder_content-32947 themify_builder tf_clear\">\n    <\/div>\n<!--\/themify_builder_content-->","protected":false},"excerpt":{"rendered":"<p>Foire En Sc\u00e8ne\u00a0\/ Clara Luciani\u00a0\/ Le 04 Septembre 2022 \u2013 Ch\u00e2lons En Champagne (51) \/ Notre avis\u00a0: [star rating=\u00a0\u00bb5&Prime; max=\u00a0\u00bb5&Prime;] Clara Luciani \u00e9tait de passage \u00e0 Ch\u00e2lons ce dimanche apr\u00e8s-midi dans le cadre de la tourn\u00e9e qui accompagne l&rsquo;album \u00ab C\u0153ur \u00bb sorti en 2021. L\u2019artiste nous a offert un spectacle flamboyant et illumin\u00e9 Foire [&hellip;]<\/p>\n","protected":false},"author":4,"featured_media":33101,"comment_status":"open","ping_status":"open","sticky":false,"template":"","format":"standard","meta":{"footnotes":""},"categories":[58,53],"tags":[1071,3238,3503,1527],"class_list":["post-32947","post","type-post","status-publish","format-standard","has-post-thumbnail","hentry","category-reportage-festival","category-reportages","tag-chalons-en-champagne","tag-clara-luciani","tag-foire-de-chalons","tag-foire-en-scene","has-post-title","has-post-date","has-post-category","has-post-tag","has-post-comment","has-post-author",""],"builder_content":"","_links":{"self":[{"href":"https:\/\/lamagicbox.com\/magazine\/wp-json\/wp\/v2\/posts\/32947","targetHints":{"allow":["GET"]}}],"collection":[{"href":"https:\/\/lamagicbox.com\/magazine\/wp-json\/wp\/v2\/posts"}],"about":[{"href":"https:\/\/lamagicbox.com\/magazine\/wp-json\/wp\/v2\/types\/post"}],"author":[{"embeddable":true,"href":"https:\/\/lamagicbox.com\/magazine\/wp-json\/wp\/v2\/users\/4"}],"replies":[{"embeddable":true,"href":"https:\/\/lamagicbox.com\/magazine\/wp-json\/wp\/v2\/comments?post=32947"}],"version-history":[{"count":2,"href":"https:\/\/lamagicbox.com\/magazine\/wp-json\/wp\/v2\/posts\/32947\/revisions"}],"predecessor-version":[{"id":38265,"href":"https:\/\/lamagicbox.com\/magazine\/wp-json\/wp\/v2\/posts\/32947\/revisions\/38265"}],"wp:featuredmedia":[{"embeddable":true,"href":"https:\/\/lamagicbox.com\/magazine\/wp-json\/wp\/v2\/media\/33101"}],"wp:attachment":[{"href":"https:\/\/lamagicbox.com\/magazine\/wp-json\/wp\/v2\/media?parent=32947"}],"wp:term":[{"taxonomy":"category","embeddable":true,"href":"https:\/\/lamagicbox.com\/magazine\/wp-json\/wp\/v2\/categories?post=32947"},{"taxonomy":"post_tag","embeddable":true,"href":"https:\/\/lamagicbox.com\/magazine\/wp-json\/wp\/v2\/tags?post=32947"}],"curies":[{"name":"wp","href":"https:\/\/api.w.org\/{rel}","templated":true}]}}