{"id":32121,"date":"2022-05-13T15:06:32","date_gmt":"2022-05-13T13:06:32","guid":{"rendered":"https:\/\/lamagicbox.com\/magazine\/?p=32121"},"modified":"2022-05-16T20:38:51","modified_gmt":"2022-05-16T18:38:51","slug":"news-de-mai-2022","status":"publish","type":"post","link":"https:\/\/lamagicbox.com\/magazine\/news-de-mai-2022\/","title":{"rendered":"News de Mai 2022"},"content":{"rendered":"<p>[hr color=\u00a0\u00bbred\u00a0\u00bb]<\/p>\n<p style=\"text-align: center;\"><img loading=\"lazy\" decoding=\"async\" class=\"aligncenter size-full wp-image-32039\" title=\"banner-smrc8-600x700\" src=\"https:\/\/lamagicbox.com\/magazine\/wp-content\/uploads\/2022\/04\/banner-smrc8-600x700.jpg\" alt=\"banner-smrc8-600x700\" width=\"600\" height=\"233\" srcset=\"https:\/\/lamagicbox.com\/magazine\/wp-content\/uploads\/2022\/04\/banner-smrc8-600x700.jpg 600w, https:\/\/lamagicbox.com\/magazine\/wp-content\/uploads\/2022\/04\/banner-smrc8-600x700-300x117.jpg 300w, https:\/\/lamagicbox.com\/magazine\/wp-content\/uploads\/2022\/04\/banner-smrc8-600x700-500x194.jpg 500w\" sizes=\"auto, (max-width: 600px) 100vw, 600px\" \/><\/p>\n<p>[hr color=\u00a0\u00bbred\u00a0\u00bb]<\/p>\n<p style=\"text-align: justify;\"><span style=\"color: #800000;\"><strong>LA NOUVELLE ECHAPPEE\u00a0ELECTRO-JAZZ\u00a0DE IKE<\/strong><\/span><br \/>\nA l&rsquo;instar des Blur en 95, Isaac de Martin, aka <strong>IKE<\/strong>, sort un nouvel album baptis\u00e9 <strong><em>The Great Espace<\/em><\/strong>.\u00a0 Loin de la Pop exub\u00e9rante des anglais, IKE choisit un registre plus confidentiel, plus velout\u00e9, plus apaisant. Il permet la rencontre d&rsquo;une trompette, un sax t\u00e9nor ou une clarinette avec d&rsquo;autres plus courants (basse, batterie, claviers, etc). Le r\u00e9sultat est un patchwork musical, aux influences jazz affirm\u00e9s, teint\u00e9 par le Trip Hop, la Folk ou l&rsquo;Electro. La voix de velour de\u00a0Sera Kalo jouant un r\u00f4le important dans ce nouvel opus. Sortie le 8 avril sur le label <a href=\"https:\/\/www.facebook.com\/fourfliesrecords\" target=\"_blank\">Four Flies Records<\/a>.<br \/>\n<a href=\"https:\/\/isaacdemartin.bandcamp.com\/releases\" target=\"_blank\">Bandcamp<\/a> \/\u00a0<a href=\"https:\/\/www.isaacdemartin.com\/\" target=\"_blank\">Site<\/a><\/p>\n<p style=\"text-align: center;\"><iframe loading=\"lazy\" style=\"border: 0; width: 100%; height: 120px;\" src=\"https:\/\/bandcamp.com\/EmbeddedPlayer\/album=2177635052\/size=large\/bgcol=333333\/linkcol=e99708\/tracklist=false\/artwork=small\/transparent=true\/\" width=\"300\" height=\"150\" seamless=\"\"><a href=\"https:\/\/fourfliesrecords.bandcamp.com\/album\/the-great-escape\">The Great Escape by IKE<\/a><\/iframe><\/p>\n<p style=\"text-align: justify;\">[hr color=\u00a0\u00bbred\u00a0\u00bb]<\/p>\n<p style=\"text-align: justify;\"><span style=\"color: #800000;\"><strong>EDG\u00c4R EN FORMAT LP\u00a0<\/strong><\/span><br \/>\nApr\u00e8s avoir sorti deux EP entre 2017 et 2020, le duo Edg\u00e4r, originaire d&rsquo;Amiens, passe \u00e0 la vitesse sup\u00e9rieur avec son premier long format, intitul\u00e9 <strong><em>Secret<\/em><\/strong>\u00a0(Grabuge Records). L&rsquo;album est sorti le 1er avril.\u00a0Ronan et Antoine, les deux musiciens aux commandes de ce projet,\u00a0proposent une musique tr\u00e8s actuelle, mais s&rsquo;autorise des incursions dans diff\u00e9rentes d\u00e9cennies, pour puiser leurs diverses influences. Port\u00e9 par le single electro-pop\u00a0<em>Dictators<\/em>, proche des univers de Alt-J ou de Phoenix, l&rsquo;album passe tour \u00e0 tour, de la Pop \u00e0 l&rsquo;Electro-Pop, et ose aussi un peu de Folk ou de Chanson fran\u00e7aise. Le groupe est en tourn\u00e9e jusqu&rsquo;en juillet. Ils ont fait la premi\u00e8re partie de Kyo en d\u00e9but de tourn\u00e9e.<br \/>\n<a href=\"https:\/\/www.facebook.com\/Edgarofficiel\/\" target=\"_blank\">FB<\/a><\/p>\n<p style=\"text-align: center;\"><iframe loading=\"lazy\" title=\"YouTube video player\" src=\"https:\/\/www.youtube.com\/embed\/loRt7rpvFEs\" width=\"450\" height=\"253\" frameborder=\"0\" allowfullscreen=\"allowfullscreen\"><\/iframe><\/p>\n<p style=\"text-align: justify;\">[hr color=\u00a0\u00bbred\u00a0\u00bb]<\/p>\n<p style=\"text-align: justify;\"><b><span style=\"color: #800000;\">ARNO &#8211; DE OSTANDE A BRUXELLES<\/span><br \/>\n<\/b>Arnold Hintjens, alias <strong>ARNO<\/strong> s&rsquo;en est all\u00e9 le 23 avril dernier. Pass\u00e9 par le groupe\u00a0TC Matic\u00a0\u00e0 la fin des ann\u00e9es 70, il assura la premi\u00e8re partie de T\u00e9l\u00e9phone \u00e0 l&rsquo;\u00e9poque le temps d&rsquo;un concert \u00e0 Arlon le 30 juin 84 devant 60.000 personnes. Un\u00a0concert m\u00e9morable et le point de d\u00e9part d&rsquo;une carri\u00e8re solo, qui d\u00e9bute avec un premier album solo en 86. Apr\u00e8s une douzaine d&rsquo;albums et des concerts dans toute l&rsquo;Europe, Arno\u00a0meurt des suites d&rsquo;une longue maladie, \u00e0 l&rsquo;\u00e2ge de 72\u00a0ans. Ses cendres ont \u00e9t\u00e9 r\u00e9pandues le 14 mai 2022 dans la Mer\u00a0du Nord\u00a0au large d&rsquo;Ostende (<em>Info Wikipedia<\/em>)<span style=\"font-size: 13.3333px;\">\u00a0<\/span>.<\/p>\n<h6 style=\"text-align: center;\"><img loading=\"lazy\" decoding=\"async\" class=\"wp-image-32124 aligncenter\" title=\"arno-2005-01\" src=\"https:\/\/lamagicbox.com\/magazine\/wp-content\/uploads\/2022\/05\/arno-2005-01.jpg\" alt=\"arno-2005-01\" width=\"500\" height=\"372\" srcset=\"https:\/\/lamagicbox.com\/magazine\/wp-content\/uploads\/2022\/05\/arno-2005-01.jpg 720w, https:\/\/lamagicbox.com\/magazine\/wp-content\/uploads\/2022\/05\/arno-2005-01-201x150.jpg 201w, https:\/\/lamagicbox.com\/magazine\/wp-content\/uploads\/2022\/05\/arno-2005-01-349x260.jpg 349w\" sizes=\"auto, (max-width: 500px) 100vw, 500px\" \/><em>Arno au Furia Sound Festival &#8211; 2005\u00a0\u00a9 Mike S.<\/em><\/h6>\n<p>[hr color=\u00a0\u00bbred\u00a0\u00bb]<\/p>\n<p style=\"text-align: justify;\"><span style=\"color: #800000;\"><strong>FANZ&rsquo;IN THE CITY IS BACK\u00a0<\/strong><\/span><br \/>\nApr\u00e8s de longs mois, de tr\u00e8s longs mois de silence, le fanzine malouin est de retour avec son #2 dans les bars de la r\u00e9gion de St Malo, avec de nouveaux articles&#8230;\u00a0Au programme, des chroniques des derniers albums de <a href=\"https:\/\/lamagicbox.com\/magazine\/?p=31812\">Tchewsky &amp; Wood<\/a>, <a href=\"https:\/\/lamagicbox.com\/magazine\/?p=31152\">Broken Waltz<\/a>, <a href=\"https:\/\/lamagicbox.com\/magazine\/?p=31823\">Chasseur<\/a>, <a href=\"https:\/\/lamagicbox.com\/magazine\/?p=31172\">Darcy<\/a>, <a href=\"https:\/\/lamagicbox.com\/magazine\/?p=31332\">Capric\u00f6rn<\/a>, <a href=\"https:\/\/lamagicbox.com\/magazine\/?p=31554\">EPSYLON<\/a>, <a href=\"https:\/\/lamagicbox.com\/magazine\/?p=31692\">Emmanuel TUGNY<\/a>, <a href=\"https:\/\/lamagicbox.com\/magazine\/?p=31688\">MELLANO SOYOC<\/a>, des interviews, des reportages, des photos de concerts \u00e0 La Nouvelle Vague, etc.<\/p>\n<p style=\"text-align: center;\"><img loading=\"lazy\" decoding=\"async\" class=\"wp-image-32125 aligncenter\" title=\"279144912_1140643870100799_2107927749375365957_n\" src=\"https:\/\/lamagicbox.com\/magazine\/wp-content\/uploads\/2022\/05\/279144912_1140643870100799_2107927749375365957_n.jpg\" alt=\"279144912_1140643870100799_2107927749375365957_n\" width=\"400\" height=\"400\" srcset=\"https:\/\/lamagicbox.com\/magazine\/wp-content\/uploads\/2022\/05\/279144912_1140643870100799_2107927749375365957_n.jpg 500w, https:\/\/lamagicbox.com\/magazine\/wp-content\/uploads\/2022\/05\/279144912_1140643870100799_2107927749375365957_n-150x150.jpg 150w, https:\/\/lamagicbox.com\/magazine\/wp-content\/uploads\/2022\/05\/279144912_1140643870100799_2107927749375365957_n-260x260.jpg 260w\" sizes=\"auto, (max-width: 400px) 100vw, 400px\" \/><\/p>\n<!--themify_builder_content-->\n<div id=\"themify_builder_content-32121\" data-postid=\"32121\" class=\"themify_builder_content themify_builder_content-32121 themify_builder tf_clear\">\n    <\/div>\n<!--\/themify_builder_content-->\n","protected":false},"excerpt":{"rendered":"<p>[hr color=\u00a0\u00bbred\u00a0\u00bb] [hr color=\u00a0\u00bbred\u00a0\u00bb] LA NOUVELLE ECHAPPEE\u00a0ELECTRO-JAZZ\u00a0DE IKE A l&rsquo;instar des Blur en 95, Isaac de Martin, aka IKE, sort un nouvel album baptis\u00e9 The Great Espace.\u00a0 Loin de la Pop exub\u00e9rante des anglais, IKE choisit un registre plus confidentiel, plus velout\u00e9, plus apaisant. Il permet la rencontre d&rsquo;une trompette, un sax t\u00e9nor ou une [&hellip;]<\/p>\n","protected":false},"author":1,"featured_media":0,"comment_status":"open","ping_status":"open","sticky":false,"template":"","format":"standard","meta":{"footnotes":""},"categories":[110],"tags":[2482,3385,3243,3383,3384],"class_list":["post-32121","post","type-post","status-publish","format-standard","hentry","category-news-du-mois","tag-edgar","tag-fanzin-the-city","tag-festival-saint-malo-rock-city","tag-ike","tag-isaac-de-martin","has-post-title","has-post-date","has-post-category","has-post-tag","has-post-comment","has-post-author",""],"builder_content":"","_links":{"self":[{"href":"https:\/\/lamagicbox.com\/magazine\/wp-json\/wp\/v2\/posts\/32121","targetHints":{"allow":["GET"]}}],"collection":[{"href":"https:\/\/lamagicbox.com\/magazine\/wp-json\/wp\/v2\/posts"}],"about":[{"href":"https:\/\/lamagicbox.com\/magazine\/wp-json\/wp\/v2\/types\/post"}],"author":[{"embeddable":true,"href":"https:\/\/lamagicbox.com\/magazine\/wp-json\/wp\/v2\/users\/1"}],"replies":[{"embeddable":true,"href":"https:\/\/lamagicbox.com\/magazine\/wp-json\/wp\/v2\/comments?post=32121"}],"version-history":[{"count":0,"href":"https:\/\/lamagicbox.com\/magazine\/wp-json\/wp\/v2\/posts\/32121\/revisions"}],"wp:attachment":[{"href":"https:\/\/lamagicbox.com\/magazine\/wp-json\/wp\/v2\/media?parent=32121"}],"wp:term":[{"taxonomy":"category","embeddable":true,"href":"https:\/\/lamagicbox.com\/magazine\/wp-json\/wp\/v2\/categories?post=32121"},{"taxonomy":"post_tag","embeddable":true,"href":"https:\/\/lamagicbox.com\/magazine\/wp-json\/wp\/v2\/tags?post=32121"}],"curies":[{"name":"wp","href":"https:\/\/api.w.org\/{rel}","templated":true}]}}