{"id":31182,"date":"2022-02-17T13:00:20","date_gmt":"2022-02-17T12:00:20","guid":{"rendered":"https:\/\/lamagicbox.com\/magazine\/?p=31182"},"modified":"2022-02-17T15:49:10","modified_gmt":"2022-02-17T14:49:10","slug":"maud-lubeck-1988-chroniques-dun-adieu","status":"publish","type":"post","link":"https:\/\/lamagicbox.com\/magazine\/maud-lubeck-1988-chroniques-dun-adieu\/","title":{"rendered":"Maud L\u00fcbeck &#8211; 1988, Chroniques d&rsquo;un adieu"},"content":{"rendered":"<p><span style=\"color: #800000;\"><strong>2022 \u2013 11 titres <strong>\u2013<\/strong> 31&rsquo;51<br \/>\n<\/strong><\/span><em><strong>Label : <\/strong><\/em>Cardiophonie \/\u00a0Finalistes<br \/>\n<strong><em>Style\u00a0: <\/em><\/strong>Chanson<strong>\u00a0<\/strong><br \/>\n<strong><em>Origine\u00a0:<\/em><\/strong>\u00a0France, IDF, Paris (75)<br \/>\n<em><strong>Date de sortie de l&rsquo;album :<\/strong><\/em>\u00a011 f\u00e9vrier 2022<\/p>\n<p style=\"text-align: right;\"><strong>Notre avis : [star rating=\u00a0\u00bb3.5&Prime; max=\u00a0\u00bb5&Prime;]<\/strong><\/p>\n<p style=\"text-align: right;\">\n<hr \/>\n<p style=\"text-align: right;\"><strong>Par Mike S.<\/strong><\/p>\n<p style=\"text-align: justify;\"><em><strong>\u00ab\u00a01988, Chroniques d\u2019un adieu\u00a0\u00bb\u00a0est le titre du quatri\u00e8me album de\u00a0Maud L\u00fcbeck\u00a0dont on vous avait d\u00e9j\u00e0 parl\u00e9 en 2018 avec l\u2019album\u00a0<a href=\"https:\/\/lamagicbox.com\/magazine\/?p=23568\" target=\"_blank\">Divine<\/a>.\u00a0Album \u00ab\u00a0concept\u00a0\u00bb, il d\u00e9peint en 11 tableaux l\u2019histoire tourment\u00e9e d\u2019une adolescente, en 1988.<\/strong><\/em><\/p>\n<p style=\"text-align: justify;\">Une histoire autobiographique. Cette histoire, elle la suit depuis la premi\u00e8re chanson de son premier album,\u00a0<em>Mon amour en bo\u00eete. <\/em>Et la chanteuse s&rsquo;inspire de son propre journal de 1988 pour esquisser les sujets de ce nouvel opus. Une d\u00e9marche originale qui garantit une forme de singularit\u00e9 et d&rsquo;intimit\u00e9 dans les textes.<\/p>\n<p style=\"text-align: justify;\">\n<p style=\"text-align: center;\"><iframe loading=\"lazy\" style=\"border: 0; width: 100%; height: 120px;\" src=\"https:\/\/bandcamp.com\/EmbeddedPlayer\/album=2509365145\/size=large\/bgcol=333333\/linkcol=e99708\/tracklist=false\/artwork=small\/transparent=true\/\" width=\"300\" height=\"150\" seamless=\"\"><a href=\"https:\/\/maudlubeck.bandcamp.com\/album\/1988-chroniques-dun-adieu\">1988, Chroniques d&rsquo;un adieu by Maud L\u00fcbeck<\/a><\/iframe><\/p>\n<p style=\"text-align: justify;\">C&rsquo;est la voix d&rsquo;Ir\u00e8ne Jacob qui introduit le disque et plante le d\u00e9cor de ce voyage dans le temps. Puis, un piano et des ch\u0153urs accompagnent la voix de Maud, sur <em>Un jour sur terre<\/em>, \u00e0 la fois a\u00e9rien et m\u00e9lancolique. Chuchot\u00e9s plus que chant\u00e9s, les mots de Maud sont po\u00e9tiques et attachant. Son univers rappelle toujours ceux de <strong>La F\u00e9line<\/strong>, avec ces m\u00eames \u00e9motions toujours \u00e0 fleur de peau et cette fragilit\u00e9 qui perlent de ces textes et de ces musiques intimes.<\/p>\n<p style=\"text-align: justify;\">D&rsquo;autres\u00a0autres invit\u00e9es,\u00a0<strong>Nicole Garcia<\/strong>\u00a0et\u00a0<strong>Clotilde Hesme<\/strong>, renforcent cette atmosph\u00e8re cin\u00e9matique si particuli\u00e8re, qu&rsquo;on pouvait retrouver aussi sur le premier album de <strong>Vincent Delerm<\/strong>, par exemple.<\/p>\n<p style=\"text-align: justify;\">C&rsquo;est dans une lumi\u00e8re tamis\u00e9e, ou dans l&rsquo;obscurit\u00e9 totale, que ce nouvel album de Maud L\u00fcbeck r\u00e9v\u00e8lera l&rsquo;exhaustivit\u00e9 de sa force \u00e9motionnelle et procurera\u00a0une sensation de pl\u00e9nitude ou d&rsquo;apaisement, pour peu qu&rsquo;on veuille bien l\u00e2cher prise pendant cette grosse demi-heure de quasi m\u00e9ditation.<\/p>\n<p style=\"text-align: justify;\">\u00a0<\/p>\n<hr \/>\n<p style=\"text-align: justify;\"><a href=\"http:\/\/www.maudlubeck.com\/\" target=\"_blank\">Site<\/a>\u00a0\/\u00a0<a href=\"https:\/\/www.facebook.com\/maudlubeck\" target=\"_blank\">Facebook<\/a><\/p>\n<p style=\"text-align: justify;\">\n<hr \/>\n<p style=\"text-align: justify;\"><em><strong>Line-up :<br \/>\n<\/strong><\/em>Maud L\u00fcbeck<br \/>\nAvec les voix d\u2019Ir\u00e8ne Jacob, de Clotilde Hesme et de Nicole Garcia<br \/>\n<em><strong>+<br \/>\n<\/strong><\/em>Basse\/Sm20 : Thibault Frisoni<br \/>\nViolon : Christelle Lassort<br \/>\nGuitares : Martin Lefebvre<br \/>\nBatterie : Tatiana Mladenovitch<br \/>\nVioloncelle : Mathilde Sternat<\/p>\n<p style=\"text-align: justify;\"><em><strong>Tracklist :<br \/>\n<\/strong><\/em>1.\u00a0Ouverture (avec Ir\u00e8ne Jacob) &#8211; 2&rsquo;39<br \/>\n2.\u00a0Un jour sur terre &#8211; 2&rsquo;44<br \/>\n3.\u00a0L&rsquo;\u00e9ternit\u00e9 &#8211; 3&rsquo;03<br \/>\n4.\u00a0Pourquoi &#8211; 2&rsquo;21<br \/>\n5.\u00a0Etait-ce toi (avec Clotilde Hesme) &#8211; 2&rsquo;55<br \/>\n6.\u00a0Mes lendemains &#8211; 2&rsquo;56<br \/>\n7.\u00a0En parall\u00e8le &#8211; 2&rsquo;59<br \/>\n8.\u00a0Non (avec Nicole Garcia) &#8211; 2&rsquo;25<br \/>\n9.\u00a0Aucune &#8211; 3&rsquo;16<br \/>\n10.\u00a0Au voleur &#8211; 3&rsquo;03<br \/>\n11. 1988 &#8211; 2&rsquo;30<em><strong><br \/>\n<\/strong><\/em><\/p>\n<!--themify_builder_content-->\n<div id=\"themify_builder_content-31182\" data-postid=\"31182\" class=\"themify_builder_content themify_builder_content-31182 themify_builder tf_clear\">\n    <\/div>\n<!--\/themify_builder_content-->\n","protected":false},"excerpt":{"rendered":"<p>2022 \u2013 11 titres \u2013 31&rsquo;51 Label : Cardiophonie \/\u00a0Finalistes Style\u00a0: Chanson\u00a0 Origine\u00a0:\u00a0France, IDF, Paris (75) Date de sortie de l&rsquo;album :\u00a011 f\u00e9vrier 2022 Notre avis : [star rating=\u00a0\u00bb3.5&Prime; max=\u00a0\u00bb5&Prime;] Par Mike S. \u00ab\u00a01988, Chroniques d\u2019un adieu\u00a0\u00bb\u00a0est le titre du quatri\u00e8me album de\u00a0Maud L\u00fcbeck\u00a0dont on vous avait d\u00e9j\u00e0 parl\u00e9 en 2018 avec l\u2019album\u00a0Divine.\u00a0Album \u00ab\u00a0concept\u00a0\u00bb, il [&hellip;]<\/p>\n","protected":false},"author":1,"featured_media":31184,"comment_status":"open","ping_status":"open","sticky":false,"template":"","format":"standard","meta":{"footnotes":""},"categories":[39],"tags":[2996,2284],"class_list":["post-31182","post","type-post","status-publish","format-standard","has-post-thumbnail","hentry","category-albums-francais","tag-finalistes","tag-maud-lubeck","has-post-title","has-post-date","has-post-category","has-post-tag","has-post-comment","has-post-author",""],"builder_content":"","_links":{"self":[{"href":"https:\/\/lamagicbox.com\/magazine\/wp-json\/wp\/v2\/posts\/31182","targetHints":{"allow":["GET"]}}],"collection":[{"href":"https:\/\/lamagicbox.com\/magazine\/wp-json\/wp\/v2\/posts"}],"about":[{"href":"https:\/\/lamagicbox.com\/magazine\/wp-json\/wp\/v2\/types\/post"}],"author":[{"embeddable":true,"href":"https:\/\/lamagicbox.com\/magazine\/wp-json\/wp\/v2\/users\/1"}],"replies":[{"embeddable":true,"href":"https:\/\/lamagicbox.com\/magazine\/wp-json\/wp\/v2\/comments?post=31182"}],"version-history":[{"count":0,"href":"https:\/\/lamagicbox.com\/magazine\/wp-json\/wp\/v2\/posts\/31182\/revisions"}],"wp:featuredmedia":[{"embeddable":true,"href":"https:\/\/lamagicbox.com\/magazine\/wp-json\/wp\/v2\/media\/31184"}],"wp:attachment":[{"href":"https:\/\/lamagicbox.com\/magazine\/wp-json\/wp\/v2\/media?parent=31182"}],"wp:term":[{"taxonomy":"category","embeddable":true,"href":"https:\/\/lamagicbox.com\/magazine\/wp-json\/wp\/v2\/categories?post=31182"},{"taxonomy":"post_tag","embeddable":true,"href":"https:\/\/lamagicbox.com\/magazine\/wp-json\/wp\/v2\/tags?post=31182"}],"curies":[{"name":"wp","href":"https:\/\/api.w.org\/{rel}","templated":true}]}}