{"id":31013,"date":"2022-01-07T10:10:46","date_gmt":"2022-01-07T09:10:46","guid":{"rendered":"https:\/\/lamagicbox.com\/magazine\/?p=31013"},"modified":"2022-01-28T18:40:26","modified_gmt":"2022-01-28T17:40:26","slug":"news-de-janvier-2022","status":"publish","type":"post","link":"https:\/\/lamagicbox.com\/magazine\/news-de-janvier-2022\/","title":{"rendered":"News de Janvier 2022"},"content":{"rendered":"<p>[hr color=\u00a0\u00bbred\u00a0\u00bb]<\/p>\n<p style=\"text-align: justify;\"><span style=\"color: #800000;\"><strong>JOYLINER : HUITIEME ALBUM ET PAS UNE RIDE !\u00a0<\/strong><\/span><br \/>\nAvec son air de Rock ind\u00e9 am\u00e9ricain (dans la veine de <strong>Sugar, Dinosaur Jr<\/strong>), Joyliner poursuit sur sa lanc\u00e9e depuis 25 ans sans se retourner, sans jamais regarder en arri\u00e8re, ni m\u00eame sur les c\u00f4t\u00e9s. En ce d\u00e9but d&rsquo;ann\u00e9e 2022, le quintette francilien sort ce qui n&rsquo;est pas moins que son 8e album, avec 10 nouveaux titres, aux sonorit\u00e9s Rock, et aux influences Pop, Folk et Indie. Une orchestration sobre et efficace, sans abuser sur les effets, un rythme le plus souvent mi-tempo, mais qui aime les contre-pieds, des vocaux en anglais aux accents un peu frenchy compens\u00e9s par des refrains ent\u00eatants et des jeux \u00e0 plusieurs voix. C&rsquo;est la recette parfaite pour faire de ce huiti\u00e8me opus, un album de tr\u00e8s bonne facture qu&rsquo;on aura encore envie d&rsquo;\u00e9couter dans 10 ans, comme il peut encore m&rsquo;arriver d&rsquo;\u00e9couter l&rsquo;album <strong><em>Mental<\/em><\/strong>, sorti en 2011.<br \/>\n<a href=\"https:\/\/www.facebook.com\/Joyliner-148906675240507\/timeline\/\" target=\"_blank\">Facebook<\/a>\/<a href=\"https:\/\/joyliner.bandcamp.com\/album\/check-your-pulse\" target=\"_blank\">Bandcamp<\/a>\/<a href=\"https:\/\/www.joyliner.net\/\" target=\"_blank\">Site<\/a><\/p>\n<p style=\"text-align: center;\"><iframe loading=\"lazy\" title=\"YouTube video player\" src=\"https:\/\/www.youtube.com\/embed\/vz1utd6l2hQ\" width=\"450\" height=\"253\" frameborder=\"0\" allowfullscreen=\"allowfullscreen\"><\/iframe><\/p>\n<p>[hr color=\u00a0\u00bbred\u00a0\u00bb]<\/p>\n<p style=\"text-align: justify;\"><span style=\"color: #800000;\"><strong>45 ANS D&rsquo;ACCORDEON ET UN NOUVEAU VIRAGE\u00a0<\/strong><\/span><br \/>\nLe musicien <strong>Fran\u00e7ois Castiello<\/strong>, d\u00e9j\u00e0 connu pour son activit\u00e9 d&rsquo;accord\u00e9oniste au sein des groupes <strong>Bratsch<\/strong> et <strong>Lalala Napoli<\/strong>, nous livre un tout nouveau projet baptis\u00e9<strong> VIRAGE<\/strong>. Il s&rsquo;agit cette fois d&rsquo;une formation r\u00e9duite autour de deux instruments, l&rsquo;accord\u00e9on, bien s\u00fbr, et la batterie (tenue par <strong>Cyril Gilibert<\/strong>). Le duo sort ainsi un premier album, nomm\u00e9 <strong><em>Delaco<\/em><\/strong> et dont la sortie est pr\u00e9vue le 28 janvier 2022 (<a href=\"https:\/\/business.facebook.com\/lacurieusecollectif\" target=\"_blank\">La Curieuse<\/a>\/Inou\u00efes Distribution). Au programme de cet opus un habile m\u00e9lange des genres, qui pioche autant dans le Jazz que dans la Techno. Un voyage assez inattendu, qui vous surprendra, comme avait peut-\u00eatre pu le faire, l&rsquo;album de\u00a0<a href=\"https:\/\/lamagicbox.com\/magazine\/?p=8607\" target=\"_blank\"><strong>L&rsquo;Etrangleuse<\/strong><\/a>, sorti sur le m\u00eame label. <em><a href=\"https:\/\/www.la-curieuse.com\/artiste\/virage\/\" target=\"_blank\">Plus d&rsquo;infos<\/a><\/em><\/p>\n<p style=\"text-align: center;\"><iframe loading=\"lazy\" title=\"YouTube video player\" src=\"https:\/\/www.youtube.com\/embed\/oMwTUsC8_Js\" width=\"450\" height=\"253\" frameborder=\"0\" allowfullscreen=\"allowfullscreen\"><\/iframe><\/p>\n<p>[hr color=\u00a0\u00bbred\u00a0\u00bb]<\/p>\n<p style=\"text-align: justify;\"><strong><span style=\"color: #800000;\">LES NOUVELLES CHRONIQUES DE MAUD L\u00dcBECK<br \/>\n<\/span><\/strong><em><strong><img loading=\"lazy\" decoding=\"async\" class=\"alignleft size-full wp-image-31016\" title=\"maud-lubeck-2022\" src=\"https:\/\/lamagicbox.com\/magazine\/wp-content\/uploads\/2021\/12\/maud-lubeck-2022.jpg\" alt=\"maud-lubeck-2022\" width=\"150\" height=\"150\" srcset=\"https:\/\/lamagicbox.com\/magazine\/wp-content\/uploads\/2021\/12\/maud-lubeck-2022.jpg 150w, https:\/\/lamagicbox.com\/magazine\/wp-content\/uploads\/2021\/12\/maud-lubeck-2022-120x120.jpg 120w\" sizes=\"auto, (max-width: 150px) 100vw, 150px\" \/>\u00ab\u00a0<\/strong><\/em><em><strong>1988, Chroniques d&rsquo;un adieu\u00a0\u00bb<\/strong><\/em>\u00a0sera le titre du quatri\u00e8me album de\u00a0<strong>Maud L\u00fcbeck<\/strong>\u00a0dont on vous avait d\u00e9j\u00e0 parl\u00e9 en 2018 avec l&rsquo;album<strong><em> <a href=\"https:\/\/lamagicbox.com\/magazine\/?p=23568\" target=\"_blank\">Divine<\/a>.<\/em><\/strong>\u00a0Album \u00ab\u00a0concept\u00a0\u00bb, il d\u00e9peint en 11 tableaux l&rsquo;histoire tourment\u00e9e d&rsquo;une adolescente, en 1988.<br \/>\nUne histoire autobiographique ? En tout, cette histoire, elle la suit depuis la premi\u00e8re chanson de son premier album,\u00a0<em>Mon amour en bo\u00eete.<br \/>\n<\/em>Parmi les invit\u00e9s de cet album au combien cin\u00e9matographique,\u00a0<strong>Nicole Garcia<\/strong>,\u00a0<strong>Ir\u00e8ne Jacob<\/strong>\u00a0et\u00a0<strong>Clotilde Hesme<\/strong>.<br \/>\nLe premier single, Au voleur, sort le 7 janvier mais il faudra attendre le 11 f\u00e9vrier pour entendre l&rsquo;album en entier.<\/p>\n<p style=\"text-align: justify;\">[hr color=\u00a0\u00bbred\u00a0\u00bb]<\/p>\n<p style=\"text-align: justify;\"><span style=\"color: #800000;\"><b>ROUTE DU ROCK &#8211; LA COLLECTION HIVER 2022<br \/>\n<a href=\"https:\/\/www.laroutedurock.com\/\" rel=\"attachment wp-att-31019\"><img loading=\"lazy\" decoding=\"async\" class=\"alignright size-full wp-image-31019\" title=\"larouteudrock-hiver-2022\" src=\"https:\/\/lamagicbox.com\/magazine\/wp-content\/uploads\/2021\/12\/larouteudrock-hiver-2022.jpg\" alt=\"larouteudrock-hiver-2022\" width=\"207\" height=\"150\" \/><\/a><\/b><\/span>Inchallah ! Les organisateurs de la Route du Rock tentent de revenir avec une 16\u00e8me \u00e9dition pr\u00e9vue du 9 au 12 mars 2022 \u00e0 Saint-Malo &amp; Rennes.\u00a0Les premiers groupes confirm\u00e9s \u00e0 la Nouvelle Vague de Saint-Malo sont :\u00a0<b>Altin G\u00fcn<\/b>,\u00a0<b>Zombie Zombie<\/b>,\u00a0<b>Anika<\/b>, <b>The Apartments<\/b>,\u00a0<b>Sinead O\u2019Brien<\/b>, <b>Folly Group<\/b>,\u00a0<b>Camera<\/b>,\u00a0<b>The Lounge Society<\/b>\u00a0et\u00a0<b>English Teacher<\/b>.<br \/>\nPlus d&rsquo;infos : <a href=\"https:\/\/www.laroutedurock.com\/\" target=\"_blank\">laroutedurock.com<\/a><\/p>\n<p style=\"text-align: justify;\">[hr color=\u00a0\u00bbred\u00a0\u00bb]<\/p>\n<p class=\"cdtitle\" style=\"text-align: justify;\"><span style=\"color: #800000;\"><strong>EELS &#8211; APPRENTIS SORCIER<\/strong><\/span><br \/>\n<strong><em>Extreme Whitchcraft<\/em><\/strong> (Sorcellerie extr\u00eame) est le titre du\u00a014e\u00a0album de Eels qui sort le 28 janvier 2022 (E Works\/ [PIAS]).\u00a0A peine plus d&rsquo;un an apr\u00e8s la sortie de son album <strong><em>Earth To Dora<\/em><\/strong>, EELS ou plut\u00f4t Mark Oliver Everett (alias E) a coproduit l&rsquo;album avec le producteur et guitariste de PJ Harvey, John Parish (d\u00e9j\u00e0 pr\u00e9sent sur le m\u00e9morable <strong><em>Souljacker<\/em><\/strong> (2001). Le premier single s&rsquo;intitule <em>Good Night On Earth<\/em> et pr\u00e9sage d&rsquo;un album Rock et \u00e9pileptique !<\/p>\n<p class=\"cdtitle\" style=\"text-align: center;\"><iframe loading=\"lazy\" title=\"YouTube video player\" src=\"https:\/\/www.youtube.com\/embed\/euRULwGb44E\" width=\"450\" height=\"253\" frameborder=\"0\" allowfullscreen=\"allowfullscreen\"><\/iframe><\/p>\n<p class=\"cdtitle\" style=\"text-align: justify;\">[hr color=\u00a0\u00bbred\u00a0\u00bb]<\/p>\n<p class=\"cdtitle\" style=\"text-align: justify;\"><span style=\"color: #800000;\"><strong>FOGGY BOTTOM 100% FRENCHY !\u00a0<\/strong><\/span><br \/>\n2 ans apr\u00e8s leur 7 titres,\u00a0<a title=\"Foggy Bottom \u2013 Une histoire \u00e0 l\u2019envers\" href=\"https:\/\/lamagicbox.com\/magazine\/?p=26160\">Une histoire \u00e0 l\u2019envers<\/a>, chroniqu\u00e9 dans nos pages, le groupe lorrain\u00a0<strong>Foggy<\/strong> Bottom remet le couvert avec un nouvel<img loading=\"lazy\" decoding=\"async\" class=\"alignright size-full wp-image-31022\" title=\"foggy-bottom-2022\" src=\"https:\/\/lamagicbox.com\/magazine\/wp-content\/uploads\/2021\/12\/foggy-bottom-2022.jpg\" alt=\"foggy-bottom-2022\" width=\"150\" height=\"150\" srcset=\"https:\/\/lamagicbox.com\/magazine\/wp-content\/uploads\/2021\/12\/foggy-bottom-2022.jpg 150w, https:\/\/lamagicbox.com\/magazine\/wp-content\/uploads\/2021\/12\/foggy-bottom-2022-100x100.jpg 100w, https:\/\/lamagicbox.com\/magazine\/wp-content\/uploads\/2021\/12\/foggy-bottom-2022-120x120.jpg 120w\" sizes=\"auto, (max-width: 150px) 100vw, 150px\" \/> album, 10 titres cette fois, baptis\u00e9\u00a0<strong><em>\u00ab\u00a0Dans Cet Endroit\u00a0\u00bb<\/em><\/strong>, \u00e0 para\u00eetre le 28\/01\/2022 sur <a href=\"https:\/\/nineteensomething.fr\/2018\/01\/31\/foggy-bottom-dans-cet-endroit\/\" target=\"_blank\">Twenty Something<\/a>, Distribution [Integral].<br \/>\nLe nouvel album sera enti\u00e8rement en fran\u00e7ais et int\u00e9grera cette fois des claviers, sans retirer le son <em>noisy pop<\/em> qui fait leur marque de fabrique !<br \/>\nOn l&rsquo;\u00e9coute et on vous en dit plus dans quelques semaines !<br \/>\n<a href=\"https:\/\/www.facebook.com\/lesfoggybottom\" target=\"_blank\">FB<\/a><\/p>\n<p class=\"cdtitle\" style=\"text-align: justify;\">[hr color=\u00a0\u00bbred\u00a0\u00bb]<\/p>\n<p class=\"cdtitle\" style=\"text-align: justify;\"><span style=\"color: #800000;\"><strong>TEDDY&rsquo;S BEER<\/strong><\/span><br \/>\nPetit coup de pouce \u00e0 cette jeune pouce au nom amusant mais au son s\u00e9rieusement ent\u00eatant ! Compos\u00e9 de\u00a0deux jeunes ing\u00e9nieurs et musiciens fran\u00e7ais passionn\u00e9s de musique, Teddy&rsquo;s Beer a sorti le 26 novembre dernier,\u00a0<strong><em>\u00ab\u00a0No\u00a0Prohibition\u00a0\u00bb<\/em><\/strong>, une exp\u00e9rimentation musicale qui m\u00eale\u00a0Rock, Reggaeton, Funk, Classique, Rap etc.<br \/>\nA d\u00e9couvrir notamment sur leur <a href=\"https:\/\/soundcloud.com\/teddys-beer\" target=\"_blank\">Soundcloud<\/a>\u00a0et\u00a0<a href=\"https:\/\/www.facebook.com\/TeddysBeerFr\/\" target=\"_blank\">FB<\/a>.<\/p>\n<p class=\"cdtitle\" style=\"text-align: center;\"><iframe loading=\"lazy\" src=\"https:\/\/w.soundcloud.com\/player\/?url=https%3A\/\/api.soundcloud.com\/tracks\/1158759148&amp;color=%23ff5500&amp;auto_play=false&amp;hide_related=false&amp;show_comments=true&amp;show_user=true&amp;show_reposts=false&amp;show_teaser=true&amp;visual=true\" width=\"100%\" height=\"300\" frameborder=\"no\" scrolling=\"no\"><\/iframe><\/p>\n<p class=\"cdtitle\" style=\"text-align: justify;\">[hr color=\u00a0\u00bbred\u00a0\u00bb]<\/p>\n<div style=\"font-size: 10px; color: #cccccc; line-break: anywhere; word-break: normal; overflow: hidden; white-space: nowrap; text-overflow: ellipsis; font-family: Interstate,Lucida Grande,Lucida Sans Unicode,Lucida Sans,Garuda,Verdana,Tahoma,sans-serif; font-weight: 100;\"><a style=\"color: #cccccc; text-decoration: none;\" title=\"Teddy's Beer\" href=\"https:\/\/soundcloud.com\/teddys-beer\" target=\"_blank\">Teddy&rsquo;s Beer<\/a> \u00b7 <a style=\"color: #cccccc; text-decoration: none;\" title=\"Crown\" href=\"https:\/\/soundcloud.com\/teddys-beer\/crown\" target=\"_blank\">Crown<\/a><\/div>\n<!--themify_builder_content-->\n<div id=\"themify_builder_content-31013\" data-postid=\"31013\" class=\"themify_builder_content themify_builder_content-31013 themify_builder tf_clear\">\n    <\/div>\n<!--\/themify_builder_content-->\n","protected":false},"excerpt":{"rendered":"<p>[hr color=\u00a0\u00bbred\u00a0\u00bb] JOYLINER : HUITIEME ALBUM ET PAS UNE RIDE !\u00a0 Avec son air de Rock ind\u00e9 am\u00e9ricain (dans la veine de Sugar, Dinosaur Jr), Joyliner poursuit sur sa lanc\u00e9e depuis 25 ans sans se retourner, sans jamais regarder en arri\u00e8re, ni m\u00eame sur les c\u00f4t\u00e9s. En ce d\u00e9but d&rsquo;ann\u00e9e 2022, le quintette francilien sort [&hellip;]<\/p>\n","protected":false},"author":1,"featured_media":0,"comment_status":"open","ping_status":"open","sticky":false,"template":"","format":"standard","meta":{"footnotes":""},"categories":[110],"tags":[3287,185,3260,3292,457,2284,3261],"class_list":["post-31013","post","type-post","status-publish","format-standard","hentry","category-news-du-mois","tag-cyril-gilibert","tag-eels","tag-francois-castiello","tag-joyliner","tag-la-route-du-rock","tag-maud-lubeck","tag-virage","has-post-title","has-post-date","has-post-category","has-post-tag","has-post-comment","has-post-author",""],"builder_content":"","_links":{"self":[{"href":"https:\/\/lamagicbox.com\/magazine\/wp-json\/wp\/v2\/posts\/31013","targetHints":{"allow":["GET"]}}],"collection":[{"href":"https:\/\/lamagicbox.com\/magazine\/wp-json\/wp\/v2\/posts"}],"about":[{"href":"https:\/\/lamagicbox.com\/magazine\/wp-json\/wp\/v2\/types\/post"}],"author":[{"embeddable":true,"href":"https:\/\/lamagicbox.com\/magazine\/wp-json\/wp\/v2\/users\/1"}],"replies":[{"embeddable":true,"href":"https:\/\/lamagicbox.com\/magazine\/wp-json\/wp\/v2\/comments?post=31013"}],"version-history":[{"count":0,"href":"https:\/\/lamagicbox.com\/magazine\/wp-json\/wp\/v2\/posts\/31013\/revisions"}],"wp:attachment":[{"href":"https:\/\/lamagicbox.com\/magazine\/wp-json\/wp\/v2\/media?parent=31013"}],"wp:term":[{"taxonomy":"category","embeddable":true,"href":"https:\/\/lamagicbox.com\/magazine\/wp-json\/wp\/v2\/categories?post=31013"},{"taxonomy":"post_tag","embeddable":true,"href":"https:\/\/lamagicbox.com\/magazine\/wp-json\/wp\/v2\/tags?post=31013"}],"curies":[{"name":"wp","href":"https:\/\/api.w.org\/{rel}","templated":true}]}}