{"id":30499,"date":"2021-11-10T23:58:39","date_gmt":"2021-11-10T22:58:39","guid":{"rendered":"https:\/\/lamagicbox.com\/magazine\/?p=30499"},"modified":"2024-02-07T09:33:43","modified_gmt":"2024-02-07T08:33:43","slug":"clara-luciani-a-la-rockhal-esch-sur-alzette-lux","status":"publish","type":"post","link":"https:\/\/lamagicbox.com\/magazine\/clara-luciani-a-la-rockhal-esch-sur-alzette-lux\/","title":{"rendered":"Clara Luciani \u00e0 La Rockhal &#8211; Esch Sur Alzette (Lux)"},"content":{"rendered":"<h2 style=\"text-align: left;\"><span style=\"color: #333333;\"><img loading=\"lazy\" decoding=\"async\" class=\"size-full wp-image-30502 alignleft\" title=\"Clara Luciani - Tour 2021\" src=\"https:\/\/lamagicbox.com\/magazine\/wp-content\/uploads\/2021\/11\/Clara-Luciani-Tour-2021.jpg\" alt=\"Clara Luciani - Tour 2021\" width=\"150\" height=\"225\" srcset=\"https:\/\/lamagicbox.com\/magazine\/wp-content\/uploads\/2021\/11\/Clara-Luciani-Tour-2021.jpg 150w, https:\/\/lamagicbox.com\/magazine\/wp-content\/uploads\/2021\/11\/Clara-Luciani-Tour-2021-100x150.jpg 100w\" sizes=\"auto, (max-width: 150px) 100vw, 150px\" \/>La Rockhal \/<\/span><\/h2>\n<h2 style=\"text-align: left;\" align=\"JUSTIFY\"><span style=\"color: #800000;\">Clara Luciani \/<\/span><\/h2>\n<h2 style=\"text-align: left;\"><span style=\"color: #333333;\">Le 10 Novembre 2021 \u2013 Esch Sur Alzette (Lux) \/<\/span><\/h2>\n<h2 style=\"text-align: left;\" align=\"JUSTIFY\"><span style=\"color: #800000;\"><span style=\"text-decoration: underline;\">Notre avis<\/span>\u00a0: [star rating=\u00a0\u00bb5&Prime; max=\u00a0\u00bb5&Prime;]<\/span><\/h2>\n<hr \/>\n<p style=\"text-align: justify;\"><em><strong>Couronn\u00e9e de\u00a02 Victoires De La Musique (\u00ab\u00a0R\u00e9v\u00e9lation Sc\u00e8ne \u00bb en 2019 et\u00a0\u00ab Artiste F\u00e9minine \u00bb en 2020 ), Clara Luciani \u00e9tait de passage \u00e0 La Rockhal ce mercredi soir. L\u2019artiste nous a offert un spectacle flamboyant dans le cadre de la tourn\u00e9e qui accompagne le nouvel album \u00ab C\u0153ur \u00bb sorti le 11 juin dernier. Cet opus succ\u00e8de \u00e0 \u00ab Sainte-Victoire \u00bb, son premier album multi-platine encens\u00e9 par la critique. Clara Luciani a illumin\u00e9 la grande salle de La Rockhal !<\/strong><\/em><\/p>\n<h2><strong><span lang=\"fr-BE\"><span style=\"color: #800000;\">CLARA LUCIANI<\/span><br \/><\/span><\/strong><\/h2>\n<p style=\"text-align: justify;\">L&rsquo;artiste\u00a0prend possession de la sc\u00e8ne \u00e0 21h15 pr\u00e9cise. Elle appara\u00eet dans une magnifique tenue \u00e0 paillettes, accompagn\u00e9e d\u2019une formation compl\u00e8te (guitare, basse, batterie, synth\u00e9s et 3 choristes). Les festivit\u00e9s sont lanc\u00e9es avec \u00ab C\u0153ur \u00bb, premier titre du nouvel album \u00e9ponyme. D\u00e8s le d\u00e9part, une belle \u00e9nergie s&rsquo;installe. Les musiciens, cheveux longs et patte d\u2019eph, contribuent pleinement \u00e0 la dynamique. Les sonorit\u00e9s propos\u00e9es et les attitudes sont plut\u00f4t rock. Les seventies sont \u00e0 l\u2019honneur, rock et disco, \u00e0 l&rsquo;image des morceaux du nouvel album. Le d\u00e9cor fait \u00e9galement la part belle \u00e0 cette d\u00e9cennie. Tr\u00e8s flower power ! L\u2019artiste adresse ses premiers mots \u00e0 la salle. <em>Bonsoir La Rockhal\u00a0! Est-ce que vous allez bien\u00a0?<\/em> \u00ab Amour Toujours \u00bb nous est ensuite propos\u00e9.\u00a0Clara communique beaucoup avec le public. Avec de la d\u00e9rision, de l\u2019humour. Plut\u00f4t loquace, elle introduit et annonce r\u00e9guli\u00e8rement les chansons, sans en faire trop, juste ce qu&rsquo;il faut. <em>Avez-vous remarqu\u00e9 mon costume tr\u00e8s inspir\u00e9 de Claude Fran\u00e7ois ?<\/em>\u00a0<em>Je vais vous raconter un peu ma vie&#8230; Il y a 3 jours, j\u2019\u00e9tais compl\u00e8tement aphone&#8230; Je r\u00e9cup\u00e8re petit \u00e0 petit&#8230; Je suis heureuse de pouvoir retrouver ma voix&#8230; Elle n\u2019est pas encore totalement revenue\u2026 On va apprendre \u00e0 se conna\u00eetre&#8230; Vous allez \u00eatre oblig\u00e9s de commencer \u00e0 danser\u2026<\/em> \u00ab Nue \u00bb est ainsi amen\u00e9, suivi de \u00ab Bandit \u00bb et \u00ab Comme Toi \u00bb. Clara demande un tonnerre d\u2019applaudissements pour Benjamin qui officie \u00e0 la guitare, et \u00ab Monstre D\u2019Amour \u00bb est envoy\u00e9 dans la foul\u00e9e. La sinc\u00e9rit\u00e9 et la chaleur de l\u2019artiste se ressentent pleinement. Le public chante, danse et applaudit g\u00e9n\u00e9reusement chacun des morceaux. Le show se poursuit avec \u00ab Les Fleurs \u00bb et l\u2019accueil est chaleureux une nouvelle fois.\u00a0<em>Merci beaucoup\u00a0! On peut allumer que je vois comme vous \u00eates beaux ? Vous \u00eates venus nombreux\u2026<\/em> Environ 3000 personnes se sont r\u00e9unies ce soir pour venir partager ce beau moment.<\/p>\n<p style=\"text-align: justify;\"><img loading=\"lazy\" decoding=\"async\" class=\"size-full wp-image-30505 aligncenter\" title=\"Clara Luciani (1) (2021)\" src=\"https:\/\/lamagicbox.com\/magazine\/wp-content\/uploads\/2021\/11\/Clara-Luciani-1-2021.jpg\" alt=\"Clara Luciani (1) (2021)\" width=\"500\" height=\"375\" srcset=\"https:\/\/lamagicbox.com\/magazine\/wp-content\/uploads\/2021\/11\/Clara-Luciani-1-2021.jpg 500w, https:\/\/lamagicbox.com\/magazine\/wp-content\/uploads\/2021\/11\/Clara-Luciani-1-2021-200x150.jpg 200w, https:\/\/lamagicbox.com\/magazine\/wp-content\/uploads\/2021\/11\/Clara-Luciani-1-2021-400x300.jpg 400w\" sizes=\"auto, (max-width: 500px) 100vw, 500px\" \/><\/p>\n<p style=\"text-align: justify;\"><em>Je suis chanceuse\u2026 Je trouve que c\u2019est extraordinaire de vivre \u00e7a\u2026<\/em> <em>Chaque soir, je suis dans une ville diff\u00e9rente. Cette chanson, je l\u2019ai \u00e9crite pour Aix En Provence&#8230; Ce soir, elle est pour La Rockhal&#8230;\u00a0<\/em>\u00ab La Place \u00bb nous est alors propos\u00e9(e), encha\u00eenant avec \u00ab Mon Ombre \u00bb. Une pause va \u00eatre r\u00e9alis\u00e9e dans ce tour de chant dans la mesure o\u00f9 une personne a fait un malaise dans la salle. Clara prend soin de son public. Le temps de s\u2019occuper de cette personne et le concert reprend avec \u00ab Respire Encore \u00bb, titre qui a donn\u00e9 le nom \u00e0 la tourn\u00e9e. L\u2019artiste indique l\u2019importance du retour de la culture, des concerts, des retrouvailles&#8230; Il faut dire qu\u2019apr\u00e8s avoir \u00e9t\u00e9 priv\u00e9s de spectacles pendant plusieurs mois, la chanteuse et son public sont ravis de se retrouver et ne boudent pas leur plaisir. L\u2019ambiance est \u00e9lectrique. Le groupe re\u00e7oit une nouvelle ovation. <em>Merci\u00a0! C\u2019est tellement bon\u00a0! Merci beaucoup\u00a0!!!<\/em> La chanteuse change radicalement de registre en nous proposant \u00ab J\u2019Sais Pas Plaire \u00bb, une chanson tr\u00e8s intimiste. Accompagn\u00e9e de ses 3 choristes,<em> ses 3 sir\u00e8nes, <\/em>elle demande \u00e0 la salle <em>une nuit \u00e9toil\u00e9e avec les leds des t\u00e9l\u00e9phones portables<\/em>. Le public chante et nous offre un joli moment de communion. Le show se poursuit avec \u00ab Sad &amp; Slow \u00bb, normalement interpr\u00e9t\u00e9 en duo avec Julien Dor\u00e9 sur l&rsquo;album.\u00a0<em>Soyez mes Julien Dor\u00e9 ce soir\u2026<\/em> Le public reprend en choeur. <em>Vous \u00eates merveilleux\u00a0! Pour le prochain album, je fais un duo avec La Rockhal\u00a0!<\/em> Clara nous propose ensuite <em>sa chanson de s\u00e9duction <\/em>:\u00a0\u00ab Tout Le Monde (Sauf Toi) \u00bb. \u00ab Le Chanteur \u00bb est envoy\u00e9 dans la foul\u00e9e, suivi de 2 tubes : \u00ab Le Reste \u00bb et \u00ab La Grenade \u00bb. La formation quitte alors la sc\u00e8ne pour le traditionnel rappel. Le retour est fait avec \u00ab La Baie \u00bb de Metronomy, et \u00ab Ma Soeur \u00bb nous am\u00e8ne petit \u00e0 petit \u00e0 la fin du show. C&rsquo;est avec \u00ab Au Revoir \u00bb &#8211; de circonstance &#8211; que le set se termine. Clara Luciani re\u00e7oit une derni\u00e8re ovation avant de quitter la sc\u00e8ne \u00e0 l&rsquo;issue de ce moment fort, chaleureux et intense. La Rockhal a des \u00e9toiles plein les yeux !\u00a0Une jolie prestation\u00a0! Un beau moment de partage !<\/p>\n<p><img loading=\"lazy\" decoding=\"async\" class=\"size-full wp-image-30506 aligncenter\" title=\"Clara Luciani (2) (2021)\" src=\"https:\/\/lamagicbox.com\/magazine\/wp-content\/uploads\/2021\/11\/Clara-Luciani-2-2021.jpg\" alt=\"Clara Luciani (2) (2021)\" width=\"500\" height=\"375\" srcset=\"https:\/\/lamagicbox.com\/magazine\/wp-content\/uploads\/2021\/11\/Clara-Luciani-2-2021.jpg 500w, https:\/\/lamagicbox.com\/magazine\/wp-content\/uploads\/2021\/11\/Clara-Luciani-2-2021-200x150.jpg 200w, https:\/\/lamagicbox.com\/magazine\/wp-content\/uploads\/2021\/11\/Clara-Luciani-2-2021-400x300.jpg 400w\" sizes=\"auto, (max-width: 500px) 100vw, 500px\" \/><\/p>\n<p><strong><span style=\"text-decoration: underline;\">Clara Luciani<\/span> :\u00a0<a href=\"https:\/\/www.facebook.com\/claralucianimusique\" target=\"_blank\" rel=\"noopener\">Facebook<\/a>\u00a0\/\u00a0<a href=\"https:\/\/www.instagram.com\/jesuisclaraluciani\/?hl=fr\" target=\"_blank\" rel=\"noopener\">Instagram<\/a>\u00a0\/ <a href=\"https:\/\/www.youtube.com\/channel\/UCfEE7VQC9xLMzNssS7y3APA\" target=\"_blank\" rel=\"noopener\">Youtube<\/a>\u00a0\/ <a href=\"https:\/\/claraluciani.store\/\" target=\"_blank\" rel=\"noopener\">Site Officiel<\/a><\/strong><\/p>\n<p><strong><span style=\"text-decoration: underline;\">Line Up<\/span> :<\/strong><\/p>\n<p>Clara Luciani au chant, \u00e0 la guitare.<br \/>Mathieu \u00e0 la batterie.<br \/>Alban aux synth\u00e9s.<br \/>Pierre \u00e0 la basse.<br \/>Benjamin \u00e0 la guitare.<br \/>Les 3 Sir\u00e8nes.<\/p>\n<p class=\"western\" style=\"text-align: left;\"><strong><span style=\"text-decoration: underline;\">Les photos de la soir\u00e9e<\/span>\u00a0: <a href=\"https:\/\/www.facebook.com\/media\/set\/?vanity=LaMagicBoxWebzine&amp;set=a.2865510133671481\" target=\"_blank\" rel=\"noopener\">ici<\/a>.<\/strong><\/p>\n<p class=\"western\" style=\"text-align: left;\"><span style=\"text-decoration: underline;\">Photos<\/span>\u00a0: Fabrice A.<\/p>\n<p class=\"western\" style=\"text-align: left;\">#Live \/ #Report \/ #LiveReport \/ #Review \/ #LiveReview \/ #Photos \/ #Pictures.<\/p>\n<hr \/>\n<p>\u00a0<\/p>\n<!--themify_builder_content-->\n<div id=\"themify_builder_content-30499\" data-postid=\"30499\" class=\"themify_builder_content themify_builder_content-30499 themify_builder tf_clear\">\n    <\/div>\n<!--\/themify_builder_content-->","protected":false},"excerpt":{"rendered":"<p>La Rockhal \/ Clara Luciani \/ Le 10 Novembre 2021 \u2013 Esch Sur Alzette (Lux) \/ Notre avis\u00a0: [star rating=\u00a0\u00bb5&Prime; max=\u00a0\u00bb5&Prime;] Couronn\u00e9e de\u00a02 Victoires De La Musique (\u00ab\u00a0R\u00e9v\u00e9lation Sc\u00e8ne \u00bb en 2019 et\u00a0\u00ab Artiste F\u00e9minine \u00bb en 2020 ), Clara Luciani \u00e9tait de passage \u00e0 La Rockhal ce mercredi soir. L\u2019artiste nous a offert un [&hellip;]<\/p>\n","protected":false},"author":4,"featured_media":30507,"comment_status":"open","ping_status":"open","sticky":false,"template":"","format":"standard","meta":{"footnotes":""},"categories":[57,53],"tags":[3238,301,269,302],"class_list":["post-30499","post","type-post","status-publish","format-standard","has-post-thumbnail","hentry","category-reportage-concert","category-reportages","tag-clara-luciani","tag-esch-sur-alzette","tag-la-rockhal","tag-luxembourg","has-post-title","has-post-date","has-post-category","has-post-tag","has-post-comment","has-post-author",""],"builder_content":"","_links":{"self":[{"href":"https:\/\/lamagicbox.com\/magazine\/wp-json\/wp\/v2\/posts\/30499","targetHints":{"allow":["GET"]}}],"collection":[{"href":"https:\/\/lamagicbox.com\/magazine\/wp-json\/wp\/v2\/posts"}],"about":[{"href":"https:\/\/lamagicbox.com\/magazine\/wp-json\/wp\/v2\/types\/post"}],"author":[{"embeddable":true,"href":"https:\/\/lamagicbox.com\/magazine\/wp-json\/wp\/v2\/users\/4"}],"replies":[{"embeddable":true,"href":"https:\/\/lamagicbox.com\/magazine\/wp-json\/wp\/v2\/comments?post=30499"}],"version-history":[{"count":2,"href":"https:\/\/lamagicbox.com\/magazine\/wp-json\/wp\/v2\/posts\/30499\/revisions"}],"predecessor-version":[{"id":38342,"href":"https:\/\/lamagicbox.com\/magazine\/wp-json\/wp\/v2\/posts\/30499\/revisions\/38342"}],"wp:featuredmedia":[{"embeddable":true,"href":"https:\/\/lamagicbox.com\/magazine\/wp-json\/wp\/v2\/media\/30507"}],"wp:attachment":[{"href":"https:\/\/lamagicbox.com\/magazine\/wp-json\/wp\/v2\/media?parent=30499"}],"wp:term":[{"taxonomy":"category","embeddable":true,"href":"https:\/\/lamagicbox.com\/magazine\/wp-json\/wp\/v2\/categories?post=30499"},{"taxonomy":"post_tag","embeddable":true,"href":"https:\/\/lamagicbox.com\/magazine\/wp-json\/wp\/v2\/tags?post=30499"}],"curies":[{"name":"wp","href":"https:\/\/api.w.org\/{rel}","templated":true}]}}