{"id":30254,"date":"2021-10-08T23:59:32","date_gmt":"2021-10-08T21:59:32","guid":{"rendered":"https:\/\/lamagicbox.com\/magazine\/?p=30254"},"modified":"2024-02-07T09:37:03","modified_gmt":"2024-02-07T08:37:03","slug":"miossec-la-chica-a-la-salle-poirel-nancy-54","status":"publish","type":"post","link":"https:\/\/lamagicbox.com\/magazine\/miossec-la-chica-a-la-salle-poirel-nancy-54\/","title":{"rendered":"Miossec + La Chica \u00e0 La Salle Poirel &#8211; Nancy (54)"},"content":{"rendered":"<h2 style=\"text-align: left;\"><span style=\"color: #333333;\"><img loading=\"lazy\" decoding=\"async\" class=\"size-full wp-image-30190 alignleft\" title=\"NJP 2021\" src=\"https:\/\/lamagicbox.com\/magazine\/wp-content\/uploads\/2021\/10\/NJP-2021.jpg\" alt=\"NJP 2021\" width=\"150\" height=\"225\" srcset=\"https:\/\/lamagicbox.com\/magazine\/wp-content\/uploads\/2021\/10\/NJP-2021.jpg 150w, https:\/\/lamagicbox.com\/magazine\/wp-content\/uploads\/2021\/10\/NJP-2021-100x150.jpg 100w\" sizes=\"auto, (max-width: 150px) 100vw, 150px\" \/>La\u00a0Salle Poirel \/<\/span><\/h2>\n<h2 style=\"text-align: left;\" align=\"JUSTIFY\"><span style=\"color: #800000;\">Miossec + La Chica \/<\/span><\/h2>\n<h2 style=\"text-align: left;\"><span style=\"color: #333333;\">Le 08 Octobre 2021 \u2013 Nancy (54) \/<\/span><\/h2>\n<h2 style=\"text-align: left;\" align=\"JUSTIFY\"><span style=\"color: #800000;\"><span style=\"text-decoration: underline;\">Notre avis<\/span>\u00a0: [star rating=\u00a0\u00bb4&Prime; max=\u00a0\u00bb5&Prime;]<\/span><\/h2>\n<hr \/>\n<p style=\"text-align: justify;\"><em><strong>Miossec \u00e9tait de passage ce vendredi soir \u00e0 La Salle Poirel dans le cadre du Festival Nancy Jazz Pulsations et de la tourn\u00e9e des 25 ans de l&rsquo;album \u00ab Boire \u00bb sorti en 1995. Cet opus a \u00e9t\u00e9 un choc pour beaucoup d\u2019amateurs de rock et de chanson fran\u00e7aise. L&rsquo;artiste nous a propos\u00e9 un joli coup d\u2019\u0153il dans le r\u00e9troviseur, nous offrant un moment fort en \u00e9motion, intense et tr\u00e8s rock. La premi\u00e8re partie de soir\u00e9e \u00e9tait assur\u00e9e par La Chica.<\/strong><\/em><\/p>\n<h2><span style=\"color: #800000;\"><strong><span lang=\"fr-BE\">LA CHICA<\/span><\/strong><\/span><\/h2>\n<p style=\"text-align: justify;\">La Chica ou La Chica Belleville (en hommage au quartier o\u00f9 elle a grandi) est une chanteuse et musicienne franco-v\u00e9n\u00e9zu\u00e9lienne. Fortement inspir\u00e9e par sa double culture, elle d\u00e9crit sa musique comme un \u00ab collage \u00bb de diverses influences allant du folklore du Venezuela, le pays d\u2019origine de sa m\u00e8re, \u00e0 l\u2019\u00e9lectro pop exp\u00e9rimentale. C\u2019est autour du piano que s\u2019est cr\u00e9\u00e9 son univers, m\u00e9langeant habilement ses inspirations classiques \u00e0 la profondeur des nappes de synth\u00e9tiseurs analogiques et aux rythmiques contemporaines. Sans masque, la chanteuse franco-v\u00e9n\u00e9zu\u00e9lienne transmet une \u00e9motion \u00e0 l\u2019\u00e9tat brut, m\u00ealant pop \u00e9lectronique et textes en espagnol, et son premier album Cambio (sorti en f\u00e9vrier 2019) est une ode \u00e0 la fois d\u00e9licate et enflamm\u00e9e au multiculturalisme.<\/p>\n<p style=\"text-align: justify;\"><img loading=\"lazy\" decoding=\"async\" class=\"size-full wp-image-30301 aligncenter\" title=\"La Chica (2021)\" src=\"https:\/\/lamagicbox.com\/magazine\/wp-content\/uploads\/2021\/10\/La-Chica-2021.jpg\" alt=\"La Chica (2021)\" width=\"500\" height=\"375\" srcset=\"https:\/\/lamagicbox.com\/magazine\/wp-content\/uploads\/2021\/10\/La-Chica-2021.jpg 500w, https:\/\/lamagicbox.com\/magazine\/wp-content\/uploads\/2021\/10\/La-Chica-2021-200x150.jpg 200w, https:\/\/lamagicbox.com\/magazine\/wp-content\/uploads\/2021\/10\/La-Chica-2021-400x300.jpg 400w\" sizes=\"auto, (max-width: 500px) 100vw, 500px\" \/><\/p>\n<p style=\"text-align: left;\"><strong><span style=\"text-decoration: underline;\">La Chica<\/span>\u00a0:\u00a0<\/strong><strong><a href=\"https:\/\/www.facebook.com\/LaChicaBelleville\" target=\"_blank\" rel=\"noopener\">Facebook<\/a>\u00a0\/\u00a0<a href=\"https:\/\/www.instagram.com\/lachicabelleville\/\" target=\"_blank\" rel=\"noopener\">Instagram<\/a>\u00a0\/\u00a0<a href=\"https:\/\/www.youtube.com\/channel\/UC1fQa2M_aAZPyefWktgjorw\" target=\"_blank\" rel=\"noopener\">Youtube<\/a>\u00a0\/\u00a0<a href=\"https:\/\/www.lachica-belleville.com\/?fbclid=IwAR3Tw8HytnRKxjnzWyMaz5Diki4fO_9L4Uo0Ku0rBFN4Qull9hCq00xF6VU\" target=\"_blank\" rel=\"noopener\">Site Officiel<\/a><\/strong><\/p>\n<p style=\"text-align: left;\"><strong><span style=\"text-decoration: underline;\">Les photos de la soir\u00e9e<\/span>\u00a0: <a href=\"https:\/\/www.facebook.com\/media\/set\/?set=a.2843091692579992&amp;type=3\" target=\"_blank\" rel=\"noopener\">ici<\/a>.<\/strong><\/p>\n<h2><span lang=\"fr-BE\" style=\"color: #800000;\">MIOSSEC<\/span><\/h2>\n<p style=\"text-align: justify;\">Figure incontournable de la chanson fran\u00e7aise, Miossec d\u00e9barque sur sc\u00e8ne pour un concert construit autour de son premier album. En mars 1995, \u00ab Boire \u00bb sortait sur un label bruxellois ind\u00e9pendant, un enregistrement qui a marqu\u00e9 toute une g\u00e9n\u00e9ration et qui va nous \u00eatre jou\u00e9 ce soir. Un show d\u00e9bordant de nostalgie et de tendresse ! L&rsquo;\u00e9motion est palpable et l&rsquo;arriv\u00e9e de la formation se fait sous les applaudissements.\u00a0Miossec adresse un\u00a0<em>bonsoir<\/em>\u00a0au public et lance les festivit\u00e9s avec \u00ab\u00a0Non Non Non Non (Je Ne Suis Plus Saoul)\u00a0\u00bb. L&rsquo;encha\u00eenement se fait directement avec \u00ab\u00a0Regarde Un Peu La France\u00a0\u00bb. L&rsquo;album \u00ab\u00a0Boire\u00a0\u00bb va ainsi nous \u00eatre jou\u00e9 dans l&rsquo;ordre.Peu loquace, ne faisant pas de longs discours, Christophe Miossec lance r\u00e9guli\u00e8rement un\u00a0<em>merci<\/em>\u00a0\u00e0 l&rsquo;assistance qui l&rsquo;acclame.\u00a0<em>Merci ! Bonsoir Nancy !\u00a0<\/em>\u00ab\u00a0Le Cul Par Terre\u00a0\u00bb est lanc\u00e9 au violon et am\u00e8ne une belle ovation.\u00a0<em>Merci bien !!! C&rsquo;est beau chez vous !!!\u00a0<\/em>\u00ab\u00a0Merci Pour La Joie\u00a0\u00bb nous est ensuite propos\u00e9, amenant des applaudissements nourris encore une fois.\u00a0\u00ab\u00a0Crachons Veux-Tu Bien\u00a0\u00bb re\u00e7oit un accueil chaleureux, comme tous les titres jou\u00e9s ce soir. Nous ressentons pleinement l&rsquo;\u00e9motion et l&rsquo;amour du public pour l&rsquo;artiste.\u00a0Les\u00a0claquements de mains accompagnent \u00ab\u00a0\u00c9voluer En 3\u00e8me Division\u00a0\u00bb. Le chanteur admire La Salle Poirel et fait allusion \u00e0 sa conception en 1889 avant de poursuivre avec \u00ab\u00a0La Vieille\u00a0\u00bb.<\/p>\n<p style=\"text-align: justify;\"><img loading=\"lazy\" decoding=\"async\" class=\"size-full wp-image-30978 aligncenter\" title=\"Miossec - La Salle Poirel (2021)\" src=\"https:\/\/lamagicbox.com\/magazine\/wp-content\/uploads\/2021\/10\/Miossec-La-Salle-Poirel-2021.jpg\" alt=\"Miossec - La Salle Poirel (2021)\" width=\"500\" height=\"375\" srcset=\"https:\/\/lamagicbox.com\/magazine\/wp-content\/uploads\/2021\/10\/Miossec-La-Salle-Poirel-2021.jpg 500w, https:\/\/lamagicbox.com\/magazine\/wp-content\/uploads\/2021\/10\/Miossec-La-Salle-Poirel-2021-200x150.jpg 200w, https:\/\/lamagicbox.com\/magazine\/wp-content\/uploads\/2021\/10\/Miossec-La-Salle-Poirel-2021-400x300.jpg 400w\" sizes=\"auto, (max-width: 500px) 100vw, 500px\" \/><\/p>\n<p style=\"text-align: justify;\">L&rsquo;artiste rappelle que l&rsquo;album est jou\u00e9 dans l&rsquo;ordre, encha\u00eenant \u00ab\u00a0Recouvrance\u00a0\u00bb et \u00ab\u00a0Des Moments De Plaisir\u00a0\u00bb.\u00a0La reprise de Johnny, \u00ab\u00a0La Fille \u00c0 Qui Je Pense\u00a0\u00bb, est du plus bel effet.\u00a0\u00ab\u00a0Gilles\u00a0\u00bb am\u00e8ne une ovation encore une fois.\u00a0\u00ab\u00a0Tout Ira Bien\u00a0\u00bb sonne la fin de cette pr\u00e9sentation du tout premier album.\u00a0Le chanteur saisit l&rsquo;occasion de pr\u00e9senter les musiciens qui sont acclam\u00e9s. La formation quitte la sc\u00e8ne pour le traditionnel rappel qui est chaleureux.\u00a0Le retour se fait avec \u00ab\u00a0La Facture D&rsquo;\u00c9lectricit\u00e9\u00a0\u00bb et \u00ab\u00a0Je M&rsquo;en Vais\u00a0\u00bb. Les paroles r\u00e9sonnent dans la salle. Les fans fredonnent. Le son, le rythme et\u00a0l&rsquo;intensit\u00e9 sont mont\u00e9s crescendo et nous franchissons un nouveau palier avec \u00ab\u00a0\u00c0 Montparnasse\u00a0\u00bb. Le morceau termine de fa\u00e7on percutante, amenant une nouvelle salve d&rsquo;applaudissements. \u00ab\u00a0La M\u00e9lancolie\u00a0\u00bb nous transporte et se termine par une\u00a0standing ovation. L&rsquo;\u00e9motion est \u00e0 son comble. \u00ab\u00a0Brest\u00a0\u00bb nous prend aux tripes,\u00a0\u00e0 nous donner les larmes aux yeux. \u00ab\u00a0Personne N&rsquo;\u00c9coute\u00a0\u00bb et \u00ab\u00a030 ans\u00a0\u00bb nous am\u00e8nent d\u00e9j\u00e0 petit \u00e0 petit \u00e0 la fin du set. \u00ab\u00a0Nous Sommes\u00a0\u00bb termine le show en apoth\u00e9ose.\u00a0Miossec s&rsquo;offre un second rappel, des plus chaleureux encore une fois. C&rsquo;est avec \u00ab\u00a0\u00a0\u00bbMadame\u00a0\u00bb que l&rsquo;artiste tire sa r\u00e9v\u00e9rence. Quelle \u00e9motion ! Miossec nous a offert ce soir un tr\u00e8s tr\u00e8s beau moment ! Un Christophe Miossec rock et tendre \u00e0 la fois, accompagn\u00e9 de musiciens de haut niveau&#8230;\u00a0Merci sinc\u00e8rement pour cette g\u00e9n\u00e9rosit\u00e9, ce moment fort et magnifique ! Merci beaucoup !!!!<\/p>\n<p><img loading=\"lazy\" decoding=\"async\" class=\"size-full wp-image-30307 aligncenter\" title=\"Miossec (2021)\" src=\"https:\/\/lamagicbox.com\/magazine\/wp-content\/uploads\/2021\/10\/Miossec-2021.jpg\" alt=\"Miossec (2021)\" width=\"500\" height=\"375\" srcset=\"https:\/\/lamagicbox.com\/magazine\/wp-content\/uploads\/2021\/10\/Miossec-2021.jpg 500w, https:\/\/lamagicbox.com\/magazine\/wp-content\/uploads\/2021\/10\/Miossec-2021-200x150.jpg 200w, https:\/\/lamagicbox.com\/magazine\/wp-content\/uploads\/2021\/10\/Miossec-2021-400x300.jpg 400w\" sizes=\"auto, (max-width: 500px) 100vw, 500px\" \/><\/p>\n<p style=\"text-align: left;\"><strong><span style=\"text-decoration: underline;\">Miossec<\/span>\u00a0:\u00a0<a href=\"https:\/\/www.facebook.com\/christophemiossec\/\" target=\"_blank\" rel=\"noopener\">Facebook<\/a>\u00a0\/\u00a0<a href=\"https:\/\/www.instagram.com\/miossecofficiel\/\" target=\"_blank\" rel=\"noopener\">Instagram<\/a>\u00a0\/\u00a0<a href=\"https:\/\/twitter.com\/miossecofficiel\" target=\"_blank\" rel=\"noopener\">Twitter<\/a>\u00a0\/\u00a0<a href=\"https:\/\/www.youtube.com\/channel\/UCVLLyKWDl47eUFoYR_OF0ow\" target=\"_blank\" rel=\"noopener\">Youtube<\/a>\u00a0\/\u00a0<a href=\"https:\/\/www.christophemiossec.com\/\" target=\"_blank\" rel=\"noopener\">Site Officiel<\/a><\/strong><\/p>\n<p class=\"western\" style=\"text-align: left;\"><strong><span style=\"text-decoration: underline;\">Les photos de la soir\u00e9e<\/span>\u00a0: <a href=\"https:\/\/www.facebook.com\/media\/set\/?set=a.2892012084354619&amp;type=3\" target=\"_blank\" rel=\"noopener\">ici<\/a>.<\/strong><\/p>\n<p class=\"western\" style=\"text-align: left;\"><span style=\"text-decoration: underline;\">Photos<\/span>\u00a0: Fabrice A.<\/p>\n<p class=\"western\" style=\"text-align: left;\">#Live \/ #Report \/ #LiveReport \/ #Review \/ #LiveReview \/ #Photos \/ #Pictures<\/p>\n<hr \/>\n<p>\u00a0<\/p>\n<!--themify_builder_content-->\n<div id=\"themify_builder_content-30254\" data-postid=\"30254\" class=\"themify_builder_content themify_builder_content-30254 themify_builder tf_clear\">\n    <\/div>\n<!--\/themify_builder_content-->","protected":false},"excerpt":{"rendered":"<p>La\u00a0Salle Poirel \/ Miossec + La Chica \/ Le 08 Octobre 2021 \u2013 Nancy (54) \/ Notre avis\u00a0: [star rating=\u00a0\u00bb4&Prime; max=\u00a0\u00bb5&Prime;] Miossec \u00e9tait de passage ce vendredi soir \u00e0 La Salle Poirel dans le cadre du Festival Nancy Jazz Pulsations et de la tourn\u00e9e des 25 ans de l&rsquo;album \u00ab Boire \u00bb sorti en 1995. [&hellip;]<\/p>\n","protected":false},"author":4,"featured_media":30308,"comment_status":"open","ping_status":"open","sticky":false,"template":"","format":"standard","meta":{"footnotes":""},"categories":[58,53],"tags":[3207,3208,77,51,1549,1062],"class_list":["post-30254","post","type-post","status-publish","format-standard","has-post-thumbnail","hentry","category-reportage-festival","category-reportages","tag-la-chica","tag-la-salle-poirel","tag-miossec","tag-nancy","tag-nancy-jazz-pulsations","tag-njp","has-post-title","has-post-date","has-post-category","has-post-tag","has-post-comment","has-post-author",""],"builder_content":"","_links":{"self":[{"href":"https:\/\/lamagicbox.com\/magazine\/wp-json\/wp\/v2\/posts\/30254","targetHints":{"allow":["GET"]}}],"collection":[{"href":"https:\/\/lamagicbox.com\/magazine\/wp-json\/wp\/v2\/posts"}],"about":[{"href":"https:\/\/lamagicbox.com\/magazine\/wp-json\/wp\/v2\/types\/post"}],"author":[{"embeddable":true,"href":"https:\/\/lamagicbox.com\/magazine\/wp-json\/wp\/v2\/users\/4"}],"replies":[{"embeddable":true,"href":"https:\/\/lamagicbox.com\/magazine\/wp-json\/wp\/v2\/comments?post=30254"}],"version-history":[{"count":2,"href":"https:\/\/lamagicbox.com\/magazine\/wp-json\/wp\/v2\/posts\/30254\/revisions"}],"predecessor-version":[{"id":38350,"href":"https:\/\/lamagicbox.com\/magazine\/wp-json\/wp\/v2\/posts\/30254\/revisions\/38350"}],"wp:featuredmedia":[{"embeddable":true,"href":"https:\/\/lamagicbox.com\/magazine\/wp-json\/wp\/v2\/media\/30308"}],"wp:attachment":[{"href":"https:\/\/lamagicbox.com\/magazine\/wp-json\/wp\/v2\/media?parent=30254"}],"wp:term":[{"taxonomy":"category","embeddable":true,"href":"https:\/\/lamagicbox.com\/magazine\/wp-json\/wp\/v2\/categories?post=30254"},{"taxonomy":"post_tag","embeddable":true,"href":"https:\/\/lamagicbox.com\/magazine\/wp-json\/wp\/v2\/tags?post=30254"}],"curies":[{"name":"wp","href":"https:\/\/api.w.org\/{rel}","templated":true}]}}