{"id":30200,"date":"2007-12-20T12:00:17","date_gmt":"2007-12-20T11:00:17","guid":{"rendered":"https:\/\/lamagicbox.com\/magazine\/?p=30200"},"modified":"2021-10-08T12:53:01","modified_gmt":"2021-10-08T10:53:01","slug":"mendelson-personne-ne-le-fera-pour-nous","status":"publish","type":"post","link":"https:\/\/lamagicbox.com\/magazine\/mendelson-personne-ne-le-fera-pour-nous\/","title":{"rendered":"Mendelson &#8211; Personne ne le fera pour nous"},"content":{"rendered":"<p><span style=\"color: #800000;\"><strong>2007\u00a0\u2013\u00a016 titres &#8211; <strong>42\u201910 + 42\u201940 <\/strong><br \/>\n<\/strong><\/span><em><strong>Label :\u00a0<\/strong><\/em>Autoprod \/\u00a0Rec-Son \/ Life-Live<br \/>\n<strong><em>Style\u00a0:\u00a0<\/em><\/strong>Chanson, Free Jazz, Rock<br \/>\n<strong><em>Origine\u00a0:<\/em><\/strong>\u00a0France, IDF, Paris (75)<br \/>\n<em><strong>Date de sortie de l&rsquo;album :<\/strong><\/em>\u00a021 janvier 2008 (dans le commerce)<\/p>\n<p style=\"text-align: right;\"><strong>Notre avis : [star rating=\u00a0\u00bb4&Prime; max=\u00a0\u00bb5&Prime;]<\/strong><\/p>\n<p style=\"text-align: right;\">\n<hr \/>\n<p style=\"text-align: right;\"><strong>Par Mike S.<\/strong><\/p>\n<p style=\"text-align: justify;\"><em><strong>Seuls au sommet, se disaient ils ou s\u2019esp\u00e9raient ils en 2003\u2026 Mendelson se retrouve en 2007 effectivement seul\u2026 Mais pas tout \u00e0 fait au sommet\u2026 Il faut dire que les hauteurs de l\u2019industrie du disque ont tendance \u00e0 donner des vertiges, migraines atroces et d\u00e9sengagement vis-\u00e0-vis de la Culture en g\u00e9n\u00e9rale, lui pr\u00e9f\u00e9rant des artistes aux potentiels de retour sur investissement plus rapides\u2026<\/strong><\/em><\/p>\n<p style=\"text-align: justify;\">Mais, non d\u00e9courag\u00e9, le groupe se prend par la main et nous d\u00e9clare solennellement \u00a0<strong>Personne ne le fera pour nous\u00a0!\u00a0<\/strong>L\u2019aventure reprend donc avec un enthousiasme non dissimul\u00e9, au vu de ce double album\u2026 Pascal, le chanteur, semble y avoir mis une fois encore toute son \u00e2me pour nous livrer ces tranches de vie simples et personnelles, ces mots d\u2019humeur \u00e9corch\u00e9s vifs.<\/p>\n<p style=\"text-align: center;\"><iframe loading=\"lazy\" title=\"YouTube video player\" src=\"https:\/\/www.youtube.com\/embed\/zBUFhTKRcJs\" width=\"450\" height=\"253\" frameborder=\"0\" allowfullscreen=\"allowfullscreen\"><\/iframe><\/p>\n<p style=\"text-align: justify;\">Oubliant un peu le pr\u00e9c\u00e9dent album, qui lorgnait effectivement sur la ligne bleu des\u2026 charts, ce nouvel opus riche et dense nous replonge dans des ambiances d\u00e9finitivement free jazz, des atmosph\u00e8res oppressantes, palpitantes, visuelles. \u00a0Et Mendelson parvient ici \u00e0 \u00e9largir, il me semble, son univers \u00e0 un plus grand nombre, sans pour autant trahir une quelconque int\u00e9grit\u00e9. Ainsi, on y d\u00e9couvre des titres agressifs (<em>J\u2019aime pas les gens<\/em>), attractifs et m\u00eame parfois dr\u00f4les (<em>Personne ne le fera pour nous 2<\/em>). Mais je vous le redis, vous ne serrez pas perdu dans un nouvel univers <em>mendelssonien<\/em>\u00a0; il s\u2019agit l\u00e0 juste d\u2019une \u00e9volution, une tr\u00e8s belle \u00e9volution, qui nous fait dire une fois de plus, que Mendelson reste un cran au dessus de la m\u00eal\u00e9e\u2026<br \/>\nDernier survivant des ann\u00e9es Lithium \u00e0 avoir gard\u00e9 toute son \u00e2me\u00a0? Peut-etre\u00a0! D\u2019ailleurs, le second CD de ce double se veut peut-\u00eatre un peu plus radical encore, histoire de ne pas d\u00e9stabiliser son auditoire originel et\/ou de se r\u00e9server un espace perso dans lequel le groupe \u00e9largit le temps des compo et des textes.<\/p>\n<p style=\"text-align: justify;\"><strong>Personne ne le fera pour nous<\/strong> est un album d\u2019une richesse extraordinaire, qui vous demandera effort et pers\u00e9v\u00e9rance d\u2019\u00e9coute avant d\u2019en percevoir pleinement la substantifique moelle\u2026 Pour les novices, le groupe a eu la bonne id\u00e9e de choisir le bon ordre des CD, alors commencez bien par le 1<sup>er<\/sup>.<\/p>\n<p style=\"text-align: justify;\">Finalement, pour garder une richesse musicale en France, ne nous restera-t-il un jour que l\u2019autoproduction\u00a0??? C\u2019est vraiment inqui\u00e9tant\u00a0!<\/p>\n<p style=\"text-align: justify;\"><a href=\"http:\/\/mendelson.fr\/\" target=\"_blank\">Site<\/a>\u00a0\/\u00a0<a href=\"https:\/\/www.facebook.com\/laforcequotidiennedumal\" target=\"_blank\">Facebook<\/a>\u00a0\/ <a href=\"https:\/\/www.youtube.com\/user\/mendelsonlegroupe\/videos\" target=\"_blank\">YT<\/a><\/p>\n<p style=\"text-align: justify;\">\n<hr \/>\n<p style=\"text-align: justify;\"><em><strong>Line-up :<\/strong><\/em><\/p>\n<p style=\"text-align: justify;\">Pascal Bouaziz\u00a0: Guitares, chant.<br \/>\nSylvain Joasson\u00a0: Batteries, percussions, boite \u00e0 rythme, choeurs.<br \/>\nPierre-Yves Louis\u00a0: Guitares, basses, percussions, choeurs.<br \/>\nCharlie O.\u00a0: Orgue, Piano, \u00a0\u00bb\u00a0machines\u00a0\u00ab\u00a0, percussions, choeurs.<br \/>\nJean-Michel Pir\u00e8s\u00a0: Batteries, percussions, platines.<br \/>\nQuentin Rollet\u00a0: Saxophone alto.<br \/>\nFrancine Sin\u00e9 Ti\u00e8che\u00a0: Fl\u00fbte.<\/p>\n<p style=\"text-align: justify;\"><em><strong>Tracklist :<br \/>\n<\/strong><\/em>01. Scanner 5:59<br \/>\n02. Cr\u00e9tin 4:11<br \/>\n03. Personne Ne Le Fera Pour Nous #2 3:10<br \/>\n04. Une Chambre D&rsquo;H\u00f4tel 4:11<br \/>\n05. Le Sens Commun 3:03<br \/>\n06. J&rsquo;Aime Pas Les Gens 6:18<br \/>\n07. Sans Moi 4:24<br \/>\n08. 1983 (Barbara) 11:33<br \/>\n&#8212;-<br \/>\n01. Micro-Coupures 1:50<br \/>\n02 Dans Tes R\u00eaves 8:03<br \/>\n03. Joyeux No\u00ebl Jackie 4:29<br \/>\n04. La Honte 9:19<br \/>\n05. Plusieurs Jours Et Plusieurs Nuits 4:51<br \/>\n06. Rien 6:03<br \/>\n07. Hop 1:37<br \/>\n08. Le Monde Dispara\u00eet 6:15<\/p>\n<p style=\"text-align: center;\">\n<!--themify_builder_content-->\n<div id=\"themify_builder_content-30200\" data-postid=\"30200\" class=\"themify_builder_content themify_builder_content-30200 themify_builder tf_clear\">\n    <\/div>\n<!--\/themify_builder_content-->\n","protected":false},"excerpt":{"rendered":"<p>2007\u00a0\u2013\u00a016 titres &#8211; 42\u201910 + 42\u201940 Label :\u00a0Autoprod \/\u00a0Rec-Son \/ Life-Live Style\u00a0:\u00a0Chanson, Free Jazz, Rock Origine\u00a0:\u00a0France, IDF, Paris (75) Date de sortie de l&rsquo;album :\u00a021 janvier 2008 (dans le commerce) Notre avis : [star rating=\u00a0\u00bb4&Prime; max=\u00a0\u00bb5&Prime;] Par Mike S. Seuls au sommet, se disaient ils ou s\u2019esp\u00e9raient ils en 2003\u2026 Mendelson se retrouve en 2007 [&hellip;]<\/p>\n","protected":false},"author":1,"featured_media":30203,"comment_status":"open","ping_status":"open","sticky":false,"template":"","format":"standard","meta":{"footnotes":""},"categories":[39,43],"tags":[149,755,594,595],"class_list":["post-30200","post","type-post","status-publish","format-standard","has-post-thumbnail","hentry","category-albums-francais","category-autoproductions","tag-diabologum","tag-lithium","tag-mendelson","tag-pascal-bouaziz","has-post-title","has-post-date","has-post-category","has-post-tag","has-post-comment","has-post-author",""],"builder_content":"","_links":{"self":[{"href":"https:\/\/lamagicbox.com\/magazine\/wp-json\/wp\/v2\/posts\/30200","targetHints":{"allow":["GET"]}}],"collection":[{"href":"https:\/\/lamagicbox.com\/magazine\/wp-json\/wp\/v2\/posts"}],"about":[{"href":"https:\/\/lamagicbox.com\/magazine\/wp-json\/wp\/v2\/types\/post"}],"author":[{"embeddable":true,"href":"https:\/\/lamagicbox.com\/magazine\/wp-json\/wp\/v2\/users\/1"}],"replies":[{"embeddable":true,"href":"https:\/\/lamagicbox.com\/magazine\/wp-json\/wp\/v2\/comments?post=30200"}],"version-history":[{"count":0,"href":"https:\/\/lamagicbox.com\/magazine\/wp-json\/wp\/v2\/posts\/30200\/revisions"}],"wp:featuredmedia":[{"embeddable":true,"href":"https:\/\/lamagicbox.com\/magazine\/wp-json\/wp\/v2\/media\/30203"}],"wp:attachment":[{"href":"https:\/\/lamagicbox.com\/magazine\/wp-json\/wp\/v2\/media?parent=30200"}],"wp:term":[{"taxonomy":"category","embeddable":true,"href":"https:\/\/lamagicbox.com\/magazine\/wp-json\/wp\/v2\/categories?post=30200"},{"taxonomy":"post_tag","embeddable":true,"href":"https:\/\/lamagicbox.com\/magazine\/wp-json\/wp\/v2\/tags?post=30200"}],"curies":[{"name":"wp","href":"https:\/\/api.w.org\/{rel}","templated":true}]}}