{"id":3001,"date":"2015-01-16T18:11:28","date_gmt":"2015-01-16T17:11:28","guid":{"rendered":"http:\/\/lamagicbox.com\/magazine\/?p=3001"},"modified":"2015-01-16T19:15:23","modified_gmt":"2015-01-16T18:15:23","slug":"polly-the-fine-feathers-eponyme","status":"publish","type":"post","link":"https:\/\/lamagicbox.com\/magazine\/polly-the-fine-feathers-eponyme\/","title":{"rendered":"Polly &#038; The Fine Feathers &#8211; Eponyme"},"content":{"rendered":"<h4><strong>2015 \u2013 10 titres<\/strong><\/h4>\n<p><em><strong>Style :<\/strong> <\/em>Folk &amp; Blues<br \/>\n<em><strong>Label :<\/strong><\/em> Microculture \/ Modulor<br \/>\n<em><strong>Sortie :<\/strong><\/em> 9 f\u00e9vrier 2015<\/p>\n<p>[star rating=\u00a0\u00bb4&Prime; max=\u00a0\u00bb5&Prime;]<\/p>\n<p>[hr color=\u00a0\u00bbred\u00a0\u00bb]<\/p>\n<p style=\"text-align: justify;\">Vous connaissez peut-\u00eatre d\u00e9j\u00e0<strong> Isabelle Casier<\/strong> pour ses disques sous le nom de Pollyanna. Aujourd\u2019hui, celle-ci s\u2019associe \u00e0 deux autres musiciens pour enregistrer ce nouvel album \u00e9ponyme sous le nom de Polly &amp; The Fine Feathers. Les deux musiciens sont ici de la sc\u00e8ne jazz, \u00e0 savoir Abdesslem Gherbi, batteur et Fran\u00e7ois Fuchs, contrebassiste.<\/p>\n<p style=\"text-align: justify;\">Port\u00e9 par un premier single <em>We are like Birds<\/em>, cet album \u00e9ponyme de <strong>Polly &amp; The Fine Feathers<\/strong> est un dr\u00f4le de m\u00e9lange de country, de folk, de blues et de chanson. L\u2019orchestration est sobre et chaleureuse. La voix, en anglais, est douce et d\u00e9gage une petite \u00e9motion blafarde. L\u2019ambiance g\u00e9n\u00e9rale est feutr\u00e9e. Impossible de l\u2019\u00e9couter \u00e0 la sauvette, il faut choisir son d\u00e9cor, sa lumi\u00e8re, son meilleur si\u00e8ge et lui consacrer toute son attention, pour en tirer le meilleur.<\/p>\n<p style=\"text-align: center;\"><iframe loading=\"lazy\" src=\"\/\/www.youtube.com\/embed\/9Fb3ef9mCLo\" width=\"280\" height=\"160\" frameborder=\"0\" allowfullscreen=\"allowfullscreen\"><\/iframe><\/p>\n<p style=\"text-align: center;\"><em>En \u00e9coute : We are like Birds<\/em><\/p>\n<p style=\"text-align: justify;\">Pour vous s\u00e9duire, l\u2019oiseau a choisi sa plus belle plume, \u00e9voquant avec po\u00e9sie l\u2019Am\u00e9rique, ses hommes, son histoire, ses croyances. Mais cette Am\u00e9rique, celle la plus au Sud, dans le Delta de la Nouvelle Orl\u00e9ans, l\u00e0 m\u00eame, elle s&rsquo;est d\u00e9j\u00e0 aventur\u00e9e, l\u00e0 o\u00f9 elle utilis\u00e9 l&rsquo;atmosph\u00e8re humide et chaude, pour retranscrire en mots, ses impressions du Nouveau Monde et ses contrastes.<\/p>\n<p style=\"text-align: justify;\">Les trois musiciens ont alors habill\u00e9s ces mots de leurs plus beaux atours (violons, cuivres, scie\u2026), tr\u00e8s simplement, sans surench\u00e8re. L\u2019habit ne fait pas le moine, dit on parfois. Ce n\u2019est pas toujours vrai. Preuve en est avec ce petit bijou folk de <strong>Polly &amp; The Fine Feathers<\/strong> !<\/p>\n<p><a href=\"https:\/\/www.facebook.com\/pollyandthefinefeathers\" target=\"_blank\">Facebook<\/a><\/p>\n<p>&nbsp;<\/p>\n<!--themify_builder_content-->\n<div id=\"themify_builder_content-3001\" data-postid=\"3001\" class=\"themify_builder_content themify_builder_content-3001 themify_builder tf_clear\">\n    <\/div>\n<!--\/themify_builder_content-->\n","protected":false},"excerpt":{"rendered":"<p>2015 \u2013 10 titres Style : Folk &amp; Blues Label : Microculture \/ Modulor Sortie : 9 f\u00e9vrier 2015 [star rating=\u00a0\u00bb4&Prime; max=\u00a0\u00bb5&Prime;] [hr color=\u00a0\u00bbred\u00a0\u00bb] Vous connaissez peut-\u00eatre d\u00e9j\u00e0 Isabelle Casier pour ses disques sous le nom de Pollyanna. Aujourd\u2019hui, celle-ci s\u2019associe \u00e0 deux autres musiciens pour enregistrer ce nouvel album \u00e9ponyme sous le nom de [&hellip;]<\/p>\n","protected":false},"author":1,"featured_media":3002,"comment_status":"closed","ping_status":"open","sticky":false,"template":"","format":"standard","meta":{"footnotes":""},"categories":[39,43],"tags":[104,105,103,101,102,100],"class_list":["post-3001","post","type-post","status-publish","format-standard","has-post-thumbnail","hentry","category-albums-francais","category-autoproductions","tag-abdesslem-gherbi","tag-francois-fuchs","tag-isabelle-casier","tag-polly","tag-polly-the-fine-feathers","tag-pollyanna","has-post-title","has-post-date","has-post-category","has-post-tag","has-post-comment","has-post-author",""],"builder_content":"","_links":{"self":[{"href":"https:\/\/lamagicbox.com\/magazine\/wp-json\/wp\/v2\/posts\/3001","targetHints":{"allow":["GET"]}}],"collection":[{"href":"https:\/\/lamagicbox.com\/magazine\/wp-json\/wp\/v2\/posts"}],"about":[{"href":"https:\/\/lamagicbox.com\/magazine\/wp-json\/wp\/v2\/types\/post"}],"author":[{"embeddable":true,"href":"https:\/\/lamagicbox.com\/magazine\/wp-json\/wp\/v2\/users\/1"}],"replies":[{"embeddable":true,"href":"https:\/\/lamagicbox.com\/magazine\/wp-json\/wp\/v2\/comments?post=3001"}],"version-history":[{"count":0,"href":"https:\/\/lamagicbox.com\/magazine\/wp-json\/wp\/v2\/posts\/3001\/revisions"}],"wp:featuredmedia":[{"embeddable":true,"href":"https:\/\/lamagicbox.com\/magazine\/wp-json\/wp\/v2\/media\/3002"}],"wp:attachment":[{"href":"https:\/\/lamagicbox.com\/magazine\/wp-json\/wp\/v2\/media?parent=3001"}],"wp:term":[{"taxonomy":"category","embeddable":true,"href":"https:\/\/lamagicbox.com\/magazine\/wp-json\/wp\/v2\/categories?post=3001"},{"taxonomy":"post_tag","embeddable":true,"href":"https:\/\/lamagicbox.com\/magazine\/wp-json\/wp\/v2\/tags?post=3001"}],"curies":[{"name":"wp","href":"https:\/\/api.w.org\/{rel}","templated":true}]}}