{"id":29874,"date":"2021-09-03T18:56:36","date_gmt":"2021-09-03T16:56:36","guid":{"rendered":"https:\/\/lamagicbox.com\/magazine\/?p=29874"},"modified":"2024-02-07T09:55:56","modified_gmt":"2024-02-07T08:55:56","slug":"le-jardin-du-michel-2021-toul-54","status":"publish","type":"post","link":"https:\/\/lamagicbox.com\/magazine\/le-jardin-du-michel-2021-toul-54\/","title":{"rendered":"Le Jardin Du Michel 2021 &#8211; Toul (54)"},"content":{"rendered":"<h2><span style=\"color: #333333;\"><span style=\"color: #000000;\"><img loading=\"lazy\" decoding=\"async\" class=\"size-full wp-image-29875 alignleft\" title=\"Le Jardin Du Michel 2021 vignette\" src=\"https:\/\/lamagicbox.com\/magazine\/wp-content\/uploads\/2021\/09\/Le-Jardin-Du-Michel-2021-vignette.jpg\" alt=\"Le Jardin Du Michel 2021 vignette\" width=\"150\" height=\"225\" srcset=\"https:\/\/lamagicbox.com\/magazine\/wp-content\/uploads\/2021\/09\/Le-Jardin-Du-Michel-2021-vignette.jpg 150w, https:\/\/lamagicbox.com\/magazine\/wp-content\/uploads\/2021\/09\/Le-Jardin-Du-Michel-2021-vignette-100x150.jpg 100w\" sizes=\"auto, (max-width: 150px) 100vw, 150px\" \/>Le Jardin Du Michel\u00a0\/<\/span><\/span><\/h2>\n<h2 align=\"JUSTIFY\"><span style=\"color: #800000;\">16\u00e8me \u00c9dition \/<\/span><\/h2>\n<h2><span style=\"color: #000000;\">Les 03, 04 et 05 Septembre 2021 \u2013 Toul (54) \/<\/span><\/h2>\n<h2 align=\"JUSTIFY\"><span style=\"color: #800000;\"><span style=\"text-decoration: underline;\">Notre avis<\/span>\u00a0: [star rating=\u00a0\u00bb5&Prime; max=\u00a0\u00bb5&Prime;]<\/span><\/h2>\n<hr \/>\n<p style=\"text-align: justify;\"><em><strong>La 16\u00e8me \u00e9dition du Jardin Du Michel s\u2019est d\u00e9roul\u00e9e les 03, 04 et 05 septembre 2021\u00a0! Apr\u00e8s avoir d\u00fb annuler en 2020 suite \u00e0 la crise sanitaire, le JDM a \u00e9t\u00e9 repouss\u00e9 cette ann\u00e9e de juin \u00e0 septembre.\u00a0<\/strong><\/em><em><strong>Du soleil, de la bonne humeur, des sourires jusqu\u2019aux oreilles, des d\u00e9hanch\u00e9s endiabl\u00e9s, des artistes\u00a0<\/strong><\/em><em><strong>remont\u00e9s \u00e0 bloc et des b\u00e9n\u00e9voles plus motiv\u00e9s que jamais&#8230; Cette \u00ab Limited Edition \u00bb restera grav\u00e9e dans les m\u00e9moires.\u00a0<\/strong><\/em><em><strong>\u00c0 la grande joie des organisateurs et des artistes, 11 000 festivaliers ont r\u00e9pondu pr\u00e9sent lors de ces 3 journ\u00e9es.\u00a0<\/strong><\/em><em><strong>3 jours de f\u00eate avec diff\u00e9rentes ambiances musicales, et un seul et m\u00eame \u00e9tat d\u2019esprit : la joie de se retrouver\u00a0!\u00a0<\/strong><\/em><em><strong>Cette ann\u00e9e, quelques modifications ont \u00e9t\u00e9 op\u00e9r\u00e9es. Pas de seconde sc\u00e8ne sur l\u2019eau, remplac\u00e9e par un corner o\u00f9 s\u2019encha\u00eenent les DJ entre deux concerts.\u00a0<\/strong><\/em><em><strong>Reggae, ska, \u00e9lectro, hip-hop, rock\u2026 Suivant sa ligne de conduite originelle, Le Jardin du Michel a une nouvelle fois concoct\u00e9 une programmation \u00e9clectique.<\/strong><\/em><\/p>\n<p style=\"text-align: justify;\"><img loading=\"lazy\" decoding=\"async\" class=\"size-full wp-image-29907 aligncenter\" title=\"\" src=\"https:\/\/lamagicbox.com\/magazine\/wp-content\/uploads\/2021\/09\/Bandit-Bandit-JDM-2021-1.jpg\" alt=\"\" width=\"500\" height=\"375\" srcset=\"https:\/\/lamagicbox.com\/magazine\/wp-content\/uploads\/2021\/09\/Bandit-Bandit-JDM-2021-1.jpg 500w, https:\/\/lamagicbox.com\/magazine\/wp-content\/uploads\/2021\/09\/Bandit-Bandit-JDM-2021-1-200x150.jpg 200w, https:\/\/lamagicbox.com\/magazine\/wp-content\/uploads\/2021\/09\/Bandit-Bandit-JDM-2021-1-400x300.jpg 400w\" sizes=\"auto, (max-width: 500px) 100vw, 500px\" \/><\/p>\n<p style=\"text-align: justify;\">La premi\u00e8re soir\u00e9e faisait la part belle au rock avec <span style=\"color: #800000;\"><strong>KO KO MO<\/strong><\/span>, <span style=\"color: #800000;\"><strong>BANDIT BANDIT<\/strong><\/span> et <span style=\"color: #800000;\"><strong>LAST TRAIN<\/strong><\/span>. C&rsquo;est avec KO KO MO que les festivit\u00e9s ont \u00e9t\u00e9 lanc\u00e9es. Les 2 nantais ont assur\u00e9 le show avec un mix de rock et de blues, m\u00e2tin\u00e9 de pop des seventies. Le public s\u2019est enflamm\u00e9 avec ce duo explosif venu jouer dans le public. Un autre duo a pris la suite : BANDIT BANDIT, au son tr\u00e8s influenc\u00e9 rock sombre, mais totalement actuel. Un mix d\u2019ancien et de moderne, \u00e9l\u00e9gant, qui fonctionne bien, avec des riffs ent\u00eatants et lancinants de l\u2019un qui r\u00e9sonnent avec la voix de l\u2019autre. Le couple impressionne avec ses textes coups de poing dans un gant de velours. Pas difficile d\u2019encha\u00eener ensuite avec LAST TRAIN. Jeune, mais malgr\u00e9 tout plein d\u2019exp\u00e9rience, le quatuor alsacien a s\u00e9duit le Jardin Du Michel par son rock \u00e0 la fois respectueux des canons du genre, mais aussi moderne et d\u00e9coiffant. LAST TRAIN a remis les guitares au centre du village rock, et c\u2019est tr\u00e8s bon ! Avec un jeu de sc\u00e8ne p\u00eachu et un son parfait, ils ont conquis le jeune public du JDM, mais aussi les plus anciens aux tempes grisonnantes, souvent un peu r\u00e9ticents \u00e0 laisser la nostalgie au vestiaire pour s\u2019enthousiasmer pour des jeunots ! LAST TRAIN a mis tout le monde d&rsquo;accord !<\/p>\n<p style=\"text-align: justify;\"><img loading=\"lazy\" decoding=\"async\" class=\"size-full wp-image-29908 aligncenter\" title=\"\" src=\"https:\/\/lamagicbox.com\/magazine\/wp-content\/uploads\/2021\/09\/Last-Train-JDM-2021-1.jpg\" alt=\"\" width=\"500\" height=\"375\" srcset=\"https:\/\/lamagicbox.com\/magazine\/wp-content\/uploads\/2021\/09\/Last-Train-JDM-2021-1.jpg 500w, https:\/\/lamagicbox.com\/magazine\/wp-content\/uploads\/2021\/09\/Last-Train-JDM-2021-1-200x150.jpg 200w, https:\/\/lamagicbox.com\/magazine\/wp-content\/uploads\/2021\/09\/Last-Train-JDM-2021-1-400x300.jpg 400w\" sizes=\"auto, (max-width: 500px) 100vw, 500px\" \/><\/p>\n<p align=\"JUSTIFY\">La soir\u00e9e s\u2019est poursuivie avec le reggae de <span style=\"color: #800000;\"><strong>NA\u00c2MAN<\/strong><\/span> qui a repris ses classiques tout en distillant des morceaux du nouvel album, <span style=\"color: #800000;\"><strong>BIGA*RANX<\/strong><\/span> et <span style=\"color: #800000;\"><strong>DIRTYPHONICS<\/strong><\/span>. Les amateurs d\u2019\u00e9lectro et de reggae en ont eu pour leur frais ce vendredi pour terminer cette premi\u00e8re journ\u00e9e.\u00a0<span style=\"color: #800000;\"><strong>BOBINE DE CUIVRE<\/strong><\/span> ouvrait le bal pour la deuxi\u00e8me journ\u00e9e. Les r\u00e9gionaux de l\u2019\u00e9tape ont mis l\u2019ambiance en chaussant des skis. Un set d\u00e9jant\u00e9, alliant l\u2019\u00e9lectro au rap. <span style=\"color: #800000;\"><strong>KIKESA<\/strong><\/span>\u00a0a pris ensuite possession de la sc\u00e8ne. Avec son look r\u00e9tro, autoproclam\u00e9 \u00ab nouveau hippie \u00bb 50 ans apr\u00e8s Woodstock, il est tr\u00e8s fier de ses origines du c\u00f4t\u00e9 du Haut du Li\u00e8vre. On a pu le voir chanter enroul\u00e9 dans un drapeau de l\u2019AS Nancy Lorraine, d\u00e9gainant une invraisemblable artillerie : des canons d\u2019artifice, des fumig\u00e8nes et des tombereaux de paillettes qui tombent de la sc\u00e8ne. Tout y \u00e9tait pour mettre le feu, envoyant des textes bien cisel\u00e9s sur une rythmique parfaite. La temp\u00e9rature est encore mont\u00e9e d\u2019un cran dans le Jardin en tentant de battre le record du plus gros pogo ! Un show relev\u00e9 o\u00f9 la musique du rappeur lorrain a mis en transe les spectateurs aux anges. <span style=\"color: #800000;\"><strong>47TER<\/strong><\/span>, la t\u00eate d\u2019affiche de la soir\u00e9e, n\u2019a pas d\u00e9\u00e7u les fans. En attendant les Z\u00e9niths pr\u00e9vus l\u2019ann\u00e9e prochaine, la formation originaire de Bailly dans les Yvelines \u00e9tait de passage au Jardin Du Michel pour la plus grande joie des fans venus nombreux ce soir.<\/p>\n<p align=\"JUSTIFY\"><img loading=\"lazy\" decoding=\"async\" class=\"alignnone size-full wp-image-29359 aligncenter\" title=\"47TER (2021)\" src=\"https:\/\/lamagicbox.com\/magazine\/wp-content\/uploads\/2021\/06\/47TER-2021.jpg\" alt=\"47TER (2021)\" width=\"500\" height=\"375\" srcset=\"https:\/\/lamagicbox.com\/magazine\/wp-content\/uploads\/2021\/06\/47TER-2021.jpg 500w, https:\/\/lamagicbox.com\/magazine\/wp-content\/uploads\/2021\/06\/47TER-2021-200x150.jpg 200w, https:\/\/lamagicbox.com\/magazine\/wp-content\/uploads\/2021\/06\/47TER-2021-400x300.jpg 400w\" sizes=\"auto, (max-width: 500px) 100vw, 500px\" \/><\/p>\n<p align=\"JUSTIFY\">Le groupe excelle avec ses propres compositions pop\/rap. L\u2019album \u00ab L\u2019Adresse \u00bb, sorti en 2019, a fait l\u2019unanimit\u00e9 aupr\u00e8s de la jeune g\u00e9n\u00e9ration.\u00a0Le public reprend r\u00e9guli\u00e8rement les titres en choeur, et notamment le titre \u00e9ponyme. <em>Rendez-vous \u00e0 l\u2019adresse, rendez-vous au 47Ter\u2026<\/em>\u00a0Un public conquis d\u2019avance.\u00a0Belle ambiance festive pour un set dansant ! 2 qualificatifs pour ce beau moment\u00a0: positif et communicatif. La soir\u00e9e s\u2019est poursuivie avec <span style=\"color: #800000;\"><strong>DEMI PORTION<\/strong><\/span> et <span style=\"color: #800000;\"><strong>FRENCH FUSE<\/strong><\/span> qui nous a fait l\u2019honneur de nous emmener jusqu\u2019au bout de la nuit. Pour la troisi\u00e8me et derni\u00e8re journ\u00e9e, la chanson fran\u00e7aise \u00e9tait mise en avant avec <span style=\"color: #800000;\"><strong>LA RUE K\u00c9TANOU<\/strong><\/span> et <span style=\"color: #800000;\"><strong>TRYO<\/strong><\/span> en t\u00eates d\u2019affiche. <span style=\"color: #800000;\"><strong>LYRE LE TEMPS<\/strong><\/span> et <span style=\"color: #800000;\"><strong>LA PLACE DU KIF<\/strong><\/span> ont fait se d\u00e9hancher le public dans Le Jardin Du Michel. Un dimanche \u00e0 l\u2019unisson qui s\u2019est termin\u00e9 sur une note \u00e9lectro et festive gr\u00e2ce \u00e0 l\u2019\u00e9nergie folle de <span style=\"color: #800000;\"><strong>BOOTLEGGERS UNITED<\/strong><\/span>, de quoi conclure\u00a0en beaut\u00e9 cette 16\u00e8me \u00e9dition du JDM.\u00a0Le festival venant \u00e0 peine de fermer ses portes, nous comptons d\u00e9j\u00e0 les jours pour la 17\u00e8me \u00e9dition qui aura lieu les 03, 04 et 05 juin 2022 !<\/p>\n<p align=\"JUSTIFY\"><img loading=\"lazy\" decoding=\"async\" class=\"size-full wp-image-29886 aligncenter\" title=\"Tryo 2021\" src=\"https:\/\/lamagicbox.com\/magazine\/wp-content\/uploads\/2021\/09\/Tryo-2021.jpg\" alt=\"Tryo 2021\" width=\"500\" height=\"375\" srcset=\"https:\/\/lamagicbox.com\/magazine\/wp-content\/uploads\/2021\/09\/Tryo-2021.jpg 500w, https:\/\/lamagicbox.com\/magazine\/wp-content\/uploads\/2021\/09\/Tryo-2021-200x150.jpg 200w, https:\/\/lamagicbox.com\/magazine\/wp-content\/uploads\/2021\/09\/Tryo-2021-400x300.jpg 400w\" sizes=\"auto, (max-width: 500px) 100vw, 500px\" \/><\/p>\n<p><strong><span style=\"text-decoration: underline;\">Le Jardin Du Michel<\/span>\u00a0:\u00a0<a href=\"https:\/\/www.facebook.com\/jardindumichel\/\" target=\"_blank\" rel=\"noopener\">Facebook<\/a>\u00a0\/\u00a0<a href=\"https:\/\/www.instagram.com\/jardindumichel\/?hl=fr\" target=\"_blank\" rel=\"noopener\">Instagram<\/a>\u00a0\/\u00a0<a href=\"https:\/\/twitter.com\/jardindumichel?lang=fr\" target=\"_blank\" rel=\"noopener\">Twitter<\/a>\u00a0\/\u00a0<a href=\"https:\/\/jardin-du-michel.fr\/\" target=\"_blank\" rel=\"noopener\">Site Officiel<\/a><\/strong><\/p>\n<p>#Live \/ #Report \/ #LiveReport \/ #Review \/ #LiveReview \/ #Photos \/ #Pictures<\/p>\n<hr \/>\n<p>\u00a0<\/p>\n<!--themify_builder_content-->\n<div id=\"themify_builder_content-29874\" data-postid=\"29874\" class=\"themify_builder_content themify_builder_content-29874 themify_builder tf_clear\">\n    <\/div>\n<!--\/themify_builder_content-->","protected":false},"excerpt":{"rendered":"<p>Le Jardin Du Michel\u00a0\/ 16\u00e8me \u00c9dition \/ Les 03, 04 et 05 Septembre 2021 \u2013 Toul (54) \/ Notre avis\u00a0: [star rating=\u00a0\u00bb5&Prime; max=\u00a0\u00bb5&Prime;] La 16\u00e8me \u00e9dition du Jardin Du Michel s\u2019est d\u00e9roul\u00e9e les 03, 04 et 05 septembre 2021\u00a0! Apr\u00e8s avoir d\u00fb annuler en 2020 suite \u00e0 la crise sanitaire, le JDM a \u00e9t\u00e9 repouss\u00e9 [&hellip;]<\/p>\n","protected":false},"author":4,"featured_media":29876,"comment_status":"open","ping_status":"open","sticky":false,"template":"","format":"standard","meta":{"footnotes":""},"categories":[58,53],"tags":[3117,3166,3168,3167,3170,3175,3171,3169,3172,1969,1974,1949,3174,976,540,2380,3173,1594,2263],"class_list":["post-29874","post","type-post","status-publish","format-standard","has-post-thumbnail","hentry","category-reportage-festival","category-reportages","tag-47ter","tag-bandit-bandit","tag-biga-ranx","tag-bigaranx","tag-bobine-de-cuivre","tag-bootleggers-united","tag-demi-portion","tag-dirtyphonics","tag-french-fuse","tag-jdm","tag-kikesa","tag-ko-ko-mo","tag-la-place-du-kif","tag-la-rue-ketanou","tag-last-train","tag-le-jardin-du-michel","tag-lyre-le-temps","tag-naaman","tag-tryo","has-post-title","has-post-date","has-post-category","has-post-tag","has-post-comment","has-post-author",""],"builder_content":"","_links":{"self":[{"href":"https:\/\/lamagicbox.com\/magazine\/wp-json\/wp\/v2\/posts\/29874","targetHints":{"allow":["GET"]}}],"collection":[{"href":"https:\/\/lamagicbox.com\/magazine\/wp-json\/wp\/v2\/posts"}],"about":[{"href":"https:\/\/lamagicbox.com\/magazine\/wp-json\/wp\/v2\/types\/post"}],"author":[{"embeddable":true,"href":"https:\/\/lamagicbox.com\/magazine\/wp-json\/wp\/v2\/users\/4"}],"replies":[{"embeddable":true,"href":"https:\/\/lamagicbox.com\/magazine\/wp-json\/wp\/v2\/comments?post=29874"}],"version-history":[{"count":2,"href":"https:\/\/lamagicbox.com\/magazine\/wp-json\/wp\/v2\/posts\/29874\/revisions"}],"predecessor-version":[{"id":38369,"href":"https:\/\/lamagicbox.com\/magazine\/wp-json\/wp\/v2\/posts\/29874\/revisions\/38369"}],"wp:featuredmedia":[{"embeddable":true,"href":"https:\/\/lamagicbox.com\/magazine\/wp-json\/wp\/v2\/media\/29876"}],"wp:attachment":[{"href":"https:\/\/lamagicbox.com\/magazine\/wp-json\/wp\/v2\/media?parent=29874"}],"wp:term":[{"taxonomy":"category","embeddable":true,"href":"https:\/\/lamagicbox.com\/magazine\/wp-json\/wp\/v2\/categories?post=29874"},{"taxonomy":"post_tag","embeddable":true,"href":"https:\/\/lamagicbox.com\/magazine\/wp-json\/wp\/v2\/tags?post=29874"}],"curies":[{"name":"wp","href":"https:\/\/api.w.org\/{rel}","templated":true}]}}