{"id":29163,"date":"2021-02-28T17:30:59","date_gmt":"2021-02-28T16:30:59","guid":{"rendered":"https:\/\/lamagicbox.com\/magazine\/?p=29163"},"modified":"2021-03-26T11:58:28","modified_gmt":"2021-03-26T10:58:28","slug":"news-de-mars-2021","status":"publish","type":"post","link":"https:\/\/lamagicbox.com\/magazine\/news-de-mars-2021\/","title":{"rendered":"News de Mars 2021"},"content":{"rendered":"<div class=\"author\">[hr color=\u00a0\u00bbred\u00a0\u00bb]<\/div>\n<div class=\"author\"><\/div>\n<div class=\"author\" style=\"text-align: justify;\"><span style=\"color: #800000;\"><strong>LA CHANSON FRANCAISE DE LISBONE..<\/strong><\/span><br \/>\n<strong>LISBONE<\/strong> (aka <strong>Benoit JALABERT-THERRE<\/strong>) est un chanteur, musicien, auteur, compositeur et arrangeur fran\u00e7ais, n\u00e9 \u00e0 Montpellier en 84. C&rsquo;est Wiki qui le dit. Le 6 mars, l&rsquo;artiste sort un EP 6 titres (Helice\/Alter K). Il a \u00e9t\u00e9 s\u00e9lectionn\u00e9 pour<span style=\"color: black; font-family: arial, sans-serif;\">\u00a0les I<\/span><span style=\"color: black;\">nou\u00efs<\/span><span style=\"color: black; font-family: arial, sans-serif;\">\u00a0du\u00a0<\/span><span style=\"color: black; font-family: arial, sans-serif;\">Printemps de Bourges<\/span><span style=\"color: black; font-family: arial, sans-serif;\">, le chanteur fait d\u00e9couvrir son univers singulier au travers de ces 6 titres, s&rsquo;inspirant des chanteurs actuels de Marc Lavoine \u00e0 Benjamin Biolay, et alternant l&rsquo;acoustique \u00e0 des sonorit\u00e9s plus synth\u00e9tiques. Ses textes s&rsquo;inspirent du pr\u00e9sent sans en oublier la po\u00e9sie des mots. A l&rsquo;instar du single Michel, le 4e extrait de ce petit EP tout de m\u00eame&#8230; : <em>\u00ab\u00a0Aux \u00e2mes sauvages, Aux hommes des cieux, Aux oiseaux de passage, Aux amants silencieux, D&rsquo;o\u00f9 que vienne l&rsquo;orage, D&rsquo;o\u00f9 que danse le feu, Au-dessus des nuages Il est des soleils bleus\u00a0\u00bb. A<\/em> noter, enfin une cover \u00e9tonnante de <em>Voyage Voyage<\/em> de <strong>D\u00e9sirless<\/strong>.\u00a0<em><br \/>\n<a href=\"https:\/\/www.facebook.com\/lisboneofficiel\" target=\"_blank\">Facebook<\/a><\/em><\/span><\/div>\n<div class=\"author\" style=\"text-align: justify;\"><\/div>\n<div class=\"author\" style=\"text-align: center;\"><iframe loading=\"lazy\" title=\"YouTube video player\" src=\"https:\/\/www.youtube.com\/embed\/oQ3lD5CbqPQ\" width=\"450\" height=\"253\" frameborder=\"0\" allowfullscreen=\"allowfullscreen\"><\/iframe><\/div>\n<div class=\"author\"><\/div>\n<div class=\"author\">[hr color=\u00a0\u00bbred\u00a0\u00bb]<\/div>\n<div class=\"author\"><\/div>\n<div class=\"author\"><span style=\"color: #800000;\"><strong>ABAJI RELIE L&rsquo;ORIENT ET L&rsquo;OCCIDENT<\/strong><\/span><\/div>\n<div class=\"author\" style=\"text-align: justify;\">Habitu\u00e9 aux sonorit\u00e9s Blues,<strong> Abaji<\/strong>\u00a0y ajoute une fois encore sa patte, avec un go\u00fbt prononc\u00e9 pour le m\u00e9tissage. De par ses origines libanaises, l&rsquo;artiste y apporte son \u00ab\u00a0\u00e2me m\u00e9diterran\u00e9enne\u00a0\u00bb. De par ses vell\u00e9it\u00e9s \u00e0 voyager, il a toujours cherch\u00e9 \u00e0 m\u00e9langer les couleurs de diff\u00e9rents continents et notamment orientales. De par sa passion pour les instruments de musique, il a rassembl\u00e9 plus de 500 sp\u00e9cimens du monde entier. Fort de tout cela, il sort ce 8e opus intitul\u00e9 <strong><em>Blue shaman<\/em><\/strong>, avec lequel il explore encore de nouveaux horizons. C&rsquo;est en Ecosse qu&rsquo;il est all\u00e9 se balader, pour y rencontrer un accord\u00e9oniste <strong>Donald Shaw<\/strong> et un joueur de Cornemuse et fl\u00fbtiste, <strong>Michael McGoldrick<\/strong>. Vous imaginez alors le mariage de ces notes, de ces sons et de ces atmosph\u00e8res qui m\u00e9ritaient bien de se r\u00e9unir autour de ce titre \u00e9vocateur, <strong><em>Blues Shaman<\/em><\/strong>. Sorte le 12 mars 2021 (Absilone). A d\u00e9couvrir absolument !<br \/>\n<a href=\"http:\/\/www.abaji.net\/\" target=\"_blank\">Site officiel<\/a> \/ <a href=\"https:\/\/www.facebook.com\/ABAJIMUSIC\" target=\"_blank\">Facebook<\/a><\/div>\n<div class=\"author\" style=\"text-align: justify;\"><\/div>\n<div class=\"author\" style=\"text-align: center;\"><iframe loading=\"lazy\" title=\"YouTube video player\" src=\"https:\/\/www.youtube.com\/embed\/RU7SydVgEpc\" width=\"450\" height=\"253\" frameborder=\"0\" allowfullscreen=\"allowfullscreen\"><\/iframe><\/div>\n<div class=\"author\"><\/div>\n<div class=\"author\"><\/div>\n<div class=\"author\">[hr color=\u00a0\u00bbred\u00a0\u00bb]<\/div>\n<div class=\"chapo\"><\/div>\n<div class=\"chapo\" style=\"text-align: justify;\"><span style=\"color: #800000;\"><strong>ARMANDE FERRY-WILCZEK SOLO<\/strong><\/span><br \/>\n<strong>Armande Ferry-Wilczek<\/strong> est musicienne et chanteuse. Que ce soit avec sa voix ou son violoncelle, elle a particip\u00e9 \u00e0 divers projets musicaux ces derni\u00e8res ann\u00e9es (Madera Em, Jane is Beautiful, UNIO).\u00a0En ce d\u00e9but d&rsquo;ann\u00e9e 2021, peut-\u00eatre contrainte par les circonstances, elle revient en solo, avec un album 13 titres marqu\u00e9s par la douceur et la po\u00e9sie. En solo, mais pour autant, elle parvient \u00e0 faire participer des compagnons de route, <strong>Lo\u00efc Da Silva<\/strong> et <strong>Teepu Khan<\/strong>. Baptis\u00e9 <strong><em>Qui na\u00eet dors plus<\/em><\/strong> est sorti le 5 f\u00e9vrier 2021 via L&rsquo;Autre Distribution\/<a href=\"https:\/\/www.collectifcoqcigrue.com\/armande-ferry-wilczek\" target=\"_blank\">Collectif Coqcigrue<\/a>.<br \/>\n<a href=\"https:\/\/www.facebook.com\/armande.ferrywilczek.page\" target=\"_blank\">Facebook<\/a> \/\u00a0 <a href=\"https:\/\/armfeqndp.lnk.to\/L5sAu6DW?fbclid=IwAR0wrQHthhDoQ9tpu4BQ34C5qe-cEQUAXHgezH0MqjchHrGs_E-eq_gustM\" target=\"_blank\">Ecouter\/Acheter<\/a><\/div>\n<div class=\"chapo\">\n<div id=\"comp-jtajg67k\" class=\"_3Mgpu\">\n<div class=\"\" data-mesh-id=\"comp-jtajg67kinlineContent\" data-testid=\"inline-content\">\n<div data-mesh-id=\"comp-jtajg67kinlineContent-gridContainer\" data-testid=\"mesh-container-content\">\n<div id=\"comp-jt8xdkxl\" class=\"_1Z_nJ\" data-testid=\"richTextElement\">\n<p class=\"font_8\" style=\"text-align: center;\"><iframe loading=\"lazy\" title=\"YouTube video player\" src=\"https:\/\/www.youtube.com\/embed\/eHp4ud-qe_s\" width=\"450\" height=\"253\" frameborder=\"0\" allowfullscreen=\"allowfullscreen\"><\/iframe><\/p>\n<\/div>\n<\/div>\n<\/div>\n<\/div>\n<\/div>\n<div class=\"chapo\"><\/div>\n<div class=\"wrap\">\n<div class=\"chapo\">[hr color=\u00a0\u00bbred\u00a0\u00bb]<\/div>\n<\/div>\n<div class=\"chapo\"><\/div>\n<div class=\"chapo\"><span style=\"color: #800000;\"><strong>L&rsquo;ODE A LA MORT (OU A LA VIE ?) DE MUSTANG\u00a0\u00a0<\/strong><\/span><\/div>\n<div class=\"chapo\" style=\"text-align: justify;\"><strong><em>\u00ab\u00a0Memento Mori\u00a0\u00bb<\/em><\/strong> (Close Harmonie\/Prestige Mondial) est le quatri\u00e8me album de <strong>Mustang<\/strong>, en pr\u00e8s de 15 ans de carri\u00e8re. Le trio est originaire de Clermont-Ferrand et nous avait donn\u00e9 un avant go\u00fbt de son nouvel opus avec un clip intitul\u00e9 <em>P\u00f4le emploi\/Gueule de bois\u00a0<\/em>et un autre single \u00e9ponyme de l&rsquo;album&#8230; Dans la continuit\u00e9 de leur\u00a0<em>Karaboudjan EP<\/em>, le trio auvergnat m\u00e9lange sonorit\u00e9s synth\u00e9tiques, guitares \u00e9lectriques et vocaux 80&rsquo;s. La musique de Mustang m\u00eale l&rsquo;esprit rebelle (et le timbre) de <strong>Polnareff<\/strong>, la l\u00e9g\u00e8ret\u00e9 des <strong>Objets<\/strong> et la musicalit\u00e9 d&rsquo;un <strong>Marquis de Sade<\/strong>. Les textes synth\u00e9tisent tout le cynisme de notre soci\u00e9t\u00e9 actuelle (notamment sur\u00a0<em>Dissident<\/em>).\u00a0 <em>Sortie le 19 mars 2021.<\/em> L&rsquo;album sera disponible \u00e0 500 ex. en vinyle.<br \/>\n<a href=\"https:\/\/official.shop\/legroupemustang\" target=\"_blank\">Site<\/a> \/ <a href=\"https:\/\/legroupemustang.bandcamp.com\/\" target=\"_blank\">Bandcamp<\/a>\u00a0\/ <a href=\"https:\/\/www.facebook.com\/legroupemustang\" target=\"_blank\">Facebook<\/a><\/div>\n<div class=\"chapo\" style=\"text-align: justify;\"><\/div>\n<div class=\"wrap\">\n<div class=\"lty-playbtn\" style=\"text-align: center;\"><iframe loading=\"lazy\" src=\"https:\/\/www.youtube.com\/embed\/YMfNUXNZ4yo\" width=\"450\" height=\"253\" frameborder=\"0\" allowfullscreen=\"allowfullscreen\"><\/iframe><\/div>\n<\/div>\n<p>&nbsp;<\/p>\n<p>[hr color=\u00a0\u00bbred\u00a0\u00bb]<\/p>\n<p style=\"text-align: justify;\"><span style=\"color: #800000;\"><strong>3.2.1&#8230; FEU! CHATERTON<\/strong><\/span><br \/>\nDeux albums, deux disques d\u2019or, deux nominations aux Victoires de la\u00a0musique, Feu! Chatterton marque son\u00a0retour dans les bacs avec un 3e opus, le 12 mars, baptis\u00e9 <strong><em><a href=\"https:\/\/www.deezer.com\/track\/1209489282\">\u00ab\u00a0Palais d&rsquo;Argile\u00a0\u00bb<\/a><\/em><\/strong>.\u00a0L&rsquo;album a \u00e9t\u00e9 imagin\u00e9 comme un <em>\u00ab\u00a0un space opera, un film choral\u00a0\u00bb<\/em> !\u00a0\u00a0A noter que l&rsquo;album est r\u00e9alis\u00e9 par Arnaud Rebotini, sp\u00e9cialiste de la musique \u00e9lectronique.<\/p>\n<p style=\"text-align: center;\"><iframe loading=\"lazy\" src=\"https:\/\/www.youtube.com\/embed\/55SwKPVMVM4\" width=\"450\" height=\"253\" frameborder=\"0\" allowfullscreen=\"allowfullscreen\"><\/iframe><\/p>\n<p>[hr color=\u00a0\u00bbred\u00a0\u00bb]<\/p>\n<p style=\"text-align: justify;\"><strong><span style=\"color: #800000;\">LE PROLIFIQUE XIU XIU PAIE SA TOURNEE\u00a0<\/span><\/strong><br \/>\nCe n&rsquo;est pas une s\u00e9rie de concerts qui est annonc\u00e9e en ces temps sombres pour les concerts, mais un nouvel album pour Jamie Stewart et son projet prot\u00e9iforme XIU XUI. Le Rock exp\u00e9rimental de XIU XUI n&rsquo;en finit pas de surprendre par son originalit\u00e9.\u00a0<strong><em>OH NO<\/em><\/strong> est son 15e album studio. Il sort le 26 mars 2021 sur le label\u00a0<strong>Polyvinyl<\/strong>. Fan de Cold Wave depuis ses d\u00e9buts, il int\u00e8gre \u00e0 son nouvel album, une cover de <strong>The Cure<\/strong>,\u00a0<em>One Hundred Years,<\/em> que Jamie interpr\u00e8te en compagnie de <strong>Chelsea Wolfe<\/strong>, chanteuse am\u00e9ricaine de la sc\u00e8ne gothique, et dont on peut avoir entendu des titres dans les S\u00e9ries Game of Thrones ou 12 Monkeys. Et pour nous mettre l&rsquo;eau \u00e0 la bouche, ou plut\u00f4t le Rhum, il propose d&rsquo;ores et d\u00e9j\u00e0 \u00e0 l&rsquo;\u00e9coute,\u00a0<em>A Bottle of Rum<\/em>, un duo original, interpr\u00e9t\u00e9 avec <strong>Liz Harris<\/strong> qui a d\u00e9j\u00e0 collabor\u00e9 avec lui en 2006. Le titre m\u00eale parfaitement les deux univers des deux artistes, entre Cold wave et Pop \u00e9th\u00e9r\u00e9e.<br \/>\n<a href=\"http:\/\/www.xiuxiu.org\/\" target=\"_blank\">Site officiel<\/a> \/ <a href=\"https:\/\/www.facebook.com\/xiuxiuforlife\/\" target=\"_blank\">Facebook<\/a><\/p>\n<p style=\"text-align: center;\"><iframe loading=\"lazy\" src=\"https:\/\/www.youtube.com\/embed\/yialek4fUUg\" width=\"450\" height=\"253\" frameborder=\"0\" allowfullscreen=\"allowfullscreen\"><\/iframe><\/p>\n<p>[hr color=\u00a0\u00bbred\u00a0\u00bb]<\/p>\n<p style=\"text-align: justify;\"><span style=\"color: #800000;\"><strong>ISRAEL NASH FAIT REVIVRE L&rsquo;AMERICANA DES EAGLES<\/strong><\/span><br \/>\nAuteur d&rsquo;une dizaine d&rsquo;albums, le texan d&rsquo;adoption <strong>Isra\u00ebl Nash<\/strong> sort son nouvel opus, baptis\u00e9 <strong><em>Topaz<\/em><\/strong>, un album d&rsquo;une dizaine de titres, du m\u00eame nom que son EP\u00a0de 2019 et apr\u00e8s avoir livr\u00e9 un album live, retra\u00e7ant sa tourn\u00e9e europ\u00e9enne (<i><strong>Across the Water<\/strong>). <\/i>Entre Folk et Americana, la musique de ce Topaz flirte avec les sons familiers des Eagles, de Fleetwood Mac ou encore de Neil Young. Il y a un c\u00f4t\u00e9 <em>Feel Good<\/em> \u00e0 \u00e9couter les notes m\u00e9lancoliques et r\u00e9confortante de ce disque. Enregistr\u00e9 dans son studio au Texas, l&rsquo;album s&rsquo;adjoint une orchestration riche et chaleureuse de cuivres, d&rsquo;un tr\u00e8s bel effet, donnant une patine toute particuli\u00e8re \u00e0 ce disque, qu&rsquo;on pourrait tr\u00e8s bien imaginer avoir \u00e9t\u00e9 enregistr\u00e9 fin 70&rsquo;s d\u00e9but 80&rsquo;s.<em><strong>\u00a0Sortie le 12 Mars 2021<\/strong> <\/em>(<a href=\"https:\/\/www.loosemusic.com\/page\/product-detail\/topaz\/\" target=\"_blank\">Loose music<\/a>) &#8211; Pr\u00e9commande possible sur ce <a href=\"https:\/\/www.loosemusic.com\/page\/product-detail\/topaz\/\" target=\"_blank\">lien<\/a>.<\/p>\n<p style=\"text-align: center;\"><iframe loading=\"lazy\" src=\"https:\/\/www.youtube.com\/embed\/MtcqqOyafOI\" width=\"450\" height=\"253\" frameborder=\"0\" allowfullscreen=\"allowfullscreen\"><\/iframe><\/p>\n<p>&nbsp;<\/p>\n<p>[hr color=\u00a0\u00bbred\u00a0\u00bb]<\/p>\n<p style=\"text-align: justify;\"><span style=\"color: #800000;\"><strong>GRANDE ROYALE &#8211; PUNK MADE IN SWEDEN\u00a0<\/strong><\/span><br \/>\nLe 26 mars\u00a02021, le groupe su\u00e9dois <strong>Grande Royale<\/strong> sort son 5e album studio intitul\u00e9 \u00ab\u00a0<em>Carry On<\/em>\u00a0\u00bb via le label <strong>The Sign Records.\u00a0<\/strong>Le groupe le d\u00e9finit comme un retour aux sources, plus brut que les pr\u00e9c\u00e9dents enregistrements. Il a surtout un c\u00f4t\u00e9 Punk Californien tout en gardant l&rsquo;\u00e9nergie du Rock garage des 90&rsquo;s. Le groupe invite <strong>Dregen<\/strong>, le guitariste des\u00a0<strong>Backyard Babies<\/strong>, sur son nouveaux single,<em> Just as Bad as You<\/em>.<br \/>\n<a href=\"http:\/\/www.granderoyaleofficial.com\/\" target=\"_blank\">Site officiel<\/a> \/ <a href=\"https:\/\/www.facebook.com\/GR.sweden\" target=\"_blank\">Facebook<\/a><\/p>\n<p style=\"text-align: center;\"><iframe loading=\"lazy\" src=\"https:\/\/www.youtube.com\/embed\/3FacIIKDEjE\" width=\"450\" height=\"253\" frameborder=\"0\" allowfullscreen=\"allowfullscreen\"><\/iframe><\/p>\n<p>[hr color=\u00a0\u00bbred\u00a0\u00bb]<\/p>\n<!--themify_builder_content-->\n<div id=\"themify_builder_content-29163\" data-postid=\"29163\" class=\"themify_builder_content themify_builder_content-29163 themify_builder tf_clear\">\n    <\/div>\n<!--\/themify_builder_content-->\n","protected":false},"excerpt":{"rendered":"<p>[hr color=\u00a0\u00bbred\u00a0\u00bb] LA CHANSON FRANCAISE DE LISBONE.. LISBONE (aka Benoit JALABERT-THERRE) est un chanteur, musicien, auteur, compositeur et arrangeur fran\u00e7ais, n\u00e9 \u00e0 Montpellier en 84. C&rsquo;est Wiki qui le dit. Le 6 mars, l&rsquo;artiste sort un EP 6 titres (Helice\/Alter K). Il a \u00e9t\u00e9 s\u00e9lectionn\u00e9 pour\u00a0les Inou\u00efs\u00a0du\u00a0Printemps de Bourges, le chanteur fait d\u00e9couvrir son univers [&hellip;]<\/p>\n","protected":false},"author":1,"featured_media":0,"comment_status":"open","ping_status":"open","sticky":false,"template":"","format":"standard","meta":{"footnotes":""},"categories":[110],"tags":[3066,2052,3059,3070,3068,542,3055,3054,3057,3069,3058,3067,3062,629,3056],"class_list":["post-29163","post","type-post","status-publish","format-standard","hentry","category-news-du-mois","tag-abaji","tag-armande-ferry-wilczek","tag-chelsea-wolfe","tag-desirless","tag-donald-shaw","tag-feu-chatterton","tag-grande-royale","tag-israel-nash","tag-jamie-stewart","tag-lisbone","tag-liz-harris","tag-michael-mcgoldrick","tag-mustang","tag-the-cure","tag-xiu-xiu","has-post-title","has-post-date","has-post-category","has-post-tag","has-post-comment","has-post-author",""],"builder_content":"","_links":{"self":[{"href":"https:\/\/lamagicbox.com\/magazine\/wp-json\/wp\/v2\/posts\/29163","targetHints":{"allow":["GET"]}}],"collection":[{"href":"https:\/\/lamagicbox.com\/magazine\/wp-json\/wp\/v2\/posts"}],"about":[{"href":"https:\/\/lamagicbox.com\/magazine\/wp-json\/wp\/v2\/types\/post"}],"author":[{"embeddable":true,"href":"https:\/\/lamagicbox.com\/magazine\/wp-json\/wp\/v2\/users\/1"}],"replies":[{"embeddable":true,"href":"https:\/\/lamagicbox.com\/magazine\/wp-json\/wp\/v2\/comments?post=29163"}],"version-history":[{"count":0,"href":"https:\/\/lamagicbox.com\/magazine\/wp-json\/wp\/v2\/posts\/29163\/revisions"}],"wp:attachment":[{"href":"https:\/\/lamagicbox.com\/magazine\/wp-json\/wp\/v2\/media?parent=29163"}],"wp:term":[{"taxonomy":"category","embeddable":true,"href":"https:\/\/lamagicbox.com\/magazine\/wp-json\/wp\/v2\/categories?post=29163"},{"taxonomy":"post_tag","embeddable":true,"href":"https:\/\/lamagicbox.com\/magazine\/wp-json\/wp\/v2\/tags?post=29163"}],"curies":[{"name":"wp","href":"https:\/\/api.w.org\/{rel}","templated":true}]}}