{"id":29014,"date":"2021-01-31T18:00:17","date_gmt":"2021-01-31T17:00:17","guid":{"rendered":"https:\/\/lamagicbox.com\/magazine\/?p=29014"},"modified":"2022-11-30T10:10:06","modified_gmt":"2022-11-30T09:10:06","slug":"news-de-fevrier-2021","status":"publish","type":"post","link":"https:\/\/lamagicbox.com\/magazine\/news-de-fevrier-2021\/","title":{"rendered":"News de F\u00e9vrier 2021"},"content":{"rendered":"<div class=\"kvgmc6g5 cxmmr5t8 oygrvhab hcukyx3x c1et5uql ii04i59q\">\n<div dir=\"auto\">\n<div class=\"nc684nl6\">\n<p>[hr color=\u00a0\u00bbred\u00a0\u00bb]<\/p>\n<p style=\"text-align: justify;\"><span style=\"color: #800000;\"><strong>MATHIEU \u00ab\u00a0MATHIOU\u00a0\u00bb BOOGAERTS\u00a0<\/strong><\/span><br \/>\n<strong><em>\u00ab\u00a0Mathiou\u00a0\u00bb : les aventures de Mathieu Boogaerts \u00e0 Londres<\/em><\/strong> est le documentaire film\u00e9 et mont\u00e9 par <strong>Arthur Le FOL<\/strong> autour de l&rsquo;artiste \u00e9migr\u00e9 \u00e0 Londres, pour ne pas payer d&rsquo;imp\u00f4t en France et profiter pleinement des effets du Covid ! \ud83d\ude09 Plus s\u00e9rieusement, le chanteur, pr\u00e9parant la sortie de son nouvel album \u00ab\u00a0<strong><em>En Anglais<\/em><\/strong>\u00a0\u00bb (<strong>T\u00f4t ou Tard<\/strong>), a accept\u00e9 d&rsquo;\u00eatre film\u00e9 par le r\u00e9alisateur expatri\u00e9 lui aussi, donnant l&rsquo;occasion aux fans d&rsquo;assister au <em>making off<\/em> du nouvel opus.<\/p>\n<p style=\"text-align: center;\"><iframe loading=\"lazy\" src=\"https:\/\/www.youtube.com\/embed\/BoN76BKlaXE\" width=\"450\" height=\"253\" frameborder=\"0\" allowfullscreen=\"allowfullscreen\"><\/iframe><\/p>\n<p>[hr color=\u00a0\u00bbred\u00a0\u00bb]<\/p>\n<p style=\"text-align: justify;\"><span style=\"color: #800000;\"><strong>LE 3e ALBUM DE MARQUIS DE SADE SANS SON MARQUIS\u00a0<\/strong><\/span><br \/>\nPr\u00e8s de\u00a040 ans apr\u00e8s la fin d&rsquo;activit\u00e9 du groupe Marquis de Sade, groupe embl\u00e9matique de la sc\u00e8ne rock rennaise, le dit-groupe s&rsquo;est reform\u00e9 en 2019 pour \u00e9crire de nouvelles chansons. Et puis patatra, le\u00a0<time class=\"nowrap date-lien dday\" datetime=\"2019-09-12\" data-sort-value=\"2019-09-12\">12\u00a0septembre\u00a02019<\/time>, Philippe Pascal, le chanteur et leader du groupe d\u00e9c\u00e8de. Pas question pour Franck Darcel de jeter l&rsquo;\u00e9ponge pour autant.\u00a0 R\u00e9sultat, deux an plus tard, \u00ab\u00a0<strong><em>Aurora<\/em><\/strong>\u00a0\u00bb sort ce 5 f\u00e9vrier 2021, sous la patronyme <strong>Marquis<\/strong>, amput\u00e9 de son chanteur historique. Marquis c&rsquo;est Simon Mahieu, le petit nouveau, au chant, Eric Morini\u00e8re \u00e0 la batterie, Thierry Alexandre \u00e0 la basse et Frank Darcel \u00e0 la guitare. Mais c&rsquo;est aussi quelques invit\u00e9s\u00a0: Marina Keltchewsky (de <a href=\"https:\/\/lamagicbox.com\/magazine\/?p=31812\">Tchewsky &amp; Wood<\/a>), Etienne Daho,\u00a0Christian Dargelos (cofondateur de MdS et chanteur des <a href=\"https:\/\/lamagicbox.com\/magazine\/?p=26749\">Nus<\/a>), Dominic Sonic,\u00a0Dirk Polak (Mecano NL), James Chance au saxophone, Ivan Julian \u00e0 la guitare solo, Ad Cominotto aux claviers&#8230;<\/p>\n<p style=\"text-align: center;\"><iframe loading=\"lazy\" title=\"YouTube video player\" src=\"https:\/\/www.youtube.com\/embed\/POL7ZQZx_DY\" width=\"450\" height=\"253\" frameborder=\"0\" allowfullscreen=\"allowfullscreen\"><\/iframe><\/p>\n<p style=\"text-align: justify;\"><span style=\"color: #800000;\"><strong>LE FESTIVAL BEAUREGARD ENTRE DOUTE ET ESPOIR\u00a0<\/strong><\/span><br \/>\nComme tous les autres Festivals, Beauregard \u00e9tait \u00e0 l&rsquo;\u00e9coute de la Ministre de la Culture le 18 f\u00e9vrier 2021. Certains ont d\u00e9j\u00e0 d\u00e9cid\u00e9 de jeter l&rsquo;\u00e9ponge (Garorock, Hellfest, Solidays&#8230;), D&rsquo;autres tentent de s&rsquo;organiser (Les Vieilles Charrues). Le Festival Beauregard n&rsquo;a pas encore tranch\u00e9. Il r\u00e9fl\u00e9chit aux options possibles et l&rsquo;a fait savoir par une newsletter le lendemain des annonces gouvernementales.\u00a0 Un objectif en t\u00eate :\u00a0\u00a0\u00ab\u00a0trouver un \u00e9quilibre entre la s\u00e9curit\u00e9 sanitaire et notre d\u00e9sir\u00a0de nous r\u00e9unir autour de concerts live\u00a0\u00bb.<\/p>\n<p>[hr color=\u00a0\u00bbred\u00a0\u00bb]<\/p>\n<p style=\"text-align: justify;\"><strong><span style=\"color: #800000;\">LE POINT.COM DE CYRIL CAPELLE<\/span><\/strong><br \/>\nMusicien accompli, le guitariste <strong>Cyril Capelle<\/strong> est aussi auteur-compositeur-interpr\u00eate. Il a \u00e9t\u00e9 auteur pour Camille, Parabellum ou Gr\u00e9goire. Mais il l&rsquo;est aussi pour lui, et il le prouve une nouvelle fois, avec ce nouvel album, autoproduit et baptis\u00e9 \u00ab\u00a0<em><strong>Point com<\/strong><\/em>\u00ab\u00a0. En 14 titres, il\u00a0plaque sa po\u00e9sie sur des riffs \u00e9lectriques, dans un Rock dynamique et populaire.\u00a0 Pour l&rsquo;aider dans sa nouvelle cr\u00e9ation, il s&rsquo;est entour\u00e9 de David Jacob (bassiste pour <a href=\"https:\/\/lamagicbox.com\/magazine\/?p=16934\" target=\"_blank\">Trust<\/a>), St\u00e9phane Daireaux (guitariste de <a href=\"https:\/\/lamagicbox.com\/magazine\/?p=15516\" target=\"_blank\">Bertignac<\/a>) ou encore Franck Ridacker (batteur de <a href=\"https:\/\/lamagicbox.com\/magazine\/?p=7659\" target=\"_blank\">La Grande Sophie<\/a>). L&rsquo;album a \u00e9t\u00e9 enregistr\u00e9 et mix\u00e9 par Steve Prestage, un ing\u00e9 son au cv long comme le bras (De Palmas, <a href=\"https:\/\/lamagicbox.com\/magazine\/?p=17008\" target=\"_blank\">Nord<\/a>, <a href=\"https:\/\/lamagicbox.com\/magazine\/?p=23484\" target=\"_blank\">Manu Lanvin<\/a>, <a href=\"https:\/\/lamagicbox.com\/magazine\/?p=3355\" target=\"_blank\">AqME<\/a>, <a href=\"https:\/\/lamagicbox.com\/magazine\/?p=2387\" target=\"_blank\">Paul Personne<\/a>&#8230;)<\/p>\n<p style=\"text-align: center;\"><iframe loading=\"lazy\" src=\"https:\/\/www.youtube.com\/embed\/LFWaN6jrfKA\" width=\"450\" height=\"253\" frameborder=\"0\" allowfullscreen=\"allowfullscreen\"><\/iframe><\/p>\n<p>[hr color=\u00a0\u00bbred\u00a0\u00bb]<\/p>\n<p style=\"text-align: justify;\"><span style=\"color: #800000;\"><strong>LES INSTRUMENTS DE L&rsquo;OMBRE<\/strong><\/span><br \/>\n<strong><img loading=\"lazy\" decoding=\"async\" class=\"alignright size-medium wp-image-29158\" title=\"instruments-de-l-ombre-2021\" src=\"https:\/\/lamagicbox.com\/magazine\/wp-content\/uploads\/2021\/01\/instruments-de-l-ombre-2021-105x150.jpg\" alt=\"instruments-de-l-ombre-2021\" width=\"105\" height=\"150\" srcset=\"https:\/\/lamagicbox.com\/magazine\/wp-content\/uploads\/2021\/01\/instruments-de-l-ombre-2021-105x150.jpg 105w, https:\/\/lamagicbox.com\/magazine\/wp-content\/uploads\/2021\/01\/instruments-de-l-ombre-2021.jpg 150w\" sizes=\"auto, (max-width: 105px) 100vw, 105px\" \/>Thierry Dauge<\/strong> et\u00a0<strong>Julien Del\u00e9gise<\/strong> ont \u00e9crit cet ouvrage \u00e0 quatre mains, dans le but de parler d&rsquo;un peu d&rsquo;autre chose que de guitares, batteries et clavier. Car le Rock, du haut de ses 70 ans, n&rsquo;a cess\u00e9 d&rsquo;\u00e9largir son horizon, en y int\u00e9grant des instruments venus d&rsquo;ailleurs : le saxo de Morphine, la mandoline de REM, le piano fou de Jerry Lee Lewis, l&rsquo;harmonica de Bob Dylan, la fl\u00fbte traversi\u00e8re de Jethro Tull&#8230;<br \/>\nLes exemples sont sans fin, et il fallait bien un bouquin de 378 pages, pour\u00a0remettre un peu de lumi\u00e8re sur ces instruments de l&rsquo;ombre (<a href=\"http:\/\/www.camionblanc.com\/detail-livre-pop-rock-les-instruments-de-l-ombre-meconnus-incongrus-ou-mal-aimes-de-l-accordeon-au-xylophone-1401.php\" target=\"_blank\">Editions du Camion Blanc<\/a>).<\/p>\n<p>[hr color=\u00a0\u00bbred\u00a0\u00bb]<\/p>\n<\/div>\n<div class=\"nc684nl6\"><span style=\"color: #800000;\"><strong>BEBLY &#8211; \u00ab\u00a0L&rsquo;EXTINCTION\u00a0\u00bb<\/strong><\/span><\/div>\n<\/div>\n<\/div>\n<div class=\"o9v6fnle cxmmr5t8 oygrvhab hcukyx3x c1et5uql ii04i59q\">\n<div dir=\"auto\" style=\"text-align: justify;\">Le premier extrait de l&rsquo;EP \u00ab\u00a0Le Spleen \u00c0 Pr\u00e9sent\u00a0\u00bb est disponible\u00a0depuis le 29\/01\/2021. L&rsquo;album, compos\u00e9 de 5 titres, en formule acoustique, est pr\u00e9vu pour mars 2021. Benjamin Blin est \u00e0 la guitare et au chant. De Nuit Loizeau, au chant et aux choeurs. Le clip a \u00e9t\u00e9 r\u00e9alis\u00e9, enregistr\u00e9 et mix\u00e9 par Sylvain Carpentier au Studio aTYPICAL \u00e0 Paris, et le mastering est sign\u00e9 Peter Deimel au Studio Black Box \u00e0 Angers.<br \/>\n<strong><strong><strong><a href=\"http:\/\/www.beblyrecords.com\" target=\"_blank\">Site Officiel<\/a><\/strong><\/strong><\/strong><\/div>\n<p style=\"text-align: center;\"><iframe loading=\"lazy\" src=\"https:\/\/www.youtube.com\/embed\/CynfDLOwWI0\" width=\"450\" height=\"253\" frameborder=\"0\" allowfullscreen=\"allowfullscreen\"><\/iframe><\/p>\n<div dir=\"auto\">[hr color=\u00a0\u00bbred\u00a0\u00bb]<\/div>\n<\/div>\n<p style=\"text-align: justify;\"><span style=\"color: #800000;\"><strong>ROSAWAY &#8211; \u00ab\u00a0TAKE WHAT&rsquo;S GOOD FOR YOU\u00a0\u00bb<\/strong><\/span><br \/>\nAvec ce nouvel extrait de l&rsquo;EP \u00ab\u00a0Dreamer\u00a0\u00bb sorti en octobre 2020, le duo nous offre une pop \u00ab\u00a0feel good\u00a0\u00bb color\u00e9e, groovy et r\u00e9solument moderne, port\u00e9e par la voix suave et puissante de Rachel. Une pop chant\u00e9e en anglais,\u00a0des compositions port\u00e9es par une voix grave aux accents soul, une fl\u00fbte traversi\u00e8re aux\u00a0gimmick ent\u00eatants, une batterie \u00e9nergique et sensible, des claviers vintage, des machines 70&rsquo;s pour une\u00a0atmosph\u00e8re\u00a0originale. Le clip a \u00e9t\u00e9 r\u00e9alis\u00e9 en live session, en partenariat avec Musik Ap&rsquo;Passionato et L&rsquo;Ellipse.<br \/>\n<strong><a href=\"https:\/\/www.rosaway.com\/\" target=\"_blank\">Site Officiel<\/a><\/strong><\/p>\n<p style=\"text-align: center;\"><iframe loading=\"lazy\" src=\"https:\/\/www.youtube.com\/embed\/xxZctiWdU9E\" width=\"560\" height=\"315\" frameborder=\"0\" allowfullscreen=\"allowfullscreen\"><\/iframe><\/p>\n<p style=\"text-align: justify;\">[hr color=\u00a0\u00bbred\u00a0\u00bb]<\/p>\n<p style=\"text-align: justify;\"><span style=\"color: #800000;\"><strong>GILLES POIZAT : AMBIANCE FEUTR\u00c9E GARANTIE\u00a0<\/strong><\/span><br \/>\nLe musicien lyonnais, <strong>Gilles Poizat<\/strong>, tr\u00e8s prolifique depuis 25 ans, propose en 2021 un projet, un travail de recherche autour d&rsquo;une trompette et d&rsquo;un synth\u00e9tiseur modulaire. Un travail instinctif, une improvisation \u00e0 peine r\u00e9fl\u00e9chie. Le r\u00e9sultat est un mini album, 6 pistes \u00e9pur\u00e9es et relaxantes qui pourraient servir de score \u00e0 quelques sc\u00e8nes contemplatives du Cin\u00e9ma d&rsquo;auteur. Le projet est baptis\u00e9 <em>Champignon Flamme<\/em>, il sort le 12 f\u00e9vrier 2021 sur le label<strong> Carton Records<\/strong>.<br \/>\n<a href=\"http:\/\/gillespoizat.free.fr\/index.html\" target=\"_blank\">Site officiel<\/a><\/p>\n<p style=\"text-align: center;\"><iframe loading=\"lazy\" style=\"border: 0; width: 100%; height: 120px;\" src=\"https:\/\/bandcamp.com\/EmbeddedPlayer\/album=3883307887\/size=large\/bgcol=333333\/linkcol=e99708\/tracklist=false\/artwork=small\/transparent=true\/\" width=\"300\" height=\"150\" seamless=\"\"><a href=\"https:\/\/cartonrecords.bandcamp.com\/album\/champignon-flamme\">Champignon Flamme by Gilles Poizat<\/a><\/iframe><\/p>\n<p style=\"text-align: justify;\">[hr color=\u00a0\u00bbred\u00a0\u00bb]<\/p>\n<p style=\"text-align: justify;\"><span style=\"color: #800000;\"><strong>BIENT\u00d4T UN ALBUM POUR GMBT LIFE<\/strong><\/span><br \/>\nUne petite addition :\u00a0Aleksi M\u00e4kel\u00e4 + Timo Zwandun + Nabim Fieev =\u00a0<strong>GmBt Life<\/strong>, un trio fran\u00e7ais de musique \u00e9lectronique qui int\u00e8gre des parfois des parties vocales et des guitares \u00e9lectriques, \u00e9largissant son horizon vers une forme de post rock, Rock progressif ou m\u00eame de musique concr\u00e8te, quelque part entre <strong>Magma<\/strong> et <strong>Talk Talk<\/strong> derni\u00e8re p\u00e9riode. Le groupe distille ses titres \u00e0 l&rsquo;unit\u00e9 depuis pr\u00e8s de 2 ans, mais devrait livrer enfin son premier album en 2021 !<br \/>\nA d\u00e9couvrir, leur nouveau titre <em>Five Hundred Slaves<\/em> :<\/p>\n<p style=\"text-align: center;\"><iframe loading=\"lazy\" src=\"https:\/\/www.youtube.com\/embed\/yXQ4cOgTiLA\" width=\"450\" height=\"253\" frameborder=\"0\" allowfullscreen=\"allowfullscreen\"><\/iframe><\/p>\n<p style=\"text-align: justify;\">[hr color=\u00a0\u00bbred\u00a0\u00bb]<\/p>\n<p style=\"text-align: justify;\"><span style=\"color: #800000;\"><strong>BONNES NOUVELLES DES BAD NEWS !\u00a0<\/strong><\/span><br \/>\nLe groupe rennes\u00a0<strong>The Bad News<\/strong> sort son second album. Au programme de ce <strong><em>Take it Out<\/em><\/strong>, douze nouvelles chansons m\u00ealant un Rock garage dynamique et vintage sous influences B<span class=\"bcTruncateMore\"><span class=\"peekaboo-text\">lues. Des guitares mordantes et des voix enraill\u00e9es vont vous donner la bougeotte pendant une petite demi-heure, renouvelable \u00e0 volont\u00e9. L&rsquo;album sort sur les labels\u00a0<strong>Poch records<\/strong> et <strong>Banana juice<\/strong>, deux labels rennais eux-aussi. Une version vinyle est disponible pour les 500 premiers acqu\u00e9reurs !<br \/>\nPlus d&rsquo;infos sur <a href=\"https:\/\/www.facebook.com\/thebadnewsband\" target=\"_blank\">Facebook<\/a> \/ \u00e9coute &amp; achat sur leur <a href=\"https:\/\/thebadnews-rennes.bandcamp.com\/\" target=\"_blank\">bandcamp<\/a><\/span><\/span><\/p>\n<p style=\"text-align: center;\"><iframe loading=\"lazy\" src=\"https:\/\/www.youtube.com\/embed\/uIccPscvW0M\" width=\"450\" height=\"253\" frameborder=\"0\" allowfullscreen=\"allowfullscreen\"><\/iframe><\/p>\n<p>[hr color=\u00a0\u00bbred\u00a0\u00bb]<\/p>\n<p style=\"text-align: justify;\"><span style=\"color: #800000;\"><strong>BELFOUR &#8211; \u00ab\u00a0SI LA RIVI\u00c8RE COULE\u00a0\u00bb<br \/>\n<\/strong><\/span>Le\u00a0duo originaire de Clermont-Ferrand, compos\u00e9 de\u00a0Michael Sacchetti \u00e0 la guitare et de Lucie Mena au chant, est de retour dans l&rsquo;actualit\u00e9 musicale. Nous les avions d\u00e9couverts en premi\u00e8re partie de la tourn\u00e9e de Bertrand Cantat en 2018, et les voil\u00e0 de retour avec un premier EP qui para\u00eetra en avril prochain.\u00a0En attendant, voici le premier titre disponible : \u201cSi La Rivi\u00e8re Coule\u201d. Mis en clip par la r\u00e9alisatrice Elizabeth Marre (Walter Films), celui-ci a \u00e9t\u00e9 s\u00e9lectionn\u00e9 au Festival International du Court-M\u00e9trage de Clermont-Ferrand en 2021. L\u2019EP \u00e0 venir a \u00e9t\u00e9 mix\u00e9 par Seb Marc (Jane Birkin, Charlotte Gainsbourg, Etienne Daho\u2026). Le r\u00e9put\u00e9 Jean-Fran\u00e7ois Robert, photographe et portraitiste, a quant \u00e0 lui su capturer l\u2019essence organique du duo, tandis que le graphiste J\u00e9r\u00f4me Witz (Alain Bashung, Dominique A, Feu Chatterton, Jeanne Added\u2026) s\u2019est charg\u00e9 de la pochette de l\u2019EP. \u00ab\u00a0Si La Rivi\u00e8re Coule\u00a0\u00bb, d\u00e9couvrez le clip maintenant !<\/p>\n<p style=\"text-align: center;\"><iframe loading=\"lazy\" src=\"https:\/\/www.youtube.com\/embed\/cJ69vJzlScE\" width=\"450\" height=\"253\" frameborder=\"0\" allowfullscreen=\"allowfullscreen\"><\/iframe><\/p>\n<p>[hr color=\u00a0\u00bbred\u00a0\u00bb]<\/p>\n<p style=\"text-align: justify;\"><span style=\"color: #800000;\"><strong>LE \u00ab\u00a013\u00a0\u00bb DE MOONSPELL\u00a0<\/strong><\/span><br \/>\nLe groupe portugais le plus connus au monde sort son 13\u00e8me album studio, \u00ab\u00a0Hermitage\u00a0\u00bb, le 26 f\u00e9vrier 2021 (Napalm Records). L&rsquo;album de MOONSPELL a \u00e9t\u00e9 enregistr\u00e9, mix\u00e9 et masteris\u00e9 par <strong>Jaime Gomez Arellano<\/strong> (<strong>Paradise Lost, Ghost<\/strong>) au Royaume-Uni. D\u00e9j\u00e0 3 singles sont disponible dont le petit dernier \u00ab\u00a0All Or Nothing\u00a0\u00bb, \u00e0 voir et \u00e0 entendre sur cette vid\u00e9o ci-dessous. Le groupe est n\u00e9 au d\u00e9but des ann\u00e9es 90 et son leader <strong>Fernando Ribeiro<\/strong>\u00a0est lucide : \u00ab\u00a0<em>Nous savons que nous entrons dans les derni\u00e8res ann\u00e9es de notre carri\u00e8re de musiciens: l&rsquo;hiver de notre vie&#8230; Mais nous nous soucions de ce que notre entourage ressent \u00e0 notre sujet, et cet album parle de ce que nous ressentons, de nos r\u00e9ponses \u00e0 vos questions&#8230; Nous ne nous soucions que de la musique. La musique vient en premier sur cet album que vous tiendrez bient\u00f4t entre vos mains<\/em>. \u00ab\u00a0<\/p>\n<p style=\"text-align: center;\"><iframe loading=\"lazy\" src=\"https:\/\/www.youtube.com\/embed\/pIAfdbVkbyw\" width=\"450\" height=\"253\" frameborder=\"0\" allowfullscreen=\"allowfullscreen\"><\/iframe><\/p>\n<p>[hr color=\u00a0\u00bbred\u00a0\u00bb]<\/p>\n<p style=\"text-align: justify;\"><span style=\"color: #800000;\"><strong>GOD IS AN ASTRONAUT\u00a0DANS LES \u00c9TOILES<br \/>\n<\/strong><\/span>Nouvel album annonc\u00e9 pour God is an Astronaut. Le groupe de Rock exp\u00e9rimental irlandais va sortir un nouvel album instrumental annonc\u00e9 comme le \u00ab\u00a0plus f\u00e9roce\u00a0\u00bb du groupe. Intitul\u00e9\u00a0<em><strong>Ghost Tapes #10<\/strong><\/em>, ce nouvel album est le 9e du groupe (10e si on compte leur EP de 2006) et s&rsquo;\u00e9loigne toujours un peu plus de ses racines originelles qui plongeaient dans les ann\u00e9es 70 de <strong>Tangerine Dream<\/strong>. Le son y est d\u00e9finitivement plus lourd. A l&rsquo;instar du premier single\u00a0<em>Fade ou\u00a0Burial\u00a0<\/em>disponibles tous deux en clip d\u00e8s maintenant. L&rsquo;album sort\u00a0le 12\/02\/2021 sur\u00a0<a href=\"https:\/\/label.napalmrecords.com\/god-is-an-astronaut\" target=\"_blank\">Napalm Records<\/a>.<\/p>\n<p style=\"text-align: center;\"><iframe loading=\"lazy\" src=\"https:\/\/www.youtube.com\/embed\/Azps03fvalo\" width=\"450\" height=\"253\" frameborder=\"0\" allowfullscreen=\"allowfullscreen\"><\/iframe><\/p>\n<p>[hr color=\u00a0\u00bbred\u00a0\u00bb]<\/p>\n<p style=\"text-align: justify;\"><span style=\"color: #800000;\"><strong>BOOGAERTS EN ANGLAIS ?\u00a0<\/strong><\/span><br \/>\n2 ans que Mathieu Boogaerts vit \u00e0 Londres, et le voici qu&rsquo;il en a perdu ses mots. Ses mots fran\u00e7ais tout du moins, car en ce qui concerne la langue des Beatles, le voici de retour avec un album entier de \u00ab\u00a0brit songs\u00a0\u00bb, le 8e de sa carri\u00e8re longue d&rsquo;un quart de si\u00e8cle. L&rsquo;album est pr\u00e9vu de sortir le 26 f\u00e9vrier et s&rsquo;appellera tout simplement \u00ab\u00a0<strong><em>En anglais<\/em><\/strong>\u00a0\u00bb (<strong>T\u00f4t ou Tard<\/strong>). Le premier single sera <em>Am I Crazy<\/em>.<\/p>\n<p style=\"text-align: center;\"><iframe loading=\"lazy\" src=\"https:\/\/www.youtube.com\/embed\/bOYZw7O-IQk\" width=\"450\" height=\"253\" frameborder=\"0\" allowfullscreen=\"allowfullscreen\"><\/iframe><\/p>\n<p><a href=\"https:\/\/www.facebook.com\/MathieuBoogaerts\/\" target=\"_blank\">Facebook<\/a><br \/>\n[hr color=\u00a0\u00bbred\u00a0\u00bb]<\/p>\n<p class=\"x_MsoNormal\" style=\"text-align: justify;\"><b><span style=\"color: #800000;\">MOUNTAIN MOUNTAIN DANS LES CIMES DE L&rsquo;ELECTRO POP A\u00c9RIEN<\/span><br \/>\n<\/b><b>Mountain Mountain<\/b>\u00a0sort le 5 f\u00e9vrier son bien nomm\u00e9 nouvel album\u00a0<b><i>Aerial<\/i><\/b>\u00a0(Sand Music). Un premier EP en 2016\u00a0&#8211;\u00a0<i>Open and See<\/i>\u00a0&#8211; sorti chez Echo Orange, avait donn\u00e9 la direction. Le nouvel album continue de monter jusque dans la stratosph\u00e8re.\u00a0<b>Nicolas Baucheron<\/b>\u00a0au chant et de\u00a0<b>S\u00e9bastien Roux<\/b>\u00a0\u00e0 la guitare concocte une dream pop \u00e0 la fois planante et dansante. Pour les accompagner dans leur voyage sonore, le duo s&rsquo;est fait accompagn\u00e9 de\u00a0<b>Paul Renard\u00a0<\/b>(Abschaum) , de\u00a0<b>Jean David Mimouni\u00a0<\/b>(HangOyster) et <b>Wugo<\/b>, leur clavi\u00e9riste qui les accompagnait en concerts.<\/p>\n<p class=\"x_MsoNormal\" style=\"text-align: center;\"><iframe loading=\"lazy\" src=\"https:\/\/www.youtube.com\/embed\/s1cLs-Mh0W4\" width=\"450\" height=\"253\" frameborder=\"0\" allowfullscreen=\"allowfullscreen\"><\/iframe><\/p>\n<p>[hr color=\u00a0\u00bbred\u00a0\u00bb]<\/p>\n<p style=\"text-align: justify;\"><strong><span style=\"color: #800000;\">L&rsquo;HYMNE A LA NATURE DE MAX\u00cfMO PARK\u00a0<\/span><br \/>\n<\/strong>Le 26 f\u00e9vrier, 2 ans\u00a0apr\u00e8s <strong><i>As Long As We Keep Moving<\/i><\/strong><i>,\u00a0<\/i>Maximo Park revient avec un\u00a08e album baptis\u00e9\u00a0<em><strong>Nature Always Win<\/strong> (Prolifica\/[PIAS])<\/em>. Le quatuor anglais emmen\u00e9 par son leader charismatique Paul Smith, garde son rythme d&rsquo;enregistrement, malgr\u00e9 les al\u00e9as sanitaires. Pas de r\u00e9volution \u00e0 l&rsquo;horizon concernant les nouveaux morceaux. Une Pop dynamique et\u00a0efficace port\u00e9e par des gimmick de claviers rapidement ent\u00eatants. La marque de fabrique de Max\u00efmo Park a d\u00e9j\u00e0 \u00e9t\u00e9 \u00e9prouv\u00e9e. Le groupe conserve la m\u00eame recette en cette nouvelle ann\u00e9e. Il en est pour preuve, le single sorti le 14 janvier dernier,\u00a0All Of Me :<\/p>\n<p style=\"text-align: center;\"><iframe loading=\"lazy\" src=\"https:\/\/www.youtube.com\/embed\/gQkW29Yzd6I\" width=\"450\" height=\"253\" frameborder=\"0\" allowfullscreen=\"allowfullscreen\"><\/iframe><\/p>\n<p style=\"text-align: justify;\">[hr color=\u00a0\u00bbred\u00a0\u00bb]<\/p>\n<p><span style=\"color: #0f0f0f; font-family: Roboto, Arial, sans-serif; font-size: 14px; white-space: pre-wrap; background-color: rgba(0, 0, 0, 0.05);\">\u00a0<\/span><\/p>\n<!--themify_builder_content-->\n<div id=\"themify_builder_content-29014\" data-postid=\"29014\" class=\"themify_builder_content themify_builder_content-29014 themify_builder tf_clear\">\n    <\/div>\n<!--\/themify_builder_content-->\n","protected":false},"excerpt":{"rendered":"<p>[hr color=\u00a0\u00bbred\u00a0\u00bb] MATHIEU \u00ab\u00a0MATHIOU\u00a0\u00bb BOOGAERTS\u00a0 \u00ab\u00a0Mathiou\u00a0\u00bb : les aventures de Mathieu Boogaerts \u00e0 Londres est le documentaire film\u00e9 et mont\u00e9 par Arthur Le FOL autour de l&rsquo;artiste \u00e9migr\u00e9 \u00e0 Londres, pour ne pas payer d&rsquo;imp\u00f4t en France et profiter pleinement des effets du Covid ! \ud83d\ude09 Plus s\u00e9rieusement, le chanteur, pr\u00e9parant la sortie de son [&hellip;]<\/p>\n","protected":false},"author":1,"featured_media":0,"comment_status":"open","ping_status":"open","sticky":false,"template":"","format":"standard","meta":{"footnotes":""},"categories":[110],"tags":[3061,3038,2580,3049,1929,3041,3051,3060,3040,3039,3013,3053,1488,3602,380,262,3011,2845,3012,1064,3037,3050,3036,3052,68],"class_list":["post-29014","post","type-post","status-publish","format-standard","hentry","category-news-du-mois","tag-arthur-le-fol","tag-banana-juice","tag-beauregard","tag-bebly","tag-belfour","tag-carton-records","tag-editions-du-camion-blanc","tag-festival","tag-gilles-poizat","tag-gmbt-life","tag-god-is-an-astronaut","tag-julien-delegise","tag-les-vieilles-charrues","tag-marquis","tag-marquis-de-sade","tag-mathieu-boogaerts","tag-maximo-park","tag-moonspell","tag-mountain-mountain","tag-pias","tag-poch-records","tag-rosaway","tag-the-bad-news","tag-thierry-dauge","tag-tot-ou-tard","has-post-title","has-post-date","has-post-category","has-post-tag","has-post-comment","has-post-author",""],"builder_content":"","_links":{"self":[{"href":"https:\/\/lamagicbox.com\/magazine\/wp-json\/wp\/v2\/posts\/29014","targetHints":{"allow":["GET"]}}],"collection":[{"href":"https:\/\/lamagicbox.com\/magazine\/wp-json\/wp\/v2\/posts"}],"about":[{"href":"https:\/\/lamagicbox.com\/magazine\/wp-json\/wp\/v2\/types\/post"}],"author":[{"embeddable":true,"href":"https:\/\/lamagicbox.com\/magazine\/wp-json\/wp\/v2\/users\/1"}],"replies":[{"embeddable":true,"href":"https:\/\/lamagicbox.com\/magazine\/wp-json\/wp\/v2\/comments?post=29014"}],"version-history":[{"count":0,"href":"https:\/\/lamagicbox.com\/magazine\/wp-json\/wp\/v2\/posts\/29014\/revisions"}],"wp:attachment":[{"href":"https:\/\/lamagicbox.com\/magazine\/wp-json\/wp\/v2\/media?parent=29014"}],"wp:term":[{"taxonomy":"category","embeddable":true,"href":"https:\/\/lamagicbox.com\/magazine\/wp-json\/wp\/v2\/categories?post=29014"},{"taxonomy":"post_tag","embeddable":true,"href":"https:\/\/lamagicbox.com\/magazine\/wp-json\/wp\/v2\/tags?post=29014"}],"curies":[{"name":"wp","href":"https:\/\/api.w.org\/{rel}","templated":true}]}}