{"id":28975,"date":"2021-01-07T11:04:56","date_gmt":"2021-01-07T10:04:56","guid":{"rendered":"https:\/\/lamagicbox.com\/magazine\/?p=28975"},"modified":"2021-02-09T18:01:32","modified_gmt":"2021-02-09T17:01:32","slug":"news-de-decembre-2020","status":"publish","type":"post","link":"https:\/\/lamagicbox.com\/magazine\/news-de-decembre-2020\/","title":{"rendered":"News de D\u00e9cembre 2020"},"content":{"rendered":"<p>[hr color=\u00a0\u00bbred\u00a0\u00bb]<\/p>\n<p style=\"text-align: justify;\"><strong><span style=\"color: #800000;\">ANDREEL JAZZ CROONER<\/span><\/strong><br \/>\n<strong><em>\u201cTu m\u2019apprends\u201d<\/em><\/strong> est le 7e album du chanteur <strong>Andr\u00e9el<\/strong>. Il y invite\u00a0Amandine Bourgeois, Natacha R\u00e9gnier et Lucile Chriqui, pour\u00a0quelques\u00a0singuliers duos doux et po\u00e9tiques, dans des atmosph\u00e8res jazz feutr\u00e9es. L&rsquo;album, compos\u00e9 de 11 titres, sort sur le label\u00a0<strong>Quart de Lune<\/strong> et est distribu\u00e9 par Inou\u00ef Distribution. Sortie le 4 d\u00e9cembre 2020.<br \/>\n<a href=\"https:\/\/www.facebook.com\/andreelvirtuel\/\">Facebook<\/a> \/ <a href=\"https:\/\/www.andreel.com\/\" target=\"_blank\">Site officiel<\/a><\/p>\n<p style=\"text-align: center;\"><iframe loading=\"lazy\" src=\"https:\/\/www.youtube.com\/embed\/ywNR-DTlIS8\" width=\"450\" height=\"253\" frameborder=\"0\" allowfullscreen=\"allowfullscreen\"><\/iframe><\/p>\n<p>&nbsp;<\/p>\n<p>[hr color=\u00a0\u00bbred\u00a0\u00bb]<\/p>\n<p style=\"text-align: justify;\"><span style=\"color: #800000;\"><strong>UN PETIT PARFUM DE BARRICADES\u00a0<\/strong><\/span><br \/>\nL&rsquo;ann\u00e9e 2019 aura \u00e9t\u00e9 marqu\u00e9 par le retour des barricades, dans un vent de contestations tumultueux. L&rsquo;ann\u00e9e 2020 l&rsquo;aura \u00e9touff\u00e9 gr\u00e2ce \u00e0 une crise sanitaire, et \u00e9tonnamment salutaire pour nos \u00e9lites. C&rsquo;est peut-\u00eatre ce qui a pouss\u00e9 le groupe <strong>Barricades<\/strong> \u00e0 enregistrer un nouvel album, 3 ans apr\u00e8s son pr\u00e9c\u00e9dent opus \u00e9ponyme.\u00a0Dans un esprit Punk Rock vindicatif, le groupe met une fois encore l&rsquo;accent sur ses textes contestataires, abordant les fl\u00e9aux du Capitalisme et du D\u00e9veloppement \u00e0 outrance de notre soci\u00e9t\u00e9, condamn\u00e9e \u00e0 aller dans le mur. Mais y a t il un autre chemin ? Avec ce 3e album, le groupe l&rsquo;<strong><em>Imagine<\/em><\/strong>&#8230;<br \/>\n<a href=\"https:\/\/www.facebook.com\/Groupe.barricades\" target=\"_blank\">Facebook<\/a> \/ <a href=\"https:\/\/www.barricades-rock.net\/\" target=\"_blank\">Site officiel<\/a>\u00a0\/ <a href=\"https:\/\/www.paniermusique.fr\/chanson\/4721-tu-m-apprends-andreel-3770001716947.html\" target=\"_blank\">Acheter<\/a><\/p>\n<p style=\"text-align: center;\"><iframe loading=\"lazy\" style=\"border: 0; width: 100%; height: 120px;\" src=\"https:\/\/bandcamp.com\/EmbeddedPlayer\/album=2248618455\/size=large\/bgcol=333333\/linkcol=e99708\/tracklist=false\/artwork=small\/transparent=true\/\" width=\"300\" height=\"150\" seamless=\"\"><a href=\"https:\/\/barricades-rock.bandcamp.com\/album\/imagine\">Imagine&#8230; by Barricades<\/a><\/iframe><\/p>\n<p style=\"text-align: justify;\">[hr color=\u00a0\u00bbred\u00a0\u00bb]<\/p>\n<p style=\"text-align: justify;\"><span style=\"color: #800000;\"><strong>ROCK DE LUX\u00a0<\/strong><\/span><br \/>\nCr\u00e9\u00e9 en 2012 \u00e0 Clermont Ferrand, mais d\u00e9sormais quatuor, <strong>Lux Bas-Fonds<\/strong> ne fait pas dans la dentelle ou dans le tricot ! C&rsquo;est un Rock brut, des guitares abruptes, des tignasses hirsutse, une voix rauque et uppercut ! Avec <strong><em>Amn\u00e9sie internationale<\/em><\/strong>, G\u00e9raud Bastar et ses trois comp\u00e8res sortent pour la seconde fois de studio dans la m\u00eame ann\u00e9e. En d\u00e9but d&rsquo;ann\u00e9e, c&rsquo;\u00e9tait avec les 14 titres de <strong><em>La Forge<\/em><\/strong> (clin d&rsquo;oeil \u00e0<em> La Grange<\/em> de <strong>ZZ Top<\/strong> ?). Quelques 6 mois plus tard, les voil\u00e0 de retour avec 5 nouveaux titres, dont on retiendra notamment, le titre \u00e9ponyme du EP,\u00a0<em>Amn\u00e9sie Internationale,<\/em> qui m\u00e9lange une multitude de r\u00e9f\u00e9rences qui vont des <strong>Stooges<\/strong> \u00e0 <strong>Billy Idol<\/strong> en passant par <strong>AC\/DC<\/strong>&#8230; ou bien <em>C\u00f4t\u00e9 Cuir<\/em>, un titre hybride, qui change de rythmes comme de chemise, et qui se rapproche des titres les plus sombres d&rsquo;un <strong>Noir D\u00e9sir<\/strong> qui aurait invit\u00e9 <strong>Arno<\/strong> \u00e0 son micro !<br \/>\n<a href=\"https:\/\/www.facebook.com\/geraudbastarluxbasfonds\/\" target=\"_blank\">Facebook<\/a><br \/>\n<iframe loading=\"lazy\" style=\"border: 0; width: 100%; height: 120px;\" src=\"https:\/\/bandcamp.com\/EmbeddedPlayer\/album=1415205392\/size=large\/bgcol=333333\/linkcol=e99708\/tracklist=false\/artwork=small\/transparent=true\/\" width=\"300\" height=\"150\" seamless=\"\"><a href=\"https:\/\/luxbasfonds.bandcamp.com\/album\/amn-sie-internationale\">Amn\u00e9sie Internationale by Lux Bas-Fonds<\/a><\/iframe><\/p>\n<p style=\"text-align: justify;\">[hr color=\u00a0\u00bbred\u00a0\u00bb]<\/p>\n<!--themify_builder_content-->\n<div id=\"themify_builder_content-28975\" data-postid=\"28975\" class=\"themify_builder_content themify_builder_content-28975 themify_builder tf_clear\">\n    <\/div>\n<!--\/themify_builder_content-->\n","protected":false},"excerpt":{"rendered":"<p>[hr color=\u00a0\u00bbred\u00a0\u00bb] ANDREEL JAZZ CROONER \u201cTu m\u2019apprends\u201d est le 7e album du chanteur Andr\u00e9el. Il y invite\u00a0Amandine Bourgeois, Natacha R\u00e9gnier et Lucile Chriqui, pour\u00a0quelques\u00a0singuliers duos doux et po\u00e9tiques, dans des atmosph\u00e8res jazz feutr\u00e9es. L&rsquo;album, compos\u00e9 de 11 titres, sort sur le label\u00a0Quart de Lune et est distribu\u00e9 par Inou\u00ef Distribution. Sortie le 4 d\u00e9cembre 2020. [&hellip;]<\/p>\n","protected":false},"author":1,"featured_media":0,"comment_status":"open","ping_status":"open","sticky":false,"template":"","format":"standard","meta":{"footnotes":""},"categories":[110],"tags":[3044,3043,2993,3046,2997,3045,1912],"class_list":["post-28975","post","type-post","status-publish","format-standard","hentry","category-news-du-mois","tag-amandine-bourgeois","tag-andreel","tag-barricades","tag-lucile-chriqui","tag-lux-fas-fonds","tag-natacha-regnier","tag-punk","has-post-title","has-post-date","has-post-category","has-post-tag","has-post-comment","has-post-author",""],"builder_content":"","_links":{"self":[{"href":"https:\/\/lamagicbox.com\/magazine\/wp-json\/wp\/v2\/posts\/28975","targetHints":{"allow":["GET"]}}],"collection":[{"href":"https:\/\/lamagicbox.com\/magazine\/wp-json\/wp\/v2\/posts"}],"about":[{"href":"https:\/\/lamagicbox.com\/magazine\/wp-json\/wp\/v2\/types\/post"}],"author":[{"embeddable":true,"href":"https:\/\/lamagicbox.com\/magazine\/wp-json\/wp\/v2\/users\/1"}],"replies":[{"embeddable":true,"href":"https:\/\/lamagicbox.com\/magazine\/wp-json\/wp\/v2\/comments?post=28975"}],"version-history":[{"count":0,"href":"https:\/\/lamagicbox.com\/magazine\/wp-json\/wp\/v2\/posts\/28975\/revisions"}],"wp:attachment":[{"href":"https:\/\/lamagicbox.com\/magazine\/wp-json\/wp\/v2\/media?parent=28975"}],"wp:term":[{"taxonomy":"category","embeddable":true,"href":"https:\/\/lamagicbox.com\/magazine\/wp-json\/wp\/v2\/categories?post=28975"},{"taxonomy":"post_tag","embeddable":true,"href":"https:\/\/lamagicbox.com\/magazine\/wp-json\/wp\/v2\/tags?post=28975"}],"curies":[{"name":"wp","href":"https:\/\/api.w.org\/{rel}","templated":true}]}}