{"id":28707,"date":"2020-07-01T12:00:17","date_gmt":"2020-07-01T10:00:17","guid":{"rendered":"https:\/\/lamagicbox.com\/magazine\/?p=28707"},"modified":"2020-07-17T15:21:59","modified_gmt":"2020-07-17T13:21:59","slug":"news-de-juillet-2020","status":"publish","type":"post","link":"https:\/\/lamagicbox.com\/magazine\/news-de-juillet-2020\/","title":{"rendered":"News de Juillet 2020"},"content":{"rendered":"<p>[hr color=\u00a0\u00bbred\u00a0\u00bb]<\/p>\n<p style=\"text-align: justify;\"><span style=\"color: #800000;\"><strong>YVAN MARC \u00ab\u00a0REVIENDRA\u00a0\u00bb EN SEPTEMBRE<\/strong><\/span><br \/>\nDeux ans se sont \u00e9coul\u00e9s depuis\u00a0<strong><em><a title=\"Yvan Marc \u2013 Nos dimanches\" href=\"https:\/\/lamagicbox.com\/magazine\/?p=19848\">Nos dimanches<\/a><\/em><\/strong>, le pr\u00e9c\u00e9dent LP de <strong>Yvan Marc<\/strong>, qui nous avait berc\u00e9 durant tout le printemps 2018.\u00a0Son nouvel album<strong><em> \u00ab L&rsquo;ancien soleil \u00bb<\/em><\/strong>, para\u00eetra le 4 septembre prochain (Believe Music\/Labeldiff 43). Compos\u00e9 de 11 nouvelles balades toujours patin\u00e9 d&rsquo;une douce m\u00e9lancolie, ce huiti\u00e8me album de l&rsquo;artiste en pr\u00e8s de 20 ans de carri\u00e8re, prend des airs de nostalgie qui s&rsquo;exprime dans un premier extrait intitul\u00e9<em> Je reviendrai<\/em>, disponible depuis juin en clip. Le titre est un hommage non dissimul\u00e9 aux r\u00e9fugi\u00e9s du monde entier au travers d&rsquo;une tranche de notre Histoire.<\/p>\n<p style=\"text-align: center;\"><iframe loading=\"lazy\" src=\"https:\/\/www.youtube.com\/embed\/3DFsDmhK80s\" width=\"450\" height=\"253\" frameborder=\"0\" allowfullscreen=\"allowfullscreen\"><\/iframe><\/p>\n<p>[hr color=\u00a0\u00bbred\u00a0\u00bb]<\/p>\n<p><strong><span style=\"color: #800000;\">OSCAR NIP AFFICHE FIEREMENT SES 28 ANS<\/span><\/strong><br \/>\nAvec un 7\u00e8me album studio, le groupe parisien Oscar Nip offre une suite \u00e0 sa carri\u00e8re \u00e0 l&rsquo;aube des 3 d\u00e9cennies de carri\u00e8re. Le nouvel album baptis\u00e9 <strong><em>La nuit des arcs-en-ciel<\/em><\/strong>\u00a0(Hyenas Records) reprend trait pour trait les signes distinctifs d&rsquo;un son tr\u00e8s personnel, entre guitares \u00e9lectriques puissantes et batterie \u00e9pileptique, accompagn\u00e9 de textes attachants. C&rsquo;est en duo que nous aurons, nous l&rsquo;esp\u00e9rons, l&rsquo;occasion de voir le groupe \u00e0 la rentr\u00e9e sur sc\u00e8ne. Au programme de ce nouvel album, des sujets aussi actuels que Environnement, Migration, Politique, Crise sanitaire&#8230; Des sujets aussi tr\u00e8s f\u00e9d\u00e9rateurs autour d&rsquo;un Rock fran\u00e7ais survitamin\u00e9, \u00e0 partager en live d\u00e8s que possible !<br \/>\n<a href=\"https:\/\/www.facebook.com\/oscar.nip\" target=\"_blank\">Facebook<\/a> \/ <a href=\"http:\/\/www.oscarnip.com\/\" target=\"_blank\">Site officiel<\/a><\/p>\n<p style=\"text-align: center;\"><iframe loading=\"lazy\" src=\"https:\/\/www.youtube.com\/embed\/5EfdthC2MIA\" width=\"450\" height=\"250\" frameborder=\"0\" allowfullscreen=\"allowfullscreen\"><\/iframe><\/p>\n<p>[hr color=\u00a0\u00bbred\u00a0\u00bb]<\/p>\n<p><span style=\"color: #800000;\"><strong>LES CONCERTS DE RETOUR A SAINT MALO<\/strong><\/span><br \/>\nLa Nouvelle Vague nous donne rendez-vous en live dans ses jardins d&rsquo;\u00e9t\u00e9, plut\u00f4t ceux du\u00a0Mus\u00e9e Jacques Cartier \u00e0 Saint Malo (35) :<br \/>\n&#8211; James Eleganz le samedi 11 juillet \u00e0 18h<br \/>\n&#8211; Soren Canto le dimanche 12 juillet \u00e0 18h<br \/>\n&#8211; Oniri le vendredi 17 juillet \u00e0 22h30<br \/>\n&#8211; Laura Perrudin et sa pop lyrique le samedi 18 juillet \u00e0 18h<br \/>\n&#8211;\u00a0(Thisis) Redeye le dimanche 19 juillet \u00e0 18h<br \/>\n<a href=\"https:\/\/www.facebook.com\/events\/584667335782455\" target=\"_blank\">Plus d&rsquo;infos ici<\/a><\/p>\n<p style=\"text-align: center;\"><img loading=\"lazy\" decoding=\"async\" class=\"size-full wp-image-28788\" title=\"jardins-dete-2020\" src=\"https:\/\/lamagicbox.com\/magazine\/wp-content\/uploads\/2020\/07\/jardins-dete-2020.jpg\" alt=\"jardins-dete-2020\" width=\"600\" height=\"314\" srcset=\"https:\/\/lamagicbox.com\/magazine\/wp-content\/uploads\/2020\/07\/jardins-dete-2020.jpg 600w, https:\/\/lamagicbox.com\/magazine\/wp-content\/uploads\/2020\/07\/jardins-dete-2020-287x150.jpg 287w, https:\/\/lamagicbox.com\/magazine\/wp-content\/uploads\/2020\/07\/jardins-dete-2020-573x300.jpg 573w\" sizes=\"auto, (max-width: 600px) 100vw, 600px\" \/><\/p>\n<p>[hr color=\u00a0\u00bbred\u00a0\u00bb]<\/p>\n<p style=\"text-align: justify;\"><span style=\"color: #800000;\"><strong>LE RETOUR DU ROCK \u00ab\u00a0FEMININ\u00a0\u00bb AVEC THE BETHS<br \/>\n<img loading=\"lazy\" decoding=\"async\" class=\"alignleft size-full wp-image-28744\" title=\"the-beths-2020\" src=\"https:\/\/lamagicbox.com\/magazine\/wp-content\/uploads\/2020\/06\/the-beths-2020.jpg\" alt=\"the-beths-2020\" width=\"150\" height=\"150\" srcset=\"https:\/\/lamagicbox.com\/magazine\/wp-content\/uploads\/2020\/06\/the-beths-2020.jpg 150w, https:\/\/lamagicbox.com\/magazine\/wp-content\/uploads\/2020\/06\/the-beths-2020-120x120.jpg 120w\" sizes=\"auto, (max-width: 150px) 100vw, 150px\" \/><\/strong><\/span>C&rsquo;est du Rock ind\u00e9, du vrai Rock avec des super guitares dedans, et des refrains ent\u00eatants, \u00e0 la mani\u00e8re des groupes des ann\u00e9es 90, Elastica,\u00a0Echobelly et autres Throwing Muses&#8230; Apr\u00e8s leur premier opus\u00a0<strong><i>Future Me Hates Me<\/i><\/strong>\u00a0(en 2018),\u00a0<b>The Beths<\/b>\u00a0sortent leur tout\u00a0nouvel album\u00a0<b><i>Jump Rope Gazers<\/i><\/b> \u00a0le 10 juillet prochain sur Carpark Records. Originaires de Nouvelle Z\u00e9lande, le quatuor est en fait compos\u00e9 d&rsquo;une chanteuse et 3 musiciens&#8230; mais qu&rsquo;importe, l&rsquo;\u00e9nergie communicative d&rsquo;<strong>Elizabeth Stokes<\/strong> est exceptionnelle au travers des 10 titres de ce disque. D&rsquo;ores et d\u00e9j\u00e0, les clips de <a href=\"https:\/\/www.youtube.com\/watch?v=CkzI93Aqztk\" target=\"_blank\">Dying to believe<\/a>\u00a0et\u00a0<a href=\"https:\/\/www.youtube.com\/watch?v=lvYrJxNwW5I\" target=\"_blank\"><i>I&rsquo;m Not Getting Excited <\/i><\/a>sont\u00a0disponibles pour mettre l&rsquo;eau \u00e0 la bouche.<\/p>\n<p>[hr color=\u00a0\u00bbred\u00a0\u00bb]<\/p>\n<p class=\"v1MsoNormal\" style=\"text-align: justify;\"><b><span style=\"color: #800000;\">KLLO DUO ELECTRO POP AUX INFLUENCES R&rsquo;N&rsquo;B\u00a0<\/span><br \/>\n<img loading=\"lazy\" decoding=\"async\" class=\"alignright size-full wp-image-28745\" title=\"kklo-2020\" src=\"https:\/\/lamagicbox.com\/magazine\/wp-content\/uploads\/2020\/06\/kklo-2020.jpg\" alt=\"kklo-2020\" width=\"150\" height=\"150\" \/><\/b>Un duo made in Australie \u00e0 d\u00e9couvrir, avec ces deux cousins originaires de Melbourne.\u00a0<b><i>Maybe We Could<\/i><\/b>, leur\u00a0nouvel album sort\u00a0le 17 juillet 2020 via le label Believe Australie.\u00a0<b>Chlo\u00e9 Kaul<\/b>\u00a0et\u00a0<b>Simon Lam<\/b>, forment ce duo et leur nouvel album est le r\u00e9sultat de beaucoup de doutes et d&rsquo;incertitude. Au point d&rsquo;avoir choisi son titre, comme un mantra. Pour les d\u00e9couvrir, deux clips : <a href=\"https:\/\/www.youtube.com\/watch?v=5qguVdZs27I\"><em>Still Here<\/em><\/a>, on reste dans l&rsquo;auto-suggestion et <a href=\"https:\/\/www.youtube.com\/watch?v=QJdm3I0gcnI\" target=\"_blank\"><em>Insomnia<\/em><\/a>,\u00a0lancinant et moderne.<\/p>\n<p class=\"v1MsoNormal\" style=\"text-align: justify;\">[hr color=\u00a0\u00bbred\u00a0\u00bb]<\/p>\n<p class=\"v1MsoNormal\" style=\"text-align: justify;\"><span style=\"color: #800000;\"><strong>LE BLEU MELANCOLIQUE DE A.A. WILLIAMS\u00a0<\/strong><\/span><br \/>\n<img loading=\"lazy\" decoding=\"async\" class=\"alignleft size-full wp-image-28746\" title=\"aa-williams-2020\" src=\"https:\/\/lamagicbox.com\/magazine\/wp-content\/uploads\/2020\/06\/aa-williams-2020.jpg\" alt=\"aa-williams-2020\" width=\"150\" height=\"150\" \/>Apr\u00e8s un premier EP 4 titres sorti en 2019,\u00a0l&rsquo;auteure-compositrice-interpr\u00e8te londonienne a enregistr\u00e9 son premier album, <strong><em>Forever Blue<\/em><\/strong>, pr\u00e9vu le 3 juillet sur le label Bella Union \/ [PIAS]. Compos\u00e9 de 8 chansons, l&rsquo;album m\u00e9lange Post-Rock et de Post-Classique, dans des ambiances frissonnantes et intimistes. Parmi les huit titres,\u00a0<em>All I Asked For (Was To End It All)<\/em>\u00a0b\u00e9n\u00e9ficie d&rsquo;un <a href=\"https:\/\/www.youtube.com\/watch?v=7zikXou8vDc\" target=\"_blank\">clip<\/a>, en forme de petit film d&rsquo;animation, qui illustre parfaitement l&rsquo;atmosph\u00e8re \u00e0 la fois m\u00e9lancolique et tendue de l&rsquo;album. Un peu \u00e0 la mani\u00e8re de Mazzy Star&#8230;<br \/>\nTracklisting :\u00a01. All I Asked For (Was To End It All) \/\u00a02. Melt \/\u00a03. Dirt \/\u00a04. Fearless \/\u00a05. Glimmer \/\u00a06. Love And Pain \/ 7. Wait \/\u00a08. I\u2019m Fine.<\/p>\n<p class=\"v1MsoNormal\" style=\"text-align: justify;\">[hr color=\u00a0\u00bbred\u00a0\u00bb]<\/p>\n<p style=\"text-align: justify;\"><span style=\"color: #800000;\"><strong>SEASICK STEVE EN MODE FLOWER POWER<br \/>\n<\/strong><\/span><b>Seasick<span class=\"x_apple-converted-space\">\u00a0<\/span>Steve<\/b><span class=\"x_apple-converted-space\">\u00a0sort\u00a0<\/span>son<span class=\"x_apple-converted-space\">\u00a0<\/span>nouvel album<span class=\"x_apple-converted-space\">\u00a0<\/span><b><i>Love And Peace<\/i><\/b><span class=\"x_apple-converted-space\">\u00a0<\/span>le 24 juillet sur le label Contagious Records\u00a0! L&rsquo;album a \u00e9t\u00e9 \u00e9crit et produit par le chanteur himself, entre la grange de ses premiers enregistrements et les\u00a0<b>Studio 606<\/b><span class=\"x_apple-converted-space\">\u00a0<\/span>et au<span class=\"x_apple-converted-space\">\u00a0<\/span><b>East West Studio <\/b>de<span class=\"x_apple-converted-space\">\u00a0<\/span>Los Angeles. Il s&rsquo;agit de son 10e album studio, en 16 ans de carri\u00e8re seulement. Il faut dire que le musicien de 73 ans court apr\u00e8s le temps, ayant d\u00e9but\u00e9 sa carri\u00e8re au moment de sa retraite professionnelle. Une belle revanche sur la vie ! En plus du single \u00e9ponyme de l&rsquo;album, deux autres clips sont visibles :\u00a0<i><a href=\"https:\/\/www.youtube.com\/watch?v=H9G2JSuvPIU\" target=\"_blank\">Clock Is Running<\/a>\u00a0<\/i>e<span class=\"x_apple-converted-space\">t\u00a0<\/span><a href=\"https:\/\/www.youtube.com\/watch?v=WRL8wuZcqcw\" target=\"_blank\"><i>Carni Days<\/i><\/a>.<br \/>\n<em><strong>Tracklist :<\/strong> Love &amp; Peace Regular Man &#8211; I Will Do For You &#8211; Clock Is Running &#8211; Carni Days &#8211; Church Of Me &#8211; Toes in the Mud &#8211; My Woman &#8211; Ain\u2019t Nothin\u2019 Like The Boogie &#8211; Travelling Man &#8211; Ready Or Not\u00a0&#8211; Mercy.<\/em><\/p>\n<p style=\"text-align: center;\"><iframe loading=\"lazy\" src=\"https:\/\/www.youtube.com\/embed\/FbtiFH_NEN0\" width=\"450\" height=\"253\" frameborder=\"0\" allowfullscreen=\"allowfullscreen\"><\/iframe><\/p>\n<p style=\"text-align: justify;\">[hr color=\u00a0\u00bbred\u00a0\u00bb]<\/p>\n<p style=\"text-align: justify;\"><span style=\"color: #800000;\"><strong>DEUX NOUVEAUX LIVES DE DAVID BOWIE SUR LES PLATEFORMES\u00a0<\/strong><\/span><br \/>\nParlophone Records annonce la sortie de l\u2019album live in\u00e9dit de\u00a0<strong>DAVID BOWIE <em>\u00ab\u00a0Ouvrez le chien\u00a0\u00bb <img loading=\"lazy\" decoding=\"async\" class=\"alignleft size-full wp-image-28761\" title=\"bowie-ouvrez\" src=\"https:\/\/lamagicbox.com\/magazine\/wp-content\/uploads\/2020\/07\/bowie-ouvrez.jpg\" alt=\"bowie-ouvrez\" width=\"150\" height=\"150\" \/><\/em><\/strong><strong>(LIVE DALLAS\u00a0\u201895)<\/strong>\u00a0le 3 juillet sur toutes les plateformes de streaming. Juste avant, il y a quelques jours, le 26 juin, est sorti sur le m\u00eame format \u2018<strong>Teenage Wildlife\u00a0\u00bb<\/strong><strong>\u00a0(LIVE DALLAS\u00a0\u201895)\u00a0<\/strong>. <strong><em>Ouvrez le chien\u00a0\u00bb\u00a0<\/em><\/strong>a \u00e9t\u00e9 enregistr\u00e9 au\u00a0<em>Starplex Amphitheater\u00a0<\/em>de Dallas le 13 octobre 1995 lors de la partie am\u00e9ricaine de la tourn\u00e9e\u00a0<em>Outside<\/em>. En plus des 15 titres du concert, l&rsquo;album contient \u00e9galement deux titres bonus, <em>Moonage Daydream<\/em> et\u00a0<em>Under Pressure<\/em>, enregistr\u00e9s live au\u00a0<em>National Exhibition Centre<\/em>\u00a0de Birmingham le 13 d\u00e9cembre 1995.<\/p>\n<p style=\"text-align: justify;\">[hr color=\u00a0\u00bbred\u00a0\u00bb]<\/p>\n<p style=\"text-align: justify;\"><span style=\"color: #800000;\"><strong>PREMIER EP DE COSSE AU RAYON\u00a0POST NOISE<\/strong><\/span><br \/>\nEntre Post Rock et Noisy Rock, le groupe parisien a d\u00e9barqu\u00e9, le 12 juin, avec son premier EP baptis\u00e9 <strong><em>Nothing Belongs to Anything<\/em><\/strong> (A tant r\u00eaver du Roi\/Grabuge Records). Port\u00e9 par le clip du single <em>The ground<\/em>, ce premier EP fait appara\u00eetre une musique aux atmosph\u00e8res tendues et aux paysages sonores accident\u00e9s. Mille noms et milles titres nous passent par la t\u00eate \u00e0 l&rsquo;\u00e9coute de ces 5 titres, faisant de ce premier opus un bon pr\u00e9texte \u00e0 ressortir quelques vieux disques oubli\u00e9s, puis un autre \u00e0 faire revivre les 90&rsquo;s les plus \u00e9lectriques qui aient exist\u00e9. A \u00e9couter bien fort !<br \/>\n<a href=\"https:\/\/www.facebook.com\/cosseband\/\" target=\"_blank\">Facebook<\/a><\/p>\n<p style=\"text-align: center;\"><iframe loading=\"lazy\" src=\"https:\/\/www.youtube.com\/embed\/_zqm7LDYrOw\" width=\"450\" height=\"253\" frameborder=\"0\" allowfullscreen=\"allowfullscreen\"><\/iframe><\/p>\n<p style=\"text-align: justify;\">[hr color=\u00a0\u00bbred\u00a0\u00bb]<\/p>\n<p style=\"text-align: justify;\"><span style=\"color: #800000;\"><strong>NOM DE CODE BT93<br \/>\n<\/strong><\/span>Il y a 30 ans, BT93 composait dans sa chambre des chansons \u00e0 charge sur le monde capitaliste. 30 ans plus tard, les textes n&rsquo;ont rien perdu de leur pertinence et de leur impertinence. Et la Pop Electro des ann\u00e9es 80\/90 est devenue culte. Alors, pourquoi pas faire revivre cette musique qui n&rsquo;avait pas eu le temps de vivre \u00e0 l&rsquo;\u00e9poque. L&rsquo;album \u00e9ponyme est r\u00e9\u00e9dit\u00e9 par Dragon Accel \/ LandR. 11 titres \u00e0 (re)d\u00e9couvrir.<br \/>\n<a href=\"https:\/\/www.facebook.com\/BT93.music\/\" target=\"_blank\">Facebook<\/a>\u00a0\/ <a href=\"https:\/\/distrokid.com\/hyperfollow\/bt93\/bt93\" target=\"_blank\">Ecoutez\/Achetez<\/a>\u00a0\/ <a href=\"https:\/\/www.youtube.com\/channel\/UCahpQ5Ixz23kuUIkdOE0BWw\" target=\"_blank\">Chaine Youtube<\/a><\/p>\n<p style=\"text-align: center;\"><iframe loading=\"lazy\" src=\"https:\/\/www.youtube.com\/embed\/G05JcI5jJrE\" width=\"450\" height=\"253\" frameborder=\"0\" allowfullscreen=\"allowfullscreen\"><\/iframe><\/p>\n<p style=\"text-align: justify;\">[hr color=\u00a0\u00bbred\u00a0\u00bb]<\/p>\n<!--themify_builder_content-->\n<div id=\"themify_builder_content-28707\" data-postid=\"28707\" class=\"themify_builder_content themify_builder_content-28707 themify_builder tf_clear\">\n    <\/div>\n<!--\/themify_builder_content-->\n","protected":false},"excerpt":{"rendered":"<p>[hr color=\u00a0\u00bbred\u00a0\u00bb] YVAN MARC \u00ab\u00a0REVIENDRA\u00a0\u00bb EN SEPTEMBRE Deux ans se sont \u00e9coul\u00e9s depuis\u00a0Nos dimanches, le pr\u00e9c\u00e9dent LP de Yvan Marc, qui nous avait berc\u00e9 durant tout le printemps 2018.\u00a0Son nouvel album \u00ab L&rsquo;ancien soleil \u00bb, para\u00eetra le 4 septembre prochain (Believe Music\/Labeldiff 43). Compos\u00e9 de 11 nouvelles balades toujours patin\u00e9 d&rsquo;une douce m\u00e9lancolie, ce huiti\u00e8me [&hellip;]<\/p>\n","protected":false},"author":1,"featured_media":0,"comment_status":"open","ping_status":"open","sticky":false,"template":"","format":"standard","meta":{"footnotes":""},"categories":[110],"tags":[2944,2950,706,2823,2939,120,2960,432,2938,2377,1888],"class_list":["post-28707","post","type-post","status-publish","format-standard","hentry","category-news-du-mois","tag-a-a-williams","tag-cosse","tag-david-bowie","tag-james-eleganz","tag-kllo","tag-la-nouvelle-vague","tag-oscar-nip","tag-seasick-steve","tag-the-beths","tag-thisis-redeye","tag-yvan-marc","has-post-title","has-post-date","has-post-category","has-post-tag","has-post-comment","has-post-author",""],"builder_content":"","_links":{"self":[{"href":"https:\/\/lamagicbox.com\/magazine\/wp-json\/wp\/v2\/posts\/28707","targetHints":{"allow":["GET"]}}],"collection":[{"href":"https:\/\/lamagicbox.com\/magazine\/wp-json\/wp\/v2\/posts"}],"about":[{"href":"https:\/\/lamagicbox.com\/magazine\/wp-json\/wp\/v2\/types\/post"}],"author":[{"embeddable":true,"href":"https:\/\/lamagicbox.com\/magazine\/wp-json\/wp\/v2\/users\/1"}],"replies":[{"embeddable":true,"href":"https:\/\/lamagicbox.com\/magazine\/wp-json\/wp\/v2\/comments?post=28707"}],"version-history":[{"count":0,"href":"https:\/\/lamagicbox.com\/magazine\/wp-json\/wp\/v2\/posts\/28707\/revisions"}],"wp:attachment":[{"href":"https:\/\/lamagicbox.com\/magazine\/wp-json\/wp\/v2\/media?parent=28707"}],"wp:term":[{"taxonomy":"category","embeddable":true,"href":"https:\/\/lamagicbox.com\/magazine\/wp-json\/wp\/v2\/categories?post=28707"},{"taxonomy":"post_tag","embeddable":true,"href":"https:\/\/lamagicbox.com\/magazine\/wp-json\/wp\/v2\/tags?post=28707"}],"curies":[{"name":"wp","href":"https:\/\/api.w.org\/{rel}","templated":true}]}}