{"id":28499,"date":"2020-03-11T23:59:31","date_gmt":"2020-03-11T22:59:31","guid":{"rendered":"http:\/\/lamagicbox.com\/magazine\/?p=28499"},"modified":"2024-02-07T10:06:00","modified_gmt":"2024-02-07T09:06:00","slug":"kadavar-pretty-lightning-a-la-kulturfabrik-esch-sur-alzette-lux","status":"publish","type":"post","link":"https:\/\/lamagicbox.com\/magazine\/kadavar-pretty-lightning-a-la-kulturfabrik-esch-sur-alzette-lux\/","title":{"rendered":"Kadavar + Pretty Lightning \u00e0 La Kulturfabrik &#8211; Esch Sur Alzette (Lux)"},"content":{"rendered":"<h2><span style=\"color: #333333;\"><span style=\"color: #000000;\"><img loading=\"lazy\" decoding=\"async\" class=\"size-full wp-image-28500 alignleft\" title=\"Kadavar - vignette 2020\" src=\"http:\/\/lamagicbox.com\/magazine\/wp-content\/uploads\/2020\/03\/Kadavar-vignette-2020.jpg\" alt=\"Kadavar - vignette 2020\" width=\"150\" height=\"225\" srcset=\"https:\/\/lamagicbox.com\/magazine\/wp-content\/uploads\/2020\/03\/Kadavar-vignette-2020.jpg 150w, https:\/\/lamagicbox.com\/magazine\/wp-content\/uploads\/2020\/03\/Kadavar-vignette-2020-100x150.jpg 100w\" sizes=\"auto, (max-width: 150px) 100vw, 150px\" \/>La Kulturfabrik \/<\/span><\/span><\/h2>\n<h2 align=\"JUSTIFY\"><span style=\"color: #800000;\">Kadavar + Pretty Lightning \/<\/span><\/h2>\n<h2><span style=\"color: #000000;\">Le 11 Mars 2020 \u2013 Esch Sur Alzette (Lux) \/<\/span><\/h2>\n<h2 align=\"JUSTIFY\"><span style=\"color: #800000;\"><span style=\"text-decoration: underline;\">Notre avis<\/span>\u00a0: [star rating=\u00a0\u00bb5&Prime; max=\u00a0\u00bb5&Prime;]<\/span><\/h2>\n<hr \/>\n<p style=\"text-align: justify;\"><em><strong>C\u2019est une soir\u00e9e plac\u00e9e sous les auspices du stoner et du rock des ann\u00e9es 70 que nous proposait La Kulturfabrik ce mercredi soir. Au programme des festivit\u00e9s\u00a0: Kadavar et Pretty Lightning !<\/strong><\/em><\/p>\n<h2 align=\"JUSTIFY\"><span style=\"color: #800000;\">PRETTY LIGHTNING<\/span><\/h2>\n<p style=\"text-align: justify;\">Originaire de Saarbr\u00fccken, le duo compos\u00e9 de Christian Berghoff et Sebastian Haas prend possession de la sc\u00e8ne et nous propose du blues rock psych\u00e9d\u00e9lique. Un son de cloche se fait entendre au lancement du set. Les morceaux s\u2019encha\u00eenent et les applaudissements sont nourris. Le groupe communique tr\u00e8s peu. Tout est dit \u00e0 travers sa musique au son lourd et puissant. Tambours martelants, guitares boueuses et voix fantomatiques nous envo\u00fbtent litt\u00e9ralement. Pretty Lightning n\u2019est pas sans nous rappeler\u00a0le duo de blues rock Am\u00e9ricain de Black Keys. Durant une toute petite demi-heure, le groupe nous a pr\u00e9sent\u00e9 quelques extraits de l\u2019album \u00ab\u00a0Jangle Bowls\u00a0\u00bb dont la sortie est pr\u00e9vue le 20 mars prochain. Le premier single \u00ab\u00a0Greyhound\u00a0\u00bb est accessible <a href=\"https:\/\/www.youtube.com\/watch?v=xktUmoBp6bI\" target=\"_blank\" rel=\"noopener\">ici<\/a>.<\/p>\n<p style=\"text-align: justify;\"><img loading=\"lazy\" decoding=\"async\" class=\"size-full wp-image-28514 aligncenter\" title=\"Pretty Lightning - La Kulturfabrik 2020\" src=\"http:\/\/lamagicbox.com\/magazine\/wp-content\/uploads\/2020\/03\/Pretty-Lightning-La-Kulturfabrik-2020.jpg\" alt=\"Pretty Lightning - La Kulturfabrik 2020\" width=\"500\" height=\"373\" srcset=\"https:\/\/lamagicbox.com\/magazine\/wp-content\/uploads\/2020\/03\/Pretty-Lightning-La-Kulturfabrik-2020.jpg 500w, https:\/\/lamagicbox.com\/magazine\/wp-content\/uploads\/2020\/03\/Pretty-Lightning-La-Kulturfabrik-2020-201x150.jpg 201w, https:\/\/lamagicbox.com\/magazine\/wp-content\/uploads\/2020\/03\/Pretty-Lightning-La-Kulturfabrik-2020-402x300.jpg 402w\" sizes=\"auto, (max-width: 500px) 100vw, 500px\" \/><\/p>\n<p><strong><span style=\"text-decoration: underline;\">Pretty Lightning<\/span>\u00a0:<\/strong><\/p>\n<p>Christian Berghoff.<br \/>Sebastian Haas.<\/p>\n<p><strong><span style=\"text-decoration: underline;\">Pretty Lightning<\/span>\u00a0:\u00a0<a href=\"https:\/\/www.facebook.com\/prettylightning\/\" target=\"_blank\" rel=\"noopener\">Facebook<\/a>\u00a0\/\u00a0<a href=\"https:\/\/prettylightning.bandcamp.com\/\" target=\"_blank\" rel=\"noopener\">Bandcamp<\/a> \/\u00a0<a href=\"https:\/\/www.youtube.com\/channel\/UCrKnqh-_AF6QmP3kYr5dOeA\" target=\"_blank\" rel=\"noopener\">Youtube<\/a>\u00a0\/\u00a0<a href=\"https:\/\/prettylightning.com\/?fbclid=IwAR1BKkI0w9GXQchrQluGTUfqooBQZZyU0wJIdSHdeigvNgRYUBsC-03FGNI\" target=\"_blank\" rel=\"noopener\">Site Officiel<\/a><\/strong><\/p>\n<p><strong><span style=\"text-decoration: underline;\">Les photos de la soir\u00e9e<\/span>\u00a0: <a href=\"https:\/\/www.facebook.com\/LaMagicBoxWebzine\/photos\/?tab=album&amp;album_id=2419113061644526\" target=\"_blank\" rel=\"noopener\">ici<\/a>.<\/strong><\/p>\n<h2><span lang=\"fr-BE\" style=\"color: #800000;\">KADAVAR<\/span><\/h2>\n<p style=\"text-align: justify;\">Fort du nouvel album \u00ab\u00a0For The Dead Travel Fast\u00a0\u00bb sorti en 2019, Kadavar est actuellement en tourn\u00e9e et faisait \u00e9tape ce mercredi soir \u00e0 La Kulturfabrik.\u00a0Le trio compos\u00e9 de Christoph \u00ab\u00a0Lupus\u00a0\u00bb Lindemann (\u00e0 la guitare et au chant), de Simon \u00ab\u00a0Dragon\u00a0\u00bb Bouteloup (\u00e0 la basse) et de Christoph \u00ab Tiger \u00bb Bartelt (\u00e0 la batterie) nous a livr\u00e9 du bon vieux rock stoner psych\u00e9, influenc\u00e9 par Black Sabbath, Led Zeppelin et Hawkwind.\u00a0La salle est plong\u00e9e dans l&rsquo;obscurit\u00e9. Les protagonistes prennent possession de la sc\u00e8ne o\u00f9 la batterie pr\u00e9domine en position centrale. Guitariste et bassiste sont positionn\u00e9s de chaque c\u00f4t\u00e9, tous sur la m\u00eame ligne.\u00a0Le backdrop fait appara\u00eetre un vampire, th\u00e9matique du nouvel opus.\u00a0Le set est lanc\u00e9 avec \u00ab\u00a0The End\u00a0\u00bb et \u00ab\u00a0The Devil&rsquo;s Master\u00a0\u00bb, suivis de \u00ab\u00a0Evil Forces\u00a0\u00bb, tout comme sur le dernier album en date. Le show est titanesque. Le batteur fait virevolter sa chevelure autant que ses baguettes. C\u2019est un v\u00e9ritable festival de cheveux au vent. Le jeu est expressif et attire in\u00e9vitablement l&rsquo;attention. Simon Bouteloup, \u00e0 la basse, est tout aussi d\u00e9cha\u00een\u00e9, adoptant r\u00e9guli\u00e8rement des attitudes tr\u00e8s rock&rsquo;n roll.\u00a0Christoph Lindemann, au chant\u00a0habit\u00e9 \u00e0 la Ozzy Osbourne et \u00e0 la guitare incendiaire, couronne le tout.\u00a0\u00ab\u00a0Into The Wormhole\u00a0\u00bb et\u00a0\u00ab\u00a0Living In Your Head\u00a0\u00bb viennent poursuivre le show. Kadavar nous offre un savant m\u00e9lange de rock stoner au son massif, de hard rock seventies et de heavy psych\u00e9 explosif.\u00a0L\u2019ensemble est vraiment puissant.\u00a0Les titres s\u2019encha\u00eenent\u00a0: \u00ab\u00a0Black Sun\u00a0\u00bb, \u00ab\u00a0Demons In My Mind\u00a0\u00bb et \u00ab\u00a0The Old Man\u00a0\u00bb.\u00a0Le set est relativement court, et \u00ab\u00a0Into The Night\u00a0\u00bb, \u00ab\u00a0Die Baby Die\u00a0\u00bb et \u00ab\u00a0Long Forgotten Song\u00a0\u00bb nous am\u00e8nent d\u00e9j\u00e0 au moment du rappel. Le groupe quitte la sc\u00e8ne avant de revenir avec\u00a0\u00ab\u00a0Children Of The Night\u00a0\u00bb, \u00ab\u00a0Come Back Life et \u00ab\u00a0All Our Thoughts\u00a0\u00bb qui terminent le set. Intense et puissant, mais un peu court \u00e0 notre go\u00fbt&#8230;<\/p>\n<p style=\"text-align: justify;\"><img loading=\"lazy\" decoding=\"async\" class=\"size-full wp-image-28510 aligncenter\" title=\"Kadavar (2020) (1)\" src=\"http:\/\/lamagicbox.com\/magazine\/wp-content\/uploads\/2020\/03\/Kadavar-2020-1.jpg\" alt=\"Kadavar (2020) (1)\" width=\"500\" height=\"376\" \/><\/p>\n<p><strong><span style=\"text-decoration: underline;\">Kadavar<\/span>\u00a0:<\/strong><\/p>\n<p align=\"justify\">Christoph \u00ab Lupus \u00bb Lindemann (\u00e0 la guitare et au chant).<br \/>Simon \u00ab Dragon \u00bb Bouteloup (\u00e0 la basse).<br \/>Christoph \u00ab Tiger \u00bb Bartelt (\u00e0 la batterie).<\/p>\n<p><strong><span style=\"text-decoration: underline;\">Kadavar<\/span>\u00a0:\u00a0<a href=\"https:\/\/www.facebook.com\/KadavarOfficial\/\" target=\"_blank\" rel=\"noopener\">Facebook<\/a>\u00a0\/\u00a0<a href=\"https:\/\/www.instagram.com\/kadavargram\/\" target=\"_blank\" rel=\"noopener\">Instagram<\/a>\u00a0\/\u00a0<a href=\"https:\/\/twitter.com\/KadavarOfficial\" target=\"_blank\" rel=\"noopener\">Twitter<\/a>\u00a0\/\u00a0<a href=\"https:\/\/www.youtube.com\/channel\/UCug-Zxmqid7AZFXh-WnKKqw\" target=\"_blank\" rel=\"noopener\">Youtube<\/a>\u00a0\/\u00a0<a href=\"https:\/\/www.kadavar.com\/?fbclid=IwAR3Qoz_Jp3wn-s1B4CH7BJXJ9c68oPbP71A3E-V9MVt5j9Y3FLKop3emfho\" target=\"_blank\" rel=\"noopener\">Site Officiel<\/a><\/strong><\/p>\n<p><strong><span style=\"text-decoration: underline;\">Les photos de la soir\u00e9e<\/span>\u00a0: <a href=\"https:\/\/www.facebook.com\/LaMagicBoxWebzine\/photos\/?tab=album&amp;album_id=2419101584979007\" target=\"_blank\" rel=\"noopener\">ici<\/a>.<\/strong><\/p>\n<p><span style=\"text-decoration: underline;\">Photos<\/span>\u00a0: Fabrice A.<\/p>\n<p>#Live \/ #Report \/ #LiveReport \/ #Review \/ #LiveReview \/ #Photos \/ #Pictures<\/p>\n<hr \/>\n<p><\/p>\n<!--themify_builder_content-->\n<div id=\"themify_builder_content-28499\" data-postid=\"28499\" class=\"themify_builder_content themify_builder_content-28499 themify_builder tf_clear\">\n    <\/div>\n<!--\/themify_builder_content-->","protected":false},"excerpt":{"rendered":"<p>La Kulturfabrik \/ Kadavar + Pretty Lightning \/ Le 11 Mars 2020 \u2013 Esch Sur Alzette (Lux) \/ Notre avis\u00a0: [star rating=\u00a0\u00bb5&Prime; max=\u00a0\u00bb5&Prime;] C\u2019est une soir\u00e9e plac\u00e9e sous les auspices du stoner et du rock des ann\u00e9es 70 que nous proposait La Kulturfabrik ce mercredi soir. Au programme des festivit\u00e9s\u00a0: Kadavar et Pretty Lightning ! [&hellip;]<\/p>\n","protected":false},"author":4,"featured_media":28498,"comment_status":"open","ping_status":"open","sticky":false,"template":"","format":"standard","meta":{"footnotes":""},"categories":[57,53],"tags":[301,2895,1697,302,2894],"class_list":["post-28499","post","type-post","status-publish","format-standard","has-post-thumbnail","hentry","category-reportage-concert","category-reportages","tag-esch-sur-alzette","tag-kadavar","tag-la-kulturfabrik","tag-luxembourg","tag-pretty-lightning","has-post-title","has-post-date","has-post-category","has-post-tag","has-post-comment","has-post-author",""],"builder_content":"","_links":{"self":[{"href":"https:\/\/lamagicbox.com\/magazine\/wp-json\/wp\/v2\/posts\/28499","targetHints":{"allow":["GET"]}}],"collection":[{"href":"https:\/\/lamagicbox.com\/magazine\/wp-json\/wp\/v2\/posts"}],"about":[{"href":"https:\/\/lamagicbox.com\/magazine\/wp-json\/wp\/v2\/types\/post"}],"author":[{"embeddable":true,"href":"https:\/\/lamagicbox.com\/magazine\/wp-json\/wp\/v2\/users\/4"}],"replies":[{"embeddable":true,"href":"https:\/\/lamagicbox.com\/magazine\/wp-json\/wp\/v2\/comments?post=28499"}],"version-history":[{"count":2,"href":"https:\/\/lamagicbox.com\/magazine\/wp-json\/wp\/v2\/posts\/28499\/revisions"}],"predecessor-version":[{"id":38391,"href":"https:\/\/lamagicbox.com\/magazine\/wp-json\/wp\/v2\/posts\/28499\/revisions\/38391"}],"wp:featuredmedia":[{"embeddable":true,"href":"https:\/\/lamagicbox.com\/magazine\/wp-json\/wp\/v2\/media\/28498"}],"wp:attachment":[{"href":"https:\/\/lamagicbox.com\/magazine\/wp-json\/wp\/v2\/media?parent=28499"}],"wp:term":[{"taxonomy":"category","embeddable":true,"href":"https:\/\/lamagicbox.com\/magazine\/wp-json\/wp\/v2\/categories?post=28499"},{"taxonomy":"post_tag","embeddable":true,"href":"https:\/\/lamagicbox.com\/magazine\/wp-json\/wp\/v2\/tags?post=28499"}],"curies":[{"name":"wp","href":"https:\/\/api.w.org\/{rel}","templated":true}]}}