{"id":26798,"date":"2019-09-20T18:00:46","date_gmt":"2019-09-20T16:00:46","guid":{"rendered":"http:\/\/lamagicbox.com\/magazine\/?p=26798"},"modified":"2019-09-20T14:54:14","modified_gmt":"2019-09-20T12:54:14","slug":"thomas-fersen-cest-tout-ce-quil-me-reste","status":"publish","type":"post","link":"https:\/\/lamagicbox.com\/magazine\/thomas-fersen-cest-tout-ce-quil-me-reste\/","title":{"rendered":"Thomas Fersen &#8211; C&rsquo;est Tout Ce Qu&rsquo;il Me Reste"},"content":{"rendered":"<p><span style=\"color: #800000;\"><strong>2019 \u2013\u00a0 10 titres &#8211; 38&rsquo;11<br \/>\n<\/strong><\/span><em><strong>Label :\u00a0<\/strong><\/em>Editions Buc\u00e9phale<br \/>\n<strong><em>Style\u00a0:\u00a0<\/em><\/strong>Chanson<br \/>\n<strong><em>Origine\u00a0:<\/em><\/strong>\u00a0France, IDF, Paris (75)<br \/>\n<em><strong>Date de sortie de l&rsquo;album :<\/strong><\/em>\u00a027 septembre 2019<\/p>\n<p style=\"text-align: right;\"><strong>Notre avis : [star rating=\u00a0\u00bb3&Prime; max=\u00a0\u00bb5&Prime;]<\/strong><\/p>\n<p style=\"text-align: right;\">\n<hr \/>\n<p style=\"text-align: right;\"><strong>Par Mike S.<\/strong><\/p>\n<p style=\"text-align: justify;\"><em><strong>40 ans apr\u00e8s son premier 45 tours, Thomas Fersen ne l\u00e2che rien et sort un onzi\u00e8me album studio au nom \u00e9vocateur de \u00a0\u00bb\u00a0C&rsquo;est Tout Ce Qu&rsquo;il Me Reste \u00a0\u00bb ! Un album \u00e0 l&rsquo;humour subtile et totalement\u00a0<\/strong><\/em><b><i>irr\u00e9sistible !\u00a0<\/i><\/b><\/p>\n<p style=\"text-align: justify;\">L&rsquo;album avait annonc\u00e9 avec un single introductif, Les Vieilles, qui plante d\u00e9j\u00e0 un d\u00e9cor \u00e0 la fois dr\u00f4le et impertinent. Aujourd&rsquo;hui, que le reste de l&rsquo;album nous est d\u00e9voil\u00e9, on d\u00e9couvre que ce ton humoristique ne s&rsquo;arr\u00eate pas \u00e0 cet unique titre et qu&rsquo;il se poursuit sur les deux titres suivants.<\/p>\n<p style=\"text-align: center;\"><iframe loading=\"lazy\" src=\"https:\/\/www.youtube.com\/embed\/EvTOidzmqvQ\" width=\"450\" height=\"253\" frameborder=\"0\" allowfullscreen=\"allowfullscreen\"><\/iframe><\/p>\n<p style=\"text-align: justify;\">D&rsquo;abord, le titre \u00e9ponyme de l&rsquo;album,\u00a0<em>C&rsquo;est Tout Ce Qu&rsquo;il Me Reste<\/em>, o\u00f9 le chanteur campe le personnage d&rsquo;un puceau de 40 ans, incapable de son vieux slip, h\u00e9ritage familial et dernier rempart de son intimit\u00e9. Et ensuite,\u00a0<em>Les Zombies Du Cimeti\u00e8re<\/em>, une dr\u00f4le d&rsquo;histoire \u00e0 dormir debout, sur des rythmes changeant d&rsquo;un bout \u00e0 l&rsquo;autre de la balade, accompagn\u00e9e au banjo.<\/p>\n<p style=\"text-align: center;\"><iframe loading=\"lazy\" src=\"https:\/\/www.youtube.com\/embed\/alMK1izLVAQ\" width=\"450\" height=\"253\" frameborder=\"0\" allowfullscreen=\"allowfullscreen\"><\/iframe><\/p>\n<p style=\"text-align: justify;\">Pass\u00e9 cette premi\u00e8re partie d&rsquo;album, Thomas Fersen nous offre une pause m\u00e9lancolique de plus de 10 minutes, <em>La Mare<\/em>. Une pause qui donne envie de se prolonger avec cette\u00a0<em>Envie De Ne Rien Faire<\/em>\u00a0qui rappelle les ambiances de Tom Sawyer et de son amis Huck. Une nonchalance qu&rsquo;on retrouve sur <em>Le vrai probl\u00e8me<\/em> ou\u00a0<em>Mes Parents Sont Pas L\u00e0<\/em>.<\/p>\n<p style=\"text-align: justify;\">Si le fil conducteur de ce nouvel album est en apparence l&rsquo;humour, sous toutes ses formes et \u00e0 tout \u00e9preuve, il semble qu&rsquo;une certaine dose de m\u00e9lancolie se d\u00e9voile \u00e0 chaque recoin de cet album v\u00e9ritablement attachant, lorsqu&rsquo;on se laisse porter par la voix paresseuse de Thomas et les\u00a0orchestrations douces et indolentes de ce banjo r\u00e9current. Mais ce n&rsquo;est surement pas la couverture de l&rsquo;album qui mettra le plus en \u00e9vidence cet aspect des choses !<\/p>\n<p style=\"text-align: justify;\">Alors laissez vous d&rsquo;abord amuser par le conteur \/ pitre aux oreilles de lapin, avant de vous faire happer par la douce m\u00e9lancolie du po\u00e8te qui se cache sous le d\u00e9guisement.<\/p>\n<p style=\"text-align: justify;\">\n<p style=\"text-align: justify;\">\u00a0<\/p>\n<hr \/>\n<p style=\"text-align: justify;\"><a href=\"https:\/\/www.thomasfersen-officiel.com\" target=\"_blank\">Site officiel\u00a0<\/a>\/\u00a0<a href=\"https:\/\/www.facebook.com\/ThomasFersenOfficiel\/\" target=\"_blank\">Facebook<\/a><\/p>\n<p style=\"text-align: justify;\">\n<hr \/>\n<p style=\"text-align: justify;\"><em><strong>Line-up :<br \/>\n<\/strong><\/em>Thomas Fersen<\/p>\n<p style=\"text-align: justify;\"><em><strong>Tracklist :\u00a0<\/strong><\/em><\/p>\n<p style=\"text-align: justify;\">01. Les vieilles<br \/>\n02. C&rsquo;est tout ce qu&rsquo;il me reste<br \/>\n03. Les Zombies Du Cimeti\u00e8re<br \/>\n04. La Mare<br \/>\n05. Envie De Ne Rien Faire<br \/>\n06. Mange Mes Poux<br \/>\n07. Le Vrai Probl\u00e8me<br \/>\n08. Mes Parents Sont Pas L\u00e0<br \/>\n09. King Kong<br \/>\n10. Richelieus<\/p>\n<!--themify_builder_content-->\n<div id=\"themify_builder_content-26798\" data-postid=\"26798\" class=\"themify_builder_content themify_builder_content-26798 themify_builder tf_clear\">\n    <\/div>\n<!--\/themify_builder_content-->\n","protected":false},"excerpt":{"rendered":"<p>2019 \u2013\u00a0 10 titres &#8211; 38&rsquo;11 Label :\u00a0Editions Buc\u00e9phale Style\u00a0:\u00a0Chanson Origine\u00a0:\u00a0France, IDF, Paris (75) Date de sortie de l&rsquo;album :\u00a027 septembre 2019 Notre avis : [star rating=\u00a0\u00bb3&Prime; max=\u00a0\u00bb5&Prime;] Par Mike S. 40 ans apr\u00e8s son premier 45 tours, Thomas Fersen ne l\u00e2che rien et sort un onzi\u00e8me album studio au nom \u00e9vocateur de \u00a0\u00bb\u00a0C&rsquo;est Tout [&hellip;]<\/p>\n","protected":false},"author":1,"featured_media":26801,"comment_status":"open","ping_status":"open","sticky":false,"template":"","format":"standard","meta":{"footnotes":""},"categories":[39],"tags":[2704],"class_list":["post-26798","post","type-post","status-publish","format-standard","has-post-thumbnail","hentry","category-albums-francais","tag-thomas-fersen","has-post-title","has-post-date","has-post-category","has-post-tag","has-post-comment","has-post-author",""],"builder_content":"","_links":{"self":[{"href":"https:\/\/lamagicbox.com\/magazine\/wp-json\/wp\/v2\/posts\/26798","targetHints":{"allow":["GET"]}}],"collection":[{"href":"https:\/\/lamagicbox.com\/magazine\/wp-json\/wp\/v2\/posts"}],"about":[{"href":"https:\/\/lamagicbox.com\/magazine\/wp-json\/wp\/v2\/types\/post"}],"author":[{"embeddable":true,"href":"https:\/\/lamagicbox.com\/magazine\/wp-json\/wp\/v2\/users\/1"}],"replies":[{"embeddable":true,"href":"https:\/\/lamagicbox.com\/magazine\/wp-json\/wp\/v2\/comments?post=26798"}],"version-history":[{"count":0,"href":"https:\/\/lamagicbox.com\/magazine\/wp-json\/wp\/v2\/posts\/26798\/revisions"}],"wp:featuredmedia":[{"embeddable":true,"href":"https:\/\/lamagicbox.com\/magazine\/wp-json\/wp\/v2\/media\/26801"}],"wp:attachment":[{"href":"https:\/\/lamagicbox.com\/magazine\/wp-json\/wp\/v2\/media?parent=26798"}],"wp:term":[{"taxonomy":"category","embeddable":true,"href":"https:\/\/lamagicbox.com\/magazine\/wp-json\/wp\/v2\/categories?post=26798"},{"taxonomy":"post_tag","embeddable":true,"href":"https:\/\/lamagicbox.com\/magazine\/wp-json\/wp\/v2\/tags?post=26798"}],"curies":[{"name":"wp","href":"https:\/\/api.w.org\/{rel}","templated":true}]}}