{"id":26477,"date":"2019-08-16T23:59:47","date_gmt":"2019-08-16T21:59:47","guid":{"rendered":"http:\/\/lamagicbox.com\/magazine\/?p=26477"},"modified":"2024-02-07T11:38:50","modified_gmt":"2024-02-07T10:38:50","slug":"eiffel-louis-ville-a-lentrepot-arlon-belgique","status":"publish","type":"post","link":"https:\/\/lamagicbox.com\/magazine\/eiffel-louis-ville-a-lentrepot-arlon-belgique\/","title":{"rendered":"Eiffel + Louis Ville \u00e0 L&rsquo;Entrep\u00f4t &#8211; Arlon (Belgique)"},"content":{"rendered":"<h2><span style=\"color: #333333;\"><img loading=\"lazy\" decoding=\"async\" class=\"size-full wp-image-26478 alignleft\" title=\"EIFFEL - Arlon 2019 (vignette)\" src=\"http:\/\/lamagicbox.com\/magazine\/wp-content\/uploads\/2019\/08\/EIFFEL-Arlon-2019-vignette.jpg\" alt=\"EIFFEL - Arlon 2019 (vignette)\" width=\"150\" height=\"225\" srcset=\"https:\/\/lamagicbox.com\/magazine\/wp-content\/uploads\/2019\/08\/EIFFEL-Arlon-2019-vignette.jpg 150w, https:\/\/lamagicbox.com\/magazine\/wp-content\/uploads\/2019\/08\/EIFFEL-Arlon-2019-vignette-100x150.jpg 100w\" sizes=\"auto, (max-width: 150px) 100vw, 150px\" \/>L&rsquo;Entrep\u00f4t<\/span><\/h2>\n<h2 align=\"JUSTIFY\"><span style=\"color: #800000;\">Eiffel + Louis Ville<\/span><\/h2>\n<h2><span style=\"color: #333333;\">Le 16 Ao\u00fbt 2019 \u2013\u00a0Arlon (Belgique)<\/span><\/h2>\n<h2 align=\"JUSTIFY\"><span style=\"color: #800000;\"><span style=\"text-decoration: underline;\">Notre avis<\/span>\u00a0: [star rating=\u00a0\u00bb5&Prime; max=\u00a0\u00bb5&Prime;]<\/span><\/h2>\n<hr \/>\n<p style=\"text-align: justify;\"><em><strong>Dans le cadre de la tourn\u00e9e qui accompagne le nouvel album \u00ab Stupor Machine \u00bb, Eiffel \u00e9tait de passage ce vendredi soir \u00e0 L\u2019Entrep\u00f4t \u00e0 Arlon (Belgique). Avec ce nouvel opus, les Bordelais livrent des titres parfaitement taill\u00e9s pour la sc\u00e8ne, alliant l&rsquo;\u00e9nergie du rock au lyrisme de la chanson. Une superbe soir\u00e9e, dont la premi\u00e8re partie \u00e9tait assur\u00e9e par Louis Ville !<\/strong><\/em><\/p>\n<h2><span lang=\"fr-BE\" style=\"color: #800000;\">LOUIS VILLE<\/span><\/h2>\n<p style=\"text-align: justify;\">C\u2019est avec Louis Ville que nous avons le plaisir de d\u00e9buter cette tr\u00e8s belle soir\u00e9e. Fort du nouvel EP intitul\u00e9 \u00ab Et Puis Demain&#8230; \u00bb paru en mai dernier, l\u2019artiste poursuit sa route et se produit r\u00e9guli\u00e8rement sur les sc\u00e8nes fran\u00e7aises et europ\u00e9ennes. Il \u00e9tait ce soir \u00e0 L&rsquo;Entrep\u00f4t \u00e0 Arlon (BE) pour nous faire partager son univers po\u00e9tique et m\u00e9lancolique, navigant entre rock, blues et chanson fran\u00e7aise.\u00a0L&rsquo;ambiance se veut intime. Seul sur sc\u00e8ne, perch\u00e9 sur un tabouret, les pieds nus, Louis s&rsquo;accompagne de 3 de ses guitares et de quelques lumi\u00e8res.\u00a0C&rsquo;est avec \u00ab Nous Serons Mille \u00bb et \u00ab La Nuit J&rsquo;Ose \u00bb que le set est lanc\u00e9, 2 titres extraits de l&rsquo;album \u00ab Le Bal Des Fous \u00bb sorti en 2015.\u00a0La voix est remarquable, incroyablement chaude, grave et rugueuse. Le timbre est puissant, tout comme les mots. Des textes cisel\u00e9s, intenses et parfois crus.\u00a0Le public est attentif, et l&rsquo;accueil est chaleureux. Louis adresse ses premiers mots \u00e0 l&rsquo;assembl\u00e9e.\u00a0<em>Merci !!! Bonsoir, je m&rsquo;appelle Louis et je suis ravi d&rsquo;\u00eatre l\u00e0 ce soir. \u00c7a fait longtemps que je ne suis pas venu jouer chez vous&#8230; C&rsquo;\u00e9tait au si\u00e8cle dernier&#8230;Vous buvez toujours autant de bi\u00e8re ici ? Nous, on est des petites natures dans l&rsquo;Hexagone&#8230;<\/em>\u00a0Le show se poursuit avec \u00ab Qu&rsquo;Est-Ce que Tu Me Trouves ? \u00bb, titre qui ouvre le nouvel EP. Ce sera d&rsquo;ailleurs le seul extrait jou\u00e9 ce soir&#8230;<\/p>\n<p style=\"text-align: justify;\"><img loading=\"lazy\" decoding=\"async\" class=\"size-full wp-image-26497 aligncenter\" title=\"Louis Ville - Arlon 2019\" src=\"http:\/\/lamagicbox.com\/magazine\/wp-content\/uploads\/2019\/08\/Louis-Ville-Arlon-2019.jpg\" alt=\"Louis Ville - Arlon 2019\" width=\"500\" height=\"379\" srcset=\"https:\/\/lamagicbox.com\/magazine\/wp-content\/uploads\/2019\/08\/Louis-Ville-Arlon-2019.jpg 500w, https:\/\/lamagicbox.com\/magazine\/wp-content\/uploads\/2019\/08\/Louis-Ville-Arlon-2019-198x150.jpg 198w, https:\/\/lamagicbox.com\/magazine\/wp-content\/uploads\/2019\/08\/Louis-Ville-Arlon-2019-396x300.jpg 396w\" sizes=\"auto, (max-width: 500px) 100vw, 500px\" \/><\/p>\n<p style=\"text-align: justify;\">\u00ab Cruelle \u00bb nous est ensuite propos\u00e9, extrait de \u00ab Cin\u00e9mas \u00bb sorti en 2011, avant de revenir \u00e0 l&rsquo;album \u00ab Le Bal Des Fous \u00bb avec \u00ab Clac Clac \u00bb. C&rsquo;est d&rsquo;ailleurs cet opus qui est mis \u00e0 l&rsquo;honneur ce soir avec \u00ab Ma Rue \u00bb et \u00ab Dehors \u00bb.\u00a0Un in\u00e9dit nous est offert lors de ce tour chant : \u00ab Des Couleurs \u00bb, qui figurera sur l\u2019album pr\u00e9vu cet automne.\u00a0Les applaudissements sont nourris encore une fois.\u00a0<em>Merci beaucoup !!!<\/em> <em>Amis Belges, c&rsquo;est la derni\u00e8re\u2026<\/em>\u00a0Le public en est d\u00e9sol\u00e9.\u00a0C&rsquo;est avec \u00ab \u00c9pousez-Moi \u00bb que le set se termine. Louis quitte la sc\u00e8ne sous les applaudissements \u00e0 l&rsquo;issue d&rsquo;une tr\u00e8s belle prestation.\u00a0Un tr\u00e8s beau moment ! Apr\u00e8s avoir \u00e9volu\u00e9 au sein de diff\u00e9rents groupes (Do It, notamment&#8230;), Louis Ville a d\u00e9but\u00e9 sa carri\u00e8re solo en 2000. 5 albums composent actuellement son actif : \u00ab H\u00f4tel Pourri \u00bb sorti en 2000, \u00ab Une Goutte \u00bb paru en 2003, \u00ab \u00c0 Choisir \u00bb en 2007, \u00ab Cin\u00e9mas \u00bb en 2011 (avec une r\u00e9\u00e9dition en 2012 comprenant quelques duos avec Mell, Marcel Kanche et Fran\u00e7ois Pierron), et \u00ab Le Bal Des Fous \u00bb en 2015. Le nouvel EP 6 titres qui vient de sortir (\u00ab Et Puis Demain&#8230; \u00bb) est annonciateur d&rsquo;un nouvel album pr\u00e9vu cet automne.\u00a0Une tourn\u00e9e est pr\u00e9vue pour accompagner cet opus. Louis Ville sera notamment \u00e0 La Souris Verte \u00e0 Epinal (88) le 28\/09 et au Gueulard Plus \u00e0 Nilvange (57) le 29\/11.<\/p>\n<p><img loading=\"lazy\" decoding=\"async\" class=\"size-full wp-image-26483 aligncenter\" title=\"Louis Ville - Tourn\u00e9e 2019\" src=\"http:\/\/lamagicbox.com\/magazine\/wp-content\/uploads\/2019\/08\/Louis-Ville-Tourn\u00e9e-2019.jpg\" alt=\"Louis Ville - Tourn\u00e9e 2019\" width=\"500\" height=\"188\" srcset=\"https:\/\/lamagicbox.com\/magazine\/wp-content\/uploads\/2019\/08\/Louis-Ville-Tourn\u00e9e-2019.jpg 500w, https:\/\/lamagicbox.com\/magazine\/wp-content\/uploads\/2019\/08\/Louis-Ville-Tourn\u00e9e-2019-300x113.jpg 300w\" sizes=\"auto, (max-width: 500px) 100vw, 500px\" \/><\/p>\n<p><strong><span style=\"text-decoration: underline;\">Louis Ville<\/span>\u00a0:\u00a0<a href=\"https:\/\/www.facebook.com\/Louis-Ville-Officiel-206954099354806\/\" target=\"_blank\" rel=\"noopener\">Facebook<\/a>\u00a0\/\u00a0<a href=\"https:\/\/twitter.com\/louisvillesings\" target=\"_blank\" rel=\"noopener\">Twitter<\/a>\u00a0\/\u00a0<a href=\"https:\/\/www.youtube.com\/c\/LouisVille\" target=\"_blank\" rel=\"noopener\">Youtube<\/a>\u00a0\/\u00a0<a href=\"http:\/\/www.louis-ville.fr\/?fbclid=IwAR01BuiO9GkOAVMBAx6hn2e49ZG88d3-LodFcP2COgB_90NjvoSWr8oV0CM\" target=\"_blank\" rel=\"noopener\">Site Officiel<\/a><\/strong><\/p>\n<p><strong><span style=\"text-decoration: underline;\">Les photos de la soir\u00e9e<\/span>\u00a0: <a href=\"https:\/\/www.facebook.com\/LaMagicBoxWebzine\/photos\/?tab=album&amp;album_id=2253689808186853\" target=\"_blank\" rel=\"noopener\">ici<\/a>.<\/strong><\/p>\n<h2><span lang=\"fr-BE\" style=\"color: #800000;\">EIFFEL<\/span><\/h2>\n<p style=\"text-align: justify;\">Eiffel est de retour avec un nouvel album, \u00ab Stupor Machine \u00bb, sorti en avril dernier.\u00a0Le 6\u00e8me en 18 ans d&rsquo;existence, et toujours la m\u00eame \u00e9nergie sur sc\u00e8ne !\u00a0Ils nous l\u2019ont encore d\u00e9montr\u00e9 ce soir !\u00a0La salle est plong\u00e9e dans l&rsquo;obscurit\u00e9.\u00a0Les protagonistes prennent possession de la sc\u00e8ne et lancent les festivit\u00e9s avec \u00ab T&rsquo;As Tout, Tu Profites De Rien \u00bb, titre extrait de l&rsquo;album \u00ab Le \u00bc D&rsquo;Heure Des Ahuris \u00bb sorti en 2002.\u00a0Romain Humeau salue le public, et\u00a0\u00ab Cascade \u00bb est envoy\u00e9 dans la foul\u00e9e.\u00a0L&rsquo;accueil est chaleureux, dans tous les sens du terme. L&rsquo;Entrep\u00f4t est une v\u00e9ritable \u00e9tuve ! Le\u00a0groupe va nous faire voyager dans le temps en parcourant sa discographie.\u00a0\u00ab Inverse Moi \u00bb nous ram\u00e8ne en 2001 avec l\u2019album \u00ab Abricotine \u00bb, avant de continuer avec \u00ab Il Pleut Des Cordes \u00bb. Nous sommes \u00e0 nouveau en 2002 avec l&rsquo;album \u00ab Le \u00bc D&rsquo;Heure Des Ahuris \u00bb. Les applaudissements sont nourris encore une fois, et le moment se veut intense.\u00a0\u00ab Miragine \u00bb est ensuite annonc\u00e9, amenant une nouvelle ovation.\u00a0<em>Merci beaucoup !!!<\/em>\u00a0Le single du nouvel album nous est alors propos\u00e9, \u00ab Chasse Spleen \u00bb, avant de revenir quelques ann\u00e9es en arri\u00e8re avec \u00ab Milliardaire \u00bb, extrait de \u00ab Foule Monstre \u00bb sorti en 2012. Puis, c&rsquo;est un v\u00e9ritable hymne qui r\u00e9sonne avec\u00a0\u00ab \u00c0 Tout Moment La Rue \u00bb.<\/p>\n<p style=\"text-align: justify;\"><img loading=\"lazy\" decoding=\"async\" class=\"size-full wp-image-26498 aligncenter\" title=\"Eiffel - Arlon 2019 (3)\" src=\"http:\/\/lamagicbox.com\/magazine\/wp-content\/uploads\/2019\/08\/Eiffel-Arlon-2019-3.jpg\" alt=\"Eiffel - Arlon 2019 (3)\" width=\"500\" height=\"376\" srcset=\"https:\/\/lamagicbox.com\/magazine\/wp-content\/uploads\/2019\/08\/Eiffel-Arlon-2019-3.jpg 500w, https:\/\/lamagicbox.com\/magazine\/wp-content\/uploads\/2019\/08\/Eiffel-Arlon-2019-3-199x150.jpg 199w, https:\/\/lamagicbox.com\/magazine\/wp-content\/uploads\/2019\/08\/Eiffel-Arlon-2019-3-399x300.jpg 399w\" sizes=\"auto, (max-width: 500px) 100vw, 500px\" \/><\/p>\n<p style=\"text-align: justify;\">L\u2019ambiance est encore mont\u00e9e d\u2019un cran. Le public chante, c&rsquo;est impressionnant ! Dans une chaleur torride, le groupe encha\u00eene les titres avec \u00ab Oui \u00bb, \u00ab Tu Vois Loin \u00bb et \u00ab Chocho \u00bb.\u00a0Id\u00e9alement taill\u00e9 pour la sc\u00e8ne, \u00ab Big Data \u00bb est envoy\u00e9, suivi de \u00ab Dispers\u00e9s \u00bb. On est 2007 avec l&rsquo;album \u00ab Tandoori \u00bb. Le groupe re\u00e7oit une nouvelle ovation\u00a0avec \u00ab Sous Ton Aile \u00bb. <em>Merci \u00e0 vous !!! C&rsquo;est absolument un plaisir !!!<\/em>\u00a0\u00ab Je M&rsquo;Obstine \u00bb est lanc\u00e9 en duo de guitares, puis \u00ab N&rsquo;Aie Rien \u00c0 Craindre \u00bb nous am\u00e8ne\u00a0petit \u00e0 petit \u00e0 la fin du set avec \u00ab Off \u00bb et\u00a0\u00ab Sombre \u00bb. La formation s&rsquo;est r\u00e9unie autour du batteur pour lancer ce dernier titre. Le groupe quitte alors la sc\u00e8ne pour le traditionnel rappel. Il est plut\u00f4t soutenu ! C&rsquo;est avec \u00ab Hype \u00bb que les Bordelais font leur retour et cl\u00f4turent ce tour de chant. Il n&rsquo;y aura malheureusement pas d&rsquo;autre morceau&#8230; \ud83d\ude41\u00a0Eiffel salue le public qui lui fait ovation incroyable, puis le groupe quitte d\u00e9finitivement la sc\u00e8ne apr\u00e8s nous avoir offert une tr\u00e8s belle soir\u00e9e rock ! Stabilis\u00e9 depuis 10 ans autour d&rsquo;un line-up comprenant Romain Humeau, Estelle Humeau, Nicolas Courret et Nicolas Bonni\u00e8re, Eiffel est au sommet de sa forme et continue \u00e0 faire des \u00e9tincelles sur sc\u00e8ne ! Un groupe \u00e0 voir absolument lors cette longue tourn\u00e9e ! Les dates sont ici : <a href=\"https:\/\/eiffelnews.com\/concerts\/\" target=\"_blank\" rel=\"noopener\">\u00a0\u00bb Tourn\u00e9e 2019\/2020&Prime;<\/a>.<\/p>\n<p style=\"text-align: justify;\"><img loading=\"lazy\" decoding=\"async\" class=\"size-full wp-image-26499 aligncenter\" title=\"Eiffel - Arlon 2019 (5)\" src=\"http:\/\/lamagicbox.com\/magazine\/wp-content\/uploads\/2019\/08\/Eiffel-Arlon-2019-5.jpg\" alt=\"Eiffel - Arlon 2019 (5)\" width=\"500\" height=\"375\" srcset=\"https:\/\/lamagicbox.com\/magazine\/wp-content\/uploads\/2019\/08\/Eiffel-Arlon-2019-5.jpg 500w, https:\/\/lamagicbox.com\/magazine\/wp-content\/uploads\/2019\/08\/Eiffel-Arlon-2019-5-200x150.jpg 200w, https:\/\/lamagicbox.com\/magazine\/wp-content\/uploads\/2019\/08\/Eiffel-Arlon-2019-5-400x300.jpg 400w\" sizes=\"auto, (max-width: 500px) 100vw, 500px\" \/><\/p>\n<p style=\"text-align: justify;\"><strong><span style=\"text-decoration: underline;\">Eiffel<\/span>\u00a0:<\/strong><\/p>\n<p class=\"western\">Romain Humeau \u00e0 la guitare et au chant.<br \/>Estelle Humeau \u00e0 la basse, \u00e0 la guitare et au clavier.<br \/>Nicolas Courret \u00e0 la batterie.<br \/>Nicolas Bonni\u00e8re \u00e0 la guitare.<\/p>\n<p style=\"text-align: left;\"><strong><span style=\"text-decoration: underline;\">Eiffel<\/span>\u00a0:\u00a0<a href=\"https:\/\/www.facebook.com\/EiffelMusique\/\" target=\"_blank\" rel=\"noopener\">Facebook<\/a>\u00a0\/\u00a0<a href=\"https:\/\/www.instagram.com\/eiffel.band\/\" target=\"_blank\" rel=\"noopener\">Instagram<\/a>\u00a0\/\u00a0<a href=\"https:\/\/twitter.com\/Eiffellegroupe\" target=\"_blank\" rel=\"noopener\">Twitter<\/a>\u00a0\/\u00a0\u00a0<a href=\"https:\/\/www.youtube.com\/user\/Eiffellegroupe\" target=\"_blank\" rel=\"noopener\">Youtube<\/a>\u00a0\/\u00a0<a href=\"https:\/\/eiffelnews.com\/\" target=\"_blank\" rel=\"noopener\">Site Officiel<\/a><\/strong><\/p>\n<p class=\"western\" style=\"text-align: left;\"><strong><span style=\"text-decoration: underline;\">Les photos de la soir\u00e9e<\/span>\u00a0: <a href=\"https:\/\/www.facebook.com\/LaMagicBoxWebzine\/photos\/?tab=album&amp;album_id=2253694368186397\" target=\"_blank\" rel=\"noopener\">ici<\/a>.<\/strong><\/p>\n<p class=\"western\" style=\"text-align: justify;\"><span style=\"text-decoration: underline;\">Photos<\/span>\u00a0: Dimitri D.<\/p>\n<hr \/>\n<p>\u00a0<\/p>\n<!--themify_builder_content-->\n<div id=\"themify_builder_content-26477\" data-postid=\"26477\" class=\"themify_builder_content themify_builder_content-26477 themify_builder tf_clear\">\n    <\/div>\n<!--\/themify_builder_content-->","protected":false},"excerpt":{"rendered":"<p>L&rsquo;Entrep\u00f4t Eiffel + Louis Ville Le 16 Ao\u00fbt 2019 \u2013\u00a0Arlon (Belgique) Notre avis\u00a0: [star rating=\u00a0\u00bb5&Prime; max=\u00a0\u00bb5&Prime;] Dans le cadre de la tourn\u00e9e qui accompagne le nouvel album \u00ab Stupor Machine \u00bb, Eiffel \u00e9tait de passage ce vendredi soir \u00e0 L\u2019Entrep\u00f4t \u00e0 Arlon (Belgique). Avec ce nouvel opus, les Bordelais livrent des titres parfaitement taill\u00e9s pour [&hellip;]<\/p>\n","protected":false},"author":4,"featured_media":26500,"comment_status":"open","ping_status":"open","sticky":false,"template":"","format":"standard","meta":{"footnotes":""},"categories":[57,53],"tags":[1272,745,1011,1271,2687],"class_list":["post-26477","post","type-post","status-publish","format-standard","has-post-thumbnail","hentry","category-reportage-concert","category-reportages","tag-arlon","tag-belgique","tag-eiffel","tag-lentrepot","tag-louis-ville","has-post-title","has-post-date","has-post-category","has-post-tag","has-post-comment","has-post-author",""],"builder_content":"","_links":{"self":[{"href":"https:\/\/lamagicbox.com\/magazine\/wp-json\/wp\/v2\/posts\/26477","targetHints":{"allow":["GET"]}}],"collection":[{"href":"https:\/\/lamagicbox.com\/magazine\/wp-json\/wp\/v2\/posts"}],"about":[{"href":"https:\/\/lamagicbox.com\/magazine\/wp-json\/wp\/v2\/types\/post"}],"author":[{"embeddable":true,"href":"https:\/\/lamagicbox.com\/magazine\/wp-json\/wp\/v2\/users\/4"}],"replies":[{"embeddable":true,"href":"https:\/\/lamagicbox.com\/magazine\/wp-json\/wp\/v2\/comments?post=26477"}],"version-history":[{"count":2,"href":"https:\/\/lamagicbox.com\/magazine\/wp-json\/wp\/v2\/posts\/26477\/revisions"}],"predecessor-version":[{"id":38462,"href":"https:\/\/lamagicbox.com\/magazine\/wp-json\/wp\/v2\/posts\/26477\/revisions\/38462"}],"wp:featuredmedia":[{"embeddable":true,"href":"https:\/\/lamagicbox.com\/magazine\/wp-json\/wp\/v2\/media\/26500"}],"wp:attachment":[{"href":"https:\/\/lamagicbox.com\/magazine\/wp-json\/wp\/v2\/media?parent=26477"}],"wp:term":[{"taxonomy":"category","embeddable":true,"href":"https:\/\/lamagicbox.com\/magazine\/wp-json\/wp\/v2\/categories?post=26477"},{"taxonomy":"post_tag","embeddable":true,"href":"https:\/\/lamagicbox.com\/magazine\/wp-json\/wp\/v2\/tags?post=26477"}],"curies":[{"name":"wp","href":"https:\/\/api.w.org\/{rel}","templated":true}]}}