{"id":26277,"date":"2019-08-03T23:59:05","date_gmt":"2019-08-03T21:59:05","guid":{"rendered":"http:\/\/lamagicbox.com\/magazine\/?p=26277"},"modified":"2024-02-07T11:40:33","modified_gmt":"2024-02-07T10:40:33","slug":"archimede-les-estivales-sous-les-etoiles-heming-57","status":"publish","type":"post","link":"https:\/\/lamagicbox.com\/magazine\/archimede-les-estivales-sous-les-etoiles-heming-57\/","title":{"rendered":"Archim\u00e8de &#8211; Les Estivales Sous Les \u00c9toiles &#8211; H\u00e9ming (57)"},"content":{"rendered":"<h2 align=\"justify\"><span style=\"color: #000000;\"><span style=\"color: #333333;\"><img loading=\"lazy\" decoding=\"async\" class=\"size-full wp-image-26279 alignleft\" title=\"Archim\u00e8de - Pop Decennium Tour (vignette)\" src=\"http:\/\/lamagicbox.com\/magazine\/wp-content\/uploads\/2019\/08\/Archim\u00e8de-Pop-Decennium-Tour-vignette.jpg\" alt=\"Archim\u00e8de - Pop Decennium Tour (vignette)\" width=\"150\" height=\"225\" srcset=\"https:\/\/lamagicbox.com\/magazine\/wp-content\/uploads\/2019\/08\/Archim\u00e8de-Pop-Decennium-Tour-vignette.jpg 150w, https:\/\/lamagicbox.com\/magazine\/wp-content\/uploads\/2019\/08\/Archim\u00e8de-Pop-Decennium-Tour-vignette-100x150.jpg 100w\" sizes=\"auto, (max-width: 150px) 100vw, 150px\" \/>Les Estivales Sous Les \u00c9toiles<br \/><\/span><\/span><\/h2>\n<h2 align=\"justify\"><span style=\"color: #800000;\">Archim\u00e8de<\/span><\/h2>\n<h2 align=\"justify\"><span style=\"color: #333333;\">Le 03 Ao\u00fbt 2019 &#8211; H\u00e9ming (57)<\/span><\/h2>\n<h2 align=\"justify\"><span style=\"color: #800000;\"><span style=\"text-decoration: underline;\">Notre avis<\/span>\u00a0: [star rating=\u00a0\u00bb5&Prime; max=\u00a0\u00bb5&Prime;]<\/span><\/h2>\n<hr \/>\n<p style=\"text-align: justify;\"><em><strong>Dans le cadre des \u00ab\u00a0Estivales Sous Les \u00c9toiles\u00a0\u00bb, Archim\u00e8de \u00e9tait de passage samedi soir \u00e0 H\u00e9ming (57) pour la derni\u00e8re date du \u00ab\u00a0M\u00e9hari Tour\u00a0\u00bb en full-band !\u00a0Le groupe qui f\u00eate cette ann\u00e9e ses 10 ans a une actualit\u00e9 tr\u00e8s riche : un nouvel album pour f\u00eater cet \u00e9v\u00e9nement (la sortie est pr\u00e9vue le 30\/08) et une tourn\u00e9e \u00e0 l&rsquo;automne !<\/strong><\/em><\/p>\n<h2><span style=\"color: #800000;\">ARCHIM\u00c8DE<\/span><\/h2>\n<p style=\"text-align: justify;\">Le nouvel album \u00ab Pop Decennium\u00a0\u00bb a \u00e9t\u00e9 enregistr\u00e9 en live d\u00e9but avril au Ch\u00e2teau du Ricoudet \u00e0 Chang\u00e9 (53). 2 sessions de concert priv\u00e9 en pr\u00e9sence d&rsquo;une quarantaine de fans invit\u00e9s pour l&rsquo;occasion, et pas moins de 11 personnes sur sc\u00e8ne. Compos\u00e9 de 17 titres, 12 sont extraits du r\u00e9pertoire des 4 albums pr\u00e9c\u00e9dents, r\u00e9-arrang\u00e9s et r\u00e9-orchestr\u00e9s avec un quatuor \u00e0 cordes et une section cuivre. 5 nouveaux morceaux viennent compl\u00e9ter le tout. Un nouvel opus qui se veut donc r\u00e9trospectif et in\u00e9dit. L\u2019enregistrement a d&rsquo;ailleurs \u00e9t\u00e9 film\u00e9 afin de produire un DVD. La sortie de \u00ab Pop Decennium \u00bb est pr\u00e9vue le 30 ao\u00fbt prochain sous deux formats distincts : un album classique et un coffret collector.\u00a0Le coffret \u00e9tant compos\u00e9 d&rsquo;un vinyle 3 volets, un CD, le DVD du concert, un livre de 40 pages retra\u00e7ant les 10 ans d\u2019existence, des photos, les paroles (brouillons) des chansons in\u00e9dites, une affiche, un badge\u2026 Le tout num\u00e9rot\u00e9 et sign\u00e9 \u00e0 1000 exemplaires ! Outre les dates pr\u00e9vues cet \u00e9t\u00e9 en duo acoustique (le 08\/08 \u00e0 La Barre De Monts (85), le 09\/08 \u00e0 La Gu\u00e9rini\u00e8re (85) et le 10\/08 \u00e0 Rennes (35)), Archim\u00e8de donnera un concert exceptionnel au Ch\u00e2teau de Sainte-Suzanne (53) le 31\/08 avec le quatuor \u00e0 cordes et la section cuivre\u2026 Un beau plateau pour f\u00eater les dix ans, avant d\u2019entamer une nouvelle tourn\u00e9e \u00e0 l&rsquo;automne, avec de nouvelles chansons et un nouveau spectacle. En attendant, Archim\u00e8de \u00e9tait de passage ce soir \u00e0 H\u00e9ming (57).<\/p>\n<p style=\"text-align: center;\"><img loading=\"lazy\" decoding=\"async\" class=\"alignnone size-full wp-image-26318\" title=\"24\" src=\"http:\/\/lamagicbox.com\/magazine\/wp-content\/uploads\/2019\/08\/24.jpg\" alt=\"24\" width=\"500\" height=\"379\" srcset=\"https:\/\/lamagicbox.com\/magazine\/wp-content\/uploads\/2019\/08\/24.jpg 500w, https:\/\/lamagicbox.com\/magazine\/wp-content\/uploads\/2019\/08\/24-198x150.jpg 198w, https:\/\/lamagicbox.com\/magazine\/wp-content\/uploads\/2019\/08\/24-396x300.jpg 396w\" sizes=\"auto, (max-width: 500px) 100vw, 500px\" \/><\/p>\n<p style=\"text-align: justify;\">L&rsquo;arriv\u00e9e du groupe se fait sous les applaudissements. Le bruit du moteur de la M\u00e9hari se fait entendre. Le set est lanc\u00e9 avec \u00ab Le Branleur Parfait \u00bb. <em>Bonsoir H\u00e9ming !!! Bonsoir Le Pays de Sarrebourg !!! Comment \u00e7a va\u00a0?!!<\/em> <em>On vous emm\u00e8ne imm\u00e9diatement dans le sud&#8230;<\/em> Et nous voil\u00e0 partis \u00e0\u00a0\u00ab Hendaye \u00bb ! Les\u00a0applaudissements qui suivent sont intenses. <em>Merci\u00a0!!! C&rsquo;est la derni\u00e8re date en full-band pour ce \u00ab\u00a0M\u00e9hari Tour\u00a0\u00bb&#8230; On vous emm\u00e8ne maintenant \u00e0 Londres&#8230; <\/em>C&rsquo;est avec \u00ab \u00c7a Fly Away \u00bb que le show se poursuit. L&rsquo;ambiance monte encore d&rsquo;un cran et l&rsquo;accueil est des plus chaleureux. <em>Merci beaucoup\u00a0!!! La prochaine s&rsquo;appelle \u00ab Je Prends \u00bb !<\/em>\u00a0<em>Chers amis de la Moselle, on vous emm\u00e8ne maintenant dans des contr\u00e9es o\u00f9 il fait tr\u00e8s chaud&#8230;<\/em> \u00ab Toi Qui Peines Au Bureau \u00bb est alors envoy\u00e9, suivi de \u00ab Je T\u2019Aime Low Cost \u00bb. Fred et Nico se retrouvent ensuite seuls sur sc\u00e8ne pour nous mener \u00ab Au March\u00e9 Des Amandiers \u00bb. Le duo nous offre dans la foul\u00e9e\u00a0<em>une nouvelle chanson qui sera sur le prochain album&#8230;<\/em>\u00a0\u00ab\u00a0Presqu&rsquo;Il\u00a0\u00bb re\u00e7oit un tr\u00e8s bel accueil du public. <em>Merci beaucoup\u00a0!!!<\/em> Tous les musiciens sont de retour pour \u00ab\u00a0Julia\u00a0\u00bb, <em>chanson sur les joies d&rsquo;\u00eatre parent, et<\/em><em>\u00a0<\/em><em>\u00ab Fils De \u00bb&#8230;<\/em>\u00a0\u00ab L\u2019\u00c9t\u00e9 Revient \u00bb est encha\u00een\u00e9, amenant une belle ovation.\u00a0<em>Merci !!! <\/em>Nicolas interroge le public pour annoncer le prochain titre.\u00a0<em>Il existe une \u00ab Rue De La Joie \u00bb \u00e0 Sarrebourg ?!!<\/em><\/p>\n<p><img loading=\"lazy\" decoding=\"async\" class=\"alignnone size-full wp-image-26312 aligncenter\" title=\"18\" src=\"http:\/\/lamagicbox.com\/magazine\/wp-content\/uploads\/2019\/08\/18.jpg\" alt=\"18\" width=\"500\" height=\"378\" srcset=\"https:\/\/lamagicbox.com\/magazine\/wp-content\/uploads\/2019\/08\/18.jpg 500w, https:\/\/lamagicbox.com\/magazine\/wp-content\/uploads\/2019\/08\/18-198x150.jpg 198w, https:\/\/lamagicbox.com\/magazine\/wp-content\/uploads\/2019\/08\/18-397x300.jpg 397w\" sizes=\"auto, (max-width: 500px) 100vw, 500px\" \/><\/p>\n<p style=\"text-align: justify;\">Apr\u00e8s des applaudissements\u00a0encore chaleureux, Archim\u00e8de remercie une nouvelle fois le public.<em> Merci H\u00e9ming\u00a0!!! \u00c7a va toujours\u00a0?!!<\/em> \u00ab La Joie De Rompre \u00bb nous est ensuite propos\u00e9, et le groupe quitte la sc\u00e8ne pour le traditionnel rappel. Le retour de la formation se fait avec \u00ab\u00a0Le Bonheur\u00a0\u00bb qui am\u00e8ne une nouvelle ovation. C&rsquo;est avec \u00ab Les Petites Mains \u00bb que le set se termine. Apr\u00e8s avoir pris soin de remercier toute l&rsquo;\u00e9quipe, l&rsquo;organisation, de pr\u00e9senter l&rsquo;ensemble des musiciens, le groupe salue le public sous les acclamations ! La formation quitte la sc\u00e8ne, et comme \u00e0 son habitude, vient \u00e0 la rencontre du public pour \u00e9changer quelques mots,\u00a0 se pr\u00eater au jeu des photos, avec la possibilit\u00e9 d&rsquo;acheter quelques CDs, des affiches ou des t-shirts&#8230; Archim\u00e8de nous a offert une tr\u00e8s tr\u00e8s belle soir\u00e9e encore une fois. Merci beaucoup pour ce tr\u00e8s beau moment ! Nous n&rsquo;avons qu&rsquo;une h\u00e2te, celle de les revoir prochainement lors du \u00ab Pop Decennium Tour \u00bb, dont voici les\u00a0premi\u00e8res dates : Le Ch\u00e2teau \u00e0 Sainte-Suzanne (53) le 31\/08, L&rsquo;Espace Julien \u00e0 Marseille (13) le 24\/10, Ninkasi Gerland \u00e0 Lyon (69) le 25\/10, Le Sc\u00e8nacle \u00e0 Besan\u00e7on (25) le 26\/10, La Maison Bleue \/ Dirty 8 \u00e0 Strasbourg (67) le 30\/10, La Maroquinerie \u00e0 Paris (75) le 31\/10, Le Ferrailleur &#8211; Club Concert \u00e0 Nantes (44) le 19\/11, L&rsquo;Antirouille \u00e0 Montpellier (34) le 26\/11, Le Rex \u00e0 Toulouse (31) le 27\/11 et L&rsquo;IBOAT \u00e0 Bordeaux (33) le 28\/11. Et d&rsquo;autres \u00e0 venir&#8230;<\/p>\n<p><img loading=\"lazy\" decoding=\"async\" class=\"alignnone size-full wp-image-26282 aligncenter\" title=\"Archim\u00e8de - Pop Decennium Tour\" src=\"http:\/\/lamagicbox.com\/magazine\/wp-content\/uploads\/2019\/08\/Archim\u00e8de-Pop-Decennium-Tour.jpg\" alt=\"Archim\u00e8de - Pop Decennium Tour\" width=\"500\" height=\"353\" srcset=\"https:\/\/lamagicbox.com\/magazine\/wp-content\/uploads\/2019\/08\/Archim\u00e8de-Pop-Decennium-Tour.jpg 500w, https:\/\/lamagicbox.com\/magazine\/wp-content\/uploads\/2019\/08\/Archim\u00e8de-Pop-Decennium-Tour-212x150.jpg 212w, https:\/\/lamagicbox.com\/magazine\/wp-content\/uploads\/2019\/08\/Archim\u00e8de-Pop-Decennium-Tour-425x300.jpg 425w\" sizes=\"auto, (max-width: 500px) 100vw, 500px\" \/><\/p>\n<p style=\"text-align: justify;\"><strong><span style=\"text-decoration: underline;\"><span lang=\"fr-BE\">Archim\u00e8de<\/span><\/span>\u00a0:<\/strong><\/p>\n<p>Nicolas Boisnard au chant.<br \/>Fr\u00e9d\u00e9ric Boisnard \u00e0 la guitare.<br \/>Daniel Marsala \u00e0 la guitare (exceptionnellement absent ce soir, remplac\u00e9 par Diog\u00e8nes Bapster).<br \/>Olivier Ferrarin \u00e0 la batterie.<br \/>Julien Zanetti \u00e0 la basse.<\/p>\n<p><strong><span style=\"text-decoration: underline;\"><span lang=\"fr-BE\">Archim\u00e8de<\/span><\/span>\u00a0:\u00a0<a href=\"https:\/\/www.facebook.com\/archimedemusic\/?epa=SEARCH_BOX\" target=\"_blank\" rel=\"noopener\">Facebook<\/a>\u00a0\/ <a href=\"https:\/\/www.instagram.com\/archimedemusic\/\" target=\"_blank\" rel=\"noopener\">Instagram<\/a> \/\u00a0<a href=\"https:\/\/twitter.com\/archimedemusic?lang=fr\" target=\"_blank\" rel=\"noopener\">Twitter<\/a>\u00a0\/\u00a0<a href=\"https:\/\/soundcloud.com\/archimedeofficial\" target=\"_blank\" rel=\"noopener\">Soundcloud<\/a>\u00a0\/ <a href=\"https:\/\/www.youtube.com\/channel\/UClFCoxpBiFf4sKlNAY-cHvQ\" target=\"_blank\" rel=\"noopener\">Youtube<\/a> \/ <a href=\"https:\/\/store.sonymusic.fr\/archimede\/\" target=\"_blank\" rel=\"noopener\">Store<\/a><\/strong><\/p>\n<p><strong><span style=\"text-decoration: underline;\">Les photos de la soir\u00e9e<\/span>\u00a0: <a href=\"https:\/\/www.facebook.com\/LaMagicBoxWebzine\/photos\/?tab=album&amp;album_id=2238447296377771\" target=\"_blank\" rel=\"noopener\">ici<\/a>.<\/strong><\/p>\n<p><span style=\"text-decoration: underline;\">Photos<\/span>\u00a0: Dimitri D.<\/p>\n<hr \/>\n<p>\u00a0<\/p>\n<!--themify_builder_content-->\n<div id=\"themify_builder_content-26277\" data-postid=\"26277\" class=\"themify_builder_content themify_builder_content-26277 themify_builder tf_clear\">\n    <\/div>\n<!--\/themify_builder_content-->","protected":false},"excerpt":{"rendered":"<p>Les Estivales Sous Les \u00c9toiles Archim\u00e8de Le 03 Ao\u00fbt 2019 &#8211; H\u00e9ming (57) Notre avis\u00a0: [star rating=\u00a0\u00bb5&Prime; max=\u00a0\u00bb5&Prime;] Dans le cadre des \u00ab\u00a0Estivales Sous Les \u00c9toiles\u00a0\u00bb, Archim\u00e8de \u00e9tait de passage samedi soir \u00e0 H\u00e9ming (57) pour la derni\u00e8re date du \u00ab\u00a0M\u00e9hari Tour\u00a0\u00bb en full-band !\u00a0Le groupe qui f\u00eate cette ann\u00e9e ses 10 ans a une [&hellip;]<\/p>\n","protected":false},"author":4,"featured_media":26311,"comment_status":"open","ping_status":"open","sticky":false,"template":"","format":"standard","meta":{"footnotes":""},"categories":[57,53],"tags":[271,2681,2682],"class_list":["post-26277","post","type-post","status-publish","format-standard","has-post-thumbnail","hentry","category-reportage-concert","category-reportages","tag-archimede","tag-heming","tag-les-estivales-sous-les-etoiles","has-post-title","has-post-date","has-post-category","has-post-tag","has-post-comment","has-post-author",""],"builder_content":"","_links":{"self":[{"href":"https:\/\/lamagicbox.com\/magazine\/wp-json\/wp\/v2\/posts\/26277","targetHints":{"allow":["GET"]}}],"collection":[{"href":"https:\/\/lamagicbox.com\/magazine\/wp-json\/wp\/v2\/posts"}],"about":[{"href":"https:\/\/lamagicbox.com\/magazine\/wp-json\/wp\/v2\/types\/post"}],"author":[{"embeddable":true,"href":"https:\/\/lamagicbox.com\/magazine\/wp-json\/wp\/v2\/users\/4"}],"replies":[{"embeddable":true,"href":"https:\/\/lamagicbox.com\/magazine\/wp-json\/wp\/v2\/comments?post=26277"}],"version-history":[{"count":2,"href":"https:\/\/lamagicbox.com\/magazine\/wp-json\/wp\/v2\/posts\/26277\/revisions"}],"predecessor-version":[{"id":38466,"href":"https:\/\/lamagicbox.com\/magazine\/wp-json\/wp\/v2\/posts\/26277\/revisions\/38466"}],"wp:featuredmedia":[{"embeddable":true,"href":"https:\/\/lamagicbox.com\/magazine\/wp-json\/wp\/v2\/media\/26311"}],"wp:attachment":[{"href":"https:\/\/lamagicbox.com\/magazine\/wp-json\/wp\/v2\/media?parent=26277"}],"wp:term":[{"taxonomy":"category","embeddable":true,"href":"https:\/\/lamagicbox.com\/magazine\/wp-json\/wp\/v2\/categories?post=26277"},{"taxonomy":"post_tag","embeddable":true,"href":"https:\/\/lamagicbox.com\/magazine\/wp-json\/wp\/v2\/tags?post=26277"}],"curies":[{"name":"wp","href":"https:\/\/api.w.org\/{rel}","templated":true}]}}