{"id":2510,"date":"2014-12-28T10:37:01","date_gmt":"2014-12-28T09:37:01","guid":{"rendered":"http:\/\/lamagicbox.com\/magazine\/?p=2510"},"modified":"2014-12-31T16:03:46","modified_gmt":"2014-12-31T15:03:46","slug":"news-decembre-2014","status":"publish","type":"post","link":"https:\/\/lamagicbox.com\/magazine\/news-decembre-2014\/","title":{"rendered":"News de d\u00e9cembre 2014"},"content":{"rendered":"<p style=\"text-align: justify;\"><span style=\"color: #ff6600;\"><strong>dEUS SOUFFLE 20 BOUGIES AU BATACLAN<\/strong><\/span><br \/>\nDeus, qui a sorti un best of (double album 30 titres \u2013 Selected Songs :\u00a0 1994-2014) en 2014, \u00e9tait en <a href=\"http:\/\/lamagicbox.com\/magazine\/wp-content\/uploads\/2014\/12\/deusconcert2014.jpg\"><img loading=\"lazy\" decoding=\"async\" class=\"  wp-image-2503 alignright\" src=\"http:\/\/lamagicbox.com\/magazine\/wp-content\/uploads\/2014\/12\/deusconcert2014-100x150.jpg\" alt=\"deusconcert2014\" width=\"121\" height=\"182\" srcset=\"https:\/\/lamagicbox.com\/magazine\/wp-content\/uploads\/2014\/12\/deusconcert2014-100x150.jpg 100w, https:\/\/lamagicbox.com\/magazine\/wp-content\/uploads\/2014\/12\/deusconcert2014.jpg 150w\" sizes=\"auto, (max-width: 121px) 100vw, 121px\" \/><\/a>concert le mardi 16 d\u00e9cembre 2014 au Bataclan @ Paris, pour f\u00eater un \u00e9v\u00e9nement : ses 20 ans ! Nous avions Gonzalo R. sur place pour prendre la temp\u00e9rature : \u00ab\u00a0Un bon set pour les 20 ans de Deus hier avec <i>Vantage Point<\/i> ou <em>Instant street<\/em> d\u00e8s la quatri\u00e8me chanson pour r\u00e9veiller la foule \u00e9parse de badaud bobo quinca\u2019 et quelques eares flamands perdus au milieu des parisiens. un Bataclan rempli au 3\/4.<br \/>\nUn set pro qui a \u00e9t\u00e9 marqu\u00e9 en milieu de concert par un petit probl\u00e8me de batterie\u00a0 \u2013 \u00e7a arrive m\u00eame aux meilleurs \u2013 Un rappel de trois chansons, dont Little arythmetics et Thank you for the roses. Et pour finir, le titre qui les a fait d\u00e9couvrir, <i>Suds &amp; Soda<\/i>, un titre au rythme bienaire,un peu \u00e0 la Sonic Youth pour le son des grattes. Bref un boulot honn\u00eate pour un show de 2 heures environ\u2026\u00a0\u00bb. Sans plus ? Merci Gonzalo pour ce retour.<br \/>\nPour les fans, un livre est aussi \u00e9dit\u00e9 \u00e0 l\u2019occasion de leur anniversaire : <em>Selected Photos<\/em>.<\/p>\n<p align=\"left\"><strong><span style=\"color: #ff6600;\">MADE OF SCARS AU QUAI\u2019SON A NANCY<\/span><br \/>\n<\/strong>Mercredi 17 d\u00e9cembre, aux alentours de 20h30, les <a href=\"https:\/\/www.facebook.com\/madeofscarsofficiel?fref=ts\" target=\"_blank\">Made of Scars<\/a> (Metal Rock) partageront l\u2019affiche sur la sc\u00e8ne du Quai\u2019Son \u00e0 Nancy (54) avec <a href=\"https:\/\/www.facebook.com\/pages\/ROAD\/153964234650018?fref=ts\" target=\"_blank\">R.O.A.D.<\/a> (Dirty Rock) et <a href=\"https:\/\/www.facebook.com\/RDLband?fref=ts\" target=\"_blank\">Redline<\/a> (Post Rock \/ Nu Metal). Du Hard-Rock au Nu Metal en passant par le Rock\u2019n\u2019roll, il y en aura pour tout le monde pour cette soir\u00e9e qui ne vous coutera que 4 \u20ac. C\u2019est \u00e0 partir de 20h30.<br \/>\n<em><strong>Adresse :<\/strong> Le Quai\u2019Son \u2013 4 quai Claude Le Lorrain \u2013 54000 Nancy (54). <\/em><\/p>\n<p style=\"text-align: center;\" align=\"left\"><a href=\"http:\/\/lamagicbox.com\/magazine\/wp-content\/uploads\/2014\/12\/quaison122014.jpg\"><img loading=\"lazy\" decoding=\"async\" class=\"aligncenter  wp-image-2504\" src=\"http:\/\/lamagicbox.com\/magazine\/wp-content\/uploads\/2014\/12\/quaison122014-300x111.jpg\" alt=\"quaison122014\" width=\"395\" height=\"146\" srcset=\"https:\/\/lamagicbox.com\/magazine\/wp-content\/uploads\/2014\/12\/quaison122014-300x111.jpg 300w, https:\/\/lamagicbox.com\/magazine\/wp-content\/uploads\/2014\/12\/quaison122014.jpg 500w\" sizes=\"auto, (max-width: 395px) 100vw, 395px\" \/><\/a><\/p>\n<p style=\"text-align: justify;\"><strong><span style=\"color: #ff6600;\">LES BRIGITTE DANS LES BACS ET EN TOURNEE<\/span><br \/>\n<\/strong>Le nouvel album des Brigitte est dans les Bacs et porte le drole de patronym <strong> <em>A bouche que veux-tu<\/em><\/strong>.<\/p>\n<figure id=\"attachment_2374\" aria-describedby=\"caption-attachment-2374\" style=\"width: 150px\" class=\"wp-caption alignright\"><a href=\"http:\/\/lamagicbox.com\/magazine\/wp-content\/uploads\/2014\/12\/brigitte20141.jpg\"><img loading=\"lazy\" decoding=\"async\" class=\"size-full wp-image-2374\" src=\"http:\/\/lamagicbox.com\/magazine\/wp-content\/uploads\/2014\/12\/brigitte20141.jpg\" alt=\"brigitte\" width=\"150\" height=\"150\" srcset=\"https:\/\/lamagicbox.com\/magazine\/wp-content\/uploads\/2014\/12\/brigitte20141.jpg 150w, https:\/\/lamagicbox.com\/magazine\/wp-content\/uploads\/2014\/12\/brigitte20141-40x40.jpg 40w, https:\/\/lamagicbox.com\/magazine\/wp-content\/uploads\/2014\/12\/brigitte20141-50x50.jpg 50w, https:\/\/lamagicbox.com\/magazine\/wp-content\/uploads\/2014\/12\/brigitte20141-100x100.jpg 100w, https:\/\/lamagicbox.com\/magazine\/wp-content\/uploads\/2014\/12\/brigitte20141-120x120.jpg 120w, https:\/\/lamagicbox.com\/magazine\/wp-content\/uploads\/2014\/12\/brigitte20141-80x80.jpg 80w\" sizes=\"auto, (max-width: 150px) 100vw, 150px\" \/><\/a><figcaption id=\"caption-attachment-2374\" class=\"wp-caption-text\">brigitte<\/figcaption><\/figure>\n<p style=\"text-align: justify;\">En attendant de vous le chroniquer, voici d\u00e9j\u00e0 les premieres dates\u2026 avant tres certainement un tour des Festivals en \u00e9t\u00e9 2015 !<br \/>\n<em><strong>Les dates : <\/strong><\/em><br \/>\n<strong>Strasbourg (67) \u2013 La Laiterie \u2013 Jeudi 29 Janvier 2015 <\/strong><br \/>\nEsch sur Alzette (Luxembourg) \u2013 Rockhal \u2013 Vendredi 30 Janvier 2015<br \/>\n<strong>Bruxelles (Belgique) \u2013 Ancienne Belgique \u2013 Samedi 31 Janvier 2015<\/strong><br \/>\n<!--more-->Nantes (44) \u2013 Stereolux \u2013 La Fabrique \u2013 Mercredi 4 F\u00e9vrier 2015<br \/>\n<strong>Saint Lo (50) \u2013 Le Normandy \u2013 Ecran Sonique \u2013 Jeudi 5 F\u00e9vrier<br \/>\n2015<\/strong><br \/>\nRouen (76) \u2013 Le 106 \u2013 Vendredi 6 F\u00e9vrier 2015<br \/>\n<strong>Cenon (33) \u2013 Le Rocher de Palmer \u2013 Mercredi 11 F\u00e9vrier 2015<\/strong><br \/>\nRamonville (31) \u2013 Le Bikini \u2013 Jeudi 12 F\u00e9vrier 2015<br \/>\n<strong>Boisseuil (87) \u2013 Espace du Crouzy \u2013 Samedi 14 Mars 2015<\/strong><br \/>\nLe Mans (72) \u2013 Centre des Expos \u2013 Jeudi 19 Mars 2015<br \/>\n<strong>Caen (14) \u2013 Le Cargo \u2013 Vendredi 20 Mars 2015<\/strong><br \/>\nBrest (29) \u2013 La Carene \u2013 Samedi 21 Mars 2015<br \/>\n<strong>Amiens (80) \u2013 Cirque Jules Verne \u2013 Samedi 28 Mars 2015<\/strong><br \/>\nMonaco \u2013 Salle du Canton \u2013 Espace Leo Ferre \u2013 Samedi 4 Avril 2015<br \/>\n<strong>Dijon (21) \u2013 La Vapeur \u2013 Jeudi 9 Avril 2015<\/strong><br \/>\nAnnemasse (74) \u2013 Chateau Rouge \u2013 Samedi 11 Avril 2015<br \/>\n<strong>Montargis (45) \u2013 Salle des Fetes \u2013 Samedi 18 Avril 2015<\/strong><br \/>\nLille (59) \u2013 Aeronef \u2013 Mardi 21 Avril 2015<br \/>\n<strong>Bourges (18) \u2013 Le W \u2013 Vendredi 24 Avril 2015<\/strong><br \/>\nLausanne (Suisse) \u2013 Les Docks \u2013 Mercredi 29 Avril 2015<br \/>\n<strong>Lyon (69) \u2013 Bourse du Travail \u2013 Jeudi 30 Avril 2015<\/strong><br \/>\nSerignan (34) \u2013 La Cigaliere \u2013 Vendredi 1er Mai 2015<br \/>\n<strong>Paris (75) \u2013 Olympia \u2013 Les 5 et 6 Mai 2015<\/strong>.<\/p>\n","protected":false},"excerpt":{"rendered":"<p>dEUS SOUFFLE 20 BOUGIES AU BATACLAN Deus, qui a sorti un best of (double album 30 titres \u2013 Selected Songs :\u00a0 1994-2014) en 2014, \u00e9tait en concert le mardi 16 d\u00e9cembre 2014 au Bataclan @ Paris, pour f\u00eater un \u00e9v\u00e9nement : ses 20 ans ! Nous avions Gonzalo R. sur place pour prendre la temp\u00e9rature [&hellip;]<\/p>\n","protected":false},"author":1,"featured_media":0,"comment_status":"open","ping_status":"open","sticky":false,"template":"","format":"standard","meta":{"footnotes":""},"categories":[7],"tags":[52,46,48,47,51,45,50,49],"class_list":["post-2510","post","type-post","status-publish","format-standard","hentry","category-news","tag-bataclan","tag-brigitte","tag-deus","tag-made-of-scars","tag-nancy","tag-news","tag-pop","tag-rock-belge","has-post-title","has-post-date","has-post-category","has-post-tag","has-post-comment","has-post-author",""],"builder_content":"","_links":{"self":[{"href":"https:\/\/lamagicbox.com\/magazine\/wp-json\/wp\/v2\/posts\/2510","targetHints":{"allow":["GET"]}}],"collection":[{"href":"https:\/\/lamagicbox.com\/magazine\/wp-json\/wp\/v2\/posts"}],"about":[{"href":"https:\/\/lamagicbox.com\/magazine\/wp-json\/wp\/v2\/types\/post"}],"author":[{"embeddable":true,"href":"https:\/\/lamagicbox.com\/magazine\/wp-json\/wp\/v2\/users\/1"}],"replies":[{"embeddable":true,"href":"https:\/\/lamagicbox.com\/magazine\/wp-json\/wp\/v2\/comments?post=2510"}],"version-history":[{"count":0,"href":"https:\/\/lamagicbox.com\/magazine\/wp-json\/wp\/v2\/posts\/2510\/revisions"}],"wp:attachment":[{"href":"https:\/\/lamagicbox.com\/magazine\/wp-json\/wp\/v2\/media?parent=2510"}],"wp:term":[{"taxonomy":"category","embeddable":true,"href":"https:\/\/lamagicbox.com\/magazine\/wp-json\/wp\/v2\/categories?post=2510"},{"taxonomy":"post_tag","embeddable":true,"href":"https:\/\/lamagicbox.com\/magazine\/wp-json\/wp\/v2\/tags?post=2510"}],"curies":[{"name":"wp","href":"https:\/\/api.w.org\/{rel}","templated":true}]}}