{"id":24794,"date":"2019-04-11T10:36:29","date_gmt":"2019-04-11T08:36:29","guid":{"rendered":"http:\/\/lamagicbox.com\/magazine\/?p=24794"},"modified":"2019-05-21T10:43:31","modified_gmt":"2019-05-21T08:43:31","slug":"news-davril-2019","status":"publish","type":"post","link":"https:\/\/lamagicbox.com\/magazine\/news-davril-2019\/","title":{"rendered":"News d&rsquo;Avril 2019"},"content":{"rendered":"<p style=\"text-align: justify;\">\n<hr \/>\n<p style=\"text-align: justify;\"><span style=\"color: #800000;\"><strong>YULES ET UN BON MILLIER DE VOIX EN AVRIL<\/strong><\/span><\/p>\n<p style=\"text-align: justify;\">10 nouvelles chansons dans le nouvel album de YULES, baptis\u00e9 A Thousand Voices. Le\u00a0groupe pop fran\u00e7ais form\u00e9 en 1999 et emmen\u00e9 par Guillaume Charret, revient donc avec ce quatri\u00e8me album, apr\u00e8s s&rsquo;\u00eatre offert une petite parenth\u00e8se, en 2014, en revisitant l&rsquo;album de\u00a0Leonard Cohen,\u00a0<strong><i>I&rsquo;m Your Man<\/i><\/strong>. Un exercice de style, un hommage aussi, et l&rsquo;occasion de faire \u00e9voluer sa propre musique que l&rsquo;on retrouve ici, cinq ans plus tard, dans ce petit bijou de Pop rempli d&rsquo;\u00e9motions. L&rsquo;album sort le 12 avril sur le label <a href=\"http:\/\/marjanrecords.com\/\">Marjan Records<\/a>\u00a0(Distribution Bigwax). Un extrait de l&rsquo;album au titre \u00e9ponyme a \u00e9t\u00e9 clip\u00e9 par\u00a0<a class=\"profileLink\" href=\"https:\/\/www.facebook.com\/profile.php?id=100013431646055&amp;__tn__=K-R&amp;eid=ARA78KyaA6nqf6rRkVcHArEZQNTOnovgsoLc37HOo6Da3lHxy3r6m1YRUsgaV923lcGWMK5_-h8hSQWL&amp;fref=mentions&amp;__xts__%5B0%5D=68.ARDC35vEVroK-NAKuFjyHSt_1emExEwRI1NIgf9aQtD0PAF4YT_-Pxa0_Xc-67jOgJsCva-7GycVGDppzvxJEzN3Cpo2KN7G7jT5jtmRlN8rw8M3V7plqZ6w05jVvedE6UWiVeiDIfXxOrpBvIT4FpEN6ydG8IuGALpAWigJNOEhJ8_CSudnz1cJmXeARAJsA-k94rcoQfVSo0gznSqJLB4rPuYWCHac2c7sRgYnQUxrIxW11nBJOt3XnfQaGFl5YDvohixUniYRZDmBDvFxELhfqQ0FIe8gtEHE6snSzsOL33pu2Cys7p-5cMR3ySlVs9sqBHJtWgXkSdymMCYJ\" data-hovercard=\"\/ajax\/hovercard\/user.php?id=100013431646055&amp;extragetparams=%7B%22__tn__%22%3A%22%2CdK-R-R%22%2C%22eid%22%3A%22ARA78KyaA6nqf6rRkVcHArEZQNTOnovgsoLc37HOo6Da3lHxy3r6m1YRUsgaV923lcGWMK5_-h8hSQWL%22%2C%22fref%22%3A%22mentions%22%7D\" data-hovercard-prefer-more-content-show=\"1\">Anthony Rogerson<\/a>. A voir ci dessous :<br \/>\n<a href=\"http:\/\/www.yuleslesite.com\/\">Site officiel<\/a> \/ <a href=\"https:\/\/www.facebook.com\/yules.fb\/posts\/10155971136226121\" target=\"_blank\">Facebook<\/a><\/p>\n<p style=\"text-align: center;\"><iframe loading=\"lazy\" src=\"https:\/\/www.youtube.com\/embed\/SyGt1JCD0EY\" width=\"450\" height=\"250\" frameborder=\"0\" allowfullscreen=\"allowfullscreen\"><\/iframe><\/p>\n<p style=\"text-align: justify;\">\n<hr \/>\n<p style=\"text-align: justify;\"><strong><span style=\"color: #800000;\">MAIN SQUARE FESTIVAL\u00a02019<br \/>\n<\/span><\/strong>La programmation\u00a0compl\u00e8te !<\/p>\n<p style=\"text-align: justify;\"><a href=\"https:\/\/mainsquarefestival.fr\/\" target=\"_blank\"><img loading=\"lazy\" decoding=\"async\" class=\"aligncenter\" src=\"https:\/\/media.virginradio.fr\/article-3827435-head\/media.jpg\" alt=\"R\u00c3\u00a9sultat de recherche d'images pour &quot;main square festival 2019&quot;\" width=\"599\" height=\"226\" \/><\/a><\/p>\n<p style=\"text-align: justify;\">Comme chaque ann\u00e9e, le\u00a0festival nous proposera les 5, 6 et 7 Juillet 2019 un large \u00e9ventail de ce qui constitue la sc\u00e8ne musicale internationale, faisant la part belle \u00e0 tous les styles et nationalit\u00e9s dans le cadre somptueux de la Citadelle d&rsquo;Arras.<\/p>\n<p style=\"text-align: justify;\"><strong><span style=\"text-decoration: underline;\">Vendredi 05 Juillet<\/span>\u00a0:\u00a0DJ SNAKE \u2022 CHRISTINE AND THE QUEENS \u2022 DAMSO \u2022 CYPRESS HILL \u2022 ANG\u00c8LE \u2022\u00a0CHARLOTTE DE WITTE \u2022 MILES KANE \u2022 CARAVAN PALACE\u00a0\u2022\u00a0GAVIN JAMES \u2022 LIZZO \u2022 LES RAPPEURS EN CARTON \u2022 NOUVEAUX CLIMATS \u2022\u00a0BEN \u2022\u00a0DIMANCHE<\/strong><\/p>\n<p style=\"text-align: justify;\"><strong><span style=\"text-decoration: underline;\">Samedi 06 Juillet<\/span>\u00a0:\u00a0MACKLEMORE \u2022 MARTIN GARRIX\u00a0\u2022 LOMEPAL \u2022 SKIP THE USE\u00a0\u2022\u00a0AGAR AGAR \u2022\u00a0MASEGO \u2022\u00a0SHAME \u2022\u00a0ARNAUD REBOTINI\u00a0\u2022\u00a0<\/strong><strong>JADE BIRD\u00a0\u2022\u00a0MASEGO \u2022\u00a0MAGGIE ROGERS \u2022\u00a0MATT CORBY \u2022\u00a0TODIEFOR \u2022\u00a0BEKAR \u2022\u00a0EDG\u00c4R \u2022\u00a0CAYMAN KINGS \u2022\u00a0WEEKEND AFFAIR \u2022\u00a0ESPLANADES<\/strong><\/p>\n<p style=\"text-align: justify;\"><strong><span style=\"text-decoration: underline;\">Dimanche 07 Juillet<\/span>\u00a0:\u00a0BEN HARPER &amp; THE INNOCENT CRIMINALS \u2022 BIGFLO &amp; OLI\u00a0\u2022 JAIN \u2022 EDITORS \u2022 BRING ME THE HORIZON \u2022\u00a0EDDY DE PRETTO \u2022\u00a0JOHN BUTLER TRIO \u2022\u00a0RIVAL SONS \u2022\u00a0IDLES \u2022\u00a0TAMINO \u2022\u00a0JONATHAN WILSON\u00a0<\/strong><strong>\u2022\u00a0OLD TREE&rsquo;Z\u00a0\u2022\u00a0BISON BISOU \u2022\u00a0STRUCTURES \u2022\u00a0FALL OF MESSIAH \u2022\u00a0LOUIS AGUILAR<\/strong><\/p>\n<p style=\"text-align: justify;\">Pour la 2\u00e8me ann\u00e9e cons\u00e9cutive, le festival organise son programme ambassadeurs qui permettra de remporter des billets et des exp\u00e9riences exclusives en vendant des billets pour le Main Square 2019.<\/p>\n<p style=\"text-align: justify;\">Ce programme est destin\u00e9 aux fid\u00e8les du MSF, permettant de repr\u00e9senter l&rsquo;\u00e9v\u00e9nement, tout en b\u00e9n\u00e9ficiant de r\u00e9compenses \u00e9volutives :<\/p>\n<ul>\n<li style=\"text-align: justify;\">des t-shirts et sweats exclusif MSF,<\/li>\n<li style=\"text-align: justify;\">des pass jour et 3 jours,<\/li>\n<li style=\"text-align: justify;\">des s\u00e9ances photo avec un photographe officiel,<\/li>\n<li style=\"text-align: justify;\">des visites des coulisses,<\/li>\n<li style=\"text-align: justify;\">un pass MSF \u00e0 VIE.<\/li>\n<\/ul>\n<p>Plus d&rsquo;informations sur le site du\u00a0<a href=\"https:\/\/www.mainsquarefestival.fr\/\" target=\"_blank\">Main Square<\/a>\u00a0!<\/p>\n<hr \/>\n<p><span style=\"color: #800000;\"><strong>ALICE COOPER EN TOURNEE EN FRANCE<\/strong><\/span><br \/>\n<span style=\"color: #232e31; font-family: helvetica, arial, verdana, sans-serif;\"><img loading=\"lazy\" decoding=\"async\" class=\"alignnone size-full wp-image-24980 alignright\" title=\"alice-cooper-2019\" src=\"http:\/\/lamagicbox.com\/magazine\/wp-content\/uploads\/2019\/04\/alice-cooper-2019.png\" alt=\"alice-cooper-2019\" width=\"150\" height=\"187\" srcset=\"https:\/\/lamagicbox.com\/magazine\/wp-content\/uploads\/2019\/04\/alice-cooper-2019.png 150w, https:\/\/lamagicbox.com\/magazine\/wp-content\/uploads\/2019\/04\/alice-cooper-2019-120x150.png 120w\" sizes=\"auto, (max-width: 150px) 100vw, 150px\" \/>\u00ab\u00a0Apr\u00e8s des concerts complets en 2017 \u00e0 Paris et Lyon, le ma\u00eetre incontest\u00e9 du shock rock Alice Cooper est de retour en 2019 pour trois dates exceptionnelles\u00a0:\u00a0<\/span><br \/>\n<span style=\"color: #232e31; font-family: helvetica, arial, verdana, sans-serif;\">3 septembre &#8211; Marseille &#8211; Le D\u00f4me<\/span><br \/>\n<span style=\"color: #232e31; font-family: helvetica, arial, verdana, sans-serif;\">5 septembre &#8211; Bordeaux &#8211; Ark\u00e9a Arena<\/span><br \/>\n<span style=\"color: #232e31; font-family: helvetica, arial, verdana, sans-serif;\">20 septembre &#8211; Paris &#8211; La Seine Musicale<br \/>\n<a href=\"https:\/\/www.topbillet.com\/fr\/recherche\/alice%20cooper\" target=\"_blank\">Pr\u00e9ventes<\/a><br \/>\n<\/span><\/p>\n<hr \/>\n<p style=\"text-align: justify;\"><span style=\"color: #800000;\"><strong>FEU! CHATTERTON DANS LES BACS ET SUR LA ROUTE<\/strong><\/span><br \/>\n<em>News :<\/em> \u00ab Apr\u00e8s une tourn\u00e9e \u00e9pique de plus de 100 concerts \u00e0 guichets ferm\u00e9s, en passant par le Bataclan, le Z\u00e9nith de Paris et les plus gros festivals (Printemps de Bourges, Solidays, Paleo&#8230;), l&rsquo;incandescent quintet a d\u00e9cid\u00e9 de f\u00eater cette riche ann\u00e9e qui a suivi la sortie de leur 2e\u00a0album \u00ab\u00a0L&rsquo;oiseleur\u00a0\u00bb, par un vinyle live collector, press\u00e9 en \u00e9dition limit\u00e9e.\u00a0\u00a0\u00ab\u00a0<em>Feu\u00a0! Chatterton Live 2018\u00a0<\/em>\u00bb\u00a0regroupe cinq chansons choisies pour la fougue de leur interpr\u00e9tation sur sc\u00e8ne.\u00bb<br \/>\n<img loading=\"lazy\" decoding=\"async\" class=\"size-full wp-image-24945 alignright\" title=\"feu-chatterton-2019-live\" src=\"http:\/\/lamagicbox.com\/magazine\/wp-content\/uploads\/2019\/04\/feu-chatterton-2019-live.jpg\" alt=\"feu-chatterton-2019-live\" width=\"300\" height=\"300\" srcset=\"https:\/\/lamagicbox.com\/magazine\/wp-content\/uploads\/2019\/04\/feu-chatterton-2019-live.jpg 300w, https:\/\/lamagicbox.com\/magazine\/wp-content\/uploads\/2019\/04\/feu-chatterton-2019-live-150x150.jpg 150w, https:\/\/lamagicbox.com\/magazine\/wp-content\/uploads\/2019\/04\/feu-chatterton-2019-live-120x120.jpg 120w\" sizes=\"auto, (max-width: 300px) 100vw, 300px\" \/> <strong>12.06.19 Rouen \/ Armada De Rouen<\/strong><br \/>\n22.06.19 Dunkerque \/ La Bonne Aventure Festival<br \/>\n29.06.19 Marmande \/ Garorock<br \/>\n11.07.19 Thonon-Les-Bains \/ Montjoux Festival<br \/>\n12.07.19 Neuve-Eglises \/ Festival D\u00e9cibulles<br \/>\n20.07.19 Spa \/ Francofolies De Spa<br \/>\n26.07.19 Vitrolles \/ Festival Jardins Sonores<br \/>\n27.07.19 Metabief \/ Festival De La Paille<br \/>\n02.08.19 Trelins \/ Foreztival<br \/>\n<strong>03.08.19 Crozon \/ Festival Du Bout Du Monde<\/strong><br \/>\n04.08.19 Florette \/ Esperanzah<br \/>\n15.08.19 Bruxelles \/ Brussels Summer Festival<br \/>\n30.08.19 Dijon \/ Concert De Rentr\u00e9e De La Ville De Dijon<\/p>\n<hr \/>\n<p style=\"text-align: justify;\"><strong><span style=\"color: #800000;\">PLEIN AIR DE ROCK 2019<br \/>\n<\/span><\/strong>Rendez-vous le 1er Juin 2019 \u00e0 Jarny (54) pour partager cette soir\u00e9e aux c\u00f4t\u00e9s de :\u00a0 <strong>Mass Hysteria \/ Animals As Leaders \/\u00a0Pogo Car Crash Control \/\u00a0Car Bomb \/\u00a0Lysistrata \/\u00a0Wheelfall \/\u00a0Dog&rsquo;N&rsquo;Style \/\u00a0Franck Flower.\u00a0<\/strong>PAF : 10 euros en pr\u00e9-vente \/\/ 15 euros sur place \/\/ gratuit pour les moins de 13 ans.\u00a0Tickets :\u00a0<a href=\"https:\/\/www.digitick.com\/d\/event\/plein-air-de-rock-25\/ch-teau-de-moncel\/5809791\" target=\"_blank\">https:\/\/www.digitick.com\/d\/event\/plein-air-de-rock-25\/ch-teau-de-moncel\/5809791<\/a><br \/>\n<strong><span style=\"color: #800000;\"><br \/>\n<\/span><\/strong><a href=\"http:\/\/www.pleinairderockjarny.fr\/index.html\" target=\"_blank\"><img loading=\"lazy\" decoding=\"async\" class=\"size-full wp-image-24887 aligncenter\" title=\"Plein Air De Rock 2019\" src=\"http:\/\/lamagicbox.com\/magazine\/wp-content\/uploads\/2019\/04\/Plein-Air-De-Rock-2019.jpg\" alt=\"Plein Air De Rock 2019\" width=\"511\" height=\"725\" srcset=\"https:\/\/lamagicbox.com\/magazine\/wp-content\/uploads\/2019\/04\/Plein-Air-De-Rock-2019.jpg 511w, https:\/\/lamagicbox.com\/magazine\/wp-content\/uploads\/2019\/04\/Plein-Air-De-Rock-2019-106x150.jpg 106w, https:\/\/lamagicbox.com\/magazine\/wp-content\/uploads\/2019\/04\/Plein-Air-De-Rock-2019-211x300.jpg 211w\" sizes=\"auto, (max-width: 511px) 100vw, 511px\" \/><\/a><\/p>\n<hr \/>\n<p style=\"text-align: justify;\"><span style=\"color: #800000;\"><strong>MUSSET<br \/>\n<\/strong><\/span>Ex-REVOLVER,\u00a0<strong>Christophe MUSSET<\/strong>\u00a0nous revient avec un nouvel EP (\u00ab\u00a0ORION\u00a0\u00bb), dont la sortie est pr\u00e9vue le 27 Avril. Fruit de sa collaboration avec\u00a0Jean- Michel REUSSER, ce nouvel enregistrement nous emm\u00e8ne dans un univers folk, doux et ae\u0301rien.\u00a0Premi\u00e8re vid\u00e9o, et premier extrait de l&rsquo;EP\u00a0 \u00e0 venir : \u00ab\u00a0Aussi Loin\u00a0\u00bb\u00a0&#8211; Distribution TuneCore.<\/p>\n<p style=\"text-align: center;\"><iframe loading=\"lazy\" src=\"https:\/\/www.youtube.com\/embed\/XZpxoe5B9-o\" width=\"560\" height=\"315\" frameborder=\"0\" allowfullscreen=\"allowfullscreen\"><\/iframe><\/p>\n<hr \/>\n<p style=\"text-align: justify;\"><span style=\"color: #800000;\"><strong>LE JARDIN DU MICHEL 2019<\/strong><br \/>\n<\/span>Cette anne\u0301e, pour son quinzie\u0300me anniversaire, le Michel vous pre\u0301pare une belle boum sous le signe de la fe\u0302te, avec une programmation toujours plus diversifie\u0301e : il y en aura pour tout le monde ! \u00a0RDV du 31 mai au 2 juin 2019 \u00e0 Toul (54) !\u00a0#JDM2019<\/p>\n<p style=\"text-align: justify;\">\u2022 <strong><span style=\"text-decoration: underline;\">Vendredi 31 Mai<\/span><\/strong> : Therapie Taxi |\u00a0Caravan Palace |\u00a0Bagarre |\u00a0Vladimir Cauchemar |\u00a0C4di114c (Stupeflip) |\u00a0Mnnqns |\u00a0Moko |\u00a0The Wipes<\/p>\n<p style=\"text-align: justify;\">\u2022 <strong><span style=\"text-decoration: underline;\">Samedi 1er Juin<\/span><\/strong> :\u00a0Dub inc |\u00a0Caballero &amp; JeanJass |\u00a0Gringe |\u00a0Vandal |\u00a0La P&rsquo;tite Fum\u00e9e |\u00a0Yseult |\u00a0Axmos |\u00a0Maz |\u00a0Melatonine |\u00a0Toxic Kiss<\/p>\n<p style=\"text-align: justify;\">\u2022 <strong><span style=\"text-decoration: underline;\">Dimanche 2 Juin<\/span><\/strong> : Skip The Use |\u00a0Hoshi |\u00a0Trois Caf\u00e9s Gourmands |\u00a0Collectif 13 |\u00a0Le Gr\u00f4s Tour |\u00a0A Corps De Rue |\u00a0Fergessen |\u00a0R.Can |\u00a0Lova Mi Amor<\/p>\n<p><a href=\"http:\/\/www.jardin-du-michel.fr\/\" target=\"_blank\"><img loading=\"lazy\" decoding=\"async\" class=\"size-full wp-image-24880 aligncenter\" title=\"Le Jardin Du Michel 2019\" src=\"http:\/\/lamagicbox.com\/magazine\/wp-content\/uploads\/2019\/04\/Le-Jardin-Du-Michel-2019.jpg\" alt=\"Le Jardin Du Michel 2019\" width=\"508\" height=\"338\" srcset=\"https:\/\/lamagicbox.com\/magazine\/wp-content\/uploads\/2019\/04\/Le-Jardin-Du-Michel-2019.jpg 508w, https:\/\/lamagicbox.com\/magazine\/wp-content\/uploads\/2019\/04\/Le-Jardin-Du-Michel-2019-225x150.jpg 225w, https:\/\/lamagicbox.com\/magazine\/wp-content\/uploads\/2019\/04\/Le-Jardin-Du-Michel-2019-451x300.jpg 451w\" sizes=\"auto, (max-width: 508px) 100vw, 508px\" \/><\/a><\/p>\n<hr \/>\n<p><span style=\"color: #800000;\"><strong>LA MAGNIFIQUE SOCIETY 2019<\/strong><\/span><br \/>\nLes 13, 14 et 15 Juin 2019 au Parc De Champagne &#8211; Reims (51)<br \/>\n<span style=\"text-decoration: underline;\">Site Officiel<\/span> : <a href=\"https:\/\/lamagnifiquesociety.com\/\" target=\"_blank\">https:\/\/lamagnifiquesociety.com\/<\/a><\/p>\n<p><a href=\"https:\/\/lamagnifiquesociety.com\/\" target=\"_blank\"><img loading=\"lazy\" decoding=\"async\" class=\"size-full wp-image-24907 aligncenter\" title=\"La Magnifique Society 2019\" src=\"http:\/\/lamagicbox.com\/magazine\/wp-content\/uploads\/2019\/04\/La-Magnifique-Society-2019.jpg\" alt=\"La Magnifique Society 2019\" width=\"838\" height=\"487\" srcset=\"https:\/\/lamagicbox.com\/magazine\/wp-content\/uploads\/2019\/04\/La-Magnifique-Society-2019.jpg 838w, https:\/\/lamagicbox.com\/magazine\/wp-content\/uploads\/2019\/04\/La-Magnifique-Society-2019-258x150.jpg 258w, https:\/\/lamagicbox.com\/magazine\/wp-content\/uploads\/2019\/04\/La-Magnifique-Society-2019-768x446.jpg 768w, https:\/\/lamagicbox.com\/magazine\/wp-content\/uploads\/2019\/04\/La-Magnifique-Society-2019-516x300.jpg 516w\" sizes=\"auto, (max-width: 838px) 100vw, 838px\" \/><\/a><\/p>\n<hr \/>\n<p style=\"text-align: justify;\"><strong><span style=\"color: #800000;\">SAMBA DE LA MUERTE SUR LES CENDRES DE CONCRETE KNIVES<\/span><em><br \/>\nLes Concrete Knives<\/em><\/strong> viennent \u00e0 peine de tirer leur r\u00e9v\u00e9rence, apr\u00e8s 12 ans de carri\u00e8re, que la Normandie est \u00e0 nouveau \u00e0 l&rsquo;honneur. <strong>Adrien Lepr\u00eatre<\/strong>, clavier du groupe, se retrouve sur le devant de la sc\u00e8ne avec son nouveau projet solo, baptis\u00e9\u00a0<strong><a href=\"https:\/\/www.facebook.com\/sambadelamuerte\/\" target=\"_blank\">Samba de la Muerte<\/a>.\u00a0<\/strong>Apr\u00e8s un premier effort en 2016 (<em><strong>Colours<\/strong>)<\/em>, le voici avec ce nouveau single, Fast, qu&rsquo;on peut dors et d\u00e9j\u00e0 \u00e9couter sur <a href=\"https:\/\/sambadelamuerte.bandcamp.com\/\">bandcamp<\/a>, en attendant la sortie d&rsquo;un nouvel album, annonc\u00e9 pour le 27 septembre prochain !<\/p>\n<p style=\"text-align: center;\"><iframe loading=\"lazy\" style=\"border: 0; width: 100%; height: 120px;\" src=\"https:\/\/bandcamp.com\/EmbeddedPlayer\/track=4193224904\/size=large\/bgcol=333333\/linkcol=e99708\/tracklist=false\/artwork=small\/transparent=true\/\" width=\"300\" height=\"150\" seamless=\"\"><a href=\"http:\/\/sambadelamuerte.bandcamp.com\/track\/fast\">Fast by Samba De La Muerte<\/a><\/iframe><\/p>\n<hr \/>\n<p style=\"text-align: justify;\"><span style=\"color: #800000;\"><strong>ON THE ROAD AGAIN AVEC MELANOISESCAPE<br \/>\n<\/strong><\/span><strong>MellaNoisEscape<\/strong>\u00a0repart\u00a0sur la route cette semaine\u00a0pour jouer son 2e album \u00ab\u00a0<em><strong><a href=\"http:\/\/lamagicbox.com\/magazine\/?p=21764\">Heartbeat of the Death<\/a><\/strong><\/em>\u00a0\u00bb paru \u00e0 l&rsquo;automne et souvent \u00e9voqu\u00e9\u00a0en termes \u00e9logieux. Notons que c&rsquo;est\u00a0<a href=\"https:\/\/martingale-music.us15.list-manage.com\/track\/click?u=abc5aa6cab329b5beb68bfbcc&amp;id=2832ac1108&amp;e=7ff7a5e824\" target=\"_blank\" rel=\"noreferrer\">Lucie Antunes<\/a>\u00a0(Aquaserge, Moodo\u00efd&#8230;) qui tient la batterie pour cette tourn\u00e9e aux c\u00f4t\u00e9 d&rsquo;<strong>Olivier Mellano<\/strong>\u00a0et Suzy \u00ab\u00a0Mi\u00ebt\u00a0\u00bb LeVoid.<br \/>\n10\/04\/2109 &#8211;\u00a0<strong>PERIGUEUX\u00a0<\/strong>(24) &#8211;\u00a0<a href=\"https:\/\/martingale-music.us15.list-manage.com\/track\/click?u=abc5aa6cab329b5beb68bfbcc&amp;id=2e3617b481&amp;e=7ff7a5e824\" target=\"_blank\" rel=\"noreferrer\">Sans R\u00e9serve<\/a><br \/>\n11\/04\/2109 &#8211;\u00a0<strong>LA ROCHELLE<\/strong>\u00a0(17) &#8211;\u00a0<a href=\"https:\/\/martingale-music.us15.list-manage.com\/track\/click?u=abc5aa6cab329b5beb68bfbcc&amp;id=5d950a2695&amp;e=7ff7a5e824\" target=\"_blank\" rel=\"noreferrer\">La Sir\u00e8ne<\/a>\u00a0&#8211; avec Jeanne Added<br \/>\n12\/04\/2109 &#8211;\u00a0<strong>NANTES<\/strong>\u00a0(44) &#8211;\u00a0<a href=\"https:\/\/martingale-music.us15.list-manage.com\/track\/click?u=abc5aa6cab329b5beb68bfbcc&amp;id=d9452179d3&amp;e=7ff7a5e824\" target=\"_blank\" rel=\"noreferrer\">St\u00e9reolux<\/a>\u00a0&#8211; avec Lane<br \/>\n13\/04\/2109 &#8211;\u00a0<strong>QUIMPER<\/strong>\u00a0(29) &#8211;\u00a0<a href=\"https:\/\/martingale-music.us15.list-manage.com\/track\/click?u=abc5aa6cab329b5beb68bfbcc&amp;id=da1536417a&amp;e=7ff7a5e824\" target=\"_blank\" rel=\"noreferrer\">Novomax<\/a>\u00a0&#8211; avec Lane<br \/>\n17\/04\/2019 &#8211;\u00a0<strong>BOURGES<\/strong>\u00a0(18) &#8211; Printemps off &#8211; 16h00 &#8211;\u00a0<a href=\"https:\/\/martingale-music.us15.list-manage.com\/track\/click?u=abc5aa6cab329b5beb68bfbcc&amp;id=b3215bc7ab&amp;e=7ff7a5e824\" target=\"_blank\" rel=\"noreferrer\">Les Showcaves<\/a><br \/>\n20\/07\/2019 &#8211;\u00a0<strong>BRUZ<\/strong>\u00a0(35) &#8211; Festival<br \/>\nUn\u00a0<strong>nouveau clip sort<\/strong>, issu du titre qui a donn\u00e9 son nom \u00e0 l&rsquo;album, et sign\u00e9 Ga\u00ebtan Chataignier.<\/p>\n<p style=\"text-align: center;\"><iframe loading=\"lazy\" src=\"https:\/\/www.youtube.com\/embed\/esW_pjJFOXk\" width=\"450\" height=\"253\" frameborder=\"0\" allowfullscreen=\"allowfullscreen\"><\/iframe><\/p>\n<hr \/>\n<p style=\"text-align: justify;\"><span style=\"color: #800000;\"><strong>LA FINLANDE DANS ET HORS DU TEMPS !<br \/>\n<\/strong><\/span>Le duo finlandais<a href=\"https:\/\/www.facebook.com\/ideomotormusic\/\" target=\"_blank\"> <span style=\"color: #800000;\"><strong>IDEOMOTOR<\/strong><\/span><\/a>\u00a0compos\u00e9 de Erkka et Kimmo, va faire passer la Finlande pour un pays adepte de la d\u00e9croissance ! Au moins sur un plan musical, car cet album baptis\u00e9 avec une certaine ambigu\u00eft\u00e9 maligne, \u00ab\u00a0<strong><em>In and Out of Time<\/em><\/strong>\u00ab\u00a0, a tout de l&rsquo;album madelaine de Proust, un album fig\u00e9 dans les 80&rsquo;s, avec des lignes m\u00e9lodiques naives, des orchestrations synth\u00e9tiques vintage, et les voix qui vont avec, quelques parts entre Dead or Alive et Jean Michel Jarre ! D&rsquo;autres les comparent \u00e0 des Killers ou des M83, r\u00e9inventant et refaisant tourner la roue de la New Wave. S<em>You Speed Me Round<\/em> !!!<br \/>\nSortie le 5 avril 2019 (autoproduction)<\/p>\n<p style=\"text-align: center;\"><iframe loading=\"lazy\" style=\"border: 0; width: 100%; height: 120px;\" src=\"https:\/\/bandcamp.com\/EmbeddedPlayer\/album=2814792771\/size=large\/bgcol=333333\/linkcol=e99708\/tracklist=false\/artwork=small\/transparent=true\/\" width=\"300\" height=\"150\" seamless=\"\"><a href=\"http:\/\/ideomotor.bandcamp.com\/album\/in-and-out-of-time\">In And Out Of Time by Ideomotor<\/a><\/iframe><\/p>\n<hr \/>\n<p style=\"text-align: justify;\"><span style=\"color: #800000;\"><strong>DOOM DOOM DOOM DOOM&#8230; AVEC VON STROHEIM<br \/>\n<\/strong><\/span>Si <strong>PJ Harvey<\/strong> chantait <strong>Black Sabbath<\/strong>, ils pourraient bien ressembler \u00e0 <span style=\"color: #800000;\"><strong>VON STROHEIM<\/strong><\/span>, nous dit on ! Le groupe belge, originaire de Bruxelles, se range dans la case du Doom, sorte de M\u00e9tal progressif, moderne et cin\u00e9matique. Le groupe s&rsquo;inspire du cin\u00e9ma des ann\u00e9es pour construire sa musique post apocalyptique, qui vous emp\u00eachera de dormir. \u00ab\u00a0<em><strong>Love ?<\/strong> <strong>Who gets Love ?\u00a0\u00bb<\/strong><\/em> est le premier album du groupe apres un premier EP \u00e9dit\u00e9 \u00e0 150 exemplaires (un futur collector num\u00e9rot\u00e9). Sortie le 5 avril, cet album a tout de la bande originale de film\u00a0 noir des ann\u00e9es 30, comme le laisse sugg\u00e9rer le teaser visible sur YT. Von Stroheim n&rsquo;a que 300 likes sur FB, dont le miens depuis quelques secondes. A vous maintenant de faire grimper l&rsquo;audience, en d\u00e9couvrant ce groupe tellement singulier ! Album en \u00e9coute sur <a href=\"https:\/\/vonstroheim.bandcamp.com\/album\/love-who-gets-love\">bandcamp<\/a> !<\/p>\n<p style=\"text-align: center;\"><iframe loading=\"lazy\" src=\"https:\/\/www.youtube.com\/embed\/TjY317AnNlk\" width=\"450\" height=\"253\" frameborder=\"0\" allowfullscreen=\"allowfullscreen\"><\/iframe><\/p>\n<hr \/>\n<p style=\"text-align: justify;\"><span style=\"color: #800000;\"><strong>L&rsquo;EVANGILE SELON SAINTE SAUCISSE !<br \/>\n<\/strong><\/span>On l&rsquo;avait oubli\u00e9, en mars&#8230; <span style=\"color: #800000;\"><strong>MAUD OCTALLINN<\/strong> <\/span>sort son album concept apr\u00e8s \u00eatre pass\u00e9e par la case Spectacle pour enfants en 2018. C&rsquo;est le second album de Maud, et c&rsquo;est un hommage criant \u00e0 la Saucisse et antiVegan, port\u00e9 par des singles, tels que <em>Chez le boucher<\/em> ou <em>Je suis une andouille<\/em> ! Un album totalement d\u00e9conseill\u00e9s aux Vegetariens et aux alcooliques anonymes (<em>Boire un petit coup<\/em>) ! Vous l&rsquo;aurez compris, non, l&rsquo;album s&rsquo;intitule <strong><em>Sainte Saucisse <\/em><\/strong>(Rat\u00e9e production \/ Inou\u00efe distribution), et a \u00e9t\u00e9 enregistr\u00e9 \u00e0&#8230;\u00a0Sainte-Savine ?? Un album, tout sauf serieux, qui vous fera au minimum sourire, et au mieux, vous sortira de la morosit\u00e9 jaune fluo !<\/p>\n<p style=\"text-align: center;\"><iframe loading=\"lazy\" style=\"border: 0; width: 100%; height: 120px;\" src=\"https:\/\/bandcamp.com\/EmbeddedPlayer\/album=4214630413\/size=large\/bgcol=333333\/linkcol=e99708\/tracklist=false\/artwork=small\/transparent=true\/\" width=\"300\" height=\"150\" seamless=\"\"><a href=\"http:\/\/maudoctallinn.bandcamp.com\/album\/sainte-saucisse\">Sainte Saucisse by MAUD OCTALLINN<\/a><\/iframe><\/p>\n<hr \/>\n<p style=\"text-align: justify;\"><span style=\"color: #800000;\"><strong>CAMILLA VERSION BRUTAL\u00a0!<br \/>\n<\/strong><strong>Camilla Sparksss<\/strong><\/span> est canadienne, originaire de l&rsquo;Ontario. <strong><em>Brutal<\/em> <\/strong>est son second album sorti le 5 avril sur le label Camper Records. Un drole de m\u00e9lange electro Pop exp\u00e9rimental vous attend \u00e0 l&rsquo;\u00e9coute de cet album et de ses 9 titres.<\/p>\n<p style=\"text-align: center;\"><iframe loading=\"lazy\" style=\"border: 0; width: 100%; height: 120px;\" src=\"https:\/\/bandcamp.com\/EmbeddedPlayer\/album=1972935745\/size=large\/bgcol=333333\/linkcol=e99708\/tracklist=false\/artwork=small\/transparent=true\/\" width=\"300\" height=\"150\" seamless=\"\"><a href=\"http:\/\/camillasparksss.bandcamp.com\/album\/brutal\">Brutal by Camilla Sparksss<\/a><\/iframe><\/p>\n<p style=\"text-align: justify;\">\u00a0<\/p>\n<hr \/>\n<p style=\"text-align: justify;\"><span style=\"color: #800000;\"><strong>BECK + CAGE THE ELEPHANT = NIGHT RUNNING<\/strong><\/span><br \/>\n<strong>CAGE THE ELEPHANT<\/strong>\u00a0annonce la sortie de leur 5<sup>\u00e8me<\/sup>\u00a0album baptis\u00e9 \u00ab\u00a0Social Cue \u00bb, le 19 avril prochain. Produit par John Hill (Florence+The Machine). Pour assurer la promo de ce nouvel album, une pointure de la Pop vient leur preter main forte : Beck, le temps d&rsquo;un nouveau single, Running night, \u00e0 \u00e9couter ci dessous :<\/p>\n<p style=\"text-align: center;\"><iframe loading=\"lazy\" src=\"https:\/\/www.youtube.com\/embed\/ZOYklOGqsWE\" width=\"450\" height=\"250\" frameborder=\"0\" allowfullscreen=\"allowfullscreen\"><\/iframe><\/p>\n<!--themify_builder_content-->\n<div id=\"themify_builder_content-24794\" data-postid=\"24794\" class=\"themify_builder_content themify_builder_content-24794 themify_builder tf_clear\">\n    <\/div>\n<!--\/themify_builder_content-->\n","protected":false},"excerpt":{"rendered":"<p>YULES ET UN BON MILLIER DE VOIX EN AVRIL 10 nouvelles chansons dans le nouvel album de YULES, baptis\u00e9 A Thousand Voices. Le\u00a0groupe pop fran\u00e7ais form\u00e9 en 1999 et emmen\u00e9 par Guillaume Charret, revient donc avec ce quatri\u00e8me album, apr\u00e8s s&rsquo;\u00eatre offert une petite parenth\u00e8se, en 2014, en revisitant l&rsquo;album de\u00a0Leonard Cohen,\u00a0I&rsquo;m Your Man. Un [&hellip;]<\/p>\n","protected":false},"author":1,"featured_media":0,"comment_status":"open","ping_status":"open","sticky":false,"template":"","format":"standard","meta":{"footnotes":""},"categories":[110],"tags":[929,1452,2427,1800,2425,2423,2422,2426,2170,159,1355,2424],"class_list":["post-24794","post","type-post","status-publish","format-standard","hentry","category-news-du-mois","tag-beck","tag-cage-the-elephant","tag-camilla-sparksss","tag-concrete-knives","tag-doom-metal","tag-finlande","tag-ideomotor","tag-maud-octallinn","tag-mellanoisescape","tag-olivier-mellano","tag-samba-de-la-muerte","tag-von-stroheim","has-post-title","has-post-date","has-post-category","has-post-tag","has-post-comment","has-post-author",""],"builder_content":"","_links":{"self":[{"href":"https:\/\/lamagicbox.com\/magazine\/wp-json\/wp\/v2\/posts\/24794","targetHints":{"allow":["GET"]}}],"collection":[{"href":"https:\/\/lamagicbox.com\/magazine\/wp-json\/wp\/v2\/posts"}],"about":[{"href":"https:\/\/lamagicbox.com\/magazine\/wp-json\/wp\/v2\/types\/post"}],"author":[{"embeddable":true,"href":"https:\/\/lamagicbox.com\/magazine\/wp-json\/wp\/v2\/users\/1"}],"replies":[{"embeddable":true,"href":"https:\/\/lamagicbox.com\/magazine\/wp-json\/wp\/v2\/comments?post=24794"}],"version-history":[{"count":0,"href":"https:\/\/lamagicbox.com\/magazine\/wp-json\/wp\/v2\/posts\/24794\/revisions"}],"wp:attachment":[{"href":"https:\/\/lamagicbox.com\/magazine\/wp-json\/wp\/v2\/media?parent=24794"}],"wp:term":[{"taxonomy":"category","embeddable":true,"href":"https:\/\/lamagicbox.com\/magazine\/wp-json\/wp\/v2\/categories?post=24794"},{"taxonomy":"post_tag","embeddable":true,"href":"https:\/\/lamagicbox.com\/magazine\/wp-json\/wp\/v2\/tags?post=24794"}],"curies":[{"name":"wp","href":"https:\/\/api.w.org\/{rel}","templated":true}]}}