{"id":24603,"date":"2019-04-16T12:29:35","date_gmt":"2019-04-16T10:29:35","guid":{"rendered":"http:\/\/lamagicbox.com\/magazine\/?p=24603"},"modified":"2019-04-16T12:31:17","modified_gmt":"2019-04-16T10:31:17","slug":"mes-souliers-sont-rouges-ce-qui-nous-lie","status":"publish","type":"post","link":"https:\/\/lamagicbox.com\/magazine\/mes-souliers-sont-rouges-ce-qui-nous-lie\/","title":{"rendered":"Mes Souliers Sont Rouges &#8211; Ce qui nous lie"},"content":{"rendered":"<p><span style=\"color: #800000;\"><strong>2019 \u2013\u00a0 12 titres &#8211;\u00a051&rsquo;00<br \/>\n<\/strong><\/span><em><strong>Label :\u00a0<\/strong><\/em>Antal Productions \/ L&rsquo;Autre distribution<em><strong><br \/>\n<\/strong><\/em> <strong><em>Style\u00a0: <\/em><\/strong><em>Traditionnel, Chanson<\/em><br \/>\n<strong><em>Origine\u00a0:<\/em><\/strong>\u00a0France, Normandie, Caen (14)<br \/>\n<em><strong>Date de sortie de l&rsquo;album :<\/strong><\/em>\u00a029 mars 2019<\/p>\n<p style=\"text-align: right;\"><strong><br \/>\nNotre avis : [star rating=\u00a0\u00bb3.5&Prime; max=\u00a0\u00bb5&Prime;]<\/strong><\/p>\n<p style=\"text-align: right;\">\n<hr \/>\n<p style=\"text-align: right;\"><strong>Par Mike S.<\/strong><\/p>\n<p style=\"text-align: justify;\"><em><strong>Quelques chiffres : 250.000 copies de leur 6 albums vendues, dont 100.000 rien que pour leur premier opus autoproduit, plus de 1000 concerts sur 3 continents et 25 ans de carri\u00e8re au compteur de\u00a0Mes Souliers Sont Rouges ! Voici la carte de visite de ces messagers des \u00ab\u00a0musiques populaires de tradition orale\u00a0\u00bb. Et 14 ans apr\u00e8s leur dernier album, le groupe a rechauss\u00e9 ses souliers pour entamer une nouvelle aventure, avec\u00a0Gullivan et Deny, membres historiques et trois nouveaux musiciens, \u00e0 la fois chanteurs et multi-instrumentistes.<\/strong><\/em><\/p>\n<p style=\"text-align: justify;\">C&rsquo;est donc, en quelque sorte, une nouvelle aventure pour Mes Souliers sont Rouges ! Une nouvelle Equipe, un nouvel album, une nouvelle tourn\u00e9e. Une nouvelle jeunesse en quelque sorte. D&rsquo;autant que les changements de line up, la s\u00e9paration, les nouveaux projets, ne donnaient pas chers de leur peau ! Mais c&rsquo;est sans doute cela qui leur a donn\u00e9 l&rsquo;envie de faire peau neuve et de nous gratifier d&rsquo;un nouvel opus, habilement intitul\u00e9\u00a0<strong><em>Ce qui nous lie !<\/em><\/strong><\/p>\n<p style=\"text-align: justify;\">Des instruments traditionnels tels que mandoline, accord\u00e9on, banjo, violon, fl\u00fbte irlandaise et\u00a0un \u00ab\u00a0nouveau\u00a0\u00bb r\u00e9pertoire populaire, tous les ingr\u00e9dients sont r\u00e9unis pour faire, avec ce nouvel album, le bonheur des fans de la premi\u00e8re heure, et d&#8217;embarquer avec eux, les nouvelles g\u00e9n\u00e9rations, avides de retour aux sources et \u00e0 la nature. La musique de\u00a0<strong>Mes Souliers Sont Rouge<\/strong>s est\u00a0100 % bio ! Et cela commence d\u00e8s les premi\u00e8res notes de\u00a0<em>Non que j&rsquo;aime donc<\/em>, premier titre de l&rsquo;album et premier single clip\u00e9 dans la foul\u00e9e (avant le prochain, <em>Les prunes<\/em> qui doit bient\u00f4t sortir). Ce premier titre et quelques autres (Poil de chameau) nous montre aussi l&rsquo;attachement du groupe \u00e0 ce qui a fait son succ\u00e8s, avec ses interpr\u00e9tations \u00e0 plusieurs voix, dans le m\u00eame esprit de <strong>Malicorne<\/strong>, autre groupe fran\u00e7ais qui a su faire rena\u00eetre les chansons populaires des temps jadis . La voix devient centrale sur\u00a0<em>La barbi\u00e8re<\/em>, pendant que\u00a0<em>Les prunes<\/em>\u00a0ou <em>Jig &amp; Reel<\/em> donnent un air de f\u00eate \u00e0 cet album de printemps.<\/p>\n<p style=\"text-align: center;\"><iframe loading=\"lazy\" src=\"https:\/\/www.youtube.com\/embed\/2vkM2-dYdb4\" width=\"450\" height=\"250\" frameborder=\"0\" allowfullscreen=\"allowfullscreen\"><\/iframe><\/p>\n<p style=\"text-align: justify;\">Le groupe alterne ainsi les chansons festives et les complaintes m\u00e9lancoliques (Il en est temps, Kansas) donnant \u00e0 l&rsquo;album une certaine respiration et procurant \u00e0 l&rsquo;auditeur des \u00e9motions diff\u00e9rentes et renouvel\u00e9es, au cour des 12 titres qui le composent. Et apr\u00e8s quelques \u00e9coutes de cette livraison de MSSR en version 2.0, on se dit que Fran\u00e7ois et Deny n&rsquo;ont rien perdu de leur talent. Et surtout qu&rsquo;ils ont toujours une place \u00e0 occuper dans le paysage musical fran\u00e7ais, toujours en recherche de rep\u00e8res et de valeurs.<\/p>\n<p style=\"text-align: justify;\"><strong><em>Ce qui nous lie<\/em><\/strong> est la nouvelle valeur s\u00fbr du terroir normand.<\/p>\n<div class=\"_2cuy _3dgx _2vxa\">\n<p>\u00a0<\/p>\n<hr \/>\n<\/div>\n<p style=\"text-align: justify;\"><a href=\"https:\/\/souliers-rouges.com\/\" target=\"_blank\">Site officiel<\/a> \/ <a href=\"https:\/\/www.facebook.com\/Mes-souliers-sont-rouges-46171107325\/\" target=\"_blank\">Facebook<\/a><\/p>\n<p style=\"text-align: justify;\">\n<hr \/>\n<p style=\"text-align: justify;\"><em><strong>Line-up :<br \/>\n<\/strong><\/em>Fran\u00e7ois Boros, \u00ab Gullivan \u00bb : chant, mandoline, guitare, podorythmie, percussions.<br \/>\nDeny Lefran\u00e7ois : chant, contrebasse, guitare, percussions.<br \/>\nSimon Leterrier : chant, accord\u00e9on, banjo, guitare, podorythmie.<br \/>\nJacky Beauc\u00e9 : chant, Uilleann pipes, fl\u00fbte irlandaise, whistles, violon.<br \/>\nEfflam Labeyrie : chant, guitare DADGAD, banjol\u00e9l\u00e9.<em><strong><br \/>\n<\/strong><\/em><\/p>\n<p style=\"text-align: justify;\"><em><strong>Tracklist :<br \/>\n<\/strong><\/em>01- Non que j&rsquo;aime donc &#8211; 04:16<br \/>\n02- La barbi\u00e8re &#8211; 03:56<br \/>\n03- Les prunes &#8211; 04:25<br \/>\n04- Cotillons &#8211; 04:11<br \/>\n05- La mer farouche &#8211; 05:10<br \/>\n06- Poil de chameau &#8211; 03:37<br \/>\n07- Jig &amp; Reel &#8211; 03:36<br \/>\n08- Il en est temps &#8211; 03:19<br \/>\n09- Kansas &#8211; 05:11<br \/>\n10- Le cur\u00e9 d&rsquo;argentan &#8211; 04:21<br \/>\n11- Fille d&rsquo;honneur &#8211; 04:15<br \/>\n12- Le bout du banc II &#8211; 04:48<em><strong><br \/>\n<\/strong><\/em><\/p>\n<p style=\"text-align: justify;\"><em><strong>Tourn\u00e9e :\u00a0<\/strong><\/em><br \/>\n01 Mars : St Lo (50) : Le Normandy<br \/>\n09 Mars : Grandparigny (50) : Salle Culturelle Parigny<br \/>\n28 Mars : Falaise (14) : Th\u00e9\u00e2tre du Forum<br \/>\n29 Mars : Vaur\u00e9al (95) : Le Forum<br \/>\n30 Mars : Tourouvre (61) : Le Printemps de la Chanson<br \/>\n15 Mai 2019 : Lorient (56) : Tavarn Ar Roue Morvan<br \/>\n16 Mai 2019 : Le Havre (76) : Le Bistrot<br \/>\n17 Mai 2019 : Strasbourg (67) : Pelpass Festival<br \/>\n18 Mai 2019 : Enghein (Be) : Bioautrement<br \/>\n19 Mai 2019 : Enghein (Be) : Bioautrement<br \/>\n22 Mai 2019 : Paris (75) : Caf\u00e9 de la Danse<br \/>\n25 Mai 2019 : Meung\/Loire (45) : Festicolor<br \/>\n28 Mai 2019 : Wazemmes (59) : Festival Wazemmes \u00e0 L\u2019Accord\u00e9on<\/p>\n<!--themify_builder_content-->\n<div id=\"themify_builder_content-24603\" data-postid=\"24603\" class=\"themify_builder_content themify_builder_content-24603 themify_builder tf_clear\">\n    <\/div>\n<!--\/themify_builder_content-->\n","protected":false},"excerpt":{"rendered":"<p>2019 \u2013\u00a0 12 titres &#8211;\u00a051&rsquo;00 Label :\u00a0Antal Productions \/ L&rsquo;Autre distribution Style\u00a0: Traditionnel, Chanson Origine\u00a0:\u00a0France, Normandie, Caen (14) Date de sortie de l&rsquo;album :\u00a029 mars 2019 Notre avis : [star rating=\u00a0\u00bb3.5&Prime; max=\u00a0\u00bb5&Prime;] Par Mike S. Quelques chiffres : 250.000 copies de leur 6 albums vendues, dont 100.000 rien que pour leur premier opus autoproduit, plus [&hellip;]<\/p>\n","protected":false},"author":1,"featured_media":24928,"comment_status":"open","ping_status":"open","sticky":false,"template":"","format":"standard","meta":{"footnotes":""},"categories":[39],"tags":[2409,2414,2412,2413,2411,2408,1151,2410],"class_list":["post-24603","post","type-post","status-publish","format-standard","has-post-thumbnail","hentry","category-albums-francais","tag-chansons-populaires","tag-deny-lefrancois","tag-francois-boros","tag-gullivan","tag-malicorne","tag-mes-souliers-sont-rouges","tag-normandie","tag-tradition","has-post-title","has-post-date","has-post-category","has-post-tag","has-post-comment","has-post-author",""],"builder_content":"","_links":{"self":[{"href":"https:\/\/lamagicbox.com\/magazine\/wp-json\/wp\/v2\/posts\/24603","targetHints":{"allow":["GET"]}}],"collection":[{"href":"https:\/\/lamagicbox.com\/magazine\/wp-json\/wp\/v2\/posts"}],"about":[{"href":"https:\/\/lamagicbox.com\/magazine\/wp-json\/wp\/v2\/types\/post"}],"author":[{"embeddable":true,"href":"https:\/\/lamagicbox.com\/magazine\/wp-json\/wp\/v2\/users\/1"}],"replies":[{"embeddable":true,"href":"https:\/\/lamagicbox.com\/magazine\/wp-json\/wp\/v2\/comments?post=24603"}],"version-history":[{"count":0,"href":"https:\/\/lamagicbox.com\/magazine\/wp-json\/wp\/v2\/posts\/24603\/revisions"}],"wp:featuredmedia":[{"embeddable":true,"href":"https:\/\/lamagicbox.com\/magazine\/wp-json\/wp\/v2\/media\/24928"}],"wp:attachment":[{"href":"https:\/\/lamagicbox.com\/magazine\/wp-json\/wp\/v2\/media?parent=24603"}],"wp:term":[{"taxonomy":"category","embeddable":true,"href":"https:\/\/lamagicbox.com\/magazine\/wp-json\/wp\/v2\/categories?post=24603"},{"taxonomy":"post_tag","embeddable":true,"href":"https:\/\/lamagicbox.com\/magazine\/wp-json\/wp\/v2\/tags?post=24603"}],"curies":[{"name":"wp","href":"https:\/\/api.w.org\/{rel}","templated":true}]}}