{"id":24305,"date":"2019-03-07T23:45:54","date_gmt":"2019-03-07T22:45:54","guid":{"rendered":"http:\/\/lamagicbox.com\/magazine\/?p=24305"},"modified":"2024-02-07T14:03:34","modified_gmt":"2024-02-07T13:03:34","slug":"the-blaze-a-la-rockhal-esch-sur-alzette-lux","status":"publish","type":"post","link":"https:\/\/lamagicbox.com\/magazine\/the-blaze-a-la-rockhal-esch-sur-alzette-lux\/","title":{"rendered":"The Blaze \u00e0 La Rockhal &#8211; Esch Sur Alzette (Lux)"},"content":{"rendered":"<h2 align=\"justify\"><span style=\"color: #000000;\"><span style=\"color: #333333;\"><img loading=\"lazy\" decoding=\"async\" class=\"size-full wp-image-10644 alignleft\" title=\"Rockhal 2\" src=\"http:\/\/lamagicbox.com\/magazine\/wp-content\/uploads\/2016\/06\/Rockhal-2.jpg\" alt=\"Rockhal 2\" width=\"150\" height=\"225\" srcset=\"https:\/\/lamagicbox.com\/magazine\/wp-content\/uploads\/2016\/06\/Rockhal-2.jpg 150w, https:\/\/lamagicbox.com\/magazine\/wp-content\/uploads\/2016\/06\/Rockhal-2-100x150.jpg 100w\" sizes=\"auto, (max-width: 150px) 100vw, 150px\" \/>La Rockhal<\/span><\/span><\/h2>\n<h2 align=\"justify\"><span style=\"color: #800000;\">The Blaze<\/span><\/h2>\n<h2><span style=\"color: #333333;\">Le 07 Mars 2019 \u2013 Esch Sur Alzette (Lux)<\/span><\/h2>\n<h2 align=\"justify\"><span style=\"color: #800000;\"><span style=\"text-decoration: underline;\">Notre avis<\/span>\u00a0: [star rating=\u00a0\u00bb4&Prime; max=\u00a0\u00bb5&Prime;]<\/span><\/h2>\n<hr \/>\n<p style=\"text-align: justify;\"><em><strong>La Rockhal a su ravir les amateurs de musique \u00e9lectronique contemplative avec la venue\u00a0de The Blaze.\u00a0D\u00e9j\u00e0 acclam\u00e9 pour ses clips extr\u00eamement soign\u00e9s, le duo a sorti en septembre dernier son premier album : \u00ab\u00a0Dancehall\u00a0\u00bb, faisant suite \u00e0 l\u2019EP \u00ab\u00a0Territory\u00a0\u00bb.<\/strong><\/em><\/p>\n<h2><span style=\"color: #800000;\">THE BLAZE<\/span><\/h2>\n<p style=\"text-align: justify;\">Ind\u00e9niablement, il tient \u00e0 coeur au groupe de soigner ses concerts autant que ses clips. La prestation s\u2019ouvre avec de magnifiques images diffus\u00e9es sur des \u00e9crans dissimulant les artistes qui ont d\u00e9j\u00e0 commenc\u00e9 \u00e0 jouer. Visuellement, c\u2019est beau, on entre directement dans l\u2019esth\u00e9tique de The Blaze.\u00a0L\u2019introduction se charge de remplir les yeux du public qui comble presque enti\u00e8rement le club de La Rockhal. Pour la suite, l\u2019\u00e9cran se scinde en deux, laissant appara\u00eetre les musiciens qui se font face, en pleine effervescence devant leurs machines.\u00a0Les morceaux les plus iconiques du groupe sont entonn\u00e9s et les fans, connaisseurs, se chargent de donner de l\u2019\u00e9cho aux paroles. Bien qu\u2019il est difficile de r\u00e9sister aux m\u00e9lodies ent\u00eatantes et charg\u00e9es d\u2019\u00e9motions de morceaux comme \u00ab\u00a0Heaven\u00a0\u00bb, \u00ab\u00a0She\u00a0\u00bb, ou encore \u00ab\u00a0Juvenile\u00a0\u00bb, il faut tout de m\u00eame relever une certaine lin\u00e9arit\u00e9 dans le set qui, sur la longueur, nous fait perdre un peu l\u2019attention.\u00a0 Assurant un concert d\u2019une heure et demie qui se cl\u00f4ture sur l\u2019excellent \u00ab\u00a0Faces\u00a0\u00bb, The Blaze sait se d\u00e9marquer du paysage \u00e9lectronique actuel gr\u00e2ce \u00e0 une touche d\u2019\u00e9sot\u00e9risme et une approche souvent cin\u00e9matique de la musique.\u00a0La setlist se tient bien, et peut-\u00eatre m\u00eame un peu trop. Il n\u2019est pas possible d\u2019\u00e9mettre une critique compl\u00e8te sur l\u2019aspect r\u00e9p\u00e9titif de la musique de The Blaze, puisqu\u2019il s\u2019agit de musique \u00e9lectronique. Cependant, on esp\u00e8re voir se d\u00e9velopper une amplitude dans leurs prochains titres qui saura faire varier davantage les plaisirs et tenir l\u2019int\u00e9gralit\u00e9 du public en haleine jusqu\u2019\u00e0 la fin.<\/p>\n<p style=\"text-align: justify;\"><img loading=\"lazy\" decoding=\"async\" class=\"size-full wp-image-24307 aligncenter\" title=\"The Blaze (2)\" src=\"http:\/\/lamagicbox.com\/magazine\/wp-content\/uploads\/2019\/03\/The-Blaze-2.jpg\" alt=\"The Blaze (2)\" width=\"500\" height=\"331\" srcset=\"https:\/\/lamagicbox.com\/magazine\/wp-content\/uploads\/2019\/03\/The-Blaze-2.jpg 500w, https:\/\/lamagicbox.com\/magazine\/wp-content\/uploads\/2019\/03\/The-Blaze-2-227x150.jpg 227w, https:\/\/lamagicbox.com\/magazine\/wp-content\/uploads\/2019\/03\/The-Blaze-2-453x300.jpg 453w, https:\/\/lamagicbox.com\/magazine\/wp-content\/uploads\/2019\/03\/The-Blaze-2-300x200.jpg 300w\" sizes=\"auto, (max-width: 500px) 100vw, 500px\" \/><\/p>\n<p style=\"text-align: left;\"><strong><span style=\"text-decoration: underline;\">The Blaze<\/span>\u00a0:\u00a0<a href=\"https:\/\/www.facebook.com\/TheBlazeProduction\/\" target=\"_blank\" rel=\"noopener\">Facebook<\/a>\u00a0\/\u00a0<a href=\"https:\/\/www.instagram.com\/theblazeprod\/\" target=\"_blank\" rel=\"noopener\">Instagram<\/a>\u00a0\/\u00a0<a href=\"https:\/\/twitter.com\/TheBlaze_Prod\" target=\"_blank\" rel=\"noopener\">Twitter<\/a><\/strong><\/p>\n<p style=\"text-align: left;\"><strong><span style=\"text-decoration: underline;\">Les photos de la soir\u00e9e<\/span>\u00a0: <a href=\"https:\/\/www.facebook.com\/1386534708235705\/photos\/?tab=album&amp;album_id=2151424641746704\" target=\"_blank\" rel=\"noopener\">ici<\/a>.<\/strong><\/p>\n<p style=\"text-align: left;\"><span style=\"text-decoration: underline;\">Report et p<\/span><span style=\"text-decoration: underline;\">hotos<\/span>\u00a0: Maude Jnvx<\/p>\n<hr \/>\n<p style=\"color: #333333; text-transform: none; text-indent: 0px; letter-spacing: normal; font-family: Georgia, 'Times New Roman', 'Bitstream Charter', Times, serif; font-size: 16px; font-style: normal; font-weight: 400; word-spacing: 0px; white-space: normal; orphans: 2; widows: 2; font-variant-ligatures: normal; font-variant-caps: normal; -webkit-text-stroke-width: 0px; text-decoration-style: initial; text-decoration-color: initial;\">\u00a0<\/p>\n<!--themify_builder_content-->\n<div id=\"themify_builder_content-24305\" data-postid=\"24305\" class=\"themify_builder_content themify_builder_content-24305 themify_builder tf_clear\">\n    <\/div>\n<!--\/themify_builder_content-->","protected":false},"excerpt":{"rendered":"<p>La Rockhal The Blaze Le 07 Mars 2019 \u2013 Esch Sur Alzette (Lux) Notre avis\u00a0: [star rating=\u00a0\u00bb4&Prime; max=\u00a0\u00bb5&Prime;] La Rockhal a su ravir les amateurs de musique \u00e9lectronique contemplative avec la venue\u00a0de The Blaze.\u00a0D\u00e9j\u00e0 acclam\u00e9 pour ses clips extr\u00eamement soign\u00e9s, le duo a sorti en septembre dernier son premier album : \u00ab\u00a0Dancehall\u00a0\u00bb, faisant suite \u00e0 [&hellip;]<\/p>\n","protected":false},"author":4,"featured_media":24308,"comment_status":"open","ping_status":"open","sticky":false,"template":"","format":"standard","meta":{"footnotes":""},"categories":[57,53],"tags":[301,269,302,2365],"class_list":["post-24305","post","type-post","status-publish","format-standard","has-post-thumbnail","hentry","category-reportage-concert","category-reportages","tag-esch-sur-alzette","tag-la-rockhal","tag-luxembourg","tag-the-blaze","has-post-title","has-post-date","has-post-category","has-post-tag","has-post-comment","has-post-author",""],"builder_content":"","_links":{"self":[{"href":"https:\/\/lamagicbox.com\/magazine\/wp-json\/wp\/v2\/posts\/24305","targetHints":{"allow":["GET"]}}],"collection":[{"href":"https:\/\/lamagicbox.com\/magazine\/wp-json\/wp\/v2\/posts"}],"about":[{"href":"https:\/\/lamagicbox.com\/magazine\/wp-json\/wp\/v2\/types\/post"}],"author":[{"embeddable":true,"href":"https:\/\/lamagicbox.com\/magazine\/wp-json\/wp\/v2\/users\/4"}],"replies":[{"embeddable":true,"href":"https:\/\/lamagicbox.com\/magazine\/wp-json\/wp\/v2\/comments?post=24305"}],"version-history":[{"count":2,"href":"https:\/\/lamagicbox.com\/magazine\/wp-json\/wp\/v2\/posts\/24305\/revisions"}],"predecessor-version":[{"id":38540,"href":"https:\/\/lamagicbox.com\/magazine\/wp-json\/wp\/v2\/posts\/24305\/revisions\/38540"}],"wp:featuredmedia":[{"embeddable":true,"href":"https:\/\/lamagicbox.com\/magazine\/wp-json\/wp\/v2\/media\/24308"}],"wp:attachment":[{"href":"https:\/\/lamagicbox.com\/magazine\/wp-json\/wp\/v2\/media?parent=24305"}],"wp:term":[{"taxonomy":"category","embeddable":true,"href":"https:\/\/lamagicbox.com\/magazine\/wp-json\/wp\/v2\/categories?post=24305"},{"taxonomy":"post_tag","embeddable":true,"href":"https:\/\/lamagicbox.com\/magazine\/wp-json\/wp\/v2\/tags?post=24305"}],"curies":[{"name":"wp","href":"https:\/\/api.w.org\/{rel}","templated":true}]}}