{"id":23590,"date":"2019-01-31T18:00:40","date_gmt":"2019-01-31T17:00:40","guid":{"rendered":"http:\/\/lamagicbox.com\/magazine\/?p=23590"},"modified":"2019-01-28T19:24:59","modified_gmt":"2019-01-28T18:24:59","slug":"antoine-sahler-eponyme","status":"publish","type":"post","link":"https:\/\/lamagicbox.com\/magazine\/antoine-sahler-eponyme\/","title":{"rendered":"Antoine Sahler &#8211; \u00e9ponyme"},"content":{"rendered":"<p><span style=\"color: #800000;\"><strong>2018 \u2013\u00a0 20 titres &#8211;\u00a045&rsquo;32<br \/>\n<\/strong><\/span><em><strong>Label : <a href=\"http:\/\/lefurieux.org\/\" target=\"_blank\">Le furieux<\/a> \/ Differ-Ant<\/strong><\/em><br \/>\n<strong><em>Style\u00a0:\u00a0<\/em><\/strong>Chanson<br \/>\n<strong><em>Origine\u00a0:<\/em><\/strong>\u00a0France, IDF, Paris (75)<em><strong><br \/>\nDate de sortie de l&rsquo;album :<\/strong><\/em>\u00a0 1er f\u00e9vrier 2019<\/p>\n<p style=\"text-align: right;\"><strong>Notre avis : [star rating=\u00a0\u00bb3.5&Prime; max=\u00a0\u00bb5&Prime;]<\/strong><\/p>\n<p style=\"text-align: right;\">\n<hr \/>\n<p style=\"text-align: right;\"><strong>Par Mike S.<\/strong><\/p>\n<p style=\"text-align: justify;\"><em><strong>Pianiste, compositeur et arrangeur de Fran\u00e7ois Morel, Antoine Sahler travaille aussi \u00e0 son compte depuis quelques ann\u00e9es maintenant, comme chanteur. D\u00e9j\u00e0\u00a03 albums \u00e0 son actif, dont\u00a0Je n&rsquo;ai encore rien dit\u00a0sorti en 2015, le voici avec un quatri\u00e8me opus, qui saura vous faire sourire avec ses textes \u00e0 l&rsquo;humour variable.\u00a0<\/strong><\/em><\/p>\n<p style=\"text-align: justify;\">Entre <strong>Souchon<\/strong>, <strong><a href=\"http:\/\/lamagicbox.com\/magazine\/?p=12106\">Boogaerts<\/a> <\/strong>et <strong><a href=\"http:\/\/lamagicbox.com\/magazine\/?p=19872\">Betsch<\/a><\/strong>, <strong>Antoine Sahler<\/strong> se fait une place, doucement, se fait un nom, lentement. Mais surement, car l&rsquo;auteur, compositeur et interpr\u00e8te, montre avec ce nouvel album un sens de la d\u00e9rision dans les paroles\u00a0qui peut faire sourire ou grincer, mais avec une forme de po\u00e9sie, et une orchestration, qui fait parfois rapprocher sa musique de celle de <strong>Vincent Delerm<\/strong>, en moins s\u00e9rieux.<\/p>\n<p style=\"text-align: center;\"><iframe loading=\"lazy\" src=\"https:\/\/www.youtube.com\/embed\/uNuek1dOf8w\" width=\"450\" height=\"253\" frameborder=\"0\" allowfullscreen=\"allowfullscreen\"><\/iframe><\/p>\n<p style=\"text-align: justify;\">L&rsquo;album se compose de 14 chansons qu&rsquo;Antoine fait respirer avec 6 interludes. Une mani\u00e8re de nous laisser le temps parfois d&rsquo;appr\u00e9cier les chansons dans leur ensemble, m\u00e9lodie, interpr\u00e9tation et surtout les textes qui prennent une place principale dans les albums de ce chanteur, jamais loin du chansonnier ou du chroniqueur radio, dr\u00f4le et toujours un peu cynique. . A l&rsquo;instar de <em>Semaine B<\/em>, chronique de vie post-conjugale ordinaire, de\u00a0<em>Senescence<\/em>\u00a0sur les ann\u00e9es qui passent&#8230; Il y a aussi des chansons simples et attachantes, mais qui gardent toujours un trait d&rsquo;humour (<em>J&rsquo;en ai plein, D&rsquo;ailleurs, Ton pr\u00e9tendant&#8230;<\/em>). On n&rsquo;est alors jamais tr\u00e8s loin de <strong>Renan Luce<\/strong>, <strong>Gauvin Sers<\/strong> (<em>Merci merci<\/em>) ou <strong>Da Silva<\/strong> (<em>Danse sous les orages<\/em>). Je pourrais, je pense, les \u00e9num\u00e9rer toutes, chansons et interm\u00e8des, qui toutes, ont quelque chose \u00e0 raconter, ou de quoi nous faire sourire ou franchement rire. Mais ce serait encore mieux que vous alliez y jeter une oreille, voire les deux, et en parlant de voir&#8230;<\/p>\n<p style=\"text-align: justify;\">Il y a un peu de tout (de tous ?) mais il y a surtout de lui, <strong>Antoine Sahler<\/strong>, un chanteur qui gagne \u00e0 \u00eatre connu, toujours un peu plus, \u00e0 chaque nouvel album. Et\u00a0il y a aussi la version live, \u00e0 d\u00e9couvrir&#8230;<\/p>\n<p style=\"text-align: justify;\">\n<hr \/>\n<p style=\"text-align: justify;\"><a href=\"https:\/\/www.facebook.com\/antoine.sahler\" target=\"_blank\">Facebook<\/a><\/p>\n<p style=\"text-align: justify;\">En concert le 11 f\u00e9vrier aux Etoiles \u00e0 Paris<\/p>\n<p style=\"text-align: justify;\">\n<hr \/>\n<p style=\"text-align: justify;\"><em><strong>Line-up :<br \/>\n<\/strong><\/em>Antoine Sahler<\/p>\n<p style=\"text-align: justify;\"><em><strong>Tracklist :<br \/>\n<\/strong><\/em>01. J&rsquo;en ai plein<br \/>\n02. Je suis triste<br \/>\n03. Merci Merci<br \/>\n04. Danser sous les orages<br \/>\n05. D&rsquo;ailleurs<br \/>\n06 La vie n&rsquo;en finit pas<br \/>\n07 S\u00e9nescence<br \/>\n08 Semaine B<br \/>\n09 Ton pr\u00e9tendant<br \/>\n10 Rhabill\u00e9 pour l&rsquo;hiver<br \/>\n11 Leur amour perdure<br \/>\n12 Versailles chantiers<br \/>\n13 Courage<br \/>\n14 Un peu de ta vie<br \/>\n15 La bouche pleine<br \/>\n16 Elle fait des listes<br \/>\n17 Vous n&rsquo;\u00eates pas une machine<br \/>\n18 Tout le monde est jeune<br \/>\n19 Et \u00e0 la fin<br \/>\n20 En morceaux<\/p>\n<p style=\"text-align: justify;\">\n<!--themify_builder_content-->\n<div id=\"themify_builder_content-23590\" data-postid=\"23590\" class=\"themify_builder_content themify_builder_content-23590 themify_builder tf_clear\">\n    <\/div>\n<!--\/themify_builder_content-->\n","protected":false},"excerpt":{"rendered":"<p>2018 \u2013\u00a0 20 titres &#8211;\u00a045&rsquo;32 Label : Le furieux \/ Differ-Ant Style\u00a0:\u00a0Chanson Origine\u00a0:\u00a0France, IDF, Paris (75) Date de sortie de l&rsquo;album :\u00a0 1er f\u00e9vrier 2019 Notre avis : [star rating=\u00a0\u00bb3.5&Prime; max=\u00a0\u00bb5&Prime;] Par Mike S. Pianiste, compositeur et arrangeur de Fran\u00e7ois Morel, Antoine Sahler travaille aussi \u00e0 son compte depuis quelques ann\u00e9es maintenant, comme chanteur. D\u00e9j\u00e0\u00a03 [&hellip;]<\/p>\n","protected":false},"author":1,"featured_media":23593,"comment_status":"open","ping_status":"open","sticky":false,"template":"","format":"standard","meta":{"footnotes":""},"categories":[39],"tags":[2287,2288],"class_list":["post-23590","post","type-post","status-publish","format-standard","has-post-thumbnail","hentry","category-albums-francais","tag-antoine-sahler","tag-francois-morel","has-post-title","has-post-date","has-post-category","has-post-tag","has-post-comment","has-post-author",""],"builder_content":"","_links":{"self":[{"href":"https:\/\/lamagicbox.com\/magazine\/wp-json\/wp\/v2\/posts\/23590","targetHints":{"allow":["GET"]}}],"collection":[{"href":"https:\/\/lamagicbox.com\/magazine\/wp-json\/wp\/v2\/posts"}],"about":[{"href":"https:\/\/lamagicbox.com\/magazine\/wp-json\/wp\/v2\/types\/post"}],"author":[{"embeddable":true,"href":"https:\/\/lamagicbox.com\/magazine\/wp-json\/wp\/v2\/users\/1"}],"replies":[{"embeddable":true,"href":"https:\/\/lamagicbox.com\/magazine\/wp-json\/wp\/v2\/comments?post=23590"}],"version-history":[{"count":0,"href":"https:\/\/lamagicbox.com\/magazine\/wp-json\/wp\/v2\/posts\/23590\/revisions"}],"wp:featuredmedia":[{"embeddable":true,"href":"https:\/\/lamagicbox.com\/magazine\/wp-json\/wp\/v2\/media\/23593"}],"wp:attachment":[{"href":"https:\/\/lamagicbox.com\/magazine\/wp-json\/wp\/v2\/media?parent=23590"}],"wp:term":[{"taxonomy":"category","embeddable":true,"href":"https:\/\/lamagicbox.com\/magazine\/wp-json\/wp\/v2\/categories?post=23590"},{"taxonomy":"post_tag","embeddable":true,"href":"https:\/\/lamagicbox.com\/magazine\/wp-json\/wp\/v2\/tags?post=23590"}],"curies":[{"name":"wp","href":"https:\/\/api.w.org\/{rel}","templated":true}]}}